{"id":11853,"date":"2017-03-27T12:00:34","date_gmt":"2017-03-27T11:00:34","guid":{"rendered":"https:\/\/xnet-x.net\/?p=11853"},"modified":"2020-04-15T18:12:19","modified_gmt":"2020-04-15T16:12:19","slug":"en-construccion","status":"publish","type":"post","link":"https:\/\/dev.xnet-x.net\/es\/enmiendas-ley-contra-corrupcion-proteccion-denunciantes\/","title":{"rendered":"Enmiendas a la \u00abProposici\u00f3n de Ley Integral de Lucha contra la Corrupci\u00f3n y Protecci\u00f3n de los Denunciantes\u00bb"},"content":{"rendered":"<p><\/p>\n<h3 style=\"margin-top:0; font-weight:normal\">Documento de Xnet para desarrollo de enmiendas a:<\/h3>\n<p style=\"font-size:130%\"><em><a href=\"http:\/\/www.congreso.es\/public_oficiales\/L12\/CONG\/BOCG\/B\/BOCG-12-B-33-1.PDF\" target=\"_blank\" rel=\"noopener noreferrer\">Proposici\u00f3n de Ley Integral de Lucha contra la Corrupci\u00f3n y Protecci\u00f3n de los Denunciantes.<\/a><\/em><\/p>\n<p style=\"font-size:130%\">Presentada por el Grupo Parlamentario Ciudadanos &#8211; 122\/000022<\/p>\n<div style=\"padding:0 5% 20px 5%; border: 1px solid #d20459;margin:25px 0 15px 0\">\n<h3 style=\"text-decoration:underline;margin-bottom:15px\">Temas destacados de las enmiendas<\/h3>\n<ul>\n<li style=\"font-size:120%;padding-bottom:15px\">Grav\u00edsima<strong> falta de las m\u00e1s b\u00e1sicas garant\u00edas jur\u00eddicas<\/strong> en la operativa del Organismo Aut\u00f3nomo propuesto<\/li>\n<li style=\"font-size:120%;padding-bottom:15px\">La protecci\u00f3n del denunciante se reduce a un gremio muy espec\u00edfico, dejando expuesto y <strong>desprotegidos a la gran mayor\u00eda de alertadores<\/strong>\/denunciantes<\/li>\n<li style=\"font-size:120%;padding-bottom:15px\"><strong>Prohibici\u00f3n de la denuncia an\u00f3nima<\/strong>, contradiciendo las recomendaciones de la fiscal\u00eda espa\u00f1ola y de los tratados internacionales<\/li>\n<li style=\"font-size:120%;padding-bottom:15px\">Se crean <strong>registros y ficheros<\/strong> de personas socavando los derechos b\u00e1sicos<\/li>\n<\/ul>\n<\/div>\n<div style=\"padding: 15px 0 15px 10%\">\n<span style=\"text-decoration:underline\">Leyenda<\/span><br \/>\n<b>Negrita<\/b>: A\u00f1adidas<br \/>\n<span style=\"text-decoration:line-through\">Tachado<\/span>: Eliminado<br \/>\n<em>Cursiva<\/em>: Extracto literal de la proposici\u00f3n de ley<br \/>\n<span style=\"background:#efefef\">Gris<\/span>: Exposici\u00f3n de motivos\n<\/div>\n<h3><span style=\"color:#00cccc\">Modificaci\u00f3n 1:<\/span><br \/>\n<em>Denominaci\u00f3n: Definici\u00f3n y t\u00e9rmino del sujeto merecedor de protecci\u00f3n.<\/em><\/h3>\n<p><span style=\"font-size:120%\"><em>Ley Integral de Lucha contra la Corrupci\u00f3n y<\/em> <b>Conductas contra el Inter\u00e9s P\u00fablico y para<\/b> <em>la Protecci\u00f3n de Denunciantes y Alertadores<\/em><\/span><\/p>\n<div style=\"padding:25px 5% 10px 5%;background:#f7f7f7; margin-top:15px\"><span style=\"text-decoration:underline\">Exposici\u00f3n de motivos:<\/span><\/p>\n<p>1- El t\u00e9rmino \u201cdenunciante\u201d carga con algunas connotaciones negativas hist\u00f3ricas. En los pa\u00edses anglosajones se usa desde hace ya tres siglos el t\u00e9rmino con connotaci\u00f3n positiva como \u201cwhistelblower\u201c. En Francia en su esfuerzo por promover y normalizar la figura del denunciante de corrupci\u00f3n y abusos se est\u00e1 introduciendo el t\u00e9rmino \u201clanceur d\u2019alert\u201d que aqu\u00ed se traduce como <strong>alertador<\/strong>. Organizaciones como Xnet pioneras en trabajar el tema de la protecci\u00f3n de alertadores en el Estado espa\u00f1ol utilizan este t\u00e9rmino por estas mismas razones. Por ello sugerimos que se usen ambos: denunciantes y alertadores. No hacerlo dejar\u00eda a Espa\u00f1a desconectada de todos los avances que se est\u00e1n haciendo en otros pa\u00edses.<\/p>\n<p>2- No solo quien denuncie casos de corrupci\u00f3n sino tambi\u00e9n aquellos que denuncien abusos contra el inter\u00e9s p\u00fablico en el sector privado o de cualquier \u00e1mbito que afecte el inter\u00e9s p\u00fablico deben ser objeto de protecci\u00f3n de esta ley.\n<\/p><\/div>\n<h3><span style=\"color:#00cccc\">Modificaci\u00f3n 2:<\/span><br \/>\n<em>Art\u00edculo 1. Objeto.<\/em><\/h3>\n<p><em>La presente Ley tiene por objeto:<\/em><\/p>\n<p><em>a) Reconocer los derechos que asisten a cualquier<\/em> <b>persona que alerte o denuncie malas pr\u00e1cticas, abusos y delitos<\/b> en el \u00e1mbito de las Administraciones p\u00fablicas, <b>del sector privado o de cualquier \u00e1mbito que afecte el inter\u00e9s p\u00fablico<\/b> <em>estableciendo un marco de protecci\u00f3n integral para su tutela y garant\u00eda.<\/em><\/p>\n<div style=\"padding:25px 5% 10px 5%;background:#f7f7f7; margin-top:15px\"><span style=\"text-decoration:underline\">Exposici\u00f3n de motivos:<\/span><\/p>\n<p>3- Aunque es cierto que un gran n\u00famero de alertadores son personas que trabajan en el sector p\u00fablico, es tambi\u00e9n cierto que no solo funcionarios y altos cargos son los que han destapado casos de corrupci\u00f3n o abusos, sino tambi\u00e9n otro tipos de empleados o simplemente personas de a pie. No hay ning\u00fan motivo para discriminar y proteger solo a los unos y no a los otros. Aqu\u00ed algunos ejemplos notorios:<\/p>\n<ul>\n<li>Caso Bankia &#8211; Tarjetas Black: 15MpaRato, activistas<\/li>\n<li>Caso LuxLeaks: Empleado del sector privado y periodistas<\/li>\n<li>Caso Wolkswagen: ONG y academia<\/li>\n<li>Lista Falciani: empleado del sector privado<\/li>\n<li>etc.<\/li>\n<\/div>\n<h3><span style=\"color:#00cccc\">Modificaci\u00f3n 3:<\/span><br \/>\n<em>Art\u00edculo 2. Principios rectores.<\/em><\/h3>\n<p><em>Las actuaciones previstas en la presente Ley se inspiran en los principios de defensa del inter\u00e9s p\u00fablico y servicio al inter\u00e9s general, imparcialidad, transparencia, responsabilidad e integridad <del datetime=\"2017-03-26T12:53:19+00:00\">del sector p\u00fablico y de las autoridades, funcionarios y dem\u00e1s personal al servicio del mismo<\/del>.<\/em><\/p>\n<div style=\"padding:25px 5% 10px 5%;background:#f7f7f7; margin-top:15px\"><span style=\"text-decoration:underline\">Exposici\u00f3n de motivos:<\/span><\/p>\n<p>4- Las actuaciones previstas deben inspirarse en principios de transparencia, responsabilidad e integridad no solo del sector p\u00fablico tambi\u00e9n del sector privado o de cualquier \u00e1mbito que afecte el inter\u00e9s general.\n<\/p><\/div>\n<h3><span style=\"color:#00cccc\">Modificaci\u00f3n 4:<\/span><br \/>\n<em>Art\u00edculo 3. Consideraci\u00f3n como denunciante.<\/em><\/h3>\n<p><em>A los efectos de los derechos y medidas de protecci\u00f3n establecidas en la presente Ley, se consideran alertadores cualquier<\/em> <strong>persona<\/strong> <del datetime=\"2017-03-26T13:06:11+00:00\"><em>alto cargo, funcionario y resto del personal del sector p\u00fablico<\/del>, que revele informaci\u00f3n c<del datetime=\"2017-03-26T13:06:11+00:00\">on apariencia suficiente de veracidad<\/del> sobre hechos que puedan ser constitutivos de delito o infracci\u00f3n administrativa, en particular delitos contra la Administraci\u00f3n P\u00fablica o contra la Hacienda P\u00fablica, o sobre hechos que puedan dar lugar a responsabilidades por alcance<\/em>, <strong>as\u00ed como irregularidades, abusos malas praxis o delitos del sector privado que repercutan negativamente sobre el inter\u00e9s general<\/strong>.<\/p>\n<p><strong>Constituye informaci\u00f3n objeto de denuncia:<br \/>\n&#8211; Violaciones de los derechos humanos.<br \/>\n&#8211; Ofensas criminales, incluyendo aquellas pendientes de proceso.<br \/>\n&#8211; Accidentes, desastres, peligros naturales, otras emergencias que han ocurrido o aquellas que podr\u00edan ocurrir.<br \/>\n&#8211; Productos alimentarios o dom\u00e9sticos o la amenaza a su p\u00e9rdida de calidad que representan un riesgo potencial para la vida humana o la salud.<br \/>\n&#8211; Malas pr\u00e1cticas administrativas relacionadas con la corrupci\u00f3n, malas pr\u00e1cticas disciplinarias, otras malas pr\u00e1cticas administrativas o cualquier otra dejadez u omisi\u00f3n por parte de las agencias gubernamentales, autoridades p\u00fablicas o cualquiera de sus empleados, entidades legales, sus oficiales u empleados, individuos privados que infligen da\u00f1o al sistema constitucional de Espa\u00f1a, la vida, la salud y seguridad humana, el medio ambiente, la paz y seguridad de la humanidad o quien haya causado o creado una amenaza de tal da\u00f1o.<\/p>\n<p>Cualquier otra informaci\u00f3n no contenida en la anterior lista no exhaustiva que revele da\u00f1os o amenazas al inter\u00e9s p\u00fablico.<\/strong><\/p>\n<div style=\"padding:25px 5% 10px 5%;background:#f7f7f7; margin-top:15px\"><span style=\"text-decoration:underline\">Exposici\u00f3n de motivos:<\/span><\/p>\n<p>5- No solo quien denuncie casos de corrupci\u00f3n sino tambi\u00e9n aquellos que denuncien abusos contra el inter\u00e9s p\u00fablico en el sector privado o de cualquier \u00e1mbito que afecte el inter\u00e9s p\u00fablico deben ser objeto de protecci\u00f3n de esta ley.<\/p>\n<p>6- Exigir una apariencia suficiente de veracidad sobre los hechos sujetos a denuncia puede no ser una tarea f\u00e1cil de evaluar en un primer momento por el alertador. Esta exigencia tienen un efecto amedrentador sobre la denuncia por parte de la persona en conocimiento de posibles delitos o acciones contra el inter\u00e9s p\u00fablico. El peso de la comprobaci\u00f3n de la posible constituci\u00f3n de delitos o acciones contra el inter\u00e9s p\u00fablico debe recaer sobre el organismo o instituci\u00f3n a cargo de la investigaci\u00f3n y no sobre el alertador. La posible resoluci\u00f3n de que la informaci\u00f3n no revele finalmente delitos o acciones contra el inter\u00e9s p\u00fablico no debe suponer ninguna repercusi\u00f3n ni perjuicio para el alertador.\n<\/p><\/div>\n<h3><span style=\"color:#00cccc\">Modificaci\u00f3n 5:<\/span><br \/>\n<em>Art\u00edculo 4. Derecho de los denunciantes.<\/em><\/h3>\n<p><em>Los denunciantes, desde el momento en que presentan su denuncia ante cualquier superior jer\u00e1rquico, autoridad administrativa o judicial, y en particular ante la Autoridad Independiente de Integridad P\u00fablica u \u00f3rgano auton\u00f3mico competente, gozar\u00e1n de los siguientes derechos:<\/p>\n<p>a) A que las denuncias formuladas sean tramitadas por canales y procedimientos que garanticen la confidencialidad<\/em> <strong>y anonimato<\/strong> <em>del denunciante \/<\/em> <strong>alertador &#8211; en el caso que este lo elija<\/strong> -, <em>sin perjuicio de lo que dispongan las normas procesales. Todas las personas que intervengan en la tramitaci\u00f3n o tengan conocimiento de la denuncia quedar\u00e1n sometidas a deber de secreto en sus actuaciones. En ning\u00fan caso se considerar\u00e1 que los denunciantes incumplen con su deber de sigilo en el ejercicio de sus funciones<\/em>.<br \/>\n[&#8230;]<br \/>\n<strong>g) Garantizar el derecho de alertadores y testigos a la asistencia jur\u00eddica gratuita en los procesos judiciales que suelen ser consecuencia de la condici\u00f3n de denunciante o testigo: tales como procedimientos o denuncias por acoso, amenazas, injurias, calumnias\u2026 Esta asistencia gratuita ser\u00e1 desempe\u00f1ada por abogados especializados. Medidas concretas contra la mala praxis jur\u00eddica utilizada para dilatar tiempos y elevar costes del proceso como forma de desgaste psicol\u00f3gico, econ\u00f3mico con la que el alertador suele ser castigado por su denuncia.<\/p>\n<p>h) Protecci\u00f3n de la integridad f\u00edsica y psicol\u00f3gica del alertador. Incorporar y prever en el ordenamiento jur\u00eddico, medidas apropiadas para proporcionar protecci\u00f3n, cuando sea necesario, contra trato discriminatorio, represalias f\u00edsicas o intimidaci\u00f3n a alertadores, tal y como ya se hace con los testigos protegidos.<\/strong><\/p>\n<div style=\"padding:25px 5% 10px 5%;background:#f7f7f7; margin-top:15px\"><span style=\"text-decoration:underline\">Exposici\u00f3n de motivos:<\/span><\/p>\n<p>7- Ha sido absolutamente comprobado y defendido por cualquier experto u organizaci\u00f3n que se ocupe del problema de los alertadores que <strong>la \u00fanica y primera protecci\u00f3n real es la posibilidad de tener la opci\u00f3n de permanecer an\u00f3nimo. Cualquier legislaci\u00f3n que se haga sin esta opci\u00f3n es contraria a los informes y recomendaciones de la ONU, del Parlamento Europeo y las legislaciones avanzadas que se est\u00e1n haciendo al respecto en todo el mundo, adem\u00e1s de ser una excusa para crear ficheros de alertadores y aumentar su grado de desprotecci\u00f3n<\/strong>.<\/p>\n<p>Ya existen en leyes y procesos funcionando en el Estado espa\u00f1ol que permiten la denuncia an\u00f3nima de la corrupci\u00f3n:<br \/>\n <a href=\"http:\/\/noticias.juridicas.com\/base_datos\/Penal\/lo19-1994.html\" target=\"_blank\" rel=\"noopener noreferrer\">http:\/\/noticias.juridicas.com\/base_datos\/Penal\/lo19-1994.html<\/a><\/p>\n<p><a href=\"https:\/\/www.fiscal.es\/fiscal\/PA_WebApp_SGNTJ_NFIS\/descarga\/instruccion03_1993.pdf?idFile=12794dc6-9acc-4da0-bbc1-daf779e2f084\" target=\"_blank\" rel=\"noopener noreferrer\">https:\/\/www.fiscal.es\/fiscal\/PA_WebApp_SGNTJ_NFIS\/descarga\/instruccion03_1993.pdf?idFile=12794dc6-9acc-4da0-bbc1-daf779e2f084<\/a><\/p>\n<p>8- Es necesaria protecci\u00f3n espec\u00edfica para los alertadores frente a las amenazas y persecuci\u00f3n legal, laboral y f\u00edsica.\n<\/p><\/div>\n<h3><span style=\"color:#00cccc\">Modificaci\u00f3n 6:<\/span><br \/>\n<em>Art\u00edculo 5. Procedimiento de denuncia y protecci\u00f3n.<\/em><\/h3>\n<p><em>Los<\/em> <strong>alertadores de corrupci\u00f3n, abusos, malas pr\u00e1cticas o irregularidades contra el inter\u00e9s p\u00fablico<\/strong> <del datetime=\"2017-03-26T13:31:35+00:00\"><em>altos cargos, los funcionarios y el resto del personal al servicio de la Administraci\u00f3n General del Estado y del sector p\u00fablico estatal<\/del> podr\u00e1n dirigirse a la Autoridad Independiente de Integridad P\u00fablica a trav\u00e9s de un canal confidencial de denuncias, por el cual se garantizar\u00e1 la confidencialidad de la identidad<\/em> <strong>y\/o anonimato<\/strong> <em>del denunciante y se dar\u00e1 protecci\u00f3n a los derechos que le son reconocidos en la presente Ley<\/em>.<\/p>\n<p><em><del datetime=\"2017-03-26T13:31:35+00:00\">2. No se admitir\u00e1n a tr\u00e1mite las denuncias an\u00f3nimas ni tampoco aquellas que no puedan sostenerse en documentos o informaciones contrastadas. En todo caso, la informaci\u00f3n que el denunciante revele deber\u00e1 identificar los hechos que puedan ser constitutivos de un il\u00edcito penal o infracci\u00f3n administrativa, os presuntos responsables, y, si fueren conocidas, la fecha de la comisi\u00f3n, el alcance econ\u00f3mico de acto<br \/>\nil\u00edcito, as\u00ed como cualquier otra circunstancia que facilite su investigaci\u00f3n.<\/del><\/em><\/p>\n<div style=\"padding:25px 5% 10px 5%;background:#f7f7f7; margin-top:15px\"><span style=\"text-decoration:underline\">Exposici\u00f3n de motivos:<\/span><\/p>\n<p>9- Debe permitirse y respetar la decisi\u00f3n del alertador de permanecer an\u00f3nimo. (Ver motivo 7)<\/p>\n<p>10- No exigir una apariencia suficiente de veracidad ya que la responsabilidad recaer\u00eda sobre el indefenso alertador y tiene un efecto amedrentador. (Ver motivo 6)<\/p><\/div>\n<h3><span style=\"color:#00cccc\">Modificaci\u00f3n 7:<\/span><br \/>\n<em>T\u00cdTULO II Autoridad independiente de integridad p\u00fablica.<\/em><\/h3>\n<div style=\"padding:25px 5% 10px 5%;background:#f7f7f7; margin-top:15px\">\nUNA ABERRACI\u00d3N.<\/p>\n<p>&#8211; La Autoridad independiente de integridad p\u00fablica ser\u00eda un organismo al que se otorgar\u00eda el poder de <em>\u00abllevar a cabo actuaciones de investigaci\u00f3n e inspecci\u00f3n, a cuyo fin podr\u00e1 acceder a cualquier informaci\u00f3n que se halle en poder de las personas f\u00edsicas o jur\u00eddicas, p\u00fablicas o privadas (art.11.1) \u00ab<\/em> <strong>SIN MANDATO JUDICIAL<\/strong>. Esta autoridad tendr\u00eda el poder de exigir el <em>\u201cdeber de colaboraci\u00f3n sobre todas las personas f\u00edsicas y jur\u00eddicas, p\u00fablicas o privadas, y con la posibilidad de que la autoridad lleve a cabo actuaciones de inspecci\u00f3n e investigaci\u00f3n espec\u00edficas para el cumplimiento de sus fines.\u00bb<\/em> <strong>SIN MANDATO JUDICIAL<\/strong>.<\/p>\n<p>&#8211; Adem\u00e1s sin r\u00e9gimen sancionador de ning\u00fan tipo ni supervisi\u00f3n adecuada, por lo que tendr\u00eda un poder absoluto.<\/p>\n<p>&#8211; Un organismo que vive de \u201clas multas coercitivas que imponga y de las sanciones sobre las que posea competencia\u201d.<\/p>\n<p><strong>Ser\u00eda la creaci\u00f3n de una especie de STASI<\/strong>.<\/p>\n<p>Todo el T\u00cdTULO II, de p\u00e1gina 9 a p\u00e1gina 24, es decir el 50% de esta proposici\u00f3n de ley, se dedica a la creaci\u00f3n de un organismo que ning\u00fan tribunal constitucional o organismo de derecho p\u00fablico internacional aceptar\u00eda por socavar los derechos civiles m\u00e1s b\u00e1sicos.<\/p>\n<p><span style=\"text-decoration:underline\">Esta configuraci\u00f3n se ha de reformular completamente<\/span><\/p>\n<p>Para empezar, hay que distinguir entre dos objetivos:<br \/>\n\u2022\tD\u00f3nde dirigir la denuncia, c\u00f3mo se analiza y c\u00f3mo se encauza en los canales ya existentes.<br \/>\n\u2022\tC\u00f3mo proteger al alertador que hace la denuncia.<\/p>\n<p>Confundir estos dos recorridos no hace m\u00e1s que aumentar la desprotecci\u00f3n del denunciante.<\/p>\n<p>Para ello tienen que existir dos cauces:<br \/>\n\u2022\tInstituciones que sepan de forma r\u00e1pida y eficiente poner a salvo la persona que alerta.   Independientemente de lo que se haga con la informaci\u00f3n que ha facilitado.<\/p>\n<p>\u2022\tInstituciones que analicen la informaci\u00f3n y la encaucen a trav\u00e9s de las v\u00edas judiciales o administrativas pertinentes.<\/p>\n<p>Por lo que el T\u00cdTULO II se reformular\u00eda completamente en este sentido:\n<\/p><\/div>\n<h3><span style=\"color:#00cccc\"><\/span><br \/>\n<em>Art\u00edculo 6. Creaci\u00f3n y naturaleza.<\/em><\/h3>\n<p>1. <em><del datetime=\"2017-03-26T14:01:36+00:00\">Se crea la Autoridad Independiente de Integridad P\u00fablica<\/del><\/em>, <strong>de protecci\u00f3n de Denunciante y Alertador y encauzado legislativo de sus denuncias<\/strong>. <del datetime=\"2017-03-26T14:01:36+00:00\">como ente de Derecho P\u00fablico dotado de personalidad jur\u00eddica propia y plena capacidad p\u00fablica y privada, y actuar\u00e1 con plena independencia org\u00e1nica y funcional respecto de las Administraciones P\u00fablicas en el desarrollo de su actividad y para el cumplimiento de sus fines.<\/del><\/p>\n<div style=\"padding:25px 5% 10px 5%;background:#f7f7f7; margin-top:15px\">\n&#8211; <strong>Funci\u00f3n Primaria:<\/strong> \u00f3rgano administrativo que tiene como naturaleza primaria la protecci\u00f3n del alertador, entidad aut\u00f3noma que conozca qu\u00e9 derechos tienen los denunciantes y como actuar para protegerlos.<\/p>\n<p>Esta medida va acompa\u00f1ada de:<\/p>\n<p>A)\tModificaci\u00f3n del estatus de testigo protegido en la Ley de Enjuiciamiento Criminal y Ley 19\/94 para que contemple la figura del alertador.<br \/>\nB)\tCreaci\u00f3n de juzgados especializados. Como los de violencia de g\u00e9nero. El juez se hace cargo de la protecci\u00f3n del alertador (Recursos presupuestarios &#8211; 14 fiscales por 100 000 habitantes).<\/p>\n<p>&#8211; <strong>Funci\u00f3n secundaria<\/strong>: fiscalizaci\u00f3n e investigaci\u00f3n de la informaci\u00f3n recibida, verificaci\u00f3n de su feaciencia y encauzado de la denuncia a trav\u00e9s de las v\u00edas judiciales o administrativas pertinentes (ver el ejemplo de funcionamiento de la \u201cOficina per la Transpar\u00e8ncia i les Bones Pr\u00e0ctiques del Ajuntament de Barcelona\u201d). Cualquier registro o investigaci\u00f3n ser\u00e1 llevado a cabo bajo autorizaci\u00f3n judicial y no de forma arbitraria.<\/p>\n<p>Adem\u00e1s redefinir los siguientes puntos para que sea un \u00f3rgano aceptable:<\/p>\n<p>\u2022\tQui\u00e9n elije los miembros del \u00f3rgano: Un \u00f3rgano apartidista, a propuesta de la sociedad civil y votado por el parlamento.<\/p>\n<p>\u2022\tQue est\u00e9 bajo r\u00e9gimen sancionador propio y externo. En este momento carece totalmente de medidas sancionadoras.<\/p>\n<p>\u2022\tLa financiaci\u00f3n no puede depender de su capacidad represora, lo cual puede generar un af\u00e1n recaudatorio que lo desv\u00ede de su objetivo. Debe disponer de financiaci\u00f3n p\u00fablica suficiente y estable ya que, como esta demostrado, el retorno econ\u00f3mico de la lucha contra la corrupci\u00f3n compensa con creces la inversi\u00f3n necesaria. Esta inversi\u00f3n podr\u00eda estar vinculada a ese retorno econ\u00f3mico como incentivo.<\/p>\n<p>Siempre en el T\u00cdTULO II, hay que prestar especial atenci\u00f3n a las modificaciones propuestas como Disposici\u00f3n final primera y Disposici\u00f3n final segunda.<\/p>\n<p>Ambas se han de eliminar ya que introducen graves consideraciones de tipo pol\u00edtico y sesgo ideol\u00f3gico propio del fanatismo oscurantista, fuera del \u00e1mbito de esta propuesta de la ley.<\/p>\n<p>En cuanto a la forma: es una pr\u00e1ctica especialmente deshonesta intentar colar una reforma de una ley org\u00e1nica que afecta a derechos fundamentales como la elegibilidad bajo el ep\u00edgrafe de una ley anticorrupci\u00f3n y de protecci\u00f3n de los que luchan contra ella. Si se quiere reformar esta ley org\u00e1nica, por favor prop\u00f3nganlo abiertamente y no lo escondan aqu\u00ed.<\/p>\n<p>En cuanto al fondo: Aparte de atentar contra la presunci\u00f3n de inocencia supone una medida represiva en la l\u00ednea de las denostadas leyes mordaza. Supone tambi\u00e9n excluir a gente que haya practicado la desobediencia civil, lo cual es un error ya que en cuanto a corrupci\u00f3n la soluci\u00f3n siempre ha llegado de mano de la desobediencia y el problema siempre por la obediencia.\n<\/p><\/div>\n<h3><span style=\"color:#00cccc\"><\/span><br \/>\n<em><del datetime=\"2017-03-26T14:07:45+00:00\">Disposici\u00f3n final primera.<\/del><\/em><\/h3>\n<p> <strong><br \/>\n<del datetime=\"2017-03-26T14:10:11+00:00\"><em>Modificaci\u00f3n de la Ley Org\u00e1nica 5\/1985, de 19 de junio, del R\u00e9gimen Electoral<\/em><\/del><\/strong><\/p>\n<p><em><del datetime=\"2017-03-26T14:10:11+00:00\">Se modifica el apartado 2 del art\u00edculo sexto de la Ley Org\u00e1nica 5\/1985, de 19 de junio, del R\u00e9gimen Electoral General, que queda redactado como sigue:<br \/>\n<del datetime=\"2017-03-26T14:13:30+00:00\">\u00ab2. Son inelegibles:<br \/>\na) Los encausados judicialmente por delitos de falsedad; contra la libertad; contra el patrimonio y el orden socioecon\u00f3mico, la Constituci\u00f3n, las instituciones del Estado, la Administraci\u00f3n de Justicia, la Administraci\u00f3n P\u00fablica, la Comunidad Internacional; de traici\u00f3n y contra la paz o la independencia del Estado y relativos a la defensa nacional; de rebeli\u00f3n y sedici\u00f3n; contra el orden p\u00fablico, en especial, el terrorismo; o por cualesquiera otros delitos dolosos castigados con penas graves o que conlleven inhabilitaci\u00f3n o suspensi\u00f3n de cargo p\u00fablico, desde que sea firme la resoluci\u00f3n que acuerde la apertura del juicio oral o el procesamiento y hasta que finalice la causa por todos sus tr\u00e1mites, incidentes y recursos.<br \/>\nb) Los condenados por sentencia firme por la comisi\u00f3n de los delitos previstos en el apartado a), hasta que los antecedentes penales hayan sido cancelados; y, para el resto de delitos, cuando se trate de condenados por sentencia firme a pena privativa de libertad, hasta que se haya cumplido la condena.<\/del><\/del><\/em><\/p>\n<h3><span style=\"color:#00cccc\"><\/span><br \/>\n<em><del datetime=\"2017-03-26T14:07:45+00:00\">Disposici\u00f3n final segunda.<\/del><\/em><\/h3>\n<p><strong><del datetime=\"2017-03-26T14:10:11+00:00\">Modificaci\u00f3n de la Ley 3\/2015, de 30 de marzo, reguladora del ejercicio del alto cargo en la Administraci\u00f3n General del Estado.<\/del><\/strong><\/p>\n<p><del datetime=\"2017-03-26T14:15:07+00:00\">a) <em>Encausados judicialmente por delitos de falsedad; contra la libertad; contra el patrimonio y el orden socioecon\u00f3mico, la Constituci\u00f3n, las instituciones del Estado, la Administraci\u00f3n de Justicia, la Administraci\u00f3n P\u00fablica, la Comunidad Internacional; de traici\u00f3n y contra la paz o la independencia del Estado y relativos a la defensa nacional; de rebeli\u00f3n y sedici\u00f3n; contra el orden p\u00fablico, en especial, el terrorismo; o por cualesquiera otros delitos dolosos castigados con penas graves o que conlleven inhabilitaci\u00f3n o suspensi\u00f3n de cargo p\u00fablico, desde que sea firme la resoluci\u00f3n que acuerde la apertura del juicio oral o el procesamiento y hasta que finalice la causa por todos sus tr\u00e1mites, incidentes y recursos.<\/em><\/del><\/p>\n<h3><span style=\"color:#00cccc\">Modificaci\u00f3n 7\u2013 temas relativos al registro y ficheros de personas:<\/span><br \/>\n<em>Disposici\u00f3n final cuarta.<\/em><\/h3>\n<div style=\"padding:25px 5% 10px 5%;background:#f7f7f7; margin-top:15px\">\nRetoca la ley de transparencia sin corregir sus fallos, como el de crear registros de personas y particulares utilizando la excusa de la transparencia y sin ninguna l\u00f3gica relativa a la lucha contra la corrupci\u00f3n, aumentando el desamparo de la ciudadan\u00eda de a pie.<\/p>\n<p>En esto se ahonda todav\u00eda m\u00e1s con el registro de lobbies del T\u00cdTULO IV que, en este caso, lejos de regular los abusos de las grandes empresas, est\u00e1 dise\u00f1ado para debilitar la sociedad civil en su trabajo de vigilancia sobre las leyes que afectan a todos y que est\u00e1n siendo influidas precisamente por lobbies. En lugar de considerar los datos legales y la publicaci\u00f3n de las agendas de los cargos y altos cargos como obligatoria, pone particular \u00e9nfasis en crear listas de personas que interpelan las instituciones, que, seg\u00fan el gobierno que haya, pueden ser considerados \u201cdisidentes\u201d.<\/p>\n<p>Tanto en temas de transparencia como en el registro de lobbies, la carga del esfuerzo de transparencia debe siempre estar primeramente sobre la instituci\u00f3n y no socavar los derechos de privacidad y protecci\u00f3n de los ciudadanos de a pie. Por lo que la agenda de los cargos debe ser siempre p\u00fablica en todos sus aspectos, mientras que hay que hacer p\u00fablico los nombres y domicilios y datos personales solo de las instituciones y lobbistas profesionales incluidos los abogados cuando ejercen de lobbistas. Un ejemplo: si un cargo p\u00fablico se re\u00fane, por ejemplo, con la PAH, tiene que ser visible en su agenda, pero no deben hacerse p\u00fablicos el nombre, domicilio y datos personales de las personas, individuos no profesionales que hacen una tarea voluntaria, no remunerada, de defensa del bien com\u00fan.\n<\/p><\/div>\n<style>\n.entry-content{background:white}\n<\/style>\n<p><\/p>","protected":false},"excerpt":{"rendered":"<p>Enmiendas de @X_net_ a la \u00abProposici\u00f3n de Ley Integral de Lucha contra la Corrupci\u00f3n y Protecci\u00f3n de los Denunciantes\u00bb #Alertadores #Whistleblowers de Cs<\/p>\n","protected":false},"author":8,"featured_media":12105,"comment_status":"closed","ping_status":"closed","sticky":false,"template":"","format":"standard","meta":{"footnotes":""},"categories":[52],"tags":[],"class_list":["post-11853","post","type-post","status-publish","format-standard","has-post-thumbnail","hentry","category-blog","ejes-anticorrupcion","ejes-libertad-expresion-informacion"],"yoast_head":"<!-- This site is optimized with the Yoast SEO plugin v26.7 - https:\/\/yoast.com\/wordpress\/plugins\/seo\/ -->\n<title>Enmiendas a la Proposici\u00f3n de Ley de Lucha contra Corrupci\u00f3n<\/title>\n<meta name=\"description\" content=\"Desarrollo de enmiendas a la peligrosa &quot;Proposici\u00f3n de Ley Integral de Lucha contra la Corrupci\u00f3n y Protecci\u00f3n de los Denunciantes&quot; del Partido Cs.\" \/>\n<meta name=\"robots\" content=\"index, follow, max-snippet:-1, max-image-preview:large, max-video-preview:-1\" \/>\n<link rel=\"canonical\" href=\"https:\/\/dev.xnet-x.net\/es\/enmiendas-ley-contra-corrupcion-proteccion-denunciantes\/\" \/>\n<meta name=\"twitter:label1\" content=\"Escrito por\" \/>\n\t<meta name=\"twitter:data1\" content=\"Xnet\" \/>\n\t<meta name=\"twitter:label2\" content=\"Tiempo de lectura\" \/>\n\t<meta name=\"twitter:data2\" content=\"17 minutos\" \/>\n<script type=\"application\/ld+json\" class=\"yoast-schema-graph\">{\"@context\":\"https:\/\/schema.org\",\"@graph\":[{\"@type\":\"Article\",\"@id\":\"https:\/\/dev.xnet-x.net\/es\/enmiendas-ley-contra-corrupcion-proteccion-denunciantes\/#article\",\"isPartOf\":{\"@id\":\"https:\/\/dev.xnet-x.net\/es\/enmiendas-ley-contra-corrupcion-proteccion-denunciantes\/\"},\"author\":{\"name\":\"Xnet\",\"@id\":\"https:\/\/dev.xnet-x.net\/es\/#\/schema\/person\/286e07d1c80ea3bcc60b6ef8b146e637\"},\"headline\":\"Enmiendas a la \u00abProposici\u00f3n de Ley Integral de Lucha contra la Corrupci\u00f3n y Protecci\u00f3n de los Denunciantes\u00bb\",\"datePublished\":\"2017-03-27T11:00:34+00:00\",\"dateModified\":\"2020-04-15T16:12:19+00:00\",\"mainEntityOfPage\":{\"@id\":\"https:\/\/dev.xnet-x.net\/es\/enmiendas-ley-contra-corrupcion-proteccion-denunciantes\/\"},\"wordCount\":3357,\"publisher\":{\"@id\":\"https:\/\/dev.xnet-x.net\/es\/#organization\"},\"image\":{\"@id\":\"https:\/\/dev.xnet-x.net\/es\/enmiendas-ley-contra-corrupcion-proteccion-denunciantes\/#primaryimage\"},\"thumbnailUrl\":\"https:\/\/dev.xnet-x.net\/img\/vuelve-la-stasi-ley.jpg\",\"articleSection\":[\"Blog - Nuestras acciones\"],\"inLanguage\":\"es\"},{\"@type\":\"WebPage\",\"@id\":\"https:\/\/dev.xnet-x.net\/es\/enmiendas-ley-contra-corrupcion-proteccion-denunciantes\/\",\"url\":\"https:\/\/dev.xnet-x.net\/es\/enmiendas-ley-contra-corrupcion-proteccion-denunciantes\/\",\"name\":\"Enmiendas a la Proposici\u00f3n de Ley de Lucha contra Corrupci\u00f3n\",\"isPartOf\":{\"@id\":\"https:\/\/dev.xnet-x.net\/es\/#website\"},\"primaryImageOfPage\":{\"@id\":\"https:\/\/dev.xnet-x.net\/es\/enmiendas-ley-contra-corrupcion-proteccion-denunciantes\/#primaryimage\"},\"image\":{\"@id\":\"https:\/\/dev.xnet-x.net\/es\/enmiendas-ley-contra-corrupcion-proteccion-denunciantes\/#primaryimage\"},\"thumbnailUrl\":\"https:\/\/dev.xnet-x.net\/img\/vuelve-la-stasi-ley.jpg\",\"datePublished\":\"2017-03-27T11:00:34+00:00\",\"dateModified\":\"2020-04-15T16:12:19+00:00\",\"description\":\"Desarrollo de enmiendas a la peligrosa \\\"Proposici\u00f3n de Ley Integral de Lucha contra la Corrupci\u00f3n y Protecci\u00f3n de los Denunciantes\\\" del Partido Cs.\",\"breadcrumb\":{\"@id\":\"https:\/\/dev.xnet-x.net\/es\/enmiendas-ley-contra-corrupcion-proteccion-denunciantes\/#breadcrumb\"},\"inLanguage\":\"es\",\"potentialAction\":[{\"@type\":\"ReadAction\",\"target\":[[\"https:\/\/dev.xnet-x.net\/es\/enmiendas-ley-contra-corrupcion-proteccion-denunciantes\/\"]]}]},{\"@type\":\"ImageObject\",\"inLanguage\":\"es\",\"@id\":\"https:\/\/dev.xnet-x.net\/es\/enmiendas-ley-contra-corrupcion-proteccion-denunciantes\/#primaryimage\",\"url\":\"https:\/\/dev.xnet-x.net\/img\/vuelve-la-stasi-ley.jpg\",\"contentUrl\":\"https:\/\/dev.xnet-x.net\/img\/vuelve-la-stasi-ley.jpg\",\"width\":838,\"height\":420,\"caption\":\"vuelve-la-stasi-ley\"},{\"@type\":\"BreadcrumbList\",\"@id\":\"https:\/\/dev.xnet-x.net\/es\/enmiendas-ley-contra-corrupcion-proteccion-denunciantes\/#breadcrumb\",\"itemListElement\":[{\"@type\":\"ListItem\",\"position\":1,\"name\":\"Portada\",\"item\":\"https:\/\/dev.xnet-x.net\/es\/\"},{\"@type\":\"ListItem\",\"position\":2,\"name\":\"Enmiendas a la \u00abProposici\u00f3n de Ley Integral de Lucha contra la Corrupci\u00f3n y Protecci\u00f3n de los Denunciantes\u00bb\"}]},{\"@type\":\"WebSite\",\"@id\":\"https:\/\/dev.xnet-x.net\/es\/#website\",\"url\":\"https:\/\/dev.xnet-x.net\/es\/\",\"name\":\"[:es]Xnet - Internet, derechos y democracia en la era digital[:ca]Xnet - Internet, drets i democr\u00e0cia en l'era digital[:en]Xnet - Internet freedoms & digital rights[:]\",\"description\":\"Xnet: Internet, informaci\u00f3n y cultura libres. Tecnopol\u00edtica. Datos, algoritmos y derechos digitales. Libertad de expresi\u00f3n. Democracia y anticorrupci\u00f3n\",\"publisher\":{\"@id\":\"https:\/\/dev.xnet-x.net\/es\/#organization\"},\"potentialAction\":[{\"@type\":\"SearchAction\",\"target\":{\"@type\":\"EntryPoint\",\"urlTemplate\":\"https:\/\/dev.xnet-x.net\/es\/?s={search_term_string}\"},\"query-input\":{\"@type\":\"PropertyValueSpecification\",\"valueRequired\":true,\"valueName\":\"search_term_string\"}}],\"inLanguage\":\"es\"},{\"@type\":\"Organization\",\"@id\":\"https:\/\/dev.xnet-x.net\/es\/#organization\",\"name\":\"Xnet - Internet, derechos y democracia en la era digital\",\"url\":\"https:\/\/dev.xnet-x.net\/es\/\",\"logo\":{\"@type\":\"ImageObject\",\"inLanguage\":\"es\",\"@id\":\"https:\/\/dev.xnet-x.net\/es\/#\/schema\/logo\/image\/\",\"url\":\"https:\/\/xnet-x.net\/img\/xnet-logo.png\",\"contentUrl\":\"https:\/\/xnet-x.net\/img\/xnet-logo.png\",\"width\":512,\"height\":512,\"caption\":\"Xnet - Internet, derechos y democracia en la era digital\"},\"image\":{\"@id\":\"https:\/\/dev.xnet-x.net\/es\/#\/schema\/logo\/image\/\"},\"sameAs\":[\"http:\/\/facebook.com\/RedX.Net\/\",\"https:\/\/x.com\/x_net_\",\"https:\/\/es.wikipedia.org\/wiki\/Xnet\"]},{\"@type\":\"Person\",\"@id\":\"https:\/\/dev.xnet-x.net\/es\/#\/schema\/person\/286e07d1c80ea3bcc60b6ef8b146e637\",\"name\":\"Xnet\",\"image\":{\"@type\":\"ImageObject\",\"inLanguage\":\"es\",\"@id\":\"https:\/\/dev.xnet-x.net\/es\/#\/schema\/person\/image\/\",\"url\":\"https:\/\/secure.gravatar.com\/avatar\/76eee622ce1df16aa986c0f990545e62b4c87e399e6c2a5fcfe24a092d2ba829?s=96&d=mm&r=g\",\"contentUrl\":\"https:\/\/secure.gravatar.com\/avatar\/76eee622ce1df16aa986c0f990545e62b4c87e399e6c2a5fcfe24a092d2ba829?s=96&d=mm&r=g\",\"caption\":\"Xnet\"}}]}<\/script>\n<!-- \/ Yoast SEO plugin. -->","yoast_head_json":{"title":"Enmiendas a la Proposici\u00f3n de Ley de Lucha contra Corrupci\u00f3n","description":"Desarrollo de enmiendas a la peligrosa \"Proposici\u00f3n de Ley Integral de Lucha contra la Corrupci\u00f3n y Protecci\u00f3n de los Denunciantes\" del Partido Cs.","robots":{"index":"index","follow":"follow","max-snippet":"max-snippet:-1","max-image-preview":"max-image-preview:large","max-video-preview":"max-video-preview:-1"},"canonical":"https:\/\/dev.xnet-x.net\/es\/enmiendas-ley-contra-corrupcion-proteccion-denunciantes\/","twitter_misc":{"Escrito por":"Xnet","Tiempo de lectura":"17 minutos"},"schema":{"@context":"https:\/\/schema.org","@graph":[{"@type":"Article","@id":"https:\/\/dev.xnet-x.net\/es\/enmiendas-ley-contra-corrupcion-proteccion-denunciantes\/#article","isPartOf":{"@id":"https:\/\/dev.xnet-x.net\/es\/enmiendas-ley-contra-corrupcion-proteccion-denunciantes\/"},"author":{"name":"Xnet","@id":"https:\/\/dev.xnet-x.net\/es\/#\/schema\/person\/286e07d1c80ea3bcc60b6ef8b146e637"},"headline":"Enmiendas a la \u00abProposici\u00f3n de Ley Integral de Lucha contra la Corrupci\u00f3n y Protecci\u00f3n de los Denunciantes\u00bb","datePublished":"2017-03-27T11:00:34+00:00","dateModified":"2020-04-15T16:12:19+00:00","mainEntityOfPage":{"@id":"https:\/\/dev.xnet-x.net\/es\/enmiendas-ley-contra-corrupcion-proteccion-denunciantes\/"},"wordCount":3357,"publisher":{"@id":"https:\/\/dev.xnet-x.net\/es\/#organization"},"image":{"@id":"https:\/\/dev.xnet-x.net\/es\/enmiendas-ley-contra-corrupcion-proteccion-denunciantes\/#primaryimage"},"thumbnailUrl":"https:\/\/dev.xnet-x.net\/img\/vuelve-la-stasi-ley.jpg","articleSection":["Blog - Nuestras acciones"],"inLanguage":"es"},{"@type":"WebPage","@id":"https:\/\/dev.xnet-x.net\/es\/enmiendas-ley-contra-corrupcion-proteccion-denunciantes\/","url":"https:\/\/dev.xnet-x.net\/es\/enmiendas-ley-contra-corrupcion-proteccion-denunciantes\/","name":"Enmiendas a la Proposici\u00f3n de Ley de Lucha contra Corrupci\u00f3n","isPartOf":{"@id":"https:\/\/dev.xnet-x.net\/es\/#website"},"primaryImageOfPage":{"@id":"https:\/\/dev.xnet-x.net\/es\/enmiendas-ley-contra-corrupcion-proteccion-denunciantes\/#primaryimage"},"image":{"@id":"https:\/\/dev.xnet-x.net\/es\/enmiendas-ley-contra-corrupcion-proteccion-denunciantes\/#primaryimage"},"thumbnailUrl":"https:\/\/dev.xnet-x.net\/img\/vuelve-la-stasi-ley.jpg","datePublished":"2017-03-27T11:00:34+00:00","dateModified":"2020-04-15T16:12:19+00:00","description":"Desarrollo de enmiendas a la peligrosa \"Proposici\u00f3n de Ley Integral de Lucha contra la Corrupci\u00f3n y Protecci\u00f3n de los Denunciantes\" del Partido Cs.","breadcrumb":{"@id":"https:\/\/dev.xnet-x.net\/es\/enmiendas-ley-contra-corrupcion-proteccion-denunciantes\/#breadcrumb"},"inLanguage":"es","potentialAction":[{"@type":"ReadAction","target":[["https:\/\/dev.xnet-x.net\/es\/enmiendas-ley-contra-corrupcion-proteccion-denunciantes\/"]]}]},{"@type":"ImageObject","inLanguage":"es","@id":"https:\/\/dev.xnet-x.net\/es\/enmiendas-ley-contra-corrupcion-proteccion-denunciantes\/#primaryimage","url":"https:\/\/dev.xnet-x.net\/img\/vuelve-la-stasi-ley.jpg","contentUrl":"https:\/\/dev.xnet-x.net\/img\/vuelve-la-stasi-ley.jpg","width":838,"height":420,"caption":"vuelve-la-stasi-ley"},{"@type":"BreadcrumbList","@id":"https:\/\/dev.xnet-x.net\/es\/enmiendas-ley-contra-corrupcion-proteccion-denunciantes\/#breadcrumb","itemListElement":[{"@type":"ListItem","position":1,"name":"Portada","item":"https:\/\/dev.xnet-x.net\/es\/"},{"@type":"ListItem","position":2,"name":"Enmiendas a la \u00abProposici\u00f3n de Ley Integral de Lucha contra la Corrupci\u00f3n y Protecci\u00f3n de los Denunciantes\u00bb"}]},{"@type":"WebSite","@id":"https:\/\/dev.xnet-x.net\/es\/#website","url":"https:\/\/dev.xnet-x.net\/es\/","name":"[:es]Xnet - Internet, derechos y democracia en la era digital[:ca]Xnet - Internet, drets i democr\u00e0cia en l'era digital[:en]Xnet - Internet freedoms & digital rights[:]","description":"Xnet: Internet, informaci\u00f3n y cultura libres. Tecnopol\u00edtica. Datos, algoritmos y derechos digitales. Libertad de expresi\u00f3n. Democracia y anticorrupci\u00f3n","publisher":{"@id":"https:\/\/dev.xnet-x.net\/es\/#organization"},"potentialAction":[{"@type":"SearchAction","target":{"@type":"EntryPoint","urlTemplate":"https:\/\/dev.xnet-x.net\/es\/?s={search_term_string}"},"query-input":{"@type":"PropertyValueSpecification","valueRequired":true,"valueName":"search_term_string"}}],"inLanguage":"es"},{"@type":"Organization","@id":"https:\/\/dev.xnet-x.net\/es\/#organization","name":"Xnet - Internet, derechos y democracia en la era digital","url":"https:\/\/dev.xnet-x.net\/es\/","logo":{"@type":"ImageObject","inLanguage":"es","@id":"https:\/\/dev.xnet-x.net\/es\/#\/schema\/logo\/image\/","url":"https:\/\/xnet-x.net\/img\/xnet-logo.png","contentUrl":"https:\/\/xnet-x.net\/img\/xnet-logo.png","width":512,"height":512,"caption":"Xnet - Internet, derechos y democracia en la era digital"},"image":{"@id":"https:\/\/dev.xnet-x.net\/es\/#\/schema\/logo\/image\/"},"sameAs":["http:\/\/facebook.com\/RedX.Net\/","https:\/\/x.com\/x_net_","https:\/\/es.wikipedia.org\/wiki\/Xnet"]},{"@type":"Person","@id":"https:\/\/dev.xnet-x.net\/es\/#\/schema\/person\/286e07d1c80ea3bcc60b6ef8b146e637","name":"Xnet","image":{"@type":"ImageObject","inLanguage":"es","@id":"https:\/\/dev.xnet-x.net\/es\/#\/schema\/person\/image\/","url":"https:\/\/secure.gravatar.com\/avatar\/76eee622ce1df16aa986c0f990545e62b4c87e399e6c2a5fcfe24a092d2ba829?s=96&d=mm&r=g","contentUrl":"https:\/\/secure.gravatar.com\/avatar\/76eee622ce1df16aa986c0f990545e62b4c87e399e6c2a5fcfe24a092d2ba829?s=96&d=mm&r=g","caption":"Xnet"}}]}},"_links":{"self":[{"href":"https:\/\/dev.xnet-x.net\/es\/wp-json\/wp\/v2\/posts\/11853","targetHints":{"allow":["GET"]}}],"collection":[{"href":"https:\/\/dev.xnet-x.net\/es\/wp-json\/wp\/v2\/posts"}],"about":[{"href":"https:\/\/dev.xnet-x.net\/es\/wp-json\/wp\/v2\/types\/post"}],"author":[{"embeddable":true,"href":"https:\/\/dev.xnet-x.net\/es\/wp-json\/wp\/v2\/users\/8"}],"replies":[{"embeddable":true,"href":"https:\/\/dev.xnet-x.net\/es\/wp-json\/wp\/v2\/comments?post=11853"}],"version-history":[{"count":14,"href":"https:\/\/dev.xnet-x.net\/es\/wp-json\/wp\/v2\/posts\/11853\/revisions"}],"predecessor-version":[{"id":19401,"href":"https:\/\/dev.xnet-x.net\/es\/wp-json\/wp\/v2\/posts\/11853\/revisions\/19401"}],"wp:featuredmedia":[{"embeddable":true,"href":"https:\/\/dev.xnet-x.net\/es\/wp-json\/wp\/v2\/media\/12105"}],"wp:attachment":[{"href":"https:\/\/dev.xnet-x.net\/es\/wp-json\/wp\/v2\/media?parent=11853"}],"wp:term":[{"taxonomy":"category","embeddable":true,"href":"https:\/\/dev.xnet-x.net\/es\/wp-json\/wp\/v2\/categories?post=11853"},{"taxonomy":"post_tag","embeddable":true,"href":"https:\/\/dev.xnet-x.net\/es\/wp-json\/wp\/v2\/tags?post=11853"}],"curies":[{"name":"wp","href":"https:\/\/api.w.org\/{rel}","templated":true}]}}