{"id":1072,"date":"2010-05-09T18:26:28","date_gmt":"2010-05-09T17:26:28","guid":{"rendered":"http:\/\/la-ex.net\/?p=1072"},"modified":"2025-05-16T11:53:13","modified_gmt":"2025-05-16T09:53:13","slug":"vuelven-oxcars-y-fcforum-2010","status":"publish","type":"post","link":"https:\/\/dev.xnet-x.net\/es\/si-vuelven-la-gran-gala-de-los-oxcars-y-el-fcforum\/","title":{"rendered":"S\u00ed, \u00a1Vuelven la Gran Gala de los oXcars y el FCForum!"},"content":{"rendered":"<p><\/p>\n<p style=\"margin-bottom: 30px;\"><em><\/em><strong>Como cada a\u00f1o \u2013 y este a\u00f1o m\u00e1s que nunca <a href=\"\/exgae-ha-venido-para-quedarse\" target=\"_blank\">[1]<\/a> <a href=\"\/dialogo-siempre-prepotencia-nunca-2\" target=\"_blank\">[2]<\/a> &#8211; <a href=\"\/que-es\/\" target=\"_blank\">Xnet <\/a> invita a todo el mundo a participar en\u00a0 <a style=\"font-size: 14px;\" href=\"http:\/\/oxcars10.xnet-x.net\/\" target=\"_blank\">la 3\u00aa edici\u00f3n de los oXcars<\/a>, el mayor evento de cultura libre de todos los tiempos, en colaboraci\u00f3n con <a href=\"http:\/\/conservas.tk\/\" target=\"_blank\">Conservas<\/a> y <a href=\"http:\/\/www.telenoika.net\/\" target=\"_blank\" rel=\"nofollow\">Telenoika<\/a>, tambi\u00e9n miembros de EXGAE, y, este a\u00f1o, con la ayuda de <a href=\"http:\/\/redsostenible.wikia.com\" target=\"_blank\">Red SOStenible<\/a> y de las redes sociales \u00a1C\u00f3mo no!<\/strong><\/p>\n<h3>28\/29\/30\/31 de octubre 2010<\/h3>\n<p><iframe loading=\"lazy\" width=\"560\" height=\"315\" src=\"https:\/\/www.youtube.com\/embed\/Us7UMYBuDVk\" frameborder=\"0\" allowfullscreen><\/iframe><\/p>\n<p>Artistas de todos los \u00e1mbitos de la cultura nacional e internacional participan en una gala llena de sorpresas para pedir que la cultura deje de ser una mercanc\u00eda en manos de los lobbies de las industrias culturales. En nombre de los \u201cartistas\u201d, se ponen trabas a nuestro acceso al conocimiento, pero los artistas no las respaldan. La sociedad civil reclama el lucro cesante de todo el conocimiento que se esta reteniendo y sustrayendo al uso p\u00fablico en nombre de beneficios privados. No queremos cultivar generaciones de par\u00e1sitos culturales, queremos un territorio cultural vivo y productivo.<\/p>\n<p>Artistas como el escritor Jos\u00e9 Luis Sampedro, miembro de la RAE, la escritora Bel\u00e9n Gopegui, el c\u00e9lebre gastrobloguer Txaber Allu\u00e9, adem\u00e1s de\u00a0 At Versaris; Kate Madison; Akram Khan; Reactable; Ploomba; Koulomek y otras sorpresas que no os vamos a contar como la aparici\u00f3n eXtelar de Pinkertones brillar\u00e1n en esta edici\u00f3n.<\/p>\n<p><strong>28 de Octubre, 21\u00ba\u00ba hrs.- Sala Apolo, Nou de la Rambla, 113 Metro: Paral.lel<\/strong><\/p>\n<h3>Y, a continuaci\u00f3n\u2026 FCForum 2010<\/h3>\n<p>Desde la ciudadan\u00eda seguiremos trabajando para plantear juntos una era digital sostenible y provechosa para todos. Despu\u00e9s de los oXcars comienzan los tres d\u00edas del FCForum, el Foro Internacional de Acceso a la Cultura y el Conocimiento en la Era Digital en su segunda edici\u00f3n, que EXGAE realiza conjuntamente con la plataforma internacional FCForum y en colaboraci\u00f3n con Arts Santa M\u00f2nica.<\/p>\n<p><strong><a style=\"font-size: 14px;\" href=\"http:\/\/2010.fcforum.net\/es\/\" target=\"_blank\">El FCforum 2010<\/a><\/strong> tiene como t\u00edtulo este a\u00f1o \u00abNuevos modelos de sostenibilidad en la era digital\u00bb y congregar\u00e1 las principales organizaciones y voces activas en el mundo de la cultura, del conocimiento libre y de las nuevas formas de producci\u00f3n y distribuci\u00f3n de la cultura.<\/p>\n<p>De entre los m\u00e1s de 50 participantes querr\u00edamos destacar el trabajo de\u00a0 Johanna Blakley, investigadora sobre la cultura del entretenimiento, quien abraza<a href=\"http:\/\/www.ted.com\/talks\/johanna_blakley_lessons_from_fashion_s_free_culture.html\" target=\"_blank\" rel=\"nofollow\"> la tesis de que el \u00e9xito de la industria de la moda radica en la ausencia de propiedad intelectual<\/a>.<\/p>\n<p>Vendr\u00e1n notables ejemplos de Nuevos Empresarios Culturales, como los americanos Kickstarter, cuyo modelo de negocios se basa en ser facilitadores entre el artista, sus fans y los productores. Su prodigio comercial m\u00e1s reciente: conseguir 30.000 d\u00f3lares en tres d\u00edas para la producci\u00f3n del <a href=\"http:\/\/alt1040.com\/2010\/09\/the-pirate-bay-tendra-documental\" target=\"_blank\" rel=\"nofollow\">documental sobre el legendario portal de descargas The Pirate Bay<\/a>.<\/p>\n<p>Adem\u00e1s contaremos con los creadores originales de The Pirate Bay: Magnus Eriksson y Peter Sunde, quien ha creado Flattr.com, una empresa de microcr\u00e9ditos para descargar contenidos que funciona como un bote de propinas en internet.<\/p>\n<p>Estar\u00e1n presentes tambi\u00e9n, los alemanes de Freibank, que tras la experiencia del m\u00edtico grupo Einst\u00fcrzende Neubauten, montaron una cooperativa de distribuci\u00f3n de los derechos de autor.<br \/>\nContaremos con la presencia de Peter Jenner, c\u00e9lebre manager de Pink Floyd que ha representado tambi\u00e9n a artistas como T Rex, Ian Dury, Roy Harper y The Clash.<\/p>\n<p>El FCForum es un espacio abierto a toda la ciudadan\u00eda, a todos los agentes que seriamente se est\u00e1n planteando un futuro legal y econ\u00f3micamente sostenible. Tanto para ciudadanos como artistas.<\/p>\n<p><strong>Nos vemos all\u00ed!<\/strong><\/p>\n<p>Ya a la venta el bono de ayuda para los oXCARs (3,55\u20ac)<br \/>\n<a href=\"http:\/\/www.codetickets.com\/sala-apolo\/es\/sala-apolo.com\/566\/\" target=\"_blank\" rel=\"nofollow\"> <strong>Venta online aqu\u00ed<\/strong><\/a><br \/>\n<strong>Venta en mano (3 euros)<\/strong>: Calle Sant Pau 58 Bajos &#8211; Barcelona &#8211; De lunes a viernes de 10h a 14h y de 17h a 20h &#8211; tel 933020630<\/p>\n<h3>Toda la informaci\u00f3n:<\/h3>\n<p><a href=\"\/oxcars10\" target=\"_blank\">OXCARS 2010 <\/a><br \/>\n<a href=\"http:\/\/2010.fcforum.net\/es\" target=\"_blank\">FCForum 2010<\/a><\/p>\n<p><strong>Redes Sociales<\/strong><br \/>\n<a href=\"http:\/\/www.facebook.com\/EXGAE.net#!\/event.php?eid=128750570482348&amp;index=1\" rel=\"nofollow\">OXCARS (Facebook)<\/a><br \/>\n<a href=\"http:\/\/es-es.facebook.com\/pages\/Free-Culture-Forum\/151855251458?ref=ts\" target=\"_blank\" rel=\"nofollow\">FCForum(Facebook)<\/a><br \/>\n<a href=\"http:\/\/twitter.com\/#!\/X_net_\" target=\"_blank\">@X_net_<\/a><br \/>\n<a href=\"http:\/\/twitter.com\/fcforum_net\" target=\"_blank\" rel=\"nofollow\">Twitter at @fcforum_net<\/a><br \/>\n<a href=\"http:\/\/identi.ca\/fcforum\" target=\"_blank\" rel=\"nofollow\"> Identi.ca at @fcforum<\/a><\/p>\n<p style=\"text-align: center;\"><a href=\"\/wp-content\/uploads\/2010\/10\/caballomuerto-high.jpg\" rel=\"nofollow\"><img loading=\"lazy\" decoding=\"async\" class=\"aligncenter size-full wp-image-1303\" title=\"La Teor\u00eda del Caballo Muerto\" alt=\"\" src=\"http:\/\/xnet-x.net\/wp-content\/uploads\/2010\/10\/caballomuerto-high.jpg\" width=\"600\" height=\"424\" \/><\/a>(Clicka sobre la imagen para verla ampliada)<\/p>\n<p><\/p>","protected":false},"excerpt":{"rendered":"<p>Como cada a\u00f1o \u2013 y este a\u00f1o m\u00e1s que nunca [1] [2] &#8211; Xnet invita a todo el mundo a participar en\u00a0 la 3\u00aa edici\u00f3n de los oXcars, el mayor evento de cultura libre de todos los tiempos, en colaboraci\u00f3n con Conservas y Telenoika, tambi\u00e9n miembros de EXGAE, y, este a\u00f1o, con la ayuda de [&hellip;]<\/p>\n","protected":false},"author":5,"featured_media":5557,"comment_status":"closed","ping_status":"closed","sticky":false,"template":"","format":"standard","meta":{"footnotes":""},"categories":[52],"tags":[],"class_list":["post-1072","post","type-post","status-publish","format-standard","has-post-thumbnail","hentry","category-blog"],"yoast_head":"<!-- This site is optimized with the Yoast SEO plugin v26.7 - https:\/\/yoast.com\/wordpress\/plugins\/seo\/ -->\n<title>Vuelven la Gran Gala de los oXcars y el FCForum<\/title>\n<meta name=\"description\" content=\"Te invitamos a participar en la 3\u00aa edici\u00f3n de los oXcars, el mayor evento de cultura libre de todos los tiempos, y el FCForum 2010.\" \/>\n<meta name=\"robots\" content=\"index, follow, max-snippet:-1, max-image-preview:large, max-video-preview:-1\" \/>\n<link rel=\"canonical\" href=\"https:\/\/dev.xnet-x.net\/es\/si-vuelven-la-gran-gala-de-los-oxcars-y-el-fcforum\/\" \/>\n<meta name=\"twitter:label1\" content=\"Escrito por\" \/>\n\t<meta name=\"twitter:data1\" content=\"Xnet\" \/>\n\t<meta name=\"twitter:label2\" content=\"Tiempo de lectura\" \/>\n\t<meta name=\"twitter:data2\" content=\"4 minutos\" \/>\n<script type=\"application\/ld+json\" class=\"yoast-schema-graph\">{\"@context\":\"https:\/\/schema.org\",\"@graph\":[{\"@type\":\"Article\",\"@id\":\"https:\/\/dev.xnet-x.net\/es\/si-vuelven-la-gran-gala-de-los-oxcars-y-el-fcforum\/#article\",\"isPartOf\":{\"@id\":\"https:\/\/dev.xnet-x.net\/es\/si-vuelven-la-gran-gala-de-los-oxcars-y-el-fcforum\/\"},\"author\":{\"name\":\"Xnet\",\"@id\":\"https:\/\/dev.xnet-x.net\/es\/#\/schema\/person\/919c7ab500254f012b3e8975a5cf2bc3\"},\"headline\":\"S\u00ed, \u00a1Vuelven la Gran Gala de los oXcars y el FCForum!\",\"datePublished\":\"2010-05-09T17:26:28+00:00\",\"dateModified\":\"2025-05-16T09:53:13+00:00\",\"mainEntityOfPage\":{\"@id\":\"https:\/\/dev.xnet-x.net\/es\/si-vuelven-la-gran-gala-de-los-oxcars-y-el-fcforum\/\"},\"wordCount\":1076,\"publisher\":{\"@id\":\"https:\/\/dev.xnet-x.net\/es\/#organization\"},\"image\":{\"@id\":\"https:\/\/dev.xnet-x.net\/es\/si-vuelven-la-gran-gala-de-los-oxcars-y-el-fcforum\/#primaryimage\"},\"thumbnailUrl\":\"https:\/\/dev.xnet-x.net\/img\/oxcars_little.jpg\",\"articleSection\":[\"Blog - Nuestras acciones\"],\"inLanguage\":\"es\"},{\"@type\":\"WebPage\",\"@id\":\"https:\/\/dev.xnet-x.net\/es\/si-vuelven-la-gran-gala-de-los-oxcars-y-el-fcforum\/\",\"url\":\"https:\/\/dev.xnet-x.net\/es\/si-vuelven-la-gran-gala-de-los-oxcars-y-el-fcforum\/\",\"name\":\"Vuelven la Gran Gala de los oXcars y el FCForum\",\"isPartOf\":{\"@id\":\"https:\/\/dev.xnet-x.net\/es\/#website\"},\"primaryImageOfPage\":{\"@id\":\"https:\/\/dev.xnet-x.net\/es\/si-vuelven-la-gran-gala-de-los-oxcars-y-el-fcforum\/#primaryimage\"},\"image\":{\"@id\":\"https:\/\/dev.xnet-x.net\/es\/si-vuelven-la-gran-gala-de-los-oxcars-y-el-fcforum\/#primaryimage\"},\"thumbnailUrl\":\"https:\/\/dev.xnet-x.net\/img\/oxcars_little.jpg\",\"datePublished\":\"2010-05-09T17:26:28+00:00\",\"dateModified\":\"2025-05-16T09:53:13+00:00\",\"description\":\"Te invitamos a participar en la 3\u00aa edici\u00f3n de los oXcars, el mayor evento de cultura libre de todos los tiempos, y el FCForum 2010.\",\"breadcrumb\":{\"@id\":\"https:\/\/dev.xnet-x.net\/es\/si-vuelven-la-gran-gala-de-los-oxcars-y-el-fcforum\/#breadcrumb\"},\"inLanguage\":\"es\",\"potentialAction\":[{\"@type\":\"ReadAction\",\"target\":[[\"https:\/\/dev.xnet-x.net\/es\/si-vuelven-la-gran-gala-de-los-oxcars-y-el-fcforum\/\"]]}]},{\"@type\":\"ImageObject\",\"inLanguage\":\"es\",\"@id\":\"https:\/\/dev.xnet-x.net\/es\/si-vuelven-la-gran-gala-de-los-oxcars-y-el-fcforum\/#primaryimage\",\"url\":\"https:\/\/dev.xnet-x.net\/img\/oxcars_little.jpg\",\"contentUrl\":\"https:\/\/dev.xnet-x.net\/img\/oxcars_little.jpg\",\"width\":150,\"height\":150,\"caption\":\"oxcars\"},{\"@type\":\"BreadcrumbList\",\"@id\":\"https:\/\/dev.xnet-x.net\/es\/si-vuelven-la-gran-gala-de-los-oxcars-y-el-fcforum\/#breadcrumb\",\"itemListElement\":[{\"@type\":\"ListItem\",\"position\":1,\"name\":\"Portada\",\"item\":\"https:\/\/dev.xnet-x.net\/es\/\"},{\"@type\":\"ListItem\",\"position\":2,\"name\":\"S\u00ed, \u00a1Vuelven la Gran Gala de los oXcars y el FCForum!\"}]},{\"@type\":\"WebSite\",\"@id\":\"https:\/\/dev.xnet-x.net\/es\/#website\",\"url\":\"https:\/\/dev.xnet-x.net\/es\/\",\"name\":\"[:es]Xnet - Internet, derechos y democracia en la era digital[:ca]Xnet - Internet, drets i democr\u00e0cia en l'era digital[:en]Xnet - Internet freedoms & digital rights[:]\",\"description\":\"Xnet: Internet, informaci\u00f3n y cultura libres. Tecnopol\u00edtica. Datos, algoritmos y derechos digitales. Libertad de expresi\u00f3n. Democracia y anticorrupci\u00f3n\",\"publisher\":{\"@id\":\"https:\/\/dev.xnet-x.net\/es\/#organization\"},\"potentialAction\":[{\"@type\":\"SearchAction\",\"target\":{\"@type\":\"EntryPoint\",\"urlTemplate\":\"https:\/\/dev.xnet-x.net\/es\/?s={search_term_string}\"},\"query-input\":{\"@type\":\"PropertyValueSpecification\",\"valueRequired\":true,\"valueName\":\"search_term_string\"}}],\"inLanguage\":\"es\"},{\"@type\":\"Organization\",\"@id\":\"https:\/\/dev.xnet-x.net\/es\/#organization\",\"name\":\"Xnet - Internet, derechos y democracia en la era digital\",\"url\":\"https:\/\/dev.xnet-x.net\/es\/\",\"logo\":{\"@type\":\"ImageObject\",\"inLanguage\":\"es\",\"@id\":\"https:\/\/dev.xnet-x.net\/es\/#\/schema\/logo\/image\/\",\"url\":\"https:\/\/xnet-x.net\/img\/xnet-logo.png\",\"contentUrl\":\"https:\/\/xnet-x.net\/img\/xnet-logo.png\",\"width\":512,\"height\":512,\"caption\":\"Xnet - Internet, derechos y democracia en la era digital\"},\"image\":{\"@id\":\"https:\/\/dev.xnet-x.net\/es\/#\/schema\/logo\/image\/\"},\"sameAs\":[\"http:\/\/facebook.com\/RedX.Net\/\",\"https:\/\/x.com\/x_net_\",\"https:\/\/es.wikipedia.org\/wiki\/Xnet\"]},{\"@type\":\"Person\",\"@id\":\"https:\/\/dev.xnet-x.net\/es\/#\/schema\/person\/919c7ab500254f012b3e8975a5cf2bc3\",\"name\":\"Xnet\",\"image\":{\"@type\":\"ImageObject\",\"inLanguage\":\"es\",\"@id\":\"https:\/\/dev.xnet-x.net\/es\/#\/schema\/person\/image\/\",\"url\":\"https:\/\/secure.gravatar.com\/avatar\/8b8563db88d55a25627c485761032c68d19ec6fbca59b20305af9bd0e10cb624?s=96&d=mm&r=g\",\"contentUrl\":\"https:\/\/secure.gravatar.com\/avatar\/8b8563db88d55a25627c485761032c68d19ec6fbca59b20305af9bd0e10cb624?s=96&d=mm&r=g\",\"caption\":\"Xnet\"}}]}<\/script>\n<!-- \/ Yoast SEO plugin. -->","yoast_head_json":{"title":"Vuelven la Gran Gala de los oXcars y el FCForum","description":"Te invitamos a participar en la 3\u00aa edici\u00f3n de los oXcars, el mayor evento de cultura libre de todos los tiempos, y el FCForum 2010.","robots":{"index":"index","follow":"follow","max-snippet":"max-snippet:-1","max-image-preview":"max-image-preview:large","max-video-preview":"max-video-preview:-1"},"canonical":"https:\/\/dev.xnet-x.net\/es\/si-vuelven-la-gran-gala-de-los-oxcars-y-el-fcforum\/","twitter_misc":{"Escrito por":"Xnet","Tiempo de lectura":"4 minutos"},"schema":{"@context":"https:\/\/schema.org","@graph":[{"@type":"Article","@id":"https:\/\/dev.xnet-x.net\/es\/si-vuelven-la-gran-gala-de-los-oxcars-y-el-fcforum\/#article","isPartOf":{"@id":"https:\/\/dev.xnet-x.net\/es\/si-vuelven-la-gran-gala-de-los-oxcars-y-el-fcforum\/"},"author":{"name":"Xnet","@id":"https:\/\/dev.xnet-x.net\/es\/#\/schema\/person\/919c7ab500254f012b3e8975a5cf2bc3"},"headline":"S\u00ed, \u00a1Vuelven la Gran Gala de los oXcars y el FCForum!","datePublished":"2010-05-09T17:26:28+00:00","dateModified":"2025-05-16T09:53:13+00:00","mainEntityOfPage":{"@id":"https:\/\/dev.xnet-x.net\/es\/si-vuelven-la-gran-gala-de-los-oxcars-y-el-fcforum\/"},"wordCount":1076,"publisher":{"@id":"https:\/\/dev.xnet-x.net\/es\/#organization"},"image":{"@id":"https:\/\/dev.xnet-x.net\/es\/si-vuelven-la-gran-gala-de-los-oxcars-y-el-fcforum\/#primaryimage"},"thumbnailUrl":"https:\/\/dev.xnet-x.net\/img\/oxcars_little.jpg","articleSection":["Blog - Nuestras acciones"],"inLanguage":"es"},{"@type":"WebPage","@id":"https:\/\/dev.xnet-x.net\/es\/si-vuelven-la-gran-gala-de-los-oxcars-y-el-fcforum\/","url":"https:\/\/dev.xnet-x.net\/es\/si-vuelven-la-gran-gala-de-los-oxcars-y-el-fcforum\/","name":"Vuelven la Gran Gala de los oXcars y el FCForum","isPartOf":{"@id":"https:\/\/dev.xnet-x.net\/es\/#website"},"primaryImageOfPage":{"@id":"https:\/\/dev.xnet-x.net\/es\/si-vuelven-la-gran-gala-de-los-oxcars-y-el-fcforum\/#primaryimage"},"image":{"@id":"https:\/\/dev.xnet-x.net\/es\/si-vuelven-la-gran-gala-de-los-oxcars-y-el-fcforum\/#primaryimage"},"thumbnailUrl":"https:\/\/dev.xnet-x.net\/img\/oxcars_little.jpg","datePublished":"2010-05-09T17:26:28+00:00","dateModified":"2025-05-16T09:53:13+00:00","description":"Te invitamos a participar en la 3\u00aa edici\u00f3n de los oXcars, el mayor evento de cultura libre de todos los tiempos, y el FCForum 2010.","breadcrumb":{"@id":"https:\/\/dev.xnet-x.net\/es\/si-vuelven-la-gran-gala-de-los-oxcars-y-el-fcforum\/#breadcrumb"},"inLanguage":"es","potentialAction":[{"@type":"ReadAction","target":[["https:\/\/dev.xnet-x.net\/es\/si-vuelven-la-gran-gala-de-los-oxcars-y-el-fcforum\/"]]}]},{"@type":"ImageObject","inLanguage":"es","@id":"https:\/\/dev.xnet-x.net\/es\/si-vuelven-la-gran-gala-de-los-oxcars-y-el-fcforum\/#primaryimage","url":"https:\/\/dev.xnet-x.net\/img\/oxcars_little.jpg","contentUrl":"https:\/\/dev.xnet-x.net\/img\/oxcars_little.jpg","width":150,"height":150,"caption":"oxcars"},{"@type":"BreadcrumbList","@id":"https:\/\/dev.xnet-x.net\/es\/si-vuelven-la-gran-gala-de-los-oxcars-y-el-fcforum\/#breadcrumb","itemListElement":[{"@type":"ListItem","position":1,"name":"Portada","item":"https:\/\/dev.xnet-x.net\/es\/"},{"@type":"ListItem","position":2,"name":"S\u00ed, \u00a1Vuelven la Gran Gala de los oXcars y el FCForum!"}]},{"@type":"WebSite","@id":"https:\/\/dev.xnet-x.net\/es\/#website","url":"https:\/\/dev.xnet-x.net\/es\/","name":"[:es]Xnet - Internet, derechos y democracia en la era digital[:ca]Xnet - Internet, drets i democr\u00e0cia en l'era digital[:en]Xnet - Internet freedoms & digital rights[:]","description":"Xnet: Internet, informaci\u00f3n y cultura libres. Tecnopol\u00edtica. Datos, algoritmos y derechos digitales. Libertad de expresi\u00f3n. Democracia y anticorrupci\u00f3n","publisher":{"@id":"https:\/\/dev.xnet-x.net\/es\/#organization"},"potentialAction":[{"@type":"SearchAction","target":{"@type":"EntryPoint","urlTemplate":"https:\/\/dev.xnet-x.net\/es\/?s={search_term_string}"},"query-input":{"@type":"PropertyValueSpecification","valueRequired":true,"valueName":"search_term_string"}}],"inLanguage":"es"},{"@type":"Organization","@id":"https:\/\/dev.xnet-x.net\/es\/#organization","name":"Xnet - Internet, derechos y democracia en la era digital","url":"https:\/\/dev.xnet-x.net\/es\/","logo":{"@type":"ImageObject","inLanguage":"es","@id":"https:\/\/dev.xnet-x.net\/es\/#\/schema\/logo\/image\/","url":"https:\/\/xnet-x.net\/img\/xnet-logo.png","contentUrl":"https:\/\/xnet-x.net\/img\/xnet-logo.png","width":512,"height":512,"caption":"Xnet - Internet, derechos y democracia en la era digital"},"image":{"@id":"https:\/\/dev.xnet-x.net\/es\/#\/schema\/logo\/image\/"},"sameAs":["http:\/\/facebook.com\/RedX.Net\/","https:\/\/x.com\/x_net_","https:\/\/es.wikipedia.org\/wiki\/Xnet"]},{"@type":"Person","@id":"https:\/\/dev.xnet-x.net\/es\/#\/schema\/person\/919c7ab500254f012b3e8975a5cf2bc3","name":"Xnet","image":{"@type":"ImageObject","inLanguage":"es","@id":"https:\/\/dev.xnet-x.net\/es\/#\/schema\/person\/image\/","url":"https:\/\/secure.gravatar.com\/avatar\/8b8563db88d55a25627c485761032c68d19ec6fbca59b20305af9bd0e10cb624?s=96&d=mm&r=g","contentUrl":"https:\/\/secure.gravatar.com\/avatar\/8b8563db88d55a25627c485761032c68d19ec6fbca59b20305af9bd0e10cb624?s=96&d=mm&r=g","caption":"Xnet"}}]}},"_links":{"self":[{"href":"https:\/\/dev.xnet-x.net\/es\/wp-json\/wp\/v2\/posts\/1072","targetHints":{"allow":["GET"]}}],"collection":[{"href":"https:\/\/dev.xnet-x.net\/es\/wp-json\/wp\/v2\/posts"}],"about":[{"href":"https:\/\/dev.xnet-x.net\/es\/wp-json\/wp\/v2\/types\/post"}],"author":[{"embeddable":true,"href":"https:\/\/dev.xnet-x.net\/es\/wp-json\/wp\/v2\/users\/5"}],"replies":[{"embeddable":true,"href":"https:\/\/dev.xnet-x.net\/es\/wp-json\/wp\/v2\/comments?post=1072"}],"version-history":[{"count":6,"href":"https:\/\/dev.xnet-x.net\/es\/wp-json\/wp\/v2\/posts\/1072\/revisions"}],"predecessor-version":[{"id":28313,"href":"https:\/\/dev.xnet-x.net\/es\/wp-json\/wp\/v2\/posts\/1072\/revisions\/28313"}],"wp:featuredmedia":[{"embeddable":true,"href":"https:\/\/dev.xnet-x.net\/es\/wp-json\/wp\/v2\/media\/5557"}],"wp:attachment":[{"href":"https:\/\/dev.xnet-x.net\/es\/wp-json\/wp\/v2\/media?parent=1072"}],"wp:term":[{"taxonomy":"category","embeddable":true,"href":"https:\/\/dev.xnet-x.net\/es\/wp-json\/wp\/v2\/categories?post=1072"},{"taxonomy":"post_tag","embeddable":true,"href":"https:\/\/dev.xnet-x.net\/es\/wp-json\/wp\/v2\/tags?post=1072"}],"curies":[{"name":"wp","href":"https:\/\/api.w.org\/{rel}","templated":true}]}}