{"id":10137,"date":"2016-06-27T09:21:21","date_gmt":"2016-06-27T08:21:21","guid":{"rendered":"https:\/\/xnet-x.net\/?p=10137"},"modified":"2017-10-19T09:50:26","modified_gmt":"2017-10-19T08:50:26","slug":"carta-los-eurodiputados-la-directiva-lucha-terrorismo-no-permitais-la-censura-la-ue","status":"publish","type":"post","link":"https:\/\/dev.xnet-x.net\/es\/carta-eurodiputados-directiva-terrorismo-no-censura\/","title":{"rendered":"Carta a los eurodiputados sobre la Directiva de lucha contra el terrorismo: No permit\u00e1is la censura en la UE"},"content":{"rendered":"<p>Hoy 27 de junio, tras haberlo pospuesto en dos ocasiones, la Comisi\u00f3n de Libertades Civiles, Justicia y Asuntos de Interior (LIBE) votar\u00e1 para enmendar la Directiva de lucha contra el Terrorismo. <\/p>\n<p>M\u00e1s abajo pod\u00e9is ver la carta que varias organizaciones de la sociedad civil hemos enviado a los eurodiputados pidiendo su voto contra las enmiendas y puntos de la Directiva de lucha contra el Terrorismo que permiten la <strong>censura innecesaria e incluso contraproducente, tanto por parte de las plataformas de Internet como de los gobiernos, sin supervisi\u00f3n judicial<\/strong>.<\/p>\n<p>Adem\u00e1s de ello, queremos denunciar la propuesta de la relatora <strong>Ms Hohlmeier que quiere abrir una fase de negociaciones por <a href=\"https:\/\/xnet-x.net\/reforma-trialogos-ue\/\" target=\"_blank\">tri\u00e1logos<\/a> antes del voto en plenario<\/strong> del Parlamento Europeo. Esta<strong> maniobra injustificada mina el proceso democr\u00e1tico, impidiendo el escrutinio necesario<\/strong> por parte de los eurodiputados y ciudadan\u00eda de las disposiciones de la presente Directiva.<\/p>\n<p>Dada la tem\u00e1tica delicada de la directiva (censura de p\u00e1ginas web, legislaci\u00f3n de herramientas de investigaci\u00f3n intrusivas, etc.) es muy importante que los eurodiputados sean capaces de discutir y adoptar una posici\u00f3n sobre el texto antes de que pase a cualqueir fase de tri\u00e1logos.<br \/>\n&nbsp;<\/p>\n<blockquote><p>Estimados eurodiputados,<\/p>\n<p>Pronto tendr\u00e1 que votar sobre la Directiva de lucha contra el terrorismo, que actualmente contiene una serie de medidas que llevar\u00edan a vulneraciones de la libertad de expresi\u00f3n. A pesar de que \u00e9ste no era el prop\u00f3sito original de la propuesta de la Comisi\u00f3n Europea, la ponente, Monika Hohlmeier ha presentado \u00abenmiendas de compromiso\u00bb que alentan a los Estados miembros a adoptar \u00abtodas las medidas necesarias para eliminar o bloquear el acceso a p\u00e1ginas web que inciten p\u00fablicamente a cometer terrorista delitos\u00bb. Sin garant\u00edas significativas para la protecci\u00f3n de la libertad de expresi\u00f3n estas medidas posibilitan la censura desproporcionada y arbitraria. De hecho, las garant\u00edas m\u00ednimas que se incluyen pueden ser f\u00e1cilmente eludidas a trav\u00e9s de restricciones \u00abvoluntarias\u00bb impuestas por las compa\u00f1\u00edas de Internet.<\/p>\n<p> Medidas similares se implementaron en Francia hace 18 meses, las cuales han demostrado ser ineficaces y contraproducentes. El Consejo de Europa public\u00f3 un estudio el 1 de junio el a\u00f1o 2016 que subraya su preocupaci\u00f3n por la libertad de expresi\u00f3n en Francia y otros pa\u00edses europeos.<\/p>\n<p> Es muy importante ahora que los eurodiputados se alejen de esta deriva hacia restricciones sobre los derechos fundamentales que son contraproducentes y, por el contrario, participar en un debate real y exigir una evaluaci\u00f3n de impacto para evaluar el supuesto valor de las medidas, a la vez que protegen los derechos universales. Del mismo modo que la importancia de la lucha contra el terrorismo y la propaganda terrorista es reconocida por todos, es esencial que las medidas para hacer frente a este problema sean eficaces y proporcionales &#8211; garantizando al mismo tiempo que las restricciones a nuestras libertades fundamentales son compensados \u200b\u200bpor fuertes salvaguardas de procedimiento, tales como un derecho de apelaci\u00f3n y supervisi\u00f3n judicial.<\/p>\n<p> Hemos visto repetidas veces que es demasiado f\u00e1cil que medidas aparentemente destinadas a mejorar la seguridad de las personas transgredan los l\u00edmites y socaven nuestras libertades. Esto podemos verlo en el ejemplo franc\u00e9s, como demuestran las miles de personas que protestaron el a\u00f1o pasado contra las leyes francesas de vigilancia. Hoy, es de suma importancia que los eurodiputados mantengan su compromiso con los valores europeos de democracia, la proporcionalidad y el estado de derecho. Las medidas propuestas en las enmiendas de compromiso no lo hacen.<\/p>\n<p> Las acciones y las leyes del gobierno no deben fomentar la censura administrativa y privada. El Parlamento debe oponerse a tal mandato en t\u00e9rminos fuertes. Es totalmente inadecuado para los actores gubernamentales renunciar el papel del p\u00fablico en la definici\u00f3n y aplicaci\u00f3n de las leyes que rigen nuestra libertad de expresi\u00f3n en l\u00ednea.<\/p>\n<p> Por lo tanto, los firmantes instan a los eurodiputados a que voten en contra de la Directiva y, especialmente, en contra de las enmiendas de compromiso que atentan contra nuestros derechos. Tambi\u00e9n solicitamos una evaluaci\u00f3n del impacto significativo de la Comisi\u00f3n Europea sobre las disposiciones que afectan a los derechos humanos.<br \/>\n&nbsp;<\/p>\n<p><em><strong>Firmantes<\/strong><\/em>:<\/p>\n<ul>\n<li>Access Now, International<\/li>\n<li>ApTI (Asocia\u021bia pentru Tehnologie \u0219i Internet), Romania<\/li>\n<li>Bits of Freedom, The Netherlands<\/li>\n<li>Chaos Computer Club (CCC) e.V., Germany<\/li>\n<li>Digitalcourage, Germany<\/li>\n<li>Digitale Gesellschaft e.V., Switzerland<\/li>\n<li>European Digital Rights (EDRi)<\/li>\n<li>Electronic Frontier Foundation (EFF), USA<\/li>\n<li>F\u00f6rderverein Informationstechnik und Gesellschaft (Fitug e.V.), Germany<\/li>\n<li>F\u00f6reningen f\u00f6r Digitala Fri- och R\u00e4ttigheter (DFRI), Sweden<\/li>\n<li>Initiative f\u00fcr Netzfreiheit, Austria<\/li>\n<li>IT-Political Association of Denmark, Denmark<\/li>\n<li>Panoptykon Foundation, Poland<\/li>\n<li>La Quadrature du Net, France<\/li>\n<li>Quintessenz, Austria<\/li>\n<li>Stanford CIS, USA<\/li>\n<li>Vrijschrift, The Netherlands<\/li>\n<li>X-Net, Spain<\/li>\n<ul>\n&nbsp;\n<\/p><\/blockquote>\n<p><em><br \/>\nLinks:<br \/>\n&#8211; Nota de prensa pr\u00e9via de Xnet:<br \/>\n<a href=\"https:\/\/xnet-x.net\/directiva-terrorismo-recorte-libertades\/\" target=\"_blank\">https:\/\/xnet-x.net\/directiva-terrorismo-recorte-libertades\/<\/a><br \/>\n&#8211; Study of the Council of Europe on France&#8217; situation:<br \/>\n<a href=\"https:\/\/rm.coe.int\/CoERMPublicCommonSearchServices\/DisplayDCTMContent?documentId=090000168065497f\" target=\"_blank\">https:\/\/rm.coe.int\/CoERMPublicCommonSearchServices\/DisplayDCTMContent?documentId=090000168065497f<\/a><br \/>\n&#8211; Study of the Council of Europe on the general situation:<br \/>\n<a href=\"https:\/\/www.coe.int\/en\/web\/freedom-expression\/study-filtering-blocking-and-take-down-of-illegal-content-on-the-internet\" target=\"_blank\">https:\/\/www.coe.int\/en\/web\/freedom-expression\/study-filtering-blocking-and-take-down-of-illegal-content-on-the-internet<\/a><br \/>\n&#8211; Analysis of Daphne Keller (Stanford CIS):<br \/>\n<a href=\"https:\/\/cyberlaw.stanford.edu\/blog\/2016\/05\/can-new-broadcasting-law-europe-make-internet-hosts-monitor-their-users\" target=\"_blank\">https:\/\/cyberlaw.stanford.edu\/blog\/2016\/05\/can-new-broadcasting-law-europe-make-internet-hosts-monitor-their-users<\/a><br \/>\n&#8211; La Quadrature du Net anlaysis:<br \/>\n<a href=\"https:\/\/wiki.laquadrature.net\/Directive_Terrorisme\/en\" target=\"_blank\">https:\/\/wiki.laquadrature.net\/Directive_Terrorisme\/en<\/a><br \/>\n&#8211; EDRi analysis of draft report:<br \/>\n<a href=\"https:\/\/edri.org\/files\/counterterrorism\/CounterTerror_LIBEDraftReport_EDRi_position.pdf\" target=\"_blank\">https:\/\/edri.org\/files\/counterterrorism\/CounterTerror_LIBEDraftReport_EDRi_position.pdf<\/a><br \/>\n<\/em><\/p>","protected":false},"excerpt":{"rendered":"<p>Hoy 27 de junio, tras haberlo pospuesto en dos ocasiones, la Comisi\u00f3n de Libertades Civiles, Justicia y Asuntos de Interior (LIBE) votar\u00e1 para enmendar la Directiva de lucha contra el Terrorismo. M\u00e1s abajo pod\u00e9is ver la carta que varias organizaciones de la sociedad civil hemos enviado a los eurodiputados pidiendo su voto contra las enmiendas [&hellip;]<\/p>\n","protected":false},"author":8,"featured_media":0,"comment_status":"closed","ping_status":"closed","sticky":false,"template":"","format":"standard","meta":{"footnotes":""},"categories":[52],"tags":[],"class_list":["post-10137","post","type-post","status-publish","format-standard","hentry","category-blog"],"yoast_head":"<!-- This site is optimized with the Yoast SEO plugin v26.7 - https:\/\/yoast.com\/wordpress\/plugins\/seo\/ -->\n<title>Carta a los eurodiputados sobre la Directiva de lucha contra el terrorismo: No permit\u00e1is la censura en la UE<\/title>\n<meta name=\"robots\" content=\"index, follow, max-snippet:-1, max-image-preview:large, max-video-preview:-1\" \/>\n<link rel=\"canonical\" href=\"https:\/\/dev.xnet-x.net\/es\/carta-eurodiputados-directiva-terrorismo-no-censura\/\" \/>\n<meta name=\"twitter:label1\" content=\"Escrito por\" \/>\n\t<meta name=\"twitter:data1\" content=\"Xnet\" \/>\n\t<meta name=\"twitter:label2\" content=\"Tiempo de lectura\" \/>\n\t<meta name=\"twitter:data2\" content=\"5 minutos\" \/>\n<script type=\"application\/ld+json\" class=\"yoast-schema-graph\">{\"@context\":\"https:\/\/schema.org\",\"@graph\":[{\"@type\":\"Article\",\"@id\":\"https:\/\/dev.xnet-x.net\/es\/carta-eurodiputados-directiva-terrorismo-no-censura\/#article\",\"isPartOf\":{\"@id\":\"https:\/\/dev.xnet-x.net\/es\/carta-eurodiputados-directiva-terrorismo-no-censura\/\"},\"author\":{\"name\":\"Xnet\",\"@id\":\"https:\/\/dev.xnet-x.net\/es\/#\/schema\/person\/286e07d1c80ea3bcc60b6ef8b146e637\"},\"headline\":\"Carta a los eurodiputados sobre la Directiva de lucha contra el terrorismo: No permit\u00e1is la censura en la UE\",\"datePublished\":\"2016-06-27T08:21:21+00:00\",\"dateModified\":\"2017-10-19T08:50:26+00:00\",\"mainEntityOfPage\":{\"@id\":\"https:\/\/dev.xnet-x.net\/es\/carta-eurodiputados-directiva-terrorismo-no-censura\/\"},\"wordCount\":997,\"publisher\":{\"@id\":\"https:\/\/dev.xnet-x.net\/es\/#organization\"},\"articleSection\":[\"Blog - Nuestras acciones\"],\"inLanguage\":\"es\"},{\"@type\":\"WebPage\",\"@id\":\"https:\/\/dev.xnet-x.net\/es\/carta-eurodiputados-directiva-terrorismo-no-censura\/\",\"url\":\"https:\/\/dev.xnet-x.net\/es\/carta-eurodiputados-directiva-terrorismo-no-censura\/\",\"name\":\"Carta a los eurodiputados sobre la Directiva de lucha contra el terrorismo: No permit\u00e1is la censura en la UE\",\"isPartOf\":{\"@id\":\"https:\/\/dev.xnet-x.net\/es\/#website\"},\"datePublished\":\"2016-06-27T08:21:21+00:00\",\"dateModified\":\"2017-10-19T08:50:26+00:00\",\"breadcrumb\":{\"@id\":\"https:\/\/dev.xnet-x.net\/es\/carta-eurodiputados-directiva-terrorismo-no-censura\/#breadcrumb\"},\"inLanguage\":\"es\",\"potentialAction\":[{\"@type\":\"ReadAction\",\"target\":[[\"https:\/\/dev.xnet-x.net\/es\/carta-eurodiputados-directiva-terrorismo-no-censura\/\"]]}]},{\"@type\":\"BreadcrumbList\",\"@id\":\"https:\/\/dev.xnet-x.net\/es\/carta-eurodiputados-directiva-terrorismo-no-censura\/#breadcrumb\",\"itemListElement\":[{\"@type\":\"ListItem\",\"position\":1,\"name\":\"Portada\",\"item\":\"https:\/\/dev.xnet-x.net\/es\/\"},{\"@type\":\"ListItem\",\"position\":2,\"name\":\"Carta a los eurodiputados sobre la Directiva de lucha contra el terrorismo: No permit\u00e1is la censura en la UE\"}]},{\"@type\":\"WebSite\",\"@id\":\"https:\/\/dev.xnet-x.net\/es\/#website\",\"url\":\"https:\/\/dev.xnet-x.net\/es\/\",\"name\":\"[:es]Xnet - Internet, derechos y democracia en la era digital[:ca]Xnet - Internet, drets i democr\u00e0cia en l'era digital[:en]Xnet - Internet freedoms & digital rights[:]\",\"description\":\"Xnet: Internet, informaci\u00f3n y cultura libres. Tecnopol\u00edtica. Datos, algoritmos y derechos digitales. Libertad de expresi\u00f3n. Democracia y anticorrupci\u00f3n\",\"publisher\":{\"@id\":\"https:\/\/dev.xnet-x.net\/es\/#organization\"},\"potentialAction\":[{\"@type\":\"SearchAction\",\"target\":{\"@type\":\"EntryPoint\",\"urlTemplate\":\"https:\/\/dev.xnet-x.net\/es\/?s={search_term_string}\"},\"query-input\":{\"@type\":\"PropertyValueSpecification\",\"valueRequired\":true,\"valueName\":\"search_term_string\"}}],\"inLanguage\":\"es\"},{\"@type\":\"Organization\",\"@id\":\"https:\/\/dev.xnet-x.net\/es\/#organization\",\"name\":\"Xnet - Internet, derechos y democracia en la era digital\",\"url\":\"https:\/\/dev.xnet-x.net\/es\/\",\"logo\":{\"@type\":\"ImageObject\",\"inLanguage\":\"es\",\"@id\":\"https:\/\/dev.xnet-x.net\/es\/#\/schema\/logo\/image\/\",\"url\":\"https:\/\/xnet-x.net\/img\/xnet-logo.png\",\"contentUrl\":\"https:\/\/xnet-x.net\/img\/xnet-logo.png\",\"width\":512,\"height\":512,\"caption\":\"Xnet - Internet, derechos y democracia en la era digital\"},\"image\":{\"@id\":\"https:\/\/dev.xnet-x.net\/es\/#\/schema\/logo\/image\/\"},\"sameAs\":[\"http:\/\/facebook.com\/RedX.Net\/\",\"https:\/\/x.com\/x_net_\",\"https:\/\/es.wikipedia.org\/wiki\/Xnet\"]},{\"@type\":\"Person\",\"@id\":\"https:\/\/dev.xnet-x.net\/es\/#\/schema\/person\/286e07d1c80ea3bcc60b6ef8b146e637\",\"name\":\"Xnet\",\"image\":{\"@type\":\"ImageObject\",\"inLanguage\":\"es\",\"@id\":\"https:\/\/dev.xnet-x.net\/es\/#\/schema\/person\/image\/\",\"url\":\"https:\/\/secure.gravatar.com\/avatar\/76eee622ce1df16aa986c0f990545e62b4c87e399e6c2a5fcfe24a092d2ba829?s=96&d=mm&r=g\",\"contentUrl\":\"https:\/\/secure.gravatar.com\/avatar\/76eee622ce1df16aa986c0f990545e62b4c87e399e6c2a5fcfe24a092d2ba829?s=96&d=mm&r=g\",\"caption\":\"Xnet\"}}]}<\/script>\n<!-- \/ Yoast SEO plugin. -->","yoast_head_json":{"title":"Carta a los eurodiputados sobre la Directiva de lucha contra el terrorismo: No permit\u00e1is la censura en la UE","robots":{"index":"index","follow":"follow","max-snippet":"max-snippet:-1","max-image-preview":"max-image-preview:large","max-video-preview":"max-video-preview:-1"},"canonical":"https:\/\/dev.xnet-x.net\/es\/carta-eurodiputados-directiva-terrorismo-no-censura\/","twitter_misc":{"Escrito por":"Xnet","Tiempo de lectura":"5 minutos"},"schema":{"@context":"https:\/\/schema.org","@graph":[{"@type":"Article","@id":"https:\/\/dev.xnet-x.net\/es\/carta-eurodiputados-directiva-terrorismo-no-censura\/#article","isPartOf":{"@id":"https:\/\/dev.xnet-x.net\/es\/carta-eurodiputados-directiva-terrorismo-no-censura\/"},"author":{"name":"Xnet","@id":"https:\/\/dev.xnet-x.net\/es\/#\/schema\/person\/286e07d1c80ea3bcc60b6ef8b146e637"},"headline":"Carta a los eurodiputados sobre la Directiva de lucha contra el terrorismo: No permit\u00e1is la censura en la UE","datePublished":"2016-06-27T08:21:21+00:00","dateModified":"2017-10-19T08:50:26+00:00","mainEntityOfPage":{"@id":"https:\/\/dev.xnet-x.net\/es\/carta-eurodiputados-directiva-terrorismo-no-censura\/"},"wordCount":997,"publisher":{"@id":"https:\/\/dev.xnet-x.net\/es\/#organization"},"articleSection":["Blog - Nuestras acciones"],"inLanguage":"es"},{"@type":"WebPage","@id":"https:\/\/dev.xnet-x.net\/es\/carta-eurodiputados-directiva-terrorismo-no-censura\/","url":"https:\/\/dev.xnet-x.net\/es\/carta-eurodiputados-directiva-terrorismo-no-censura\/","name":"Carta a los eurodiputados sobre la Directiva de lucha contra el terrorismo: No permit\u00e1is la censura en la UE","isPartOf":{"@id":"https:\/\/dev.xnet-x.net\/es\/#website"},"datePublished":"2016-06-27T08:21:21+00:00","dateModified":"2017-10-19T08:50:26+00:00","breadcrumb":{"@id":"https:\/\/dev.xnet-x.net\/es\/carta-eurodiputados-directiva-terrorismo-no-censura\/#breadcrumb"},"inLanguage":"es","potentialAction":[{"@type":"ReadAction","target":[["https:\/\/dev.xnet-x.net\/es\/carta-eurodiputados-directiva-terrorismo-no-censura\/"]]}]},{"@type":"BreadcrumbList","@id":"https:\/\/dev.xnet-x.net\/es\/carta-eurodiputados-directiva-terrorismo-no-censura\/#breadcrumb","itemListElement":[{"@type":"ListItem","position":1,"name":"Portada","item":"https:\/\/dev.xnet-x.net\/es\/"},{"@type":"ListItem","position":2,"name":"Carta a los eurodiputados sobre la Directiva de lucha contra el terrorismo: No permit\u00e1is la censura en la UE"}]},{"@type":"WebSite","@id":"https:\/\/dev.xnet-x.net\/es\/#website","url":"https:\/\/dev.xnet-x.net\/es\/","name":"[:es]Xnet - Internet, derechos y democracia en la era digital[:ca]Xnet - Internet, drets i democr\u00e0cia en l'era digital[:en]Xnet - Internet freedoms & digital rights[:]","description":"Xnet: Internet, informaci\u00f3n y cultura libres. Tecnopol\u00edtica. Datos, algoritmos y derechos digitales. Libertad de expresi\u00f3n. Democracia y anticorrupci\u00f3n","publisher":{"@id":"https:\/\/dev.xnet-x.net\/es\/#organization"},"potentialAction":[{"@type":"SearchAction","target":{"@type":"EntryPoint","urlTemplate":"https:\/\/dev.xnet-x.net\/es\/?s={search_term_string}"},"query-input":{"@type":"PropertyValueSpecification","valueRequired":true,"valueName":"search_term_string"}}],"inLanguage":"es"},{"@type":"Organization","@id":"https:\/\/dev.xnet-x.net\/es\/#organization","name":"Xnet - Internet, derechos y democracia en la era digital","url":"https:\/\/dev.xnet-x.net\/es\/","logo":{"@type":"ImageObject","inLanguage":"es","@id":"https:\/\/dev.xnet-x.net\/es\/#\/schema\/logo\/image\/","url":"https:\/\/xnet-x.net\/img\/xnet-logo.png","contentUrl":"https:\/\/xnet-x.net\/img\/xnet-logo.png","width":512,"height":512,"caption":"Xnet - Internet, derechos y democracia en la era digital"},"image":{"@id":"https:\/\/dev.xnet-x.net\/es\/#\/schema\/logo\/image\/"},"sameAs":["http:\/\/facebook.com\/RedX.Net\/","https:\/\/x.com\/x_net_","https:\/\/es.wikipedia.org\/wiki\/Xnet"]},{"@type":"Person","@id":"https:\/\/dev.xnet-x.net\/es\/#\/schema\/person\/286e07d1c80ea3bcc60b6ef8b146e637","name":"Xnet","image":{"@type":"ImageObject","inLanguage":"es","@id":"https:\/\/dev.xnet-x.net\/es\/#\/schema\/person\/image\/","url":"https:\/\/secure.gravatar.com\/avatar\/76eee622ce1df16aa986c0f990545e62b4c87e399e6c2a5fcfe24a092d2ba829?s=96&d=mm&r=g","contentUrl":"https:\/\/secure.gravatar.com\/avatar\/76eee622ce1df16aa986c0f990545e62b4c87e399e6c2a5fcfe24a092d2ba829?s=96&d=mm&r=g","caption":"Xnet"}}]}},"_links":{"self":[{"href":"https:\/\/dev.xnet-x.net\/es\/wp-json\/wp\/v2\/posts\/10137","targetHints":{"allow":["GET"]}}],"collection":[{"href":"https:\/\/dev.xnet-x.net\/es\/wp-json\/wp\/v2\/posts"}],"about":[{"href":"https:\/\/dev.xnet-x.net\/es\/wp-json\/wp\/v2\/types\/post"}],"author":[{"embeddable":true,"href":"https:\/\/dev.xnet-x.net\/es\/wp-json\/wp\/v2\/users\/8"}],"replies":[{"embeddable":true,"href":"https:\/\/dev.xnet-x.net\/es\/wp-json\/wp\/v2\/comments?post=10137"}],"version-history":[{"count":2,"href":"https:\/\/dev.xnet-x.net\/es\/wp-json\/wp\/v2\/posts\/10137\/revisions"}],"predecessor-version":[{"id":13371,"href":"https:\/\/dev.xnet-x.net\/es\/wp-json\/wp\/v2\/posts\/10137\/revisions\/13371"}],"wp:attachment":[{"href":"https:\/\/dev.xnet-x.net\/es\/wp-json\/wp\/v2\/media?parent=10137"}],"wp:term":[{"taxonomy":"category","embeddable":true,"href":"https:\/\/dev.xnet-x.net\/es\/wp-json\/wp\/v2\/categories?post=10137"},{"taxonomy":"post_tag","embeddable":true,"href":"https:\/\/dev.xnet-x.net\/es\/wp-json\/wp\/v2\/tags?post=10137"}],"curies":[{"name":"wp","href":"https:\/\/api.w.org\/{rel}","templated":true}]}}