{"id":10052,"date":"2016-06-11T12:15:38","date_gmt":"2016-06-11T11:15:38","guid":{"rendered":"https:\/\/xnet-x.net\/es\/?p=10052"},"modified":"2017-10-19T09:53:52","modified_gmt":"2017-10-19T08:53:52","slug":"directive-terrorism-european-parliament-freedoms","status":"publish","type":"post","link":"https:\/\/dev.xnet-x.net\/es\/directiva-terrorismo-recorte-libertades\/","title":{"rendered":"Directiva contra el Terrorismo: El Parlamento Europeo contra nuestras libertades"},"content":{"rendered":"<p>Este mi\u00e9rcoles d\u00eda 15, la Comisi\u00f3n de Libertades Civiles de la Uni\u00f3n Europea vota la Directiva Europea contra el Terrorismo, que ha acabado siendo una excusa para recortar nuestros derechos.<\/p>\n<p>Y nosotros sin enterarnos, \u00bfverdad?<\/p>\n<p>Nos preguntamos qu\u00e9 hacen los eurodiputados de los partidos \u00a0alternativos al PPSOE &#8211; que promueven la directiva &#8211; para que tenga que \u00a0ser la sociedad civil quien de la alerta ante este tipo de peligros.<\/p>\n<p>Tan grave es la amenaza para nuestros derechos y libertades que decidimos publicar aqu\u00ed el an\u00e1lisis que hacen nuestros compa\u00f1eros de la Quadrature du Net del texto que se votar\u00e1 el mi\u00e9rcoles.<\/p>\n<p>Una vez traducido el an\u00e1lisis nos golpe\u00f3 la noticia de la masacre de Orlando. Creemos que es el momento de no dejarse manipular y de pensar con la cabeza fr\u00eda exigiendo a nuestros pol\u00edticos medidas serias contra el terrorismo en lugar de medidas oportunistas que buscan un internet y una ciudadan\u00eda m\u00e1s vigilados y menos seguros.<\/p>\n<p>La vergonzosa reacci\u00f3n de pol\u00edticos como Donald Trump aprovechando la masacre para pedir \u00abm\u00e1s vigilancia\u00bb nos han convencido de la necesidad de publicar esta reflexi\u00f3n tambi\u00e9n en espa\u00f1ol.<\/p>\n<p><a href=\"https:\/\/twitter.com\/realDonaldTrump\/status\/742034549232766976\">https:\/\/twitter.com\/realDonaldTrump\/status\/742034549232766976<\/a><\/p>\n<p>Pedimos a la ciudadan\u00eda y a los medios que nos ayuden a difundir la informaci\u00f3n \u00a0y a vigilar que una vez m\u00e1s que el Europarlamento &#8211; por ignorancia o \u00a0por intenci\u00f3n &#8211; no traicione a los ciudadanos.<\/p>\n<p>Seguimos.<\/p>\n<h2 style=\"padding: 5px 15px; color: white; background: #d5045c;\">Directiva contra el Terrorismo: El Parlamento Europeo contra nuestras libertades<\/h2>\n<p><span style=\"font-size: 90%;\">Original: <a href=\"https:\/\/www.laquadrature.net\/en\/terrorisme-directive-european-parliament-against-liberties\" target=\"_blank\">Directive on Terrorism: The European Parliament against our freedoms<\/a> (fr)<\/span><br \/>\n<span style=\"font-size: 90%;\">Muchas gracias por la traduci\u00f3n a <a href=\"https:\/\/twitter.com\/asuura\" target=\"_blank\">Sara<\/a><\/span><br \/>\n&nbsp;<br \/>\n<strong>Lejos del inter\u00e9s medi\u00e1tico en Francia y en Europa, en estos momentos se est\u00e1 debatiendo en el Parlamento Europeo una <a href=\"http:\/\/eur-lex.europa.eu\/legal-content\/ES\/TXT\/PDF\/?uri=CELEX:52015PC0625&amp;rid=1\" target=\"_blank\">propuesta de Directiva sobre el terrorismo<\/a>, que se votar\u00e1 en la <a href=\"http:\/\/www.europarl.europa.eu\/committees\/es\/libe\/home.html\">comisi\u00f3n LIBE<\/a> el pr\u00f3ximo 15 de junio. Esta Directiva pretende encuadrar las pol\u00edticas y leyes anti-terroristas existentes y futuras en Europa y tiene una gran importancia para el ejercicio de los derechos fundamentales de la ciudadan\u00eda europea. Sin embargo, los debates y negociaciones en curso hacen temer que las libertades salgan perjudicadas y que las medidas que atentan contra los derechos se alineen con las pol\u00edticas de censura y vigilancia, especialmente con respecto a Internet. Los eurodiputados tienen que retomar las riendas y reforzar las garant\u00edas para los ciudadano europeos.<\/strong><\/p>\n<p>La Comisi\u00f3n Europea present\u00f3 la <a href=\"http:\/\/eur-lex.europa.eu\/legal-content\/ES\/TXT\/PDF\/?uri=CELEX:52015PC0625&amp;rid=1\" target=\"_blank\">propuesta de Directiva sobre el terrorismo<\/a> en diciembre de 2015. En un principio, pretend\u00eda establecer definiciones comunes y un marco armonizado para facilitar la cooperaci\u00f3n internacional en la lucha contra el terrorismo, contra la financiaci\u00f3n del terrorismo y la ayuda a las v\u00edctimas. Poco a poco, el texto se fue haciendo m\u00e1s restrictivo bajo los auspicios de la ponente <a href=\"http:\/\/www.europarl.europa.eu\/meps\/es\/96780\/MONIKA_HOHLMEIER_home.html\" target=\"_blank\">Monika Hohlmeier<\/a> (PPE &#8211; DE [<a class=\"scroll\" href=\"#1\">1<\/a>]) y del apoyo (o la presi\u00f3n) de los gobiernos (en particular, el franc\u00e9s). Este texto sobre la lucha anti-terrorista que se aplicar\u00e1 en todos los pa\u00edses de la Uni\u00f3n Europea ha ido recogiendo todos los elementos negativos que La Quadrature du Net viene denunciando en Francia desde hace dos a\u00f1os: censura de los sitios web, ataques contra el cifrado y la vida privada, fuerte vigilancia digital y ausencia de garant\u00edas para los derechos fundamentales.<\/p>\n<p><strong>\u00a0<\/strong><\/p>\n<h3>\u00bfEn qu\u00e9 situaci\u00f3n se encuentra actualmente el debate en el Parlamento Europeo?<\/h3>\n<p>La Comisi\u00f3n de Libertades Civiles <a href=\"http:\/\/www.europarl.europa.eu\/committees\/es\/libe\/home.html\" target=\"_blank\">(LIBE)<\/a> votar\u00e1 el texto el pr\u00f3ximo 15 de junio. Este voto es especialmente importante, porque determinar\u00e1 la forma casi definitiva del texto. Tal y como est\u00e1n las cosas, el equilibrio de fuerzas pol\u00edticas perjudica a las libertades fundamentales:<\/p>\n<ul>\n<li>La ponente Monika Hohlmeier (PPE &#8211; DE) defiende desde el principio una l\u00ednea dura, y continuamente intenta incrementar las medidas de vigilancia y censura;<\/li>\n<li>El centro-izquierda (S&amp;D, Social Dem\u00f3cratas), representado por la <a href=\"https:\/\/en.wikipedia.org\/wiki\/Rapporteur\" target=\"_blank\">ponente<\/a> alternativa <a href=\"http:\/\/www.europarl.europa.eu\/meps\/es\/124861\/CATERINA_CHINNICI_home.html\" target=\"_blank\">Caterina Chinnici<\/a> (S&amp;D &#8211; IT), mantiene una postura de \u00abesperar a ver qu\u00e9 pasa\u00bb. Adem\u00e1s, Francia hace presi\u00f3n sobre sus eurodiputados socialistas para que apoyen todas las propuestas que emanan de la derecha, y est\u00e1 claro que la ponente de este grupo no tiene especial intenci\u00f3n de oponerse a los graves abusos contra los derechos presentes en el texto actual;<\/li>\n<li>Los centristas (ALDE, Alianza de los Dem\u00f3cratas y Liberales por Europa) tienen una larga tradici\u00f3n de defensa de los derechos fundamentales en el Parlamento Europeo. Sin embargo, el ponente para este grupo <a href=\"http:\/\/www.europarl.europa.eu\/meps\/es\/124707\/PETR_JEZEK_home.html\" target=\"_blank\">Petr Jezek<\/a> (checo) se est\u00e1 quedando demasiado al margen y deber\u00eda implicarse m\u00e1s contra la alianza securitaria del PPE \u2013 S&amp;D;<\/li>\n<li>La ponente de los Verdes (Verdes\/ALE) es la francesa <a href=\"http:\/\/www.europarl.europa.eu\/meps\/es\/96883\/EVA_JOLY_home.html\" target=\"_blank\">Eva Joly<\/a>, quien se opuso vehementemente a la ley nacional de vigilancia en Francia. Tambi\u00e9n el grupo de los Verdes tiende tradicionalmente a oponerse a la vigilancia y a todo abuso contra la libertad de expresi\u00f3n en general. Desgraciadamente, Joly est\u00e1 mostrando en este momento un comportamiento completamente desacertado ya que no se est\u00e1 pronunciando contra las peores propuestas, as\u00ed que es esencial que su grupo pol\u00edtico recupere el control de la posici\u00f3n de los Verdes;<\/li>\n<li>Solamente la alemana <a href=\"http:\/\/www.europarl.europa.eu\/meps\/es\/96852\/CORNELIA_ERNST_home.html\" target=\"_blank\">Cornelia Ernst<\/a> (GUE\/GVN, Izquierda Unitaria Europea) se ha implicado claramente contra los excesos del documento, y se posiciona expl\u00edcitamente por la defensa de los derechos fundamentales.<\/li>\n<\/ul>\n<p>La situaci\u00f3n se encuentra en un momento muy delicado: la presi\u00f3n moral y medi\u00e1tica del riesgo terrorista unida a la presi\u00f3n de algunos gobiernos (en particular, Francia) para que la Directiva justifique sus propias medidas legislativas, est\u00e1n haciendo que el texto en preparaci\u00f3n sea una especie de sombrilla legislativa demasiado grande y demasiado poco protectora, poniendo en el punto de mira de nuevo a Internet y a los derechos fundamentales.<\/p>\n<p><strong>\u00a0<\/strong><\/p>\n<h3>\u00bfEn qu\u00e9 medidas se centra La Quadrature du Net con respecto a esta propuesta de Directiva?<\/h3>\n<p>La Quadrature du Net se ha centrado en analizar las enmiendas transaccionales[<a href=\"#2\">2<\/a>] que est\u00e1n siendo debatidas actualmente y que conciernen los derechos fundamentales en Internet y en las comunicaciones digitales. As\u00ed pues, esto no concierne la totalidad de la Directiva.<\/p>\n<h3>Sobre los abusos a la libertad de expresi\u00f3n<\/h3>\n<p>La <a href=\"https:\/\/wiki.laquadrature.net\/Directive_Terrorisme\/Amendements_LIBE\" target=\"blank\">enmienda transaccional #6<\/a> (para el considerando 7 y para el art\u00edculo 14a) tiene como objetivo establecer \u00abtoda medida necesaria\u00bb para suspender o bloquear el acceso a p\u00e1ginas web que incitan p\u00fablicamente a cometer actos terroristas. As\u00ed, hace expl\u00edcitamente posible el bloqueo de sitios web, lo cual atenta gravemente contra la libertad de expresi\u00f3n y contra el derecho a la informaci\u00f3n. Sin embargo, esta medida no es realmente eficaz contra la propaganda terrorista, como lo demuestra el <a href=\"https:\/\/wiki.laquadrature.net\/Directive_Terrorisme#Censure_et_blocage_de_sites\" target=\"blank\">caso franc\u00e9s<\/a>, que implement\u00f3 esta medida a nivel nacional hace 18 meses. El texto de la enmienda tampoco prev\u00e9 ninguna garant\u00eda de recurso judicial ni de control de la censura por un juez, lo cual se asemeja al marco legislativo creado en Francia. Los otros pa\u00edses europeos tendr\u00e1n que aceptar esta directiva e implementar estas medidas, cayendo en el mismo error que ese pa\u00eds: censura opaca, sin garant\u00edas y sin apenas resultados.<\/p>\n<p>Y no contentos con promocionar este tipo de censura (que de momento sigue siendo s\u00f3lo una excepci\u00f3n, en Francia) por toda Europa, los eurodiputados proponen tambi\u00e9n atribuir responsabilidad penal a las compa\u00f1\u00edas que no cooperen con respecto a la eliminaci\u00f3n de contenidos y bloqueo de sitios web [<a class=\"scroll\" href=\"#3\">3<\/a>]. En las versiones m\u00e1s recientes del documento se pide simplemente que los sitios web retiren cualquier contenido \u00aba la carta\u00bb, sin ninguna garant\u00eda y bajo pena de ser impugnados. Esto supone una destrucci\u00f3n en toda regla del fr\u00e1gil equilibrio entre la responsabilidad de los contenidos en l\u00ednea y los derechos fundamentales [<a class=\"scroll\" href=\"#4\">4<\/a>].<\/p>\n<h3>Sobre el cifrado y las pruebas electr\u00f3nicas<\/h3>\n<p>La enmienda transaccional #10 incluir\u00eda un considerando 15b, sobre la cooperaci\u00f3n entre estados miembros, Eurojust y Europol con el objetivo de recoger, compartir y aceptar las pruebas electr\u00f3nicas [<a class=\"scroll\" href=\"#5\">5<\/a>]. Es decir, que la cooperaci\u00f3n entre estos actores se aplicar\u00eda a las investigaciones y la vigilancia ejercida sobre las redes. Sin embargo, el texto es muy ambiguo. Si bien la cooperaci\u00f3n internacional es algo positivo, el documento tal y como est\u00e1 ahora queda muy incierto. Las enmiendas que propuso la ponente al comienzo de los debates mencionaban expl\u00edcitamente como obst\u00e1culos a las investigaciones a Tor, los VPN (red privada virtual) y otras herramientas que protegen la vida privada. Actualmente ya no se hace menci\u00f3n directa a estos instrumentos, pero aun as\u00ed se teme que sean v\u00edctimas de disposiciones perjudiciales en el futuro. Como m\u00ednimo, estas disposiciones tendr\u00edan que acompa\u00f1arse de definiciones claras del derecho a la vida privada y del derecho de secreto de las comunicaciones electr\u00f3nicas, y tambi\u00e9n habr\u00eda que hacer hincapi\u00e9 en el <a href=\"http:\/\/xnet-x.net\/derecho-privacidad-encriptacion\">derecho de cifrado<\/a>, el derecho al anonimato, y el derecho a usar seud\u00f3nimos (ver la <a href=\"https:\/\/www.laquadrature.net\/fr\/node\/9519\" target=\"blank\">propuesta<\/a> de La Quadrature du Net sobre la vigilancia).<\/p>\n<h3>Sobre los conceptos de \u00abayuda\u00bb y \u00abcomplicidad\u00bb<\/h3>\n<p>La <a href=\"https:\/\/wiki.laquadrature.net\/Directive_Terrorisme\/Amendements_LIBE\" target=\"blank\">enmienda transaccional #4<\/a> concierne la ayuda y la complicidad para cometer cr\u00edmenes terroristas. En concreto, el considerando 11 y el art\u00edculo 16 no especifican claramente la noci\u00f3n de \u00abintenci\u00f3n\u00bb, dejando la puerta abierta a interpretaciones demasiado amplias. El hecho de que ciertas herramientas \u2014 como las que permiten el cifrado \u2014 sean utilizadas por terroristas no puede ser justificaci\u00f3n suficiente para considerar c\u00f3mplices a aquellos que las dise\u00f1an y las usan. Es imprescindible que el concepto de \u00abcomplicidad\u00bb quede claramente definido, y que implique que el supuesto c\u00f3mplice tenga la intenci\u00f3n de ayudar a alguien directamente responsable de un delito. Si no, \u00bfqu\u00e9 pasar\u00eda con alguien que pusiera en l\u00ednea un sistema de chat cifrado a disposici\u00f3n de todxs? \u00bfQu\u00e9 responsabilidad se le atribuir\u00eda a un servicio como Tor?<\/p>\n<div style=\"font-size: 90%;\"><a id=\"1\"><\/a><br \/>\n[1] Eurodiputada alemana, del Partido Popular Europeo (donde se encuentran los eurodiputados del Partido Popular espa\u00f1ol).<\/p>\n<p><a id=\"2\"><\/a><br \/>\n[2] El proceso es el siguiente: primero, el\/la ponente del texto presenta su informe, es decir, las enmiendas que va a someter a voto. Posteriormente, cada eurodiputado puede proponer enmiendas adicionales. A continuaci\u00f3n, y despu\u00e9s de muchas reuniones a puerta cerrada entre el\/la ponente principal y lxs ponentes alternativxs (llamados \u00abshadow rapporteurs\u00bb), el\/la ponente presenta las enmiendas llamadas \u00abde compromiso\u00bb o transaccionales, que son el fruto de negociaciones opacas. La\/el ponente y lxs ponentes alternativxs llevar\u00e1n a cabo varios di\u00e1logos. Las diferentes versiones propuestas no son p\u00fablicas, y el curso de las negociaciones tampoco lo es, lo cual deja la puerta abierta a chanchullos antidemocr\u00e1ticos.<\/p>\n<p><a id=\"3\"><\/a><br \/>\n[3] Esta disposici\u00f3n ya hab\u00eda sido propuesta por la francesa Rachida Dati (del PPE) cuando prepar\u00f3 su informe sobre el terrorismo, que fue adoptado por el Parlamento europeo el 3 de noviembre 2015.<\/p>\n<p><a id=\"4\"><\/a><br \/>\n[4] Hay que tener en cuenta que la <a href=\"https:\/\/es.wikipedia.org\/wiki\/Defensor_del_Pueblo_Europeo\">Defensora del Pueblo Europeo<\/a>, Emily O&#8217;Reilly, ha expresado abiertamente su preocupaci\u00f3n por la opacidad de las discusiones entre los gobiernos, EUROPOL y las grandes compa\u00f1\u00edas de Internet que tienen lugar en el <a href=\"http:\/\/europa.eu\/rapid\/press-release_IP-15-6243_en.htm\"><i>Foro de Internet<\/i><\/a>, donde definen las reglas de la lucha contra el discurso de odio, fuera de todo marco legal y sin la presencia de representantes de la sociedad civil, como tambi\u00e9n lo ha denunciado <a href=\"https:\/\/edri.org\/commission-under-investigation-eu-internet-forum\/\">EDRi<\/a><\/p>\n<p><a id=\"5\"><\/a><br \/>\n[5] Seg\u00fan la ley francesa, una prueba escrita queda definida como el resultado \u00abde una serie de letras, caracteres, cifras o cualquier otro signo o s\u00edmbolo que tengan un significado inteligible, independientemente de su soporte o m\u00e9todo de transmisi\u00f3n\u00bb. Se usa una prueba para demostrar la validez de un acuerdo, de una acusaci\u00f3n, etc. La prueba escrita incluye una prueba electr\u00f3nica.<\/p>\n<\/div>\n<p><\/p>","protected":false},"excerpt":{"rendered":"<p>La Directiva Europea contra el Terrorismo no debe ser una excusa para recortar libertades y derechos<\/p>\n","protected":false},"author":8,"featured_media":10054,"comment_status":"closed","ping_status":"closed","sticky":false,"template":"","format":"standard","meta":{"footnotes":""},"categories":[52],"tags":[],"class_list":["post-10052","post","type-post","status-publish","format-standard","has-post-thumbnail","hentry","category-blog","ejes-libertad-expresion-informacion"],"yoast_head":"<!-- This site is optimized with the Yoast SEO plugin v26.7 - https:\/\/yoast.com\/wordpress\/plugins\/seo\/ -->\n<title>Directiva contra el Terrorismo: El Parlamento Europeo contra nuestras libertades<\/title>\n<meta name=\"description\" content=\"La Directiva Europea contra el Terrorismo no debe ser una excusa para recortar libertades y derechos de la sociedad civil.\" \/>\n<meta name=\"robots\" content=\"index, follow, max-snippet:-1, max-image-preview:large, max-video-preview:-1\" \/>\n<link rel=\"canonical\" href=\"https:\/\/dev.xnet-x.net\/es\/directiva-terrorismo-recorte-libertades\/\" \/>\n<meta name=\"twitter:label1\" content=\"Escrito por\" \/>\n\t<meta name=\"twitter:data1\" content=\"Xnet\" \/>\n\t<meta name=\"twitter:label2\" content=\"Tiempo de lectura\" \/>\n\t<meta name=\"twitter:data2\" content=\"10 minutos\" \/>\n<script type=\"application\/ld+json\" class=\"yoast-schema-graph\">{\"@context\":\"https:\/\/schema.org\",\"@graph\":[{\"@type\":\"Article\",\"@id\":\"https:\/\/dev.xnet-x.net\/es\/directiva-terrorismo-recorte-libertades\/#article\",\"isPartOf\":{\"@id\":\"https:\/\/dev.xnet-x.net\/es\/directiva-terrorismo-recorte-libertades\/\"},\"author\":{\"name\":\"Xnet\",\"@id\":\"https:\/\/dev.xnet-x.net\/es\/#\/schema\/person\/286e07d1c80ea3bcc60b6ef8b146e637\"},\"headline\":\"Directiva contra el Terrorismo: El Parlamento Europeo contra nuestras libertades\",\"datePublished\":\"2016-06-11T11:15:38+00:00\",\"dateModified\":\"2017-10-19T08:53:52+00:00\",\"mainEntityOfPage\":{\"@id\":\"https:\/\/dev.xnet-x.net\/es\/directiva-terrorismo-recorte-libertades\/\"},\"wordCount\":2098,\"publisher\":{\"@id\":\"https:\/\/dev.xnet-x.net\/es\/#organization\"},\"image\":{\"@id\":\"https:\/\/dev.xnet-x.net\/es\/directiva-terrorismo-recorte-libertades\/#primaryimage\"},\"thumbnailUrl\":\"https:\/\/dev.xnet-x.net\/img\/directive-on-terrorism-security-no-replacement-freedom.jpg\",\"articleSection\":[\"Blog - Nuestras acciones\"],\"inLanguage\":\"es\"},{\"@type\":\"WebPage\",\"@id\":\"https:\/\/dev.xnet-x.net\/es\/directiva-terrorismo-recorte-libertades\/\",\"url\":\"https:\/\/dev.xnet-x.net\/es\/directiva-terrorismo-recorte-libertades\/\",\"name\":\"Directiva contra el Terrorismo: El Parlamento Europeo contra nuestras libertades\",\"isPartOf\":{\"@id\":\"https:\/\/dev.xnet-x.net\/es\/#website\"},\"primaryImageOfPage\":{\"@id\":\"https:\/\/dev.xnet-x.net\/es\/directiva-terrorismo-recorte-libertades\/#primaryimage\"},\"image\":{\"@id\":\"https:\/\/dev.xnet-x.net\/es\/directiva-terrorismo-recorte-libertades\/#primaryimage\"},\"thumbnailUrl\":\"https:\/\/dev.xnet-x.net\/img\/directive-on-terrorism-security-no-replacement-freedom.jpg\",\"datePublished\":\"2016-06-11T11:15:38+00:00\",\"dateModified\":\"2017-10-19T08:53:52+00:00\",\"description\":\"La Directiva Europea contra el Terrorismo no debe ser una excusa para recortar libertades y derechos de la sociedad civil.\",\"breadcrumb\":{\"@id\":\"https:\/\/dev.xnet-x.net\/es\/directiva-terrorismo-recorte-libertades\/#breadcrumb\"},\"inLanguage\":\"es\",\"potentialAction\":[{\"@type\":\"ReadAction\",\"target\":[[\"https:\/\/dev.xnet-x.net\/es\/directiva-terrorismo-recorte-libertades\/\"]]}]},{\"@type\":\"ImageObject\",\"inLanguage\":\"es\",\"@id\":\"https:\/\/dev.xnet-x.net\/es\/directiva-terrorismo-recorte-libertades\/#primaryimage\",\"url\":\"https:\/\/dev.xnet-x.net\/img\/directive-on-terrorism-security-no-replacement-freedom.jpg\",\"contentUrl\":\"https:\/\/dev.xnet-x.net\/img\/directive-on-terrorism-security-no-replacement-freedom.jpg\",\"width\":800,\"height\":520,\"caption\":\"Directiva contra el Terrorismo: la seguridad no es sustituto de la libertad\"},{\"@type\":\"BreadcrumbList\",\"@id\":\"https:\/\/dev.xnet-x.net\/es\/directiva-terrorismo-recorte-libertades\/#breadcrumb\",\"itemListElement\":[{\"@type\":\"ListItem\",\"position\":1,\"name\":\"Portada\",\"item\":\"https:\/\/dev.xnet-x.net\/es\/\"},{\"@type\":\"ListItem\",\"position\":2,\"name\":\"Directiva contra el Terrorismo: El Parlamento Europeo contra nuestras libertades\"}]},{\"@type\":\"WebSite\",\"@id\":\"https:\/\/dev.xnet-x.net\/es\/#website\",\"url\":\"https:\/\/dev.xnet-x.net\/es\/\",\"name\":\"[:es]Xnet - Internet, derechos y democracia en la era digital[:ca]Xnet - Internet, drets i democr\u00e0cia en l'era digital[:en]Xnet - Internet freedoms & digital rights[:]\",\"description\":\"Xnet: Internet, informaci\u00f3n y cultura libres. Tecnopol\u00edtica. Datos, algoritmos y derechos digitales. Libertad de expresi\u00f3n. Democracia y anticorrupci\u00f3n\",\"publisher\":{\"@id\":\"https:\/\/dev.xnet-x.net\/es\/#organization\"},\"potentialAction\":[{\"@type\":\"SearchAction\",\"target\":{\"@type\":\"EntryPoint\",\"urlTemplate\":\"https:\/\/dev.xnet-x.net\/es\/?s={search_term_string}\"},\"query-input\":{\"@type\":\"PropertyValueSpecification\",\"valueRequired\":true,\"valueName\":\"search_term_string\"}}],\"inLanguage\":\"es\"},{\"@type\":\"Organization\",\"@id\":\"https:\/\/dev.xnet-x.net\/es\/#organization\",\"name\":\"Xnet - Internet, derechos y democracia en la era digital\",\"url\":\"https:\/\/dev.xnet-x.net\/es\/\",\"logo\":{\"@type\":\"ImageObject\",\"inLanguage\":\"es\",\"@id\":\"https:\/\/dev.xnet-x.net\/es\/#\/schema\/logo\/image\/\",\"url\":\"https:\/\/xnet-x.net\/img\/xnet-logo.png\",\"contentUrl\":\"https:\/\/xnet-x.net\/img\/xnet-logo.png\",\"width\":512,\"height\":512,\"caption\":\"Xnet - Internet, derechos y democracia en la era digital\"},\"image\":{\"@id\":\"https:\/\/dev.xnet-x.net\/es\/#\/schema\/logo\/image\/\"},\"sameAs\":[\"http:\/\/facebook.com\/RedX.Net\/\",\"https:\/\/x.com\/x_net_\",\"https:\/\/es.wikipedia.org\/wiki\/Xnet\"]},{\"@type\":\"Person\",\"@id\":\"https:\/\/dev.xnet-x.net\/es\/#\/schema\/person\/286e07d1c80ea3bcc60b6ef8b146e637\",\"name\":\"Xnet\",\"image\":{\"@type\":\"ImageObject\",\"inLanguage\":\"es\",\"@id\":\"https:\/\/dev.xnet-x.net\/es\/#\/schema\/person\/image\/\",\"url\":\"https:\/\/secure.gravatar.com\/avatar\/76eee622ce1df16aa986c0f990545e62b4c87e399e6c2a5fcfe24a092d2ba829?s=96&d=mm&r=g\",\"contentUrl\":\"https:\/\/secure.gravatar.com\/avatar\/76eee622ce1df16aa986c0f990545e62b4c87e399e6c2a5fcfe24a092d2ba829?s=96&d=mm&r=g\",\"caption\":\"Xnet\"}}]}<\/script>\n<!-- \/ Yoast SEO plugin. -->","yoast_head_json":{"title":"Directiva contra el Terrorismo: El Parlamento Europeo contra nuestras libertades","description":"La Directiva Europea contra el Terrorismo no debe ser una excusa para recortar libertades y derechos de la sociedad civil.","robots":{"index":"index","follow":"follow","max-snippet":"max-snippet:-1","max-image-preview":"max-image-preview:large","max-video-preview":"max-video-preview:-1"},"canonical":"https:\/\/dev.xnet-x.net\/es\/directiva-terrorismo-recorte-libertades\/","twitter_misc":{"Escrito por":"Xnet","Tiempo de lectura":"10 minutos"},"schema":{"@context":"https:\/\/schema.org","@graph":[{"@type":"Article","@id":"https:\/\/dev.xnet-x.net\/es\/directiva-terrorismo-recorte-libertades\/#article","isPartOf":{"@id":"https:\/\/dev.xnet-x.net\/es\/directiva-terrorismo-recorte-libertades\/"},"author":{"name":"Xnet","@id":"https:\/\/dev.xnet-x.net\/es\/#\/schema\/person\/286e07d1c80ea3bcc60b6ef8b146e637"},"headline":"Directiva contra el Terrorismo: El Parlamento Europeo contra nuestras libertades","datePublished":"2016-06-11T11:15:38+00:00","dateModified":"2017-10-19T08:53:52+00:00","mainEntityOfPage":{"@id":"https:\/\/dev.xnet-x.net\/es\/directiva-terrorismo-recorte-libertades\/"},"wordCount":2098,"publisher":{"@id":"https:\/\/dev.xnet-x.net\/es\/#organization"},"image":{"@id":"https:\/\/dev.xnet-x.net\/es\/directiva-terrorismo-recorte-libertades\/#primaryimage"},"thumbnailUrl":"https:\/\/dev.xnet-x.net\/img\/directive-on-terrorism-security-no-replacement-freedom.jpg","articleSection":["Blog - Nuestras acciones"],"inLanguage":"es"},{"@type":"WebPage","@id":"https:\/\/dev.xnet-x.net\/es\/directiva-terrorismo-recorte-libertades\/","url":"https:\/\/dev.xnet-x.net\/es\/directiva-terrorismo-recorte-libertades\/","name":"Directiva contra el Terrorismo: El Parlamento Europeo contra nuestras libertades","isPartOf":{"@id":"https:\/\/dev.xnet-x.net\/es\/#website"},"primaryImageOfPage":{"@id":"https:\/\/dev.xnet-x.net\/es\/directiva-terrorismo-recorte-libertades\/#primaryimage"},"image":{"@id":"https:\/\/dev.xnet-x.net\/es\/directiva-terrorismo-recorte-libertades\/#primaryimage"},"thumbnailUrl":"https:\/\/dev.xnet-x.net\/img\/directive-on-terrorism-security-no-replacement-freedom.jpg","datePublished":"2016-06-11T11:15:38+00:00","dateModified":"2017-10-19T08:53:52+00:00","description":"La Directiva Europea contra el Terrorismo no debe ser una excusa para recortar libertades y derechos de la sociedad civil.","breadcrumb":{"@id":"https:\/\/dev.xnet-x.net\/es\/directiva-terrorismo-recorte-libertades\/#breadcrumb"},"inLanguage":"es","potentialAction":[{"@type":"ReadAction","target":[["https:\/\/dev.xnet-x.net\/es\/directiva-terrorismo-recorte-libertades\/"]]}]},{"@type":"ImageObject","inLanguage":"es","@id":"https:\/\/dev.xnet-x.net\/es\/directiva-terrorismo-recorte-libertades\/#primaryimage","url":"https:\/\/dev.xnet-x.net\/img\/directive-on-terrorism-security-no-replacement-freedom.jpg","contentUrl":"https:\/\/dev.xnet-x.net\/img\/directive-on-terrorism-security-no-replacement-freedom.jpg","width":800,"height":520,"caption":"Directiva contra el Terrorismo: la seguridad no es sustituto de la libertad"},{"@type":"BreadcrumbList","@id":"https:\/\/dev.xnet-x.net\/es\/directiva-terrorismo-recorte-libertades\/#breadcrumb","itemListElement":[{"@type":"ListItem","position":1,"name":"Portada","item":"https:\/\/dev.xnet-x.net\/es\/"},{"@type":"ListItem","position":2,"name":"Directiva contra el Terrorismo: El Parlamento Europeo contra nuestras libertades"}]},{"@type":"WebSite","@id":"https:\/\/dev.xnet-x.net\/es\/#website","url":"https:\/\/dev.xnet-x.net\/es\/","name":"[:es]Xnet - Internet, derechos y democracia en la era digital[:ca]Xnet - Internet, drets i democr\u00e0cia en l'era digital[:en]Xnet - Internet freedoms & digital rights[:]","description":"Xnet: Internet, informaci\u00f3n y cultura libres. Tecnopol\u00edtica. Datos, algoritmos y derechos digitales. Libertad de expresi\u00f3n. Democracia y anticorrupci\u00f3n","publisher":{"@id":"https:\/\/dev.xnet-x.net\/es\/#organization"},"potentialAction":[{"@type":"SearchAction","target":{"@type":"EntryPoint","urlTemplate":"https:\/\/dev.xnet-x.net\/es\/?s={search_term_string}"},"query-input":{"@type":"PropertyValueSpecification","valueRequired":true,"valueName":"search_term_string"}}],"inLanguage":"es"},{"@type":"Organization","@id":"https:\/\/dev.xnet-x.net\/es\/#organization","name":"Xnet - Internet, derechos y democracia en la era digital","url":"https:\/\/dev.xnet-x.net\/es\/","logo":{"@type":"ImageObject","inLanguage":"es","@id":"https:\/\/dev.xnet-x.net\/es\/#\/schema\/logo\/image\/","url":"https:\/\/xnet-x.net\/img\/xnet-logo.png","contentUrl":"https:\/\/xnet-x.net\/img\/xnet-logo.png","width":512,"height":512,"caption":"Xnet - Internet, derechos y democracia en la era digital"},"image":{"@id":"https:\/\/dev.xnet-x.net\/es\/#\/schema\/logo\/image\/"},"sameAs":["http:\/\/facebook.com\/RedX.Net\/","https:\/\/x.com\/x_net_","https:\/\/es.wikipedia.org\/wiki\/Xnet"]},{"@type":"Person","@id":"https:\/\/dev.xnet-x.net\/es\/#\/schema\/person\/286e07d1c80ea3bcc60b6ef8b146e637","name":"Xnet","image":{"@type":"ImageObject","inLanguage":"es","@id":"https:\/\/dev.xnet-x.net\/es\/#\/schema\/person\/image\/","url":"https:\/\/secure.gravatar.com\/avatar\/76eee622ce1df16aa986c0f990545e62b4c87e399e6c2a5fcfe24a092d2ba829?s=96&d=mm&r=g","contentUrl":"https:\/\/secure.gravatar.com\/avatar\/76eee622ce1df16aa986c0f990545e62b4c87e399e6c2a5fcfe24a092d2ba829?s=96&d=mm&r=g","caption":"Xnet"}}]}},"_links":{"self":[{"href":"https:\/\/dev.xnet-x.net\/es\/wp-json\/wp\/v2\/posts\/10052","targetHints":{"allow":["GET"]}}],"collection":[{"href":"https:\/\/dev.xnet-x.net\/es\/wp-json\/wp\/v2\/posts"}],"about":[{"href":"https:\/\/dev.xnet-x.net\/es\/wp-json\/wp\/v2\/types\/post"}],"author":[{"embeddable":true,"href":"https:\/\/dev.xnet-x.net\/es\/wp-json\/wp\/v2\/users\/8"}],"replies":[{"embeddable":true,"href":"https:\/\/dev.xnet-x.net\/es\/wp-json\/wp\/v2\/comments?post=10052"}],"version-history":[{"count":9,"href":"https:\/\/dev.xnet-x.net\/es\/wp-json\/wp\/v2\/posts\/10052\/revisions"}],"predecessor-version":[{"id":13372,"href":"https:\/\/dev.xnet-x.net\/es\/wp-json\/wp\/v2\/posts\/10052\/revisions\/13372"}],"wp:featuredmedia":[{"embeddable":true,"href":"https:\/\/dev.xnet-x.net\/es\/wp-json\/wp\/v2\/media\/10054"}],"wp:attachment":[{"href":"https:\/\/dev.xnet-x.net\/es\/wp-json\/wp\/v2\/media?parent=10052"}],"wp:term":[{"taxonomy":"category","embeddable":true,"href":"https:\/\/dev.xnet-x.net\/es\/wp-json\/wp\/v2\/categories?post=10052"},{"taxonomy":"post_tag","embeddable":true,"href":"https:\/\/dev.xnet-x.net\/es\/wp-json\/wp\/v2\/tags?post=10052"}],"curies":[{"name":"wp","href":"https:\/\/api.w.org\/{rel}","templated":true}]}}