{"id":15343,"date":"2018-06-25T16:40:35","date_gmt":"2018-06-25T14:40:35","guid":{"rendered":"https:\/\/xnet-x.net\/?p=15343"},"modified":"2020-04-15T18:06:47","modified_gmt":"2020-04-15T16:06:47","slug":"xnet-registra-una-proposicion-de-ley-de-proteccion-integral-de-los-alertadores-en-contraposicion-a-la-proposicion-de-cs-en-el-congreso-y-en-apoyo-a-la-movilizacion-de-los-alertadores-del-dia","status":"publish","type":"post","link":"https:\/\/dev.xnet-x.net\/en\/xnet-parlament-catalunya-proposicion-ley-proteccion-alertadores\/","title":{"rendered":"(Es) Xnet registra una Proposici\u00f3n de Ley de Protecci\u00f3n Integral de los alertadores en el Parlament de Catalunya"},"content":{"rendered":"<p class=\"qtranxs-available-languages-message qtranxs-available-languages-message-en\">Sorry, this entry is only available in <a href=\"https:\/\/dev.xnet-x.net\/es\/wp-json\/wp\/v2\/posts\/15343\" class=\"qtranxs-available-language-link qtranxs-available-language-link-es\" title=\"Es\">Es<\/a> and <a href=\"https:\/\/dev.xnet-x.net\/ca\/wp-json\/wp\/v2\/posts\/15343\" class=\"qtranxs-available-language-link qtranxs-available-language-link-ca\" title=\"Ca\">Ca<\/a>.<\/p>","protected":false},"excerpt":{"rendered":"<p>Avui @_Xnet_ ha registrat al Parlament de Catalunya la seva Proposici\u00f3 de Llei de Protecci\u00f3 dels #Alertadors, una de les lleis m\u00e9s avan\u00e7ades del m\u00f3n.<br \/>\nUna eina indispensable per lluitar contra la #corrupci\u00f3 i els #abusos.<\/p>\n","protected":false},"author":15,"featured_media":15427,"comment_status":"closed","ping_status":"closed","sticky":false,"template":"","format":"standard","meta":{"footnotes":""},"categories":[52],"tags":[],"class_list":["post-15343","post","type-post","status-publish","format-standard","has-post-thumbnail","hentry","category-blog","ejes-anticorrupcion","servicios-recomendaciones-de-politicas"],"yoast_head":"<!-- This site is optimized with the Yoast SEO plugin v26.7 - https:\/\/yoast.com\/wordpress\/plugins\/seo\/ -->\n<title>Xnet registra una Proposici\u00f3n de Ley de Protecci\u00f3n Integral de los alertadores en el Parlament de Catalunya<\/title>\n<meta name=\"description\" content=\"Hoy xnet ha registrado en el Parlamento de Catalu\u00f1a su Proposici\u00f3n de Ley de Protecci\u00f3n de los alertadores, una de las leyes m\u00e1s avanzadas sobre el tema. Una herramienta indispensable para luchar contra la corrupci\u00f3n y los abusos.\" \/>\n<meta name=\"robots\" content=\"index, follow, max-snippet:-1, max-image-preview:large, max-video-preview:-1\" \/>\n<link rel=\"canonical\" href=\"https:\/\/dev.xnet-x.net\/en\/xnet-parlament-catalunya-proposicion-ley-proteccion-alertadores\/\" \/>\n<meta name=\"twitter:label1\" content=\"Written by\" \/>\n\t<meta name=\"twitter:data1\" content=\"Xnet\" \/>\n\t<meta name=\"twitter:label2\" content=\"Est. reading time\" \/>\n\t<meta name=\"twitter:data2\" content=\"31 minutes\" \/>\n<script type=\"application\/ld+json\" class=\"yoast-schema-graph\">{\"@context\":\"https:\/\/schema.org\",\"@graph\":[{\"@type\":\"Article\",\"@id\":\"https:\/\/dev.xnet-x.net\/es\/xnet-parlament-catalunya-proposicion-ley-proteccion-alertadores\/#article\",\"isPartOf\":{\"@id\":\"https:\/\/dev.xnet-x.net\/es\/xnet-parlament-catalunya-proposicion-ley-proteccion-alertadores\/\"},\"author\":{\"name\":\"Xnet\",\"@id\":\"https:\/\/dev.xnet-x.net\/es\/#\/schema\/person\/02880890b95968f2b3bd4cfd79843d49\"},\"headline\":\"(Es) Xnet registra una Proposici\u00f3n de Ley de Protecci\u00f3n Integral de los alertadores en el Parlament de Catalunya\",\"datePublished\":\"2018-06-25T14:40:35+00:00\",\"dateModified\":\"2020-04-15T16:06:47+00:00\",\"mainEntityOfPage\":{\"@id\":\"https:\/\/dev.xnet-x.net\/es\/xnet-parlament-catalunya-proposicion-ley-proteccion-alertadores\/\"},\"wordCount\":6315,\"publisher\":{\"@id\":\"https:\/\/dev.xnet-x.net\/es\/#organization\"},\"image\":{\"@id\":\"https:\/\/dev.xnet-x.net\/es\/xnet-parlament-catalunya-proposicion-ley-proteccion-alertadores\/#primaryimage\"},\"thumbnailUrl\":\"https:\/\/dev.xnet-x.net\/img\/xnet-parlament-catalunya-proposicion-ley-proteccion-alertadores-img.png\",\"articleSection\":[\"Blog - Our recent actions\"],\"inLanguage\":\"en\"},{\"@type\":\"WebPage\",\"@id\":\"https:\/\/dev.xnet-x.net\/en\/xnet-parlament-catalunya-proposicion-ley-proteccion-alertadores\/\",\"url\":\"https:\/\/dev.xnet-x.net\/en\/xnet-parlament-catalunya-proposicion-ley-proteccion-alertadores\/\",\"name\":\"Xnet registra una Proposici\u00f3n de Ley de Protecci\u00f3n Integral de los alertadores en el Parlament de Catalunya\",\"isPartOf\":{\"@id\":\"https:\/\/dev.xnet-x.net\/en\/#website\"},\"primaryImageOfPage\":{\"@id\":\"https:\/\/dev.xnet-x.net\/en\/xnet-parlament-catalunya-proposicion-ley-proteccion-alertadores\/#primaryimage\"},\"image\":{\"@id\":\"https:\/\/dev.xnet-x.net\/es\/xnet-parlament-catalunya-proposicion-ley-proteccion-alertadores\/#primaryimage\"},\"thumbnailUrl\":\"https:\/\/dev.xnet-x.net\/img\/xnet-parlament-catalunya-proposicion-ley-proteccion-alertadores-img.png\",\"datePublished\":\"2018-06-25T14:40:35+00:00\",\"dateModified\":\"2020-04-15T16:06:47+00:00\",\"description\":\"Hoy xnet ha registrado en el Parlamento de Catalu\u00f1a su Proposici\u00f3n de Ley de Protecci\u00f3n de los alertadores, una de las leyes m\u00e1s avanzadas sobre el tema. Una herramienta indispensable para luchar contra la corrupci\u00f3n y los abusos.\",\"breadcrumb\":{\"@id\":\"https:\/\/dev.xnet-x.net\/en\/xnet-parlament-catalunya-proposicion-ley-proteccion-alertadores\/#breadcrumb\"},\"inLanguage\":\"en\",\"potentialAction\":[{\"@type\":\"ReadAction\",\"target\":[[\"https:\/\/dev.xnet-x.net\/en\/xnet-parlament-catalunya-proposicion-ley-proteccion-alertadores\/\"]]}]},{\"@type\":\"ImageObject\",\"inLanguage\":\"en\",\"@id\":\"https:\/\/dev.xnet-x.net\/en\/xnet-parlament-catalunya-proposicion-ley-proteccion-alertadores\/#primaryimage\",\"url\":\"https:\/\/dev.xnet-x.net\/img\/xnet-parlament-catalunya-proposicion-ley-proteccion-alertadores-img.png\",\"contentUrl\":\"https:\/\/dev.xnet-x.net\/img\/xnet-parlament-catalunya-proposicion-ley-proteccion-alertadores-img.png\",\"width\":838,\"height\":420,\"caption\":\"xnet-parlament-catalunya-proposicion-ley-proteccion-alertadores-img\"},{\"@type\":\"BreadcrumbList\",\"@id\":\"https:\/\/dev.xnet-x.net\/en\/xnet-parlament-catalunya-proposicion-ley-proteccion-alertadores\/#breadcrumb\",\"itemListElement\":[{\"@type\":\"ListItem\",\"position\":1,\"name\":\"Portada\",\"item\":\"https:\/\/dev.xnet-x.net\/en\/\"},{\"@type\":\"ListItem\",\"position\":2,\"name\":\"Xnet registra una Proposici\u00f3n de Ley de Protecci\u00f3n Integral de los alertadores en el Parlament de Catalunya\"}]},{\"@type\":\"WebSite\",\"@id\":\"https:\/\/dev.xnet-x.net\/en\/#website\",\"url\":\"https:\/\/dev.xnet-x.net\/en\/\",\"name\":\"[:es]Xnet - Internet, derechos y democracia en la era digital[:ca]Xnet - Internet, drets i democr\u00e0cia en l'era digital[:en]Xnet - Internet freedoms & digital rights[:]\",\"description\":\"Information and Culture Freedoms. Technopolitics. Data privacy, algorithms and digital rights. Free Speech, Net Neutrality, whistleblowers, anticorruption\",\"publisher\":{\"@id\":\"https:\/\/dev.xnet-x.net\/en\/#organization\"},\"potentialAction\":[{\"@type\":\"SearchAction\",\"target\":{\"@type\":\"EntryPoint\",\"urlTemplate\":\"https:\/\/dev.xnet-x.net\/en\/?s={search_term_string}\"},\"query-input\":{\"@type\":\"PropertyValueSpecification\",\"valueRequired\":true,\"valueName\":\"search_term_string\"}}],\"inLanguage\":\"en\"},{\"@type\":\"Organization\",\"@id\":\"https:\/\/dev.xnet-x.net\/en\/#organization\",\"name\":\"Xnet - Internet freedoms & digital rights\",\"url\":\"https:\/\/dev.xnet-x.net\/en\/\",\"logo\":{\"@type\":\"ImageObject\",\"inLanguage\":\"en\",\"@id\":\"https:\/\/dev.xnet-x.net\/en\/#\/schema\/logo\/image\/\",\"url\":\"https:\/\/xnet-x.net\/img\/xnet-logo.png\",\"contentUrl\":\"https:\/\/xnet-x.net\/img\/xnet-logo.png\",\"width\":512,\"height\":512,\"caption\":\"Xnet - Internet freedoms & digital rights\"},\"image\":{\"@id\":\"https:\/\/dev.xnet-x.net\/en\/#\/schema\/logo\/image\/\"},\"sameAs\":[\"http:\/\/facebook.com\/RedX.Net\/\",\"https:\/\/x.com\/x_net_\",\"https:\/\/es.wikipedia.org\/wiki\/Xnet\"]},{\"@type\":\"Person\",\"@id\":\"https:\/\/dev.xnet-x.net\/es\/#\/schema\/person\/02880890b95968f2b3bd4cfd79843d49\",\"name\":\"Xnet\",\"image\":{\"@type\":\"ImageObject\",\"inLanguage\":\"en\",\"@id\":\"https:\/\/dev.xnet-x.net\/en\/#\/schema\/person\/image\/\",\"url\":\"https:\/\/secure.gravatar.com\/avatar\/41a61c327d24125228571dadd14748b0afd881e633e6e61518dacc4fef53cc93?s=96&d=mm&r=g\",\"contentUrl\":\"https:\/\/secure.gravatar.com\/avatar\/41a61c327d24125228571dadd14748b0afd881e633e6e61518dacc4fef53cc93?s=96&d=mm&r=g\",\"caption\":\"Xnet\"}}]}<\/script>\n<!-- \/ Yoast SEO plugin. -->","yoast_head_json":{"title":"Xnet registra una Proposici\u00f3n de Ley de Protecci\u00f3n Integral de los alertadores en el Parlament de Catalunya","description":"Hoy xnet ha registrado en el Parlamento de Catalu\u00f1a su Proposici\u00f3n de Ley de Protecci\u00f3n de los alertadores, una de las leyes m\u00e1s avanzadas sobre el tema. Una herramienta indispensable para luchar contra la corrupci\u00f3n y los abusos.","robots":{"index":"index","follow":"follow","max-snippet":"max-snippet:-1","max-image-preview":"max-image-preview:large","max-video-preview":"max-video-preview:-1"},"canonical":"https:\/\/dev.xnet-x.net\/en\/xnet-parlament-catalunya-proposicion-ley-proteccion-alertadores\/","twitter_misc":{"Written by":"Xnet","Est. reading time":"31 minutes"},"schema":{"@context":"https:\/\/schema.org","@graph":[{"@type":"Article","@id":"https:\/\/dev.xnet-x.net\/es\/xnet-parlament-catalunya-proposicion-ley-proteccion-alertadores\/#article","isPartOf":{"@id":"https:\/\/dev.xnet-x.net\/es\/xnet-parlament-catalunya-proposicion-ley-proteccion-alertadores\/"},"author":{"name":"Xnet","@id":"https:\/\/dev.xnet-x.net\/es\/#\/schema\/person\/02880890b95968f2b3bd4cfd79843d49"},"headline":"(Es) Xnet registra una Proposici\u00f3n de Ley de Protecci\u00f3n Integral de los alertadores en el Parlament de Catalunya","datePublished":"2018-06-25T14:40:35+00:00","dateModified":"2020-04-15T16:06:47+00:00","mainEntityOfPage":{"@id":"https:\/\/dev.xnet-x.net\/es\/xnet-parlament-catalunya-proposicion-ley-proteccion-alertadores\/"},"wordCount":6315,"publisher":{"@id":"https:\/\/dev.xnet-x.net\/es\/#organization"},"image":{"@id":"https:\/\/dev.xnet-x.net\/es\/xnet-parlament-catalunya-proposicion-ley-proteccion-alertadores\/#primaryimage"},"thumbnailUrl":"https:\/\/dev.xnet-x.net\/img\/xnet-parlament-catalunya-proposicion-ley-proteccion-alertadores-img.png","articleSection":["Blog - Our recent actions"],"inLanguage":"en"},{"@type":"WebPage","@id":"https:\/\/dev.xnet-x.net\/en\/xnet-parlament-catalunya-proposicion-ley-proteccion-alertadores\/","url":"https:\/\/dev.xnet-x.net\/en\/xnet-parlament-catalunya-proposicion-ley-proteccion-alertadores\/","name":"Xnet registra una Proposici\u00f3n de Ley de Protecci\u00f3n Integral de los alertadores en el Parlament de Catalunya","isPartOf":{"@id":"https:\/\/dev.xnet-x.net\/en\/#website"},"primaryImageOfPage":{"@id":"https:\/\/dev.xnet-x.net\/en\/xnet-parlament-catalunya-proposicion-ley-proteccion-alertadores\/#primaryimage"},"image":{"@id":"https:\/\/dev.xnet-x.net\/es\/xnet-parlament-catalunya-proposicion-ley-proteccion-alertadores\/#primaryimage"},"thumbnailUrl":"https:\/\/dev.xnet-x.net\/img\/xnet-parlament-catalunya-proposicion-ley-proteccion-alertadores-img.png","datePublished":"2018-06-25T14:40:35+00:00","dateModified":"2020-04-15T16:06:47+00:00","description":"Hoy xnet ha registrado en el Parlamento de Catalu\u00f1a su Proposici\u00f3n de Ley de Protecci\u00f3n de los alertadores, una de las leyes m\u00e1s avanzadas sobre el tema. Una herramienta indispensable para luchar contra la corrupci\u00f3n y los abusos.","breadcrumb":{"@id":"https:\/\/dev.xnet-x.net\/en\/xnet-parlament-catalunya-proposicion-ley-proteccion-alertadores\/#breadcrumb"},"inLanguage":"en","potentialAction":[{"@type":"ReadAction","target":[["https:\/\/dev.xnet-x.net\/en\/xnet-parlament-catalunya-proposicion-ley-proteccion-alertadores\/"]]}]},{"@type":"ImageObject","inLanguage":"en","@id":"https:\/\/dev.xnet-x.net\/en\/xnet-parlament-catalunya-proposicion-ley-proteccion-alertadores\/#primaryimage","url":"https:\/\/dev.xnet-x.net\/img\/xnet-parlament-catalunya-proposicion-ley-proteccion-alertadores-img.png","contentUrl":"https:\/\/dev.xnet-x.net\/img\/xnet-parlament-catalunya-proposicion-ley-proteccion-alertadores-img.png","width":838,"height":420,"caption":"xnet-parlament-catalunya-proposicion-ley-proteccion-alertadores-img"},{"@type":"BreadcrumbList","@id":"https:\/\/dev.xnet-x.net\/en\/xnet-parlament-catalunya-proposicion-ley-proteccion-alertadores\/#breadcrumb","itemListElement":[{"@type":"ListItem","position":1,"name":"Portada","item":"https:\/\/dev.xnet-x.net\/en\/"},{"@type":"ListItem","position":2,"name":"Xnet registra una Proposici\u00f3n de Ley de Protecci\u00f3n Integral de los alertadores en el Parlament de Catalunya"}]},{"@type":"WebSite","@id":"https:\/\/dev.xnet-x.net\/en\/#website","url":"https:\/\/dev.xnet-x.net\/en\/","name":"[:es]Xnet - Internet, derechos y democracia en la era digital[:ca]Xnet - Internet, drets i democr\u00e0cia en l'era digital[:en]Xnet - Internet freedoms & digital rights[:]","description":"Information and Culture Freedoms. Technopolitics. Data privacy, algorithms and digital rights. Free Speech, Net Neutrality, whistleblowers, anticorruption","publisher":{"@id":"https:\/\/dev.xnet-x.net\/en\/#organization"},"potentialAction":[{"@type":"SearchAction","target":{"@type":"EntryPoint","urlTemplate":"https:\/\/dev.xnet-x.net\/en\/?s={search_term_string}"},"query-input":{"@type":"PropertyValueSpecification","valueRequired":true,"valueName":"search_term_string"}}],"inLanguage":"en"},{"@type":"Organization","@id":"https:\/\/dev.xnet-x.net\/en\/#organization","name":"Xnet - Internet freedoms & digital rights","url":"https:\/\/dev.xnet-x.net\/en\/","logo":{"@type":"ImageObject","inLanguage":"en","@id":"https:\/\/dev.xnet-x.net\/en\/#\/schema\/logo\/image\/","url":"https:\/\/xnet-x.net\/img\/xnet-logo.png","contentUrl":"https:\/\/xnet-x.net\/img\/xnet-logo.png","width":512,"height":512,"caption":"Xnet - Internet freedoms & digital rights"},"image":{"@id":"https:\/\/dev.xnet-x.net\/en\/#\/schema\/logo\/image\/"},"sameAs":["http:\/\/facebook.com\/RedX.Net\/","https:\/\/x.com\/x_net_","https:\/\/es.wikipedia.org\/wiki\/Xnet"]},{"@type":"Person","@id":"https:\/\/dev.xnet-x.net\/es\/#\/schema\/person\/02880890b95968f2b3bd4cfd79843d49","name":"Xnet","image":{"@type":"ImageObject","inLanguage":"en","@id":"https:\/\/dev.xnet-x.net\/en\/#\/schema\/person\/image\/","url":"https:\/\/secure.gravatar.com\/avatar\/41a61c327d24125228571dadd14748b0afd881e633e6e61518dacc4fef53cc93?s=96&d=mm&r=g","contentUrl":"https:\/\/secure.gravatar.com\/avatar\/41a61c327d24125228571dadd14748b0afd881e633e6e61518dacc4fef53cc93?s=96&d=mm&r=g","caption":"Xnet"}}]}},"_links":{"self":[{"href":"https:\/\/dev.xnet-x.net\/en\/wp-json\/wp\/v2\/posts\/15343","targetHints":{"allow":["GET"]}}],"collection":[{"href":"https:\/\/dev.xnet-x.net\/en\/wp-json\/wp\/v2\/posts"}],"about":[{"href":"https:\/\/dev.xnet-x.net\/en\/wp-json\/wp\/v2\/types\/post"}],"author":[{"embeddable":true,"href":"https:\/\/dev.xnet-x.net\/en\/wp-json\/wp\/v2\/users\/15"}],"replies":[{"embeddable":true,"href":"https:\/\/dev.xnet-x.net\/en\/wp-json\/wp\/v2\/comments?post=15343"}],"version-history":[{"count":20,"href":"https:\/\/dev.xnet-x.net\/en\/wp-json\/wp\/v2\/posts\/15343\/revisions"}],"predecessor-version":[{"id":19155,"href":"https:\/\/dev.xnet-x.net\/en\/wp-json\/wp\/v2\/posts\/15343\/revisions\/19155"}],"wp:featuredmedia":[{"embeddable":true,"href":"https:\/\/dev.xnet-x.net\/en\/wp-json\/wp\/v2\/media\/15427"}],"wp:attachment":[{"href":"https:\/\/dev.xnet-x.net\/en\/wp-json\/wp\/v2\/media?parent=15343"}],"wp:term":[{"taxonomy":"category","embeddable":true,"href":"https:\/\/dev.xnet-x.net\/en\/wp-json\/wp\/v2\/categories?post=15343"},{"taxonomy":"post_tag","embeddable":true,"href":"https:\/\/dev.xnet-x.net\/en\/wp-json\/wp\/v2\/tags?post=15343"}],"curies":[{"name":"wp","href":"https:\/\/api.w.org\/{rel}","templated":true}]}}