{"id":14452,"date":"2018-04-03T10:29:01","date_gmt":"2018-04-03T09:29:01","guid":{"rendered":"https:\/\/xnet-x.net\/?p=14452"},"modified":"2018-11-19T17:04:23","modified_gmt":"2018-11-19T15:04:23","slug":"xnet-lanza-una-campana-urgente-contra-los-recortes-a-la-libertad-de-expresion-y-el-acceso-a-la-informacion-previstos-en-la-directiva-europea-que-se-vota-este-mes-en-la-comision-de-asuntos-juridicos-de","status":"publish","type":"post","link":"https:\/\/dev.xnet-x.net\/en\/es-xnet-lanza-una-campana-urgente-contra-los-recortes-a-la-libertad-de-expresion-y-el-acceso-a-la-informacion-previstos-en-la-directiva-europea-que-se-vota-este-mes-en-la-comision-de-asuntos-juridic\/","title":{"rendered":"(Es) Xnet lanza una campa\u00f1a urgente contra los recortes a la libertad de expresi\u00f3n y el acceso a la informaci\u00f3n previstos en la directiva europea que se vota este mes en la Comisi\u00f3n de Asuntos Jur\u00eddicos del Parlamento Europeo (JURI)"},"content":{"rendered":"<p class=\"qtranxs-available-languages-message qtranxs-available-languages-message-en\">Sorry, this entry is only available in <a href=\"https:\/\/dev.xnet-x.net\/es\/wp-json\/wp\/v2\/posts\/14452\" class=\"qtranxs-available-language-link qtranxs-available-language-link-es\" title=\"Es\">Es<\/a>.<\/p>","protected":false},"excerpt":{"rendered":"<p class=\"qtranxs-available-languages-message qtranxs-available-languages-message-en\">Sorry, this entry is only available in <a href=\"https:\/\/dev.xnet-x.net\/es\/wp-json\/wp\/v2\/posts\/14452\" class=\"qtranxs-available-language-link qtranxs-available-language-link-es\" title=\"Es\">Es<\/a>.<\/p>\n","protected":false},"author":11,"featured_media":14455,"comment_status":"closed","ping_status":"closed","sticky":false,"template":"","format":"standard","meta":{"footnotes":""},"categories":[52],"tags":[],"class_list":["post-14452","post","type-post","status-publish","format-standard","has-post-thumbnail","hentry","category-blog"],"yoast_head":"<!-- This site is optimized with the Yoast SEO plugin v26.7 - https:\/\/yoast.com\/wordpress\/plugins\/seo\/ -->\n<title>(Es) Xnet lanza una campa\u00f1a urgente contra los recortes a la libertad de expresi\u00f3n y el acceso a la informaci\u00f3n previstos en la directiva europea que se vota este mes en la Comisi\u00f3n de Asuntos Jur\u00eddicos del Parlamento Europeo (JURI)<\/title>\n<meta name=\"description\" content=\"(Es) No todos saben que las propuestas de la Directiva del Copyright, en discusi\u00f3n en este momento en la Comisi\u00f3n JURI del Parlamento Europeo, son mucho m\u00e1s que propuestas sobre derechos de autor. Incluyen vigilancia, procesamiento autom\u00e1tico de datos, gobierno por algoritmos, retenci\u00f3n de los datos personales, etc.\" \/>\n<meta name=\"robots\" content=\"index, follow, max-snippet:-1, max-image-preview:large, max-video-preview:-1\" \/>\n<link rel=\"canonical\" href=\"https:\/\/dev.xnet-x.net\/en\/es-xnet-lanza-una-campana-urgente-contra-los-recortes-a-la-libertad-de-expresion-y-el-acceso-a-la-informacion-previstos-en-la-directiva-europea-que-se-vota-este-mes-en-la-comision-de-asuntos-juridic\/\" \/>\n<meta name=\"twitter:label1\" content=\"Written by\" \/>\n\t<meta name=\"twitter:data1\" content=\"XaviSchlz\" \/>\n<script type=\"application\/ld+json\" class=\"yoast-schema-graph\">{\"@context\":\"https:\/\/schema.org\",\"@graph\":[{\"@type\":\"Article\",\"@id\":\"https:\/\/dev.xnet-x.net\/en\/es-xnet-lanza-una-campana-urgente-contra-los-recortes-a-la-libertad-de-expresion-y-el-acceso-a-la-informacion-previstos-en-la-directiva-europea-que-se-vota-este-mes-en-la-comision-de-asuntos-juridic\/#article\",\"isPartOf\":{\"@id\":\"https:\/\/dev.xnet-x.net\/en\/es-xnet-lanza-una-campana-urgente-contra-los-recortes-a-la-libertad-de-expresion-y-el-acceso-a-la-informacion-previstos-en-la-directiva-europea-que-se-vota-este-mes-en-la-comision-de-asuntos-juridic\/\"},\"author\":{\"name\":\"XaviSchlz\",\"@id\":\"https:\/\/dev.xnet-x.net\/es\/#\/schema\/person\/22ff6833bb04ae7b00d30bbfc7f8f59c\"},\"headline\":\"(Es) Xnet lanza una campa\u00f1a urgente contra los recortes a la libertad de expresi\u00f3n y el acceso a la informaci\u00f3n previstos en la directiva europea que se vota este mes en la Comisi\u00f3n de Asuntos Jur\u00eddicos del Parlamento Europeo (JURI)\",\"datePublished\":\"2018-04-03T09:29:01+00:00\",\"dateModified\":\"2018-11-19T15:04:23+00:00\",\"mainEntityOfPage\":{\"@id\":\"https:\/\/dev.xnet-x.net\/en\/es-xnet-lanza-una-campana-urgente-contra-los-recortes-a-la-libertad-de-expresion-y-el-acceso-a-la-informacion-previstos-en-la-directiva-europea-que-se-vota-este-mes-en-la-comision-de-asuntos-juridic\/\"},\"wordCount\":98,\"publisher\":{\"@id\":\"https:\/\/dev.xnet-x.net\/es\/#organization\"},\"image\":{\"@id\":\"https:\/\/dev.xnet-x.net\/en\/es-xnet-lanza-una-campana-urgente-contra-los-recortes-a-la-libertad-de-expresion-y-el-acceso-a-la-informacion-previstos-en-la-directiva-europea-que-se-vota-este-mes-en-la-comision-de-asuntos-juridic\/#primaryimage\"},\"thumbnailUrl\":\"https:\/\/dev.xnet-x.net\/img\/copyright_terrorism_03-Copy.png\",\"articleSection\":[\"Blog - Our recent actions\"],\"inLanguage\":\"en\"},{\"@type\":\"WebPage\",\"@id\":\"https:\/\/dev.xnet-x.net\/en\/es-xnet-lanza-una-campana-urgente-contra-los-recortes-a-la-libertad-de-expresion-y-el-acceso-a-la-informacion-previstos-en-la-directiva-europea-que-se-vota-este-mes-en-la-comision-de-asuntos-juridic\/\",\"url\":\"https:\/\/dev.xnet-x.net\/en\/es-xnet-lanza-una-campana-urgente-contra-los-recortes-a-la-libertad-de-expresion-y-el-acceso-a-la-informacion-previstos-en-la-directiva-europea-que-se-vota-este-mes-en-la-comision-de-asuntos-juridic\/\",\"name\":\"(Es) Xnet lanza una campa\u00f1a urgente contra los recortes a la libertad de expresi\u00f3n y el acceso a la informaci\u00f3n previstos en la directiva europea que se vota este mes en la Comisi\u00f3n de Asuntos Jur\u00eddicos del Parlamento Europeo (JURI)\",\"isPartOf\":{\"@id\":\"https:\/\/dev.xnet-x.net\/en\/#website\"},\"primaryImageOfPage\":{\"@id\":\"https:\/\/dev.xnet-x.net\/en\/es-xnet-lanza-una-campana-urgente-contra-los-recortes-a-la-libertad-de-expresion-y-el-acceso-a-la-informacion-previstos-en-la-directiva-europea-que-se-vota-este-mes-en-la-comision-de-asuntos-juridic\/#primaryimage\"},\"image\":{\"@id\":\"https:\/\/dev.xnet-x.net\/en\/es-xnet-lanza-una-campana-urgente-contra-los-recortes-a-la-libertad-de-expresion-y-el-acceso-a-la-informacion-previstos-en-la-directiva-europea-que-se-vota-este-mes-en-la-comision-de-asuntos-juridic\/#primaryimage\"},\"thumbnailUrl\":\"https:\/\/dev.xnet-x.net\/img\/copyright_terrorism_03-Copy.png\",\"datePublished\":\"2018-04-03T09:29:01+00:00\",\"dateModified\":\"2018-11-19T15:04:23+00:00\",\"description\":\"(Es) No todos saben que las propuestas de la Directiva del Copyright, en discusi\u00f3n en este momento en la Comisi\u00f3n JURI del Parlamento Europeo, son mucho m\u00e1s que propuestas sobre derechos de autor. Incluyen vigilancia, procesamiento autom\u00e1tico de datos, gobierno por algoritmos, retenci\u00f3n de los datos personales, etc.\",\"breadcrumb\":{\"@id\":\"https:\/\/dev.xnet-x.net\/en\/es-xnet-lanza-una-campana-urgente-contra-los-recortes-a-la-libertad-de-expresion-y-el-acceso-a-la-informacion-previstos-en-la-directiva-europea-que-se-vota-este-mes-en-la-comision-de-asuntos-juridic\/#breadcrumb\"},\"inLanguage\":\"en\",\"potentialAction\":[{\"@type\":\"ReadAction\",\"target\":[[\"https:\/\/dev.xnet-x.net\/en\/es-xnet-lanza-una-campana-urgente-contra-los-recortes-a-la-libertad-de-expresion-y-el-acceso-a-la-informacion-previstos-en-la-directiva-europea-que-se-vota-este-mes-en-la-comision-de-asuntos-juridic\/\"]]}]},{\"@type\":\"ImageObject\",\"inLanguage\":\"en\",\"@id\":\"https:\/\/dev.xnet-x.net\/en\/es-xnet-lanza-una-campana-urgente-contra-los-recortes-a-la-libertad-de-expresion-y-el-acceso-a-la-informacion-previstos-en-la-directiva-europea-que-se-vota-este-mes-en-la-comision-de-asuntos-juridic\/#primaryimage\",\"url\":\"https:\/\/dev.xnet-x.net\/img\/copyright_terrorism_03-Copy.png\",\"contentUrl\":\"https:\/\/dev.xnet-x.net\/img\/copyright_terrorism_03-Copy.png\",\"width\":600,\"height\":296,\"caption\":\"Xnet lanza una campa\u00f1a urgente contra los recortes a la libertad de expresi\u00f3n y el acceso a la informaci\u00f3n previstos en la directiva europea que se vota este mes en la Comisi\u00f3n de Asuntos Jur\u00eddicos del Parlamento Europeo (JURI)\"},{\"@type\":\"BreadcrumbList\",\"@id\":\"https:\/\/dev.xnet-x.net\/en\/es-xnet-lanza-una-campana-urgente-contra-los-recortes-a-la-libertad-de-expresion-y-el-acceso-a-la-informacion-previstos-en-la-directiva-europea-que-se-vota-este-mes-en-la-comision-de-asuntos-juridic\/#breadcrumb\",\"itemListElement\":[{\"@type\":\"ListItem\",\"position\":1,\"name\":\"Portada\",\"item\":\"https:\/\/dev.xnet-x.net\/en\/\"},{\"@type\":\"ListItem\",\"position\":2,\"name\":\"(Es) Xnet lanza una campa\u00f1a urgente contra los recortes a la libertad de expresi\u00f3n y el acceso a la informaci\u00f3n previstos en la directiva europea que se vota este mes en la Comisi\u00f3n de Asuntos Jur\u00eddicos del Parlamento Europeo (JURI)\"}]},{\"@type\":\"WebSite\",\"@id\":\"https:\/\/dev.xnet-x.net\/en\/#website\",\"url\":\"https:\/\/dev.xnet-x.net\/en\/\",\"name\":\"[:es]Xnet - Internet, derechos y democracia en la era digital[:ca]Xnet - Internet, drets i democr\u00e0cia en l'era digital[:en]Xnet - Internet freedoms & digital rights[:]\",\"description\":\"Information and Culture Freedoms. Technopolitics. Data privacy, algorithms and digital rights. Free Speech, Net Neutrality, whistleblowers, anticorruption\",\"publisher\":{\"@id\":\"https:\/\/dev.xnet-x.net\/en\/#organization\"},\"potentialAction\":[{\"@type\":\"SearchAction\",\"target\":{\"@type\":\"EntryPoint\",\"urlTemplate\":\"https:\/\/dev.xnet-x.net\/en\/?s={search_term_string}\"},\"query-input\":{\"@type\":\"PropertyValueSpecification\",\"valueRequired\":true,\"valueName\":\"search_term_string\"}}],\"inLanguage\":\"en\"},{\"@type\":\"Organization\",\"@id\":\"https:\/\/dev.xnet-x.net\/en\/#organization\",\"name\":\"Xnet - Internet freedoms & digital rights\",\"url\":\"https:\/\/dev.xnet-x.net\/en\/\",\"logo\":{\"@type\":\"ImageObject\",\"inLanguage\":\"en\",\"@id\":\"https:\/\/dev.xnet-x.net\/en\/#\/schema\/logo\/image\/\",\"url\":\"https:\/\/xnet-x.net\/img\/xnet-logo.png\",\"contentUrl\":\"https:\/\/xnet-x.net\/img\/xnet-logo.png\",\"width\":512,\"height\":512,\"caption\":\"Xnet - Internet freedoms & digital rights\"},\"image\":{\"@id\":\"https:\/\/dev.xnet-x.net\/en\/#\/schema\/logo\/image\/\"},\"sameAs\":[\"http:\/\/facebook.com\/RedX.Net\/\",\"https:\/\/x.com\/x_net_\",\"https:\/\/es.wikipedia.org\/wiki\/Xnet\"]},{\"@type\":\"Person\",\"@id\":\"https:\/\/dev.xnet-x.net\/es\/#\/schema\/person\/22ff6833bb04ae7b00d30bbfc7f8f59c\",\"name\":\"XaviSchlz\",\"image\":{\"@type\":\"ImageObject\",\"inLanguage\":\"en\",\"@id\":\"https:\/\/dev.xnet-x.net\/en\/#\/schema\/person\/image\/\",\"url\":\"https:\/\/secure.gravatar.com\/avatar\/1ef91116e3b151b72adbc0767a84e08c8d964f2b26872d9d4dff9f74d8d1712e?s=96&d=mm&r=g\",\"contentUrl\":\"https:\/\/secure.gravatar.com\/avatar\/1ef91116e3b151b72adbc0767a84e08c8d964f2b26872d9d4dff9f74d8d1712e?s=96&d=mm&r=g\",\"caption\":\"XaviSchlz\"}}]}<\/script>\n<!-- \/ Yoast SEO plugin. -->","yoast_head_json":{"title":"(Es) Xnet lanza una campa\u00f1a urgente contra los recortes a la libertad de expresi\u00f3n y el acceso a la informaci\u00f3n previstos en la directiva europea que se vota este mes en la Comisi\u00f3n de Asuntos Jur\u00eddicos del Parlamento Europeo (JURI)","description":"(Es) No todos saben que las propuestas de la Directiva del Copyright, en discusi\u00f3n en este momento en la Comisi\u00f3n JURI del Parlamento Europeo, son mucho m\u00e1s que propuestas sobre derechos de autor. Incluyen vigilancia, procesamiento autom\u00e1tico de datos, gobierno por algoritmos, retenci\u00f3n de los datos personales, etc.","robots":{"index":"index","follow":"follow","max-snippet":"max-snippet:-1","max-image-preview":"max-image-preview:large","max-video-preview":"max-video-preview:-1"},"canonical":"https:\/\/dev.xnet-x.net\/en\/es-xnet-lanza-una-campana-urgente-contra-los-recortes-a-la-libertad-de-expresion-y-el-acceso-a-la-informacion-previstos-en-la-directiva-europea-que-se-vota-este-mes-en-la-comision-de-asuntos-juridic\/","twitter_misc":{"Written by":"XaviSchlz"},"schema":{"@context":"https:\/\/schema.org","@graph":[{"@type":"Article","@id":"https:\/\/dev.xnet-x.net\/en\/es-xnet-lanza-una-campana-urgente-contra-los-recortes-a-la-libertad-de-expresion-y-el-acceso-a-la-informacion-previstos-en-la-directiva-europea-que-se-vota-este-mes-en-la-comision-de-asuntos-juridic\/#article","isPartOf":{"@id":"https:\/\/dev.xnet-x.net\/en\/es-xnet-lanza-una-campana-urgente-contra-los-recortes-a-la-libertad-de-expresion-y-el-acceso-a-la-informacion-previstos-en-la-directiva-europea-que-se-vota-este-mes-en-la-comision-de-asuntos-juridic\/"},"author":{"name":"XaviSchlz","@id":"https:\/\/dev.xnet-x.net\/es\/#\/schema\/person\/22ff6833bb04ae7b00d30bbfc7f8f59c"},"headline":"(Es) Xnet lanza una campa\u00f1a urgente contra los recortes a la libertad de expresi\u00f3n y el acceso a la informaci\u00f3n previstos en la directiva europea que se vota este mes en la Comisi\u00f3n de Asuntos Jur\u00eddicos del Parlamento Europeo (JURI)","datePublished":"2018-04-03T09:29:01+00:00","dateModified":"2018-11-19T15:04:23+00:00","mainEntityOfPage":{"@id":"https:\/\/dev.xnet-x.net\/en\/es-xnet-lanza-una-campana-urgente-contra-los-recortes-a-la-libertad-de-expresion-y-el-acceso-a-la-informacion-previstos-en-la-directiva-europea-que-se-vota-este-mes-en-la-comision-de-asuntos-juridic\/"},"wordCount":98,"publisher":{"@id":"https:\/\/dev.xnet-x.net\/es\/#organization"},"image":{"@id":"https:\/\/dev.xnet-x.net\/en\/es-xnet-lanza-una-campana-urgente-contra-los-recortes-a-la-libertad-de-expresion-y-el-acceso-a-la-informacion-previstos-en-la-directiva-europea-que-se-vota-este-mes-en-la-comision-de-asuntos-juridic\/#primaryimage"},"thumbnailUrl":"https:\/\/dev.xnet-x.net\/img\/copyright_terrorism_03-Copy.png","articleSection":["Blog - Our recent actions"],"inLanguage":"en"},{"@type":"WebPage","@id":"https:\/\/dev.xnet-x.net\/en\/es-xnet-lanza-una-campana-urgente-contra-los-recortes-a-la-libertad-de-expresion-y-el-acceso-a-la-informacion-previstos-en-la-directiva-europea-que-se-vota-este-mes-en-la-comision-de-asuntos-juridic\/","url":"https:\/\/dev.xnet-x.net\/en\/es-xnet-lanza-una-campana-urgente-contra-los-recortes-a-la-libertad-de-expresion-y-el-acceso-a-la-informacion-previstos-en-la-directiva-europea-que-se-vota-este-mes-en-la-comision-de-asuntos-juridic\/","name":"(Es) Xnet lanza una campa\u00f1a urgente contra los recortes a la libertad de expresi\u00f3n y el acceso a la informaci\u00f3n previstos en la directiva europea que se vota este mes en la Comisi\u00f3n de Asuntos Jur\u00eddicos del Parlamento Europeo (JURI)","isPartOf":{"@id":"https:\/\/dev.xnet-x.net\/en\/#website"},"primaryImageOfPage":{"@id":"https:\/\/dev.xnet-x.net\/en\/es-xnet-lanza-una-campana-urgente-contra-los-recortes-a-la-libertad-de-expresion-y-el-acceso-a-la-informacion-previstos-en-la-directiva-europea-que-se-vota-este-mes-en-la-comision-de-asuntos-juridic\/#primaryimage"},"image":{"@id":"https:\/\/dev.xnet-x.net\/en\/es-xnet-lanza-una-campana-urgente-contra-los-recortes-a-la-libertad-de-expresion-y-el-acceso-a-la-informacion-previstos-en-la-directiva-europea-que-se-vota-este-mes-en-la-comision-de-asuntos-juridic\/#primaryimage"},"thumbnailUrl":"https:\/\/dev.xnet-x.net\/img\/copyright_terrorism_03-Copy.png","datePublished":"2018-04-03T09:29:01+00:00","dateModified":"2018-11-19T15:04:23+00:00","description":"(Es) No todos saben que las propuestas de la Directiva del Copyright, en discusi\u00f3n en este momento en la Comisi\u00f3n JURI del Parlamento Europeo, son mucho m\u00e1s que propuestas sobre derechos de autor. Incluyen vigilancia, procesamiento autom\u00e1tico de datos, gobierno por algoritmos, retenci\u00f3n de los datos personales, etc.","breadcrumb":{"@id":"https:\/\/dev.xnet-x.net\/en\/es-xnet-lanza-una-campana-urgente-contra-los-recortes-a-la-libertad-de-expresion-y-el-acceso-a-la-informacion-previstos-en-la-directiva-europea-que-se-vota-este-mes-en-la-comision-de-asuntos-juridic\/#breadcrumb"},"inLanguage":"en","potentialAction":[{"@type":"ReadAction","target":[["https:\/\/dev.xnet-x.net\/en\/es-xnet-lanza-una-campana-urgente-contra-los-recortes-a-la-libertad-de-expresion-y-el-acceso-a-la-informacion-previstos-en-la-directiva-europea-que-se-vota-este-mes-en-la-comision-de-asuntos-juridic\/"]]}]},{"@type":"ImageObject","inLanguage":"en","@id":"https:\/\/dev.xnet-x.net\/en\/es-xnet-lanza-una-campana-urgente-contra-los-recortes-a-la-libertad-de-expresion-y-el-acceso-a-la-informacion-previstos-en-la-directiva-europea-que-se-vota-este-mes-en-la-comision-de-asuntos-juridic\/#primaryimage","url":"https:\/\/dev.xnet-x.net\/img\/copyright_terrorism_03-Copy.png","contentUrl":"https:\/\/dev.xnet-x.net\/img\/copyright_terrorism_03-Copy.png","width":600,"height":296,"caption":"Xnet lanza una campa\u00f1a urgente contra los recortes a la libertad de expresi\u00f3n y el acceso a la informaci\u00f3n previstos en la directiva europea que se vota este mes en la Comisi\u00f3n de Asuntos Jur\u00eddicos del Parlamento Europeo (JURI)"},{"@type":"BreadcrumbList","@id":"https:\/\/dev.xnet-x.net\/en\/es-xnet-lanza-una-campana-urgente-contra-los-recortes-a-la-libertad-de-expresion-y-el-acceso-a-la-informacion-previstos-en-la-directiva-europea-que-se-vota-este-mes-en-la-comision-de-asuntos-juridic\/#breadcrumb","itemListElement":[{"@type":"ListItem","position":1,"name":"Portada","item":"https:\/\/dev.xnet-x.net\/en\/"},{"@type":"ListItem","position":2,"name":"(Es) Xnet lanza una campa\u00f1a urgente contra los recortes a la libertad de expresi\u00f3n y el acceso a la informaci\u00f3n previstos en la directiva europea que se vota este mes en la Comisi\u00f3n de Asuntos Jur\u00eddicos del Parlamento Europeo (JURI)"}]},{"@type":"WebSite","@id":"https:\/\/dev.xnet-x.net\/en\/#website","url":"https:\/\/dev.xnet-x.net\/en\/","name":"[:es]Xnet - Internet, derechos y democracia en la era digital[:ca]Xnet - Internet, drets i democr\u00e0cia en l'era digital[:en]Xnet - Internet freedoms & digital rights[:]","description":"Information and Culture Freedoms. Technopolitics. Data privacy, algorithms and digital rights. Free Speech, Net Neutrality, whistleblowers, anticorruption","publisher":{"@id":"https:\/\/dev.xnet-x.net\/en\/#organization"},"potentialAction":[{"@type":"SearchAction","target":{"@type":"EntryPoint","urlTemplate":"https:\/\/dev.xnet-x.net\/en\/?s={search_term_string}"},"query-input":{"@type":"PropertyValueSpecification","valueRequired":true,"valueName":"search_term_string"}}],"inLanguage":"en"},{"@type":"Organization","@id":"https:\/\/dev.xnet-x.net\/en\/#organization","name":"Xnet - Internet freedoms & digital rights","url":"https:\/\/dev.xnet-x.net\/en\/","logo":{"@type":"ImageObject","inLanguage":"en","@id":"https:\/\/dev.xnet-x.net\/en\/#\/schema\/logo\/image\/","url":"https:\/\/xnet-x.net\/img\/xnet-logo.png","contentUrl":"https:\/\/xnet-x.net\/img\/xnet-logo.png","width":512,"height":512,"caption":"Xnet - Internet freedoms & digital rights"},"image":{"@id":"https:\/\/dev.xnet-x.net\/en\/#\/schema\/logo\/image\/"},"sameAs":["http:\/\/facebook.com\/RedX.Net\/","https:\/\/x.com\/x_net_","https:\/\/es.wikipedia.org\/wiki\/Xnet"]},{"@type":"Person","@id":"https:\/\/dev.xnet-x.net\/es\/#\/schema\/person\/22ff6833bb04ae7b00d30bbfc7f8f59c","name":"XaviSchlz","image":{"@type":"ImageObject","inLanguage":"en","@id":"https:\/\/dev.xnet-x.net\/en\/#\/schema\/person\/image\/","url":"https:\/\/secure.gravatar.com\/avatar\/1ef91116e3b151b72adbc0767a84e08c8d964f2b26872d9d4dff9f74d8d1712e?s=96&d=mm&r=g","contentUrl":"https:\/\/secure.gravatar.com\/avatar\/1ef91116e3b151b72adbc0767a84e08c8d964f2b26872d9d4dff9f74d8d1712e?s=96&d=mm&r=g","caption":"XaviSchlz"}}]}},"_links":{"self":[{"href":"https:\/\/dev.xnet-x.net\/en\/wp-json\/wp\/v2\/posts\/14452","targetHints":{"allow":["GET"]}}],"collection":[{"href":"https:\/\/dev.xnet-x.net\/en\/wp-json\/wp\/v2\/posts"}],"about":[{"href":"https:\/\/dev.xnet-x.net\/en\/wp-json\/wp\/v2\/types\/post"}],"author":[{"embeddable":true,"href":"https:\/\/dev.xnet-x.net\/en\/wp-json\/wp\/v2\/users\/11"}],"replies":[{"embeddable":true,"href":"https:\/\/dev.xnet-x.net\/en\/wp-json\/wp\/v2\/comments?post=14452"}],"version-history":[{"count":2,"href":"https:\/\/dev.xnet-x.net\/en\/wp-json\/wp\/v2\/posts\/14452\/revisions"}],"predecessor-version":[{"id":15932,"href":"https:\/\/dev.xnet-x.net\/en\/wp-json\/wp\/v2\/posts\/14452\/revisions\/15932"}],"wp:featuredmedia":[{"embeddable":true,"href":"https:\/\/dev.xnet-x.net\/en\/wp-json\/wp\/v2\/media\/14455"}],"wp:attachment":[{"href":"https:\/\/dev.xnet-x.net\/en\/wp-json\/wp\/v2\/media?parent=14452"}],"wp:term":[{"taxonomy":"category","embeddable":true,"href":"https:\/\/dev.xnet-x.net\/en\/wp-json\/wp\/v2\/categories?post=14452"},{"taxonomy":"post_tag","embeddable":true,"href":"https:\/\/dev.xnet-x.net\/en\/wp-json\/wp\/v2\/tags?post=14452"}],"curies":[{"name":"wp","href":"https:\/\/api.w.org\/{rel}","templated":true}]}}