{"id":8491,"date":"2015-09-21T09:18:19","date_gmt":"2015-09-21T08:18:19","guid":{"rendered":"https:\/\/xnet-x.net\/?p=8491"},"modified":"2021-08-18T11:09:38","modified_gmt":"2021-08-18T09:09:38","slug":"personam-crida-les-candidatures-les-eleccions-catalanes","status":"publish","type":"post","link":"https:\/\/dev.xnet-x.net\/ca\/persona-m\/","title":{"rendered":"Persona&#8217;m &#8211; Crida a les candidatures a les eleccions catalanes"},"content":{"rendered":"<p><strong>El Grup Ciutad\u00e0 contra la Corrupci\u00f3 a Catalunya denuncia que el Govern NO s&#8217;ha personat al cas contra Urdangar\u00edn i la Infanta tot i que el Parlament va votar a favor de la personaci\u00f3 per aclaparadora majoria.<br \/>\n<\/strong><br \/>\nEl 6 de mar\u00e7 de 2015, gr\u00e0cies a l&#8217;acci\u00f3 de la societat civil organitzada del <a href=\"https:\/\/xnet-x.net\/ca\/grup-anticorrupcio-catalunya\/\" title=\"Grup ciutad\u00e0 contra la corrupci\u00f3\" target=\"_blank\" rel=\"noopener noreferrer\">Grup Ciutad\u00e0 contra la Corrupci\u00f3 a Catalunya<\/a>, es va aconseguir una fita hist\u00f2rica, pol\u00edticament i jur\u00eddica sense precedents: <a href=\"https:\/\/xnet-x.net\/ca\/hisenda-som-tots-esmena\/\" title=\"Hisendo som tots, esmena\" target=\"_blank\" rel=\"noopener noreferrer\">el Parlament de Catalunya va aprovar<\/a> per 62 vots a favor i 60 abstencions  (CiU i PP) la personaci\u00f3 de la Generalitat de Catalunya com a acusaci\u00f3 al judici a Urdangar\u00edn i a la Infanta Cristina, considerant-se la Generalitat de Catalunya perjudicada directa del frau.<\/p>\n<p>Una fita hist\u00f2rica perqu\u00e8 \u00e9s la primera vegada que una instituci\u00f3 contradiu la postura d&#8217;Hisenda (que es nega a acusar a la Infanta tot i que va ser directiva conjuntament amb el seu marit); <strong>una fita perqu\u00e8 posa les bases jur\u00eddiques per a que les autonomies puguin defensar directament el que se&#8217;ls defraudi<\/strong>, m\u00e9s significatiu encara dins del context del debat sobre l&#8217;autonomia fiscal i des de la imprescindible acci\u00f3 institucional complement\u00e0ria contra el frau.<\/p>\n<p>Despr\u00e9s de sis mesos, afirmem que no consta de cap manera que el Govern hagi implementat all\u00f2 aprovat pel Parlament, ni existeix cap rastre de personaci\u00f3 en la causa judicial per part de la Generalitat.<\/p>\n<p>El Govern ha fet decaure el procediment i haurem de tornar a votar. Denunciem aquest fet i volem un Govern que compleixi amb els seus compromisos.<\/p>\n<p><strong>Volem que el Govern de Catalunya es personi, ens personi a la ciutadania catalana, com \u00e9s la seva obligaci\u00f3, per recuperar els diners que s\u00f3n de tots<\/strong>, per acabar amb els privilegis feudals i la impunitat de les elits i per recordar que no hi ha dobles rasants ni dobles morals segons qui sigui el defraudador.<\/p>\n<p>Hem demanat el comprom\u00eds de tots els partits que votaren a favor de la personaci\u00f3 de la Generalitat contra Urdangar\u00edn i la Infanta perqu\u00e8 es torni a votar al Parlament i compleixin amb les seves obligacions en cas que governin Catalunya despr\u00e9s del 27S.<\/p>\n<p>Aix\u00ed ens han contestat (de menor a major representaci\u00f3 parlamentaria &#8211; primer les candidatures que van proposar l&#8217;esmena i despr\u00e9s les que s&#8217;hi van sumar).<\/p>\n<h3>CUP<\/h3>\n<p>Cristina de Borb\u00f3 i I\u00f1aki Urdangar\u00edn encarnen la impunitat amb qu\u00e8 les elits del pa\u00eds han actuat mentre la crisi feia estralls entre la poblaci\u00f3. Amb  l&#8217;expresident balear, Jaume Matas, s\u00f3n els principals imputats en el  proc\u00e9s Palma Arena, per uns delictes contra la hisen\u00adda p\u00fablica que  podrien comportar una reducci\u00f3 en els in\u00adgressos del pressupost de la  Generalitat de Catalunya, a la qual li correspon el 50% de l&#8217;IRPF  recaptat pels dos membres de la Casa Reial. La CUP-CC insta al nou  Govern de la Generalitat a fer complir l&#8217;acord aprovat pel ple del  Parlament personant-se com a acusaci\u00f3 en aquest cas, at\u00e8s que la  conducta dels encausats ha provocat una disminuci\u00f3 d&#8217;ingressos  perjudicant la capacitat econ\u00f2mica del pa\u00eds a l&#8217;hora de sufragar el cost  de les pol\u00edtiques socials, educatives, etc&#8230; En aquest sentit, la CUP  empla\u00e7ar\u00e0 al nou executiu catal\u00e0 a rebutjar qualsevol aplicaci\u00f3 de la  Doctrina Bot\u00edn a les persones implicades, fet que suposaria un nou  episodi de just\u00edcia de classe de la qual l&#8217;oligarquia s&#8217;ha beneficiat  durant molts anys  per mantenir els seus privilegis.<\/p>\n<h3>ERC<\/h3>\n<p>D&#8217;acord amb el nostre comprom\u00eds amb la transpar\u00e8ncia i la lluita contra la corrupci\u00f3, i en relaci\u00f3 a la iniciativa impulsada pel Grup Ciutad\u00e0 contra la Corrupci\u00f3, manifestem el nostre comprom\u00eds amb el resultat de la votaci\u00f3 del Parlament del passat 6 de mar\u00e7 favorable a que la Generalitat es personi en el cas Palma Arena, i arribat el cas de formar Govern, actuarem en conseq\u00fc\u00e8ncia.<\/p>\n<h3>CATALUNYASIQUEESPOT<\/h3>\n<p>Tenim un comprom\u00eds absolut amb la defensa dels interessos d&#8217;all\u00f2 p\u00fablic,  d&#8217;all\u00f2 que ens \u00e9s com\u00fa. Catalunya S\u00ed que es Pot proposa una acci\u00f3 integral contra el frau i la corrupci\u00f3, sigui on sigui, vingui d&#8217;on vingui. Una d&#8217;aquestes accions \u00e9s adoptar el comprom\u00eds que si la nostra candidatura forma part del proper Govern de la Generalitat, ens personarem com a govern en el cas Palma Arena, com ja havia acordat el Parlament la darrera legislatura.<\/p>\n<h3>PSC<\/h3>\n<p>El Partit dels Socialistes, comprom\u00e8s en la lluita contra evasi\u00f3, frau fiscal i la corrupci\u00f3, es compromet  a fer les accions necess\u00e0ries per a que la Generalitat es personi com a part en la forma processal m\u00e9s adequada en els processos judicials oberts per corrupci\u00f3 pol\u00edtica en els que es jutgin fets que poguessin comportar un perjudici efectiu contra la hisenda p\u00fablica. Pel  que fa a la moci\u00f3 189\/X aprovada al Ple del Parlament el passat mes de  mar\u00e7 i que va decuare, ens comprometem a facilitar una nova votaci\u00f3 i  complir amb el resultat.<\/p>","protected":false},"excerpt":{"rendered":"<p>Crida del #GrupAnticorrupcio a les candidatures del #27S \u00a1Persona&#8217;m al Cas Urdangarin-Infanta!. @X_net_ amb la lluita contra la #corrupci\u00f3<\/p>\n","protected":false},"author":8,"featured_media":8493,"comment_status":"closed","ping_status":"closed","sticky":false,"template":"","format":"standard","meta":{"footnotes":""},"categories":[52],"tags":[],"class_list":["post-8491","post","type-post","status-publish","format-standard","has-post-thumbnail","hentry","category-blog","ejes-anticorrupcion","ejes-tecnopolitica-hacktivismo-artivismo"],"yoast_head":"<!-- This site is optimized with the Yoast SEO plugin v26.7 - https:\/\/yoast.com\/wordpress\/plugins\/seo\/ -->\n<title>Persona&#039;m - Crida a les candidatures a les eleccions catalanes<\/title>\n<meta name=\"description\" content=\"Persona&#039;m. Crida del Grup Anticorrupci\u00f3 a les candidatures a les eleccions catalanes. Xnet amb la lluita contra la #corrupci\u00f3\" \/>\n<meta name=\"robots\" content=\"index, follow, max-snippet:-1, max-image-preview:large, max-video-preview:-1\" \/>\n<link rel=\"canonical\" href=\"https:\/\/dev.xnet-x.net\/ca\/persona-m\/\" \/>\n<meta name=\"twitter:label1\" content=\"Written by\" \/>\n\t<meta name=\"twitter:data1\" content=\"Xnet\" \/>\n\t<meta name=\"twitter:label2\" content=\"Est. reading time\" \/>\n\t<meta name=\"twitter:data2\" content=\"8 minutes\" \/>\n<script type=\"application\/ld+json\" class=\"yoast-schema-graph\">{\"@context\":\"https:\/\/schema.org\",\"@graph\":[{\"@type\":\"Article\",\"@id\":\"https:\/\/dev.xnet-x.net\/ca\/persona-m\/#article\",\"isPartOf\":{\"@id\":\"https:\/\/dev.xnet-x.net\/ca\/persona-m\/\"},\"author\":{\"name\":\"Xnet\",\"@id\":\"https:\/\/dev.xnet-x.net\/es\/#\/schema\/person\/286e07d1c80ea3bcc60b6ef8b146e637\"},\"headline\":\"Persona&#8217;m &#8211; Crida a les candidatures a les eleccions catalanes\",\"datePublished\":\"2015-09-21T08:18:19+00:00\",\"dateModified\":\"2021-08-18T09:09:38+00:00\",\"mainEntityOfPage\":{\"@id\":\"https:\/\/dev.xnet-x.net\/ca\/persona-m\/\"},\"wordCount\":1738,\"publisher\":{\"@id\":\"https:\/\/dev.xnet-x.net\/es\/#organization\"},\"image\":{\"@id\":\"https:\/\/dev.xnet-x.net\/ca\/persona-m\/#primaryimage\"},\"thumbnailUrl\":\"https:\/\/dev.xnet-x.net\/img\/personame-img.png\",\"articleSection\":[\"Blog - Les nostres accions\"],\"inLanguage\":\"ca-ES\"},{\"@type\":\"WebPage\",\"@id\":\"https:\/\/dev.xnet-x.net\/ca\/persona-m\/\",\"url\":\"https:\/\/dev.xnet-x.net\/ca\/persona-m\/\",\"name\":\"Persona'm - Crida a les candidatures a les eleccions catalanes\",\"isPartOf\":{\"@id\":\"https:\/\/dev.xnet-x.net\/ca\/#website\"},\"primaryImageOfPage\":{\"@id\":\"https:\/\/dev.xnet-x.net\/ca\/persona-m\/#primaryimage\"},\"image\":{\"@id\":\"https:\/\/dev.xnet-x.net\/ca\/persona-m\/#primaryimage\"},\"thumbnailUrl\":\"https:\/\/dev.xnet-x.net\/img\/personame-img.png\",\"datePublished\":\"2015-09-21T08:18:19+00:00\",\"dateModified\":\"2021-08-18T09:09:38+00:00\",\"description\":\"Persona'm. Crida del Grup Anticorrupci\u00f3 a les candidatures a les eleccions catalanes. Xnet amb la lluita contra la #corrupci\u00f3\",\"breadcrumb\":{\"@id\":\"https:\/\/dev.xnet-x.net\/ca\/persona-m\/#breadcrumb\"},\"inLanguage\":\"ca-ES\",\"potentialAction\":[{\"@type\":\"ReadAction\",\"target\":[[\"https:\/\/dev.xnet-x.net\/ca\/persona-m\/\"]]}]},{\"@type\":\"ImageObject\",\"inLanguage\":\"ca-ES\",\"@id\":\"https:\/\/dev.xnet-x.net\/ca\/persona-m\/#primaryimage\",\"url\":\"https:\/\/dev.xnet-x.net\/img\/personame-img.png\",\"contentUrl\":\"https:\/\/dev.xnet-x.net\/img\/personame-img.png\",\"width\":1182,\"height\":622,\"caption\":\"Crida del GrupAnticorrupcio a les candidatures 27S, persona'm al cas Urdangarin-Infanta\"},{\"@type\":\"BreadcrumbList\",\"@id\":\"https:\/\/dev.xnet-x.net\/ca\/persona-m\/#breadcrumb\",\"itemListElement\":[{\"@type\":\"ListItem\",\"position\":1,\"name\":\"Portada\",\"item\":\"https:\/\/dev.xnet-x.net\/ca\/\"},{\"@type\":\"ListItem\",\"position\":2,\"name\":\"Persona&#8217;m &#8211; Crida a les candidatures a les eleccions catalanes\"}]},{\"@type\":\"WebSite\",\"@id\":\"https:\/\/dev.xnet-x.net\/ca\/#website\",\"url\":\"https:\/\/dev.xnet-x.net\/ca\/\",\"name\":\"[:es]Xnet - Internet, derechos y democracia en la era digital[:ca]Xnet - Internet, drets i democr\u00e0cia en l'era digital[:en]Xnet - Internet freedoms & digital rights[:]\",\"description\":\"Xnet: Internet, informaci\u00f3 i cultura lliures. Tecnopol\u00edtica. Dades, algoritmes i drets digitals. Llibertat d&#039;expressi\u00f3. Democr\u00e0cia i anticorrupci\u00f3\",\"publisher\":{\"@id\":\"https:\/\/dev.xnet-x.net\/ca\/#organization\"},\"potentialAction\":[{\"@type\":\"SearchAction\",\"target\":{\"@type\":\"EntryPoint\",\"urlTemplate\":\"https:\/\/dev.xnet-x.net\/ca\/?s={search_term_string}\"},\"query-input\":{\"@type\":\"PropertyValueSpecification\",\"valueRequired\":true,\"valueName\":\"search_term_string\"}}],\"inLanguage\":\"ca-ES\"},{\"@type\":\"Organization\",\"@id\":\"https:\/\/dev.xnet-x.net\/ca\/#organization\",\"name\":\"Xnet - Internet, drets i democr\u00e0cia en l'era digital\",\"url\":\"https:\/\/dev.xnet-x.net\/ca\/\",\"logo\":{\"@type\":\"ImageObject\",\"inLanguage\":\"ca-ES\",\"@id\":\"https:\/\/dev.xnet-x.net\/ca\/#\/schema\/logo\/image\/\",\"url\":\"https:\/\/xnet-x.net\/img\/xnet-logo.png\",\"contentUrl\":\"https:\/\/xnet-x.net\/img\/xnet-logo.png\",\"width\":512,\"height\":512,\"caption\":\"Xnet - Internet, drets i democr\u00e0cia en l'era digital\"},\"image\":{\"@id\":\"https:\/\/dev.xnet-x.net\/ca\/#\/schema\/logo\/image\/\"},\"sameAs\":[\"http:\/\/facebook.com\/RedX.Net\/\",\"https:\/\/x.com\/x_net_\",\"https:\/\/es.wikipedia.org\/wiki\/Xnet\"]},{\"@type\":\"Person\",\"@id\":\"https:\/\/dev.xnet-x.net\/es\/#\/schema\/person\/286e07d1c80ea3bcc60b6ef8b146e637\",\"name\":\"Xnet\",\"image\":{\"@type\":\"ImageObject\",\"inLanguage\":\"ca-ES\",\"@id\":\"https:\/\/dev.xnet-x.net\/ca\/#\/schema\/person\/image\/\",\"url\":\"https:\/\/secure.gravatar.com\/avatar\/76eee622ce1df16aa986c0f990545e62b4c87e399e6c2a5fcfe24a092d2ba829?s=96&d=mm&r=g\",\"contentUrl\":\"https:\/\/secure.gravatar.com\/avatar\/76eee622ce1df16aa986c0f990545e62b4c87e399e6c2a5fcfe24a092d2ba829?s=96&d=mm&r=g\",\"caption\":\"Xnet\"}}]}<\/script>\n<!-- \/ Yoast SEO plugin. -->","yoast_head_json":{"title":"Persona'm - Crida a les candidatures a les eleccions catalanes","description":"Persona'm. Crida del Grup Anticorrupci\u00f3 a les candidatures a les eleccions catalanes. Xnet amb la lluita contra la #corrupci\u00f3","robots":{"index":"index","follow":"follow","max-snippet":"max-snippet:-1","max-image-preview":"max-image-preview:large","max-video-preview":"max-video-preview:-1"},"canonical":"https:\/\/dev.xnet-x.net\/ca\/persona-m\/","twitter_misc":{"Written by":"Xnet","Est. reading time":"8 minutes"},"schema":{"@context":"https:\/\/schema.org","@graph":[{"@type":"Article","@id":"https:\/\/dev.xnet-x.net\/ca\/persona-m\/#article","isPartOf":{"@id":"https:\/\/dev.xnet-x.net\/ca\/persona-m\/"},"author":{"name":"Xnet","@id":"https:\/\/dev.xnet-x.net\/es\/#\/schema\/person\/286e07d1c80ea3bcc60b6ef8b146e637"},"headline":"Persona&#8217;m &#8211; Crida a les candidatures a les eleccions catalanes","datePublished":"2015-09-21T08:18:19+00:00","dateModified":"2021-08-18T09:09:38+00:00","mainEntityOfPage":{"@id":"https:\/\/dev.xnet-x.net\/ca\/persona-m\/"},"wordCount":1738,"publisher":{"@id":"https:\/\/dev.xnet-x.net\/es\/#organization"},"image":{"@id":"https:\/\/dev.xnet-x.net\/ca\/persona-m\/#primaryimage"},"thumbnailUrl":"https:\/\/dev.xnet-x.net\/img\/personame-img.png","articleSection":["Blog - Les nostres accions"],"inLanguage":"ca-ES"},{"@type":"WebPage","@id":"https:\/\/dev.xnet-x.net\/ca\/persona-m\/","url":"https:\/\/dev.xnet-x.net\/ca\/persona-m\/","name":"Persona'm - Crida a les candidatures a les eleccions catalanes","isPartOf":{"@id":"https:\/\/dev.xnet-x.net\/ca\/#website"},"primaryImageOfPage":{"@id":"https:\/\/dev.xnet-x.net\/ca\/persona-m\/#primaryimage"},"image":{"@id":"https:\/\/dev.xnet-x.net\/ca\/persona-m\/#primaryimage"},"thumbnailUrl":"https:\/\/dev.xnet-x.net\/img\/personame-img.png","datePublished":"2015-09-21T08:18:19+00:00","dateModified":"2021-08-18T09:09:38+00:00","description":"Persona'm. Crida del Grup Anticorrupci\u00f3 a les candidatures a les eleccions catalanes. Xnet amb la lluita contra la #corrupci\u00f3","breadcrumb":{"@id":"https:\/\/dev.xnet-x.net\/ca\/persona-m\/#breadcrumb"},"inLanguage":"ca-ES","potentialAction":[{"@type":"ReadAction","target":[["https:\/\/dev.xnet-x.net\/ca\/persona-m\/"]]}]},{"@type":"ImageObject","inLanguage":"ca-ES","@id":"https:\/\/dev.xnet-x.net\/ca\/persona-m\/#primaryimage","url":"https:\/\/dev.xnet-x.net\/img\/personame-img.png","contentUrl":"https:\/\/dev.xnet-x.net\/img\/personame-img.png","width":1182,"height":622,"caption":"Crida del GrupAnticorrupcio a les candidatures 27S, persona'm al cas Urdangarin-Infanta"},{"@type":"BreadcrumbList","@id":"https:\/\/dev.xnet-x.net\/ca\/persona-m\/#breadcrumb","itemListElement":[{"@type":"ListItem","position":1,"name":"Portada","item":"https:\/\/dev.xnet-x.net\/ca\/"},{"@type":"ListItem","position":2,"name":"Persona&#8217;m &#8211; Crida a les candidatures a les eleccions catalanes"}]},{"@type":"WebSite","@id":"https:\/\/dev.xnet-x.net\/ca\/#website","url":"https:\/\/dev.xnet-x.net\/ca\/","name":"[:es]Xnet - Internet, derechos y democracia en la era digital[:ca]Xnet - Internet, drets i democr\u00e0cia en l'era digital[:en]Xnet - Internet freedoms & digital rights[:]","description":"Xnet: Internet, informaci\u00f3 i cultura lliures. Tecnopol\u00edtica. Dades, algoritmes i drets digitals. Llibertat d&#039;expressi\u00f3. Democr\u00e0cia i anticorrupci\u00f3","publisher":{"@id":"https:\/\/dev.xnet-x.net\/ca\/#organization"},"potentialAction":[{"@type":"SearchAction","target":{"@type":"EntryPoint","urlTemplate":"https:\/\/dev.xnet-x.net\/ca\/?s={search_term_string}"},"query-input":{"@type":"PropertyValueSpecification","valueRequired":true,"valueName":"search_term_string"}}],"inLanguage":"ca-ES"},{"@type":"Organization","@id":"https:\/\/dev.xnet-x.net\/ca\/#organization","name":"Xnet - Internet, drets i democr\u00e0cia en l'era digital","url":"https:\/\/dev.xnet-x.net\/ca\/","logo":{"@type":"ImageObject","inLanguage":"ca-ES","@id":"https:\/\/dev.xnet-x.net\/ca\/#\/schema\/logo\/image\/","url":"https:\/\/xnet-x.net\/img\/xnet-logo.png","contentUrl":"https:\/\/xnet-x.net\/img\/xnet-logo.png","width":512,"height":512,"caption":"Xnet - Internet, drets i democr\u00e0cia en l'era digital"},"image":{"@id":"https:\/\/dev.xnet-x.net\/ca\/#\/schema\/logo\/image\/"},"sameAs":["http:\/\/facebook.com\/RedX.Net\/","https:\/\/x.com\/x_net_","https:\/\/es.wikipedia.org\/wiki\/Xnet"]},{"@type":"Person","@id":"https:\/\/dev.xnet-x.net\/es\/#\/schema\/person\/286e07d1c80ea3bcc60b6ef8b146e637","name":"Xnet","image":{"@type":"ImageObject","inLanguage":"ca-ES","@id":"https:\/\/dev.xnet-x.net\/ca\/#\/schema\/person\/image\/","url":"https:\/\/secure.gravatar.com\/avatar\/76eee622ce1df16aa986c0f990545e62b4c87e399e6c2a5fcfe24a092d2ba829?s=96&d=mm&r=g","contentUrl":"https:\/\/secure.gravatar.com\/avatar\/76eee622ce1df16aa986c0f990545e62b4c87e399e6c2a5fcfe24a092d2ba829?s=96&d=mm&r=g","caption":"Xnet"}}]}},"_links":{"self":[{"href":"https:\/\/dev.xnet-x.net\/ca\/wp-json\/wp\/v2\/posts\/8491","targetHints":{"allow":["GET"]}}],"collection":[{"href":"https:\/\/dev.xnet-x.net\/ca\/wp-json\/wp\/v2\/posts"}],"about":[{"href":"https:\/\/dev.xnet-x.net\/ca\/wp-json\/wp\/v2\/types\/post"}],"author":[{"embeddable":true,"href":"https:\/\/dev.xnet-x.net\/ca\/wp-json\/wp\/v2\/users\/8"}],"replies":[{"embeddable":true,"href":"https:\/\/dev.xnet-x.net\/ca\/wp-json\/wp\/v2\/comments?post=8491"}],"version-history":[{"count":7,"href":"https:\/\/dev.xnet-x.net\/ca\/wp-json\/wp\/v2\/posts\/8491\/revisions"}],"predecessor-version":[{"id":19324,"href":"https:\/\/dev.xnet-x.net\/ca\/wp-json\/wp\/v2\/posts\/8491\/revisions\/19324"}],"wp:featuredmedia":[{"embeddable":true,"href":"https:\/\/dev.xnet-x.net\/ca\/wp-json\/wp\/v2\/media\/8493"}],"wp:attachment":[{"href":"https:\/\/dev.xnet-x.net\/ca\/wp-json\/wp\/v2\/media?parent=8491"}],"wp:term":[{"taxonomy":"category","embeddable":true,"href":"https:\/\/dev.xnet-x.net\/ca\/wp-json\/wp\/v2\/categories?post=8491"},{"taxonomy":"post_tag","embeddable":true,"href":"https:\/\/dev.xnet-x.net\/ca\/wp-json\/wp\/v2\/tags?post=8491"}],"curies":[{"name":"wp","href":"https:\/\/api.w.org\/{rel}","templated":true}]}}