{"id":7512,"date":"2015-03-03T18:20:40","date_gmt":"2015-03-03T17:20:40","guid":{"rendered":"http:\/\/xnet-x.net\/?p=7512"},"modified":"2020-04-16T16:52:03","modified_gmt":"2020-04-16T14:52:03","slug":"hacienda-somos-todos-enmienda","status":"publish","type":"post","link":"https:\/\/dev.xnet-x.net\/ca\/hisenda-som-tots-esmena\/","title":{"rendered":"Vict\u00f2ria del Grup Ciutad\u00e0 contra la Corrupci\u00f3 a Catalunya: el Parlament de Catalunya aprova la personaci\u00f3 de la Generalitat contra Urdangar\u00edn, la Infanta Cristina i la &#8220;doctrina Bot\u00edn&#8221;"},"content":{"rendered":"<p>EL  GRUP CIUTAD\u00c0 CONTRA LA CORRUPCI\u00d3 A CATALUNYA ACONSEGUEIX QUE S&#8217;APROVI  LA PERSONACI\u00d3 COM A ACUSACi\u00d3 DE LA GENERALITAT CONTRA I\u00d1AKI URDANGAR\u00cdN  I LA INFANTA CRISTINA EN EL CAS PALMA ARENA <\/p>\n<p>Un pas m\u00e9s aprop de la fi de la impunitat<\/p>\n<p>Arrel de la campanya de la setmana passada i de l&#8217;escrit que present\u00e0rem des del Grup Ciutad\u00e0 contra la Corrupci\u00f3 a Catalunya exigint que la Generalitat es person\u00e9s en el cas Palma Arena per a impedir que s&#8217;apliqui la doctrina  Bot\u00edn, hem aconseguit que es voti una moci\u00f3 al Parlament de Catalunya en la que els diputats ha hagut de posicionarse  a favor o en contra de la ciutadan\u00eda i a favor o en contra de la impunitat. <strong>L&#8217;esmena ha estat aprovada per 62 vots a favor i 66 abstencions ( CiU i PP)<\/strong>.<\/p>\n<div>\n<h2 style=\"font-size: 160%; font-weight:bold; text-align:center; margin-top:25px; \">V\u00eddeo de la votaci\u00f3<\/h2>\n<div class=\"youtube-container auto-resizable-iframe\" style=\"max-width: 600px;  margin: 0px auto;\">\n<div class=\"youtube-player\" data-id=\"evvBbDNJYy8\" style=\" position: relative;  padding-bottom: 60%;  height: 0px;\"><\/div>\n<\/p><\/div>\n<\/div>\n<p>&nbsp;<br \/>\nM\u00e9s informacions: <a href=\"http:\/\/xnet-x.net\/ca\/hisenda-som-tots\">Hisenda som tots<\/a><\/p>\n<p>&nbsp; <\/p>\n<div style=\"height: 5px; background: #d5045c\"><\/div>\n<p>&nbsp; <\/p>\n<p>ANTECEDENTS:<\/p>\n<p>El <a href=\"http:\/\/xnet-x.net\/ca\/grup-anticorrupcio-catalunya\">Grup Ciutad\u00e0 contra la Corrupci\u00f3 a Catalunya<\/a>, que el passat 19  de febrer va presentar la iniciativa \u00abHisenda som Tots\u00bb (iniciativa que  insta al Govern de la Generalitat a personar-se com a acusaci\u00f3 particular, en condici\u00f3 de perjudicat, en el cas \u201cPalma Arena\u201d contra I\u00f1aki Urdangar\u00edn i la Infanta  Cristina de Borb\u00f3n, at\u00e8s que la quantia presumptament defraudada pel imputats afecta en un 50% a les finances p\u00fabliques catalanes), ha decidit demanar als grups  parlamentaris de la CUP-AE, ERC i ICV-EUiA que acceptin i votin a favor  d\u2019una esmena d\u2019addici\u00f3 per tal que aquesta iniciativa sigui incorporada a la Moci\u00f3 de la CUP-AE sobre mesures d\u2019urg\u00e8ncia social. <\/p>\n<p>La moci\u00f3 es va sotmetre a debat i votaci\u00f3 durant el ple parlamentari del 5 de mar\u00e7, on varem assitir a com els partits es van posicionar a favor o no de que la Generalitat es personi com a part perjudicada per defensar els leg\u00edtims interesos dels ciutadans que representen i als que serveixen.<\/p>\n<p>Recordem que essent Catalunya el lloc de resid\u00e9ncia dels imputats, la  societat  civil catalana \u00e9s un perjudicat directe, com a m\u00ednim pel que fa al  50% de les quotes presuntament defraudades a l&#8217;Hisenda P\u00fablica i, com  a tal,   haur\u00eda  de ser defensada pels seus representants, evitant aix\u00ed el risc que, tal i com afirma el jutge  Castro, es consumi l&#8217;aplicaci\u00f3 de la &#8220;doctrina Bot\u00edn&#8221;, que esdevindiria &#8216;Doctrina Borb\u00f3n&#8221;.<\/p>\n<h3>L&#8217;esmena:<\/h3>\n<p>6.1 Atenent la proposta del Grup Ciutad\u00e0 contra la Corrupci\u00f3 a Catalunya, el Parlament acorda: <\/p>\n<p>Que la Generalitat es personi com a part perjudicada  en el proc\u00e9s judicial Palma Arena que s&#8217;instrueix al jutjat de Palma  de  Mallorca, on s&#8217;ha imputat la Sra. Cristina de Borb\u00f3n i el Sr. I\u00f1aki   Urdangarin, donat que el perjudici efectiu derivat dels delictes contra la hisenda p\u00fablica podrien comportar una reducci\u00f3 en els ingressos del pressupost de la Generalitat de Catalunya, a la qual li correspon el 50% de l&#8217;IRPF recaptat en relaci\u00f3 a les persones residents, tal i com ho s\u00f3n la Sra.Cristina de Borb\u00f3n i el Sr. I\u00f1aki Urdangarin. <\/p>\n<p>Aquesta recaptaci\u00f3 d&#8217;ingressos afecta directament a la capacitat   de sufragar les pol\u00edtiques socials on la principal benefici\u00e0ria \u00e9s la   ciutadania de Catalunya. A m\u00e9s, tal i com indica el Grup Ciutad\u00e0  contra la Corrupci\u00f3 a Catalunya, aquesta personaci\u00f3 implica donar  suport  a la no aplicaci\u00f3 de la Doctrina Bot\u00edn, deixant clar que la  Generalitat  no vol crear situacions de greuge comparatiu entre els seus  ciudadans  residents&#8221;.<\/p>","protected":false},"excerpt":{"rendered":"<p>Aprovada l&#8217;esmena del #GrupAnticorrupcio per personaci\u00f3 del @govern contra Urdangar\u00edn i Infanta. @X_net_  celebra la vict\u00f3ria del Grup Ciutad\u00e0 contra la Corrupci\u00f3 #corrupcio<\/p>\n","protected":false},"author":8,"featured_media":7529,"comment_status":"closed","ping_status":"closed","sticky":false,"template":"","format":"standard","meta":{"footnotes":""},"categories":[52],"tags":[],"class_list":["post-7512","post","type-post","status-publish","format-standard","has-post-thumbnail","hentry","category-blog","ejes-anticorrupcion"],"yoast_head":"<!-- This site is optimized with the Yoast SEO plugin v26.7 - https:\/\/yoast.com\/wordpress\/plugins\/seo\/ -->\n<title>Xnet celebra la vict\u00f2ria del Grup Ciutad\u00e0 contra la Corrupci\u00f3 a Catalunya<\/title>\n<meta name=\"description\" content=\"Xnet celebra la vict\u00f2ria del Grup Ciutad\u00e0 contra la Corrupci\u00f3: la Generalitat es persona contra Urdangar\u00edn, la Infanta Cristina i la &quot;doctrina Bot\u00edn&quot;\" \/>\n<meta name=\"robots\" content=\"index, follow, max-snippet:-1, max-image-preview:large, max-video-preview:-1\" \/>\n<link rel=\"canonical\" href=\"https:\/\/dev.xnet-x.net\/ca\/hisenda-som-tots-esmena\/\" \/>\n<meta name=\"twitter:label1\" content=\"Written by\" \/>\n\t<meta name=\"twitter:data1\" content=\"Xnet\" \/>\n\t<meta name=\"twitter:label2\" content=\"Est. reading time\" \/>\n\t<meta name=\"twitter:data2\" content=\"6 minutes\" \/>\n<script type=\"application\/ld+json\" class=\"yoast-schema-graph\">{\"@context\":\"https:\/\/schema.org\",\"@graph\":[{\"@type\":\"Article\",\"@id\":\"https:\/\/dev.xnet-x.net\/ca\/hisenda-som-tots-esmena\/#article\",\"isPartOf\":{\"@id\":\"https:\/\/dev.xnet-x.net\/ca\/hisenda-som-tots-esmena\/\"},\"author\":{\"name\":\"Xnet\",\"@id\":\"https:\/\/dev.xnet-x.net\/es\/#\/schema\/person\/286e07d1c80ea3bcc60b6ef8b146e637\"},\"headline\":\"Vict\u00f2ria del Grup Ciutad\u00e0 contra la Corrupci\u00f3 a Catalunya: el Parlament de Catalunya aprova la personaci\u00f3 de la Generalitat contra Urdangar\u00edn, la Infanta Cristina i la &#8220;doctrina Bot\u00edn&#8221;\",\"datePublished\":\"2015-03-03T17:20:40+00:00\",\"dateModified\":\"2020-04-16T14:52:03+00:00\",\"mainEntityOfPage\":{\"@id\":\"https:\/\/dev.xnet-x.net\/ca\/hisenda-som-tots-esmena\/\"},\"wordCount\":1211,\"publisher\":{\"@id\":\"https:\/\/dev.xnet-x.net\/es\/#organization\"},\"image\":{\"@id\":\"https:\/\/dev.xnet-x.net\/ca\/hisenda-som-tots-esmena\/#primaryimage\"},\"thumbnailUrl\":\"https:\/\/dev.xnet-x.net\/img\/grup-anticorrupcio-infanta-enmienda.jpg\",\"articleSection\":[\"Blog - Les nostres accions\"],\"inLanguage\":\"ca-ES\"},{\"@type\":\"WebPage\",\"@id\":\"https:\/\/dev.xnet-x.net\/ca\/hisenda-som-tots-esmena\/\",\"url\":\"https:\/\/dev.xnet-x.net\/ca\/hisenda-som-tots-esmena\/\",\"name\":\"Xnet celebra la vict\u00f2ria del Grup Ciutad\u00e0 contra la Corrupci\u00f3 a Catalunya\",\"isPartOf\":{\"@id\":\"https:\/\/dev.xnet-x.net\/ca\/#website\"},\"primaryImageOfPage\":{\"@id\":\"https:\/\/dev.xnet-x.net\/ca\/hisenda-som-tots-esmena\/#primaryimage\"},\"image\":{\"@id\":\"https:\/\/dev.xnet-x.net\/ca\/hisenda-som-tots-esmena\/#primaryimage\"},\"thumbnailUrl\":\"https:\/\/dev.xnet-x.net\/img\/grup-anticorrupcio-infanta-enmienda.jpg\",\"datePublished\":\"2015-03-03T17:20:40+00:00\",\"dateModified\":\"2020-04-16T14:52:03+00:00\",\"description\":\"Xnet celebra la vict\u00f2ria del Grup Ciutad\u00e0 contra la Corrupci\u00f3: la Generalitat es persona contra Urdangar\u00edn, la Infanta Cristina i la \\\"doctrina Bot\u00edn\\\"\",\"breadcrumb\":{\"@id\":\"https:\/\/dev.xnet-x.net\/ca\/hisenda-som-tots-esmena\/#breadcrumb\"},\"inLanguage\":\"ca-ES\",\"potentialAction\":[{\"@type\":\"ReadAction\",\"target\":[[\"https:\/\/dev.xnet-x.net\/ca\/hisenda-som-tots-esmena\/\"]]}]},{\"@type\":\"ImageObject\",\"inLanguage\":\"ca-ES\",\"@id\":\"https:\/\/dev.xnet-x.net\/ca\/hisenda-som-tots-esmena\/#primaryimage\",\"url\":\"https:\/\/dev.xnet-x.net\/img\/grup-anticorrupcio-infanta-enmienda.jpg\",\"contentUrl\":\"https:\/\/dev.xnet-x.net\/img\/grup-anticorrupcio-infanta-enmienda.jpg\",\"width\":1200,\"height\":630,\"caption\":\"grup-anticorrupcio-infanta-enmienda\"},{\"@type\":\"BreadcrumbList\",\"@id\":\"https:\/\/dev.xnet-x.net\/ca\/hisenda-som-tots-esmena\/#breadcrumb\",\"itemListElement\":[{\"@type\":\"ListItem\",\"position\":1,\"name\":\"Portada\",\"item\":\"https:\/\/dev.xnet-x.net\/ca\/\"},{\"@type\":\"ListItem\",\"position\":2,\"name\":\"Vict\u00f2ria del Grup Ciutad\u00e0 contra la Corrupci\u00f3 a Catalunya: el Parlament de Catalunya aprova la personaci\u00f3 de la Generalitat contra Urdangar\u00edn, la Infanta Cristina i la &#8220;doctrina Bot\u00edn&#8221;\"}]},{\"@type\":\"WebSite\",\"@id\":\"https:\/\/dev.xnet-x.net\/ca\/#website\",\"url\":\"https:\/\/dev.xnet-x.net\/ca\/\",\"name\":\"[:es]Xnet - Internet, derechos y democracia en la era digital[:ca]Xnet - Internet, drets i democr\u00e0cia en l'era digital[:en]Xnet - Internet freedoms & digital rights[:]\",\"description\":\"Xnet: Internet, informaci\u00f3 i cultura lliures. Tecnopol\u00edtica. Dades, algoritmes i drets digitals. Llibertat d&#039;expressi\u00f3. Democr\u00e0cia i anticorrupci\u00f3\",\"publisher\":{\"@id\":\"https:\/\/dev.xnet-x.net\/ca\/#organization\"},\"potentialAction\":[{\"@type\":\"SearchAction\",\"target\":{\"@type\":\"EntryPoint\",\"urlTemplate\":\"https:\/\/dev.xnet-x.net\/ca\/?s={search_term_string}\"},\"query-input\":{\"@type\":\"PropertyValueSpecification\",\"valueRequired\":true,\"valueName\":\"search_term_string\"}}],\"inLanguage\":\"ca-ES\"},{\"@type\":\"Organization\",\"@id\":\"https:\/\/dev.xnet-x.net\/ca\/#organization\",\"name\":\"Xnet - Internet, drets i democr\u00e0cia en l'era digital\",\"url\":\"https:\/\/dev.xnet-x.net\/ca\/\",\"logo\":{\"@type\":\"ImageObject\",\"inLanguage\":\"ca-ES\",\"@id\":\"https:\/\/dev.xnet-x.net\/ca\/#\/schema\/logo\/image\/\",\"url\":\"https:\/\/xnet-x.net\/img\/xnet-logo.png\",\"contentUrl\":\"https:\/\/xnet-x.net\/img\/xnet-logo.png\",\"width\":512,\"height\":512,\"caption\":\"Xnet - Internet, drets i democr\u00e0cia en l'era digital\"},\"image\":{\"@id\":\"https:\/\/dev.xnet-x.net\/ca\/#\/schema\/logo\/image\/\"},\"sameAs\":[\"http:\/\/facebook.com\/RedX.Net\/\",\"https:\/\/x.com\/x_net_\",\"https:\/\/es.wikipedia.org\/wiki\/Xnet\"]},{\"@type\":\"Person\",\"@id\":\"https:\/\/dev.xnet-x.net\/es\/#\/schema\/person\/286e07d1c80ea3bcc60b6ef8b146e637\",\"name\":\"Xnet\",\"image\":{\"@type\":\"ImageObject\",\"inLanguage\":\"ca-ES\",\"@id\":\"https:\/\/dev.xnet-x.net\/ca\/#\/schema\/person\/image\/\",\"url\":\"https:\/\/secure.gravatar.com\/avatar\/76eee622ce1df16aa986c0f990545e62b4c87e399e6c2a5fcfe24a092d2ba829?s=96&d=mm&r=g\",\"contentUrl\":\"https:\/\/secure.gravatar.com\/avatar\/76eee622ce1df16aa986c0f990545e62b4c87e399e6c2a5fcfe24a092d2ba829?s=96&d=mm&r=g\",\"caption\":\"Xnet\"}}]}<\/script>\n<!-- \/ Yoast SEO plugin. -->","yoast_head_json":{"title":"Xnet celebra la vict\u00f2ria del Grup Ciutad\u00e0 contra la Corrupci\u00f3 a Catalunya","description":"Xnet celebra la vict\u00f2ria del Grup Ciutad\u00e0 contra la Corrupci\u00f3: la Generalitat es persona contra Urdangar\u00edn, la Infanta Cristina i la \"doctrina Bot\u00edn\"","robots":{"index":"index","follow":"follow","max-snippet":"max-snippet:-1","max-image-preview":"max-image-preview:large","max-video-preview":"max-video-preview:-1"},"canonical":"https:\/\/dev.xnet-x.net\/ca\/hisenda-som-tots-esmena\/","twitter_misc":{"Written by":"Xnet","Est. reading time":"6 minutes"},"schema":{"@context":"https:\/\/schema.org","@graph":[{"@type":"Article","@id":"https:\/\/dev.xnet-x.net\/ca\/hisenda-som-tots-esmena\/#article","isPartOf":{"@id":"https:\/\/dev.xnet-x.net\/ca\/hisenda-som-tots-esmena\/"},"author":{"name":"Xnet","@id":"https:\/\/dev.xnet-x.net\/es\/#\/schema\/person\/286e07d1c80ea3bcc60b6ef8b146e637"},"headline":"Vict\u00f2ria del Grup Ciutad\u00e0 contra la Corrupci\u00f3 a Catalunya: el Parlament de Catalunya aprova la personaci\u00f3 de la Generalitat contra Urdangar\u00edn, la Infanta Cristina i la &#8220;doctrina Bot\u00edn&#8221;","datePublished":"2015-03-03T17:20:40+00:00","dateModified":"2020-04-16T14:52:03+00:00","mainEntityOfPage":{"@id":"https:\/\/dev.xnet-x.net\/ca\/hisenda-som-tots-esmena\/"},"wordCount":1211,"publisher":{"@id":"https:\/\/dev.xnet-x.net\/es\/#organization"},"image":{"@id":"https:\/\/dev.xnet-x.net\/ca\/hisenda-som-tots-esmena\/#primaryimage"},"thumbnailUrl":"https:\/\/dev.xnet-x.net\/img\/grup-anticorrupcio-infanta-enmienda.jpg","articleSection":["Blog - Les nostres accions"],"inLanguage":"ca-ES"},{"@type":"WebPage","@id":"https:\/\/dev.xnet-x.net\/ca\/hisenda-som-tots-esmena\/","url":"https:\/\/dev.xnet-x.net\/ca\/hisenda-som-tots-esmena\/","name":"Xnet celebra la vict\u00f2ria del Grup Ciutad\u00e0 contra la Corrupci\u00f3 a Catalunya","isPartOf":{"@id":"https:\/\/dev.xnet-x.net\/ca\/#website"},"primaryImageOfPage":{"@id":"https:\/\/dev.xnet-x.net\/ca\/hisenda-som-tots-esmena\/#primaryimage"},"image":{"@id":"https:\/\/dev.xnet-x.net\/ca\/hisenda-som-tots-esmena\/#primaryimage"},"thumbnailUrl":"https:\/\/dev.xnet-x.net\/img\/grup-anticorrupcio-infanta-enmienda.jpg","datePublished":"2015-03-03T17:20:40+00:00","dateModified":"2020-04-16T14:52:03+00:00","description":"Xnet celebra la vict\u00f2ria del Grup Ciutad\u00e0 contra la Corrupci\u00f3: la Generalitat es persona contra Urdangar\u00edn, la Infanta Cristina i la \"doctrina Bot\u00edn\"","breadcrumb":{"@id":"https:\/\/dev.xnet-x.net\/ca\/hisenda-som-tots-esmena\/#breadcrumb"},"inLanguage":"ca-ES","potentialAction":[{"@type":"ReadAction","target":[["https:\/\/dev.xnet-x.net\/ca\/hisenda-som-tots-esmena\/"]]}]},{"@type":"ImageObject","inLanguage":"ca-ES","@id":"https:\/\/dev.xnet-x.net\/ca\/hisenda-som-tots-esmena\/#primaryimage","url":"https:\/\/dev.xnet-x.net\/img\/grup-anticorrupcio-infanta-enmienda.jpg","contentUrl":"https:\/\/dev.xnet-x.net\/img\/grup-anticorrupcio-infanta-enmienda.jpg","width":1200,"height":630,"caption":"grup-anticorrupcio-infanta-enmienda"},{"@type":"BreadcrumbList","@id":"https:\/\/dev.xnet-x.net\/ca\/hisenda-som-tots-esmena\/#breadcrumb","itemListElement":[{"@type":"ListItem","position":1,"name":"Portada","item":"https:\/\/dev.xnet-x.net\/ca\/"},{"@type":"ListItem","position":2,"name":"Vict\u00f2ria del Grup Ciutad\u00e0 contra la Corrupci\u00f3 a Catalunya: el Parlament de Catalunya aprova la personaci\u00f3 de la Generalitat contra Urdangar\u00edn, la Infanta Cristina i la &#8220;doctrina Bot\u00edn&#8221;"}]},{"@type":"WebSite","@id":"https:\/\/dev.xnet-x.net\/ca\/#website","url":"https:\/\/dev.xnet-x.net\/ca\/","name":"[:es]Xnet - Internet, derechos y democracia en la era digital[:ca]Xnet - Internet, drets i democr\u00e0cia en l'era digital[:en]Xnet - Internet freedoms & digital rights[:]","description":"Xnet: Internet, informaci\u00f3 i cultura lliures. Tecnopol\u00edtica. Dades, algoritmes i drets digitals. Llibertat d&#039;expressi\u00f3. Democr\u00e0cia i anticorrupci\u00f3","publisher":{"@id":"https:\/\/dev.xnet-x.net\/ca\/#organization"},"potentialAction":[{"@type":"SearchAction","target":{"@type":"EntryPoint","urlTemplate":"https:\/\/dev.xnet-x.net\/ca\/?s={search_term_string}"},"query-input":{"@type":"PropertyValueSpecification","valueRequired":true,"valueName":"search_term_string"}}],"inLanguage":"ca-ES"},{"@type":"Organization","@id":"https:\/\/dev.xnet-x.net\/ca\/#organization","name":"Xnet - Internet, drets i democr\u00e0cia en l'era digital","url":"https:\/\/dev.xnet-x.net\/ca\/","logo":{"@type":"ImageObject","inLanguage":"ca-ES","@id":"https:\/\/dev.xnet-x.net\/ca\/#\/schema\/logo\/image\/","url":"https:\/\/xnet-x.net\/img\/xnet-logo.png","contentUrl":"https:\/\/xnet-x.net\/img\/xnet-logo.png","width":512,"height":512,"caption":"Xnet - Internet, drets i democr\u00e0cia en l'era digital"},"image":{"@id":"https:\/\/dev.xnet-x.net\/ca\/#\/schema\/logo\/image\/"},"sameAs":["http:\/\/facebook.com\/RedX.Net\/","https:\/\/x.com\/x_net_","https:\/\/es.wikipedia.org\/wiki\/Xnet"]},{"@type":"Person","@id":"https:\/\/dev.xnet-x.net\/es\/#\/schema\/person\/286e07d1c80ea3bcc60b6ef8b146e637","name":"Xnet","image":{"@type":"ImageObject","inLanguage":"ca-ES","@id":"https:\/\/dev.xnet-x.net\/ca\/#\/schema\/person\/image\/","url":"https:\/\/secure.gravatar.com\/avatar\/76eee622ce1df16aa986c0f990545e62b4c87e399e6c2a5fcfe24a092d2ba829?s=96&d=mm&r=g","contentUrl":"https:\/\/secure.gravatar.com\/avatar\/76eee622ce1df16aa986c0f990545e62b4c87e399e6c2a5fcfe24a092d2ba829?s=96&d=mm&r=g","caption":"Xnet"}}]}},"_links":{"self":[{"href":"https:\/\/dev.xnet-x.net\/ca\/wp-json\/wp\/v2\/posts\/7512","targetHints":{"allow":["GET"]}}],"collection":[{"href":"https:\/\/dev.xnet-x.net\/ca\/wp-json\/wp\/v2\/posts"}],"about":[{"href":"https:\/\/dev.xnet-x.net\/ca\/wp-json\/wp\/v2\/types\/post"}],"author":[{"embeddable":true,"href":"https:\/\/dev.xnet-x.net\/ca\/wp-json\/wp\/v2\/users\/8"}],"replies":[{"embeddable":true,"href":"https:\/\/dev.xnet-x.net\/ca\/wp-json\/wp\/v2\/comments?post=7512"}],"version-history":[{"count":12,"href":"https:\/\/dev.xnet-x.net\/ca\/wp-json\/wp\/v2\/posts\/7512\/revisions"}],"predecessor-version":[{"id":19332,"href":"https:\/\/dev.xnet-x.net\/ca\/wp-json\/wp\/v2\/posts\/7512\/revisions\/19332"}],"wp:featuredmedia":[{"embeddable":true,"href":"https:\/\/dev.xnet-x.net\/ca\/wp-json\/wp\/v2\/media\/7529"}],"wp:attachment":[{"href":"https:\/\/dev.xnet-x.net\/ca\/wp-json\/wp\/v2\/media?parent=7512"}],"wp:term":[{"taxonomy":"category","embeddable":true,"href":"https:\/\/dev.xnet-x.net\/ca\/wp-json\/wp\/v2\/categories?post=7512"},{"taxonomy":"post_tag","embeddable":true,"href":"https:\/\/dev.xnet-x.net\/ca\/wp-json\/wp\/v2\/tags?post=7512"}],"curies":[{"name":"wp","href":"https:\/\/api.w.org\/{rel}","templated":true}]}}