{"id":7230,"date":"2015-01-25T22:06:30","date_gmt":"2015-01-25T21:06:30","guid":{"rendered":"http:\/\/xnet-x.net\/?p=7230"},"modified":"2017-10-28T00:22:53","modified_gmt":"2017-10-27T23:22:53","slug":"pujol-case-rigged-first-round","status":"publish","type":"post","link":"https:\/\/dev.xnet-x.net\/ca\/cas-pujol-grup-anticorrupcio-primer-round\/","title":{"rendered":"Cas Pujol &#8211; Un combat manipulat Primer round"},"content":{"rendered":"<p><strong>El Grup Ciutad\u00e0 contra la Corrupci\u00f3 a Catalunya demana m\u00e9s material i compareixences a la sessi\u00f3 de la Comissi\u00f3 Parlament\u00e0ria sobre el Cas Pujol que es reuneix avui, dilluns 26 de gener<\/strong><\/p>\n<p>S&#8217;han obert casos als jutjats contra els Pujol, per\u00f2&#8230; <b>s&#8217;han obert inspeccions fiscals?<\/b>Mentres Jordi Pujol lleg\u00eda la seva dram\u00e0tica declaraci\u00f3 del mes d&#8217;agost, sel consent\u00eda d&#8217;entregar una complement\u00e0ria, \u00e9s a dir, regularitzar la seva situaci\u00f3. No ens consta que s&#8217;hagin obert inspeccions fiscals a ning\u00fa m\u00e9s que a <i>Oleguer Pujol<\/i>. <b>Aix\u00f2 \u00e9s cert? <\/b>\u00bf\u00c9s possible que por parte de las altas esferas de Hacienda, elegidas por los gobiernos de turno, se est\u00e1 utilizando para ayudar a escabullirse a los grandes evasores la valiosa informaci\u00f3n que ha proporcionado la ciudadan\u00eda, en lugar que para perseguir la corrupci\u00f3n, tal y como pas\u00f3 en el caso de Botin y de otros 558 nombres tal y como denunciamos la ciudadan\u00eda, t\u00e9cnicos de hacienda e <a href=\"http:\/\/politica.elpais.com\/politica\/2014\/11\/07\/actualidad\/1415379969_591570.html\" target=\"_blank\">incluso un juez<\/a>.<\/p>\n<p><strong>\u00c9s el que averiguarem.<\/strong><\/p>\n<p>Per tot aix\u00f2, <\/p>\n<p>El <b>Grup Ciutad\u00e0 Contra la Corrupci\u00f3 a Catalunya<\/b>, conformat per<b> Xnet<\/b> i la seva <b>B\u00fastia de filtracions<\/b> contra la corrupci\u00f3, <b><i>David Fern\u00e0ndez<\/i><\/b> com a president de la Comissi\u00f3 Parlamentaria sobre el Cas Pujol, <b>15MpaRato<\/b>, <b>Caf\u00e8 amb Llet, la FAVB<\/b> i amb l&#8217;assessorament d<b><i>e Ra\u00fal Burillo<\/i><\/b> i de la <b>Comissi\u00f3 Anticorrupci\u00f3 del Partit X<\/b>, como ja anunci\u00e0rem a la roda de premsa de presentaci\u00f3 al Parlament de Catalunya el passat dijous i amb la inestimable col.laboraci\u00f3 de la <b>CUP<\/b>, <b>demanem la seg\u00fcent informaci\u00f3 a trav\u00e9s de la Comissi\u00f3 Parlamentament\u00e0ria sobre el Cas Pujol que es reunir\u00e0 aquest dilluns 26 de gener:<\/b><\/p>\n<h3>A &#8211; Relacions amb els entramats d&#8217;altres casos<\/h3>\n<p>Demanem que compaguin els representants d&#8217;algunos vells coneguts com el<b> Banc Santander <\/b>i<b> Bankia <\/b>que van decidir vendre les seves oficines al fons que controlen els Pujol.<\/p>\n<p><b>Demanem la compareixen\u00e7a de:<\/b><\/p>\n<ul>\n<li style=\"margin-bottom:15px\">El responsable de Caja Madrid al 2008: el banquer <b><i>Miguel Blesa de la Parra.<\/i><\/b><\/li>\n<li style=\"margin-bottom:15px\">El banquer <b><i>Alfredo S\u00e1enz<\/i>, <\/b>banquer de<i>Bot\u00edn<\/i> indultat per <i>Zapatero<\/i>. <\/li>\n<\/ul>\n<p>[<b>Mot\u00edus:<\/b> L&#8217;any 2007, <i>Oleguer Pujol <\/i>va executar una t\u00e8rbola operaci\u00f3 que est\u00e0 sent investigada per la Fiscalia Anticorrupci\u00f3 en aquests moments per haver estat utilitzada presumiblement per a blanquejar capitals d&#8217;origen il.l\u00edcit ocults a les Illes del Canal de la M\u00e0nega.Aquesta operaci\u00f3 va consistir al menys en <b>la compra de 1152 oficines del Banco Santander per m\u00e9s de 2.177 milions d&#8217;euros<\/b>, emprant per a aix\u00f2 la direcci\u00f3 dels seus pares, a trav\u00e9s de la societat <b><i>Samos Servicios Generales<\/i><\/b>, empresa sense cap empleat de la que es apoderat, situada a les Antilles Holandeses i Luxemburg.<\/p>\n<p>El responsable \u00faltim d&#8217;aquesta turbulenta operaci\u00f3 per part del Banc Santander es <i>Alfredo Sa\u00e9nz Abad<\/i>, el banquer que va indultar Zapatero (el dia abans d&#8217;abandonar el poder) per participar en un delicte amb el Jutge <i>Estevill <\/i>&#8211; curiosament el mateix jutge, \u00edntim de <i>Jordi Pujol Soley<\/i>, que moltes vegades va fallar al seu favor condemnant per per prevaricaci\u00f3 continuada.Per\u00f2 el CV de l&#8217;<i>Alfredo Sa\u00e9nz Abad<\/i> es molt m\u00e9s extens.Va ser conseller delegat (1983 &#8211; 1986) de Banca Catalunya i dirigir el seu salvament despr\u00e9s de ser adquirida pel Banc Vizcaya. Amb la qual cosa el cercle de favors es tanca.<i>Alfredo S\u00e1enz Abad<\/i> t\u00e9 molt a explicar i per tan demanem la seva compareixensa a la Comissi\u00f3 Parlament\u00e0ria del Cas Pujol.L&#8217;entramat presumiblement controlat pel clan Pujol que es va emprar per aquesta turbulenta jugada de pressumpte blanqueix de capitals provinents de la corrupci\u00f3 pol\u00edtica va adquirir tamb\u00e9 105 oficines de Bankia per gairebe 100 millons de euros.]<\/p>\n<p>i a m\u00e9s:<\/p>\n<ul>\n<li><b><i>Germ\u00e0 Gord\u00f3<\/i><\/b>, conseller de justicia.<\/li>\n<\/ul>\n<p>&nbsp;<\/p>\n<h3>B &#8211; Investigaci\u00f3 de la fiscal\u00eda<\/h3>\n<p><b>Demanem la compareixen\u00e7a de:<\/b><\/p>\n<ul>\n<li style=\"margin-bottom:15px;\"><b><i>Alejandro Luz\u00f3n<\/i><\/b> fiscal de 3 dels 4 casos oberts contra la fam\u00eda Pujol.<\/li>\n<li style=\"margin-bottom:15px;\"><b><i>Fernando Maldonado<\/i><\/b>, fiscal del cas ITV.<\/li>\n<li style=\"margin-bottom:15px;\">La fiscal <b><i>Carmen Launa<\/i><\/b> de la fiscal\u00eda de Madrid, coneixedora de totes les informacions filtrades relatives al HSBC, on per primera vegada van apar\u00e8ixer els noms dels Pujol.<\/li>\n<\/ul>\n<p>&nbsp;<\/p>\n<h3>C &#8211; Investigaci\u00f3 tributaria<\/h3>\n<p><b>Demanem la compareixen\u00e7a de:<\/b><\/p>\n<ul>\n<li style=\"margin-bottom:15px;\"><b><i>Juan Manuel L\u00f3pez Carbajo<\/i><\/b> director de l&#8217;Agencia Tribut\u00e0ria entre maig de 2010 i juny de 2011 sota l&#8217;\u00faltim Gobierno de Zapatero.<\/li>\n<\/ul>\n<p>&#8211;<b> En relaci\u00f3 amb cualsevol persona de la fam\u00edlia Pujol Ferrusola<\/b> o societats de les que es tingui coneixement la seva participaci\u00f3, incloent com a tals les que han declarat als seus models 720, 750 o declaracions de Patrimoni o les que s&#8217;hagin mencionat en cualsevol informe d&#8217;investigaci\u00f3 realitzat sobre aquestes persons, <b>solicitem a l&#8217;AEAT :<\/b><\/p>\n<ul>\n<li style=\"margin-bottom:15px;\">El volcat desde la seva base nacional de dades (BDN) de la informaci\u00f3 completa de transaccions financieres, tr\u00e1fic de divises, entrades comercials e invisibles, tr\u00e0fic exterior, DUAS, models 720, 750 junt amb la resta d&#8217;informaci\u00f3 fiscal continguda en aquestes bases.<\/li>\n<li style=\"margin-bottom:15px;\">Tota la informaci\u00f3 completa sobre actuacions d&#8217;investigaci\u00f3 pr\u00e8vies a actuacions inspectores i de comprobaci\u00f3, les pr\u00f2pies actuacions inspectores, de comprobaci\u00f3, de comprobaci\u00f3 limitada o de verificaci\u00f3 que s&#8217;hagin realitzat en cualsevol dels anys que consten a les seves bases de dades, inclo\u00ebnt tots els expedients que hagin estat compet\u00e8ncia de cualsevol Delegaci\u00f3 Especial o Central.<\/li>\n<li style=\"margin-bottom:15px;\">Cualsevol den\u00fancia o informaci\u00f3 rebuda i de la que es tingui const\u00e0ncia, ben presentada per particulars o per Administracions Tribut\u00e0ries internacionals.<\/li>\n<\/ul>\n<p>[Mot\u00edus:  en relaci\u00f3 als diners defraudats i front a les negatives a cooperar,  tant d&#8217;Andorra com de Su\u00efssa, demanarem la relaci\u00f3 de dades aduaneres de totes les empreses vinculades amb la fam\u00edlia Pujol i, per altra banda, demanarem la col.laboraci\u00f3 de l&#8217;Eurofisc, per rastrejar els movimients d&#8217;aquestes empreses per tota Europa, tenient en compte que l&#8217;Eurofisc t\u00e9 tamb\u00e9 un registre d&#8217;empresas ja considerades fraudulentes.<br \/>\nComo que el gruix de la investigaci\u00f3 patrimonial est\u00e1 en els fills, t\u00e9 especial relev\u00e0ncia la documentaci\u00f3 del AEAT: base de dades completa, expedients de comprobaci\u00f3 iniciats,  declaracions presentades, regularitzacions extraordin\u00e0ries, denuncies recibudes\u2026  aix\u00ed com els tr\u00e0mits relacionats amb l&#8217;Impost de Successions.]<\/p>\n<p>[<b>Mot\u00edus: <\/b> en relaci\u00f3 als diners defraudats i front a les negatives a cooperar, tant d&#8217;Andorra com de Su\u00efssa, demanarem la relaci\u00f3 de dades aduaneres de totes les empreses vinculades amb la fam\u00edlia Pujol i, per altra banda, demanarem la col.laboraci\u00f3 de l&#8217;Eurofisc, per rastrejar els movimients d&#8217;aquestes empreses per tota Europa, tenient en compte que l&#8217;Eurofisc t\u00e9 tamb\u00e9 un registre d&#8217;empresas ja considerades fraudulentes.Como que el gruix de la investigaci\u00f3 patrimonial est\u00e1 en els fills, t\u00e9 especial relev\u00e0ncia la documentaci\u00f3 del AEAT: base de dades completa, expedients de comprobaci\u00f3 iniciats, declaracions presentades, regularitzacions extraordin\u00e0ries, denuncies recibudes\u2026 aix\u00ed com els tr\u00e0mits relacionats amb l&#8217;Impost de Successions.]<\/p>\n<p>Hem escoltat a <b><i>Crist\u00f3bal Montoro<\/i><\/b> dir al Parlament que porten <a href=\"http:\/\/noticias.lainformacion.com\/espana\/montoro-reconoce-que-hacienda-investiga-a-pujol-desde-el-ano-2000_pvE3x4XqXkPjexXA4mmMH5\/ \">investigant fiscalment al clan Pujol des de l&#8217;any 2000<\/a> i tractar de conv\u00e8ncer-nos d&#8217;aquesta afirmaci\u00f3 ja que ell era el ministre d&#8217;Hisenda en aquella \u00e8poca. Si es aix\u00ed, \u00bfper qu\u00e8 a cap de les fonts que hem contactat els consta la exist\u00e8ncia oficial de cap expedient? A efecte d&#8217;aclarir si han existit oficialment investigacions li demanarem el d\u00eda de la seva compareixen\u00e7a.<\/p>\n<p><i><a href=\"http:\/\/estaticos.elperiodico.com\/resources\/pdf\/6\/7\/1422208579476.pdf\" target=\"_blank\">Document<\/a> del cas de les ITV on es pot veure com tots estaven involucrats.<\/i><br \/>\n&nbsp;<br \/>\n<\/p>","protected":false},"excerpt":{"rendered":"<p>Cas Pujol &#8211; Un combat manipulat &#8211; Proves exigides avui pel #GrupAnticorrupcio<\/p>\n","protected":false},"author":8,"featured_media":7238,"comment_status":"closed","ping_status":"closed","sticky":false,"template":"","format":"standard","meta":{"footnotes":""},"categories":[52],"tags":[],"class_list":["post-7230","post","type-post","status-publish","format-standard","has-post-thumbnail","hentry","category-blog","ejes-anticorrupcion"],"yoast_head":"<!-- This site is optimized with the Yoast SEO plugin v26.7 - https:\/\/yoast.com\/wordpress\/plugins\/seo\/ -->\n<title>Cas Pujol - Un combat manipulat Primer round<\/title>\n<meta name=\"description\" content=\"(Es) El Grupo Ciudadano contra la Corrupci\u00f3n en Catalunya pide material y comparecencias en la sesi\u00f3n de la Comisi\u00f3n sobre el Cas Pujol.\" \/>\n<meta name=\"robots\" content=\"index, follow, max-snippet:-1, max-image-preview:large, max-video-preview:-1\" \/>\n<link rel=\"canonical\" href=\"https:\/\/dev.xnet-x.net\/ca\/cas-pujol-grup-anticorrupcio-primer-round\/\" \/>\n<meta name=\"twitter:label1\" content=\"Written by\" \/>\n\t<meta name=\"twitter:data1\" content=\"Xnet\" \/>\n\t<meta name=\"twitter:label2\" content=\"Est. reading time\" \/>\n\t<meta name=\"twitter:data2\" content=\"15 minutes\" \/>\n<script type=\"application\/ld+json\" class=\"yoast-schema-graph\">{\"@context\":\"https:\/\/schema.org\",\"@graph\":[{\"@type\":\"Article\",\"@id\":\"https:\/\/dev.xnet-x.net\/ca\/cas-pujol-grup-anticorrupcio-primer-round\/#article\",\"isPartOf\":{\"@id\":\"https:\/\/dev.xnet-x.net\/ca\/cas-pujol-grup-anticorrupcio-primer-round\/\"},\"author\":{\"name\":\"Xnet\",\"@id\":\"https:\/\/dev.xnet-x.net\/es\/#\/schema\/person\/286e07d1c80ea3bcc60b6ef8b146e637\"},\"headline\":\"Cas Pujol &#8211; Un combat manipulat Primer round\",\"datePublished\":\"2015-01-25T21:06:30+00:00\",\"dateModified\":\"2017-10-27T23:22:53+00:00\",\"mainEntityOfPage\":{\"@id\":\"https:\/\/dev.xnet-x.net\/ca\/cas-pujol-grup-anticorrupcio-primer-round\/\"},\"wordCount\":3048,\"publisher\":{\"@id\":\"https:\/\/dev.xnet-x.net\/es\/#organization\"},\"image\":{\"@id\":\"https:\/\/dev.xnet-x.net\/ca\/cas-pujol-grup-anticorrupcio-primer-round\/#primaryimage\"},\"thumbnailUrl\":\"https:\/\/dev.xnet-x.net\/img\/caso-pujol-round1.jpg\",\"articleSection\":[\"Blog - Les nostres accions\"],\"inLanguage\":\"ca-ES\"},{\"@type\":\"WebPage\",\"@id\":\"https:\/\/dev.xnet-x.net\/ca\/cas-pujol-grup-anticorrupcio-primer-round\/\",\"url\":\"https:\/\/dev.xnet-x.net\/ca\/cas-pujol-grup-anticorrupcio-primer-round\/\",\"name\":\"Cas Pujol - Un combat manipulat Primer round\",\"isPartOf\":{\"@id\":\"https:\/\/dev.xnet-x.net\/ca\/#website\"},\"primaryImageOfPage\":{\"@id\":\"https:\/\/dev.xnet-x.net\/ca\/cas-pujol-grup-anticorrupcio-primer-round\/#primaryimage\"},\"image\":{\"@id\":\"https:\/\/dev.xnet-x.net\/ca\/cas-pujol-grup-anticorrupcio-primer-round\/#primaryimage\"},\"thumbnailUrl\":\"https:\/\/dev.xnet-x.net\/img\/caso-pujol-round1.jpg\",\"datePublished\":\"2015-01-25T21:06:30+00:00\",\"dateModified\":\"2017-10-27T23:22:53+00:00\",\"description\":\"(Es) El Grupo Ciudadano contra la Corrupci\u00f3n en Catalunya pide material y comparecencias en la sesi\u00f3n de la Comisi\u00f3n sobre el Cas Pujol.\",\"breadcrumb\":{\"@id\":\"https:\/\/dev.xnet-x.net\/ca\/cas-pujol-grup-anticorrupcio-primer-round\/#breadcrumb\"},\"inLanguage\":\"ca-ES\",\"potentialAction\":[{\"@type\":\"ReadAction\",\"target\":[[\"https:\/\/dev.xnet-x.net\/ca\/cas-pujol-grup-anticorrupcio-primer-round\/\"]]}]},{\"@type\":\"ImageObject\",\"inLanguage\":\"ca-ES\",\"@id\":\"https:\/\/dev.xnet-x.net\/ca\/cas-pujol-grup-anticorrupcio-primer-round\/#primaryimage\",\"url\":\"https:\/\/dev.xnet-x.net\/img\/caso-pujol-round1.jpg\",\"contentUrl\":\"https:\/\/dev.xnet-x.net\/img\/caso-pujol-round1.jpg\",\"width\":1200,\"height\":630,\"caption\":\"Caso Pujol Round1\"},{\"@type\":\"BreadcrumbList\",\"@id\":\"https:\/\/dev.xnet-x.net\/ca\/cas-pujol-grup-anticorrupcio-primer-round\/#breadcrumb\",\"itemListElement\":[{\"@type\":\"ListItem\",\"position\":1,\"name\":\"Portada\",\"item\":\"https:\/\/dev.xnet-x.net\/ca\/\"},{\"@type\":\"ListItem\",\"position\":2,\"name\":\"Cas Pujol &#8211; Un combat manipulat Primer round\"}]},{\"@type\":\"WebSite\",\"@id\":\"https:\/\/dev.xnet-x.net\/ca\/#website\",\"url\":\"https:\/\/dev.xnet-x.net\/ca\/\",\"name\":\"[:es]Xnet - Internet, derechos y democracia en la era digital[:ca]Xnet - Internet, drets i democr\u00e0cia en l'era digital[:en]Xnet - Internet freedoms & digital rights[:]\",\"description\":\"Xnet: Internet, informaci\u00f3 i cultura lliures. Tecnopol\u00edtica. Dades, algoritmes i drets digitals. Llibertat d&#039;expressi\u00f3. Democr\u00e0cia i anticorrupci\u00f3\",\"publisher\":{\"@id\":\"https:\/\/dev.xnet-x.net\/ca\/#organization\"},\"potentialAction\":[{\"@type\":\"SearchAction\",\"target\":{\"@type\":\"EntryPoint\",\"urlTemplate\":\"https:\/\/dev.xnet-x.net\/ca\/?s={search_term_string}\"},\"query-input\":{\"@type\":\"PropertyValueSpecification\",\"valueRequired\":true,\"valueName\":\"search_term_string\"}}],\"inLanguage\":\"ca-ES\"},{\"@type\":\"Organization\",\"@id\":\"https:\/\/dev.xnet-x.net\/ca\/#organization\",\"name\":\"Xnet - Internet, drets i democr\u00e0cia en l'era digital\",\"url\":\"https:\/\/dev.xnet-x.net\/ca\/\",\"logo\":{\"@type\":\"ImageObject\",\"inLanguage\":\"ca-ES\",\"@id\":\"https:\/\/dev.xnet-x.net\/ca\/#\/schema\/logo\/image\/\",\"url\":\"https:\/\/xnet-x.net\/img\/xnet-logo.png\",\"contentUrl\":\"https:\/\/xnet-x.net\/img\/xnet-logo.png\",\"width\":512,\"height\":512,\"caption\":\"Xnet - Internet, drets i democr\u00e0cia en l'era digital\"},\"image\":{\"@id\":\"https:\/\/dev.xnet-x.net\/ca\/#\/schema\/logo\/image\/\"},\"sameAs\":[\"http:\/\/facebook.com\/RedX.Net\/\",\"https:\/\/x.com\/x_net_\",\"https:\/\/es.wikipedia.org\/wiki\/Xnet\"]},{\"@type\":\"Person\",\"@id\":\"https:\/\/dev.xnet-x.net\/es\/#\/schema\/person\/286e07d1c80ea3bcc60b6ef8b146e637\",\"name\":\"Xnet\",\"image\":{\"@type\":\"ImageObject\",\"inLanguage\":\"ca-ES\",\"@id\":\"https:\/\/dev.xnet-x.net\/ca\/#\/schema\/person\/image\/\",\"url\":\"https:\/\/secure.gravatar.com\/avatar\/76eee622ce1df16aa986c0f990545e62b4c87e399e6c2a5fcfe24a092d2ba829?s=96&d=mm&r=g\",\"contentUrl\":\"https:\/\/secure.gravatar.com\/avatar\/76eee622ce1df16aa986c0f990545e62b4c87e399e6c2a5fcfe24a092d2ba829?s=96&d=mm&r=g\",\"caption\":\"Xnet\"}}]}<\/script>\n<!-- \/ Yoast SEO plugin. -->","yoast_head_json":{"title":"Cas Pujol - Un combat manipulat Primer round","description":"(Es) El Grupo Ciudadano contra la Corrupci\u00f3n en Catalunya pide material y comparecencias en la sesi\u00f3n de la Comisi\u00f3n sobre el Cas Pujol.","robots":{"index":"index","follow":"follow","max-snippet":"max-snippet:-1","max-image-preview":"max-image-preview:large","max-video-preview":"max-video-preview:-1"},"canonical":"https:\/\/dev.xnet-x.net\/ca\/cas-pujol-grup-anticorrupcio-primer-round\/","twitter_misc":{"Written by":"Xnet","Est. reading time":"15 minutes"},"schema":{"@context":"https:\/\/schema.org","@graph":[{"@type":"Article","@id":"https:\/\/dev.xnet-x.net\/ca\/cas-pujol-grup-anticorrupcio-primer-round\/#article","isPartOf":{"@id":"https:\/\/dev.xnet-x.net\/ca\/cas-pujol-grup-anticorrupcio-primer-round\/"},"author":{"name":"Xnet","@id":"https:\/\/dev.xnet-x.net\/es\/#\/schema\/person\/286e07d1c80ea3bcc60b6ef8b146e637"},"headline":"Cas Pujol &#8211; Un combat manipulat Primer round","datePublished":"2015-01-25T21:06:30+00:00","dateModified":"2017-10-27T23:22:53+00:00","mainEntityOfPage":{"@id":"https:\/\/dev.xnet-x.net\/ca\/cas-pujol-grup-anticorrupcio-primer-round\/"},"wordCount":3048,"publisher":{"@id":"https:\/\/dev.xnet-x.net\/es\/#organization"},"image":{"@id":"https:\/\/dev.xnet-x.net\/ca\/cas-pujol-grup-anticorrupcio-primer-round\/#primaryimage"},"thumbnailUrl":"https:\/\/dev.xnet-x.net\/img\/caso-pujol-round1.jpg","articleSection":["Blog - Les nostres accions"],"inLanguage":"ca-ES"},{"@type":"WebPage","@id":"https:\/\/dev.xnet-x.net\/ca\/cas-pujol-grup-anticorrupcio-primer-round\/","url":"https:\/\/dev.xnet-x.net\/ca\/cas-pujol-grup-anticorrupcio-primer-round\/","name":"Cas Pujol - Un combat manipulat Primer round","isPartOf":{"@id":"https:\/\/dev.xnet-x.net\/ca\/#website"},"primaryImageOfPage":{"@id":"https:\/\/dev.xnet-x.net\/ca\/cas-pujol-grup-anticorrupcio-primer-round\/#primaryimage"},"image":{"@id":"https:\/\/dev.xnet-x.net\/ca\/cas-pujol-grup-anticorrupcio-primer-round\/#primaryimage"},"thumbnailUrl":"https:\/\/dev.xnet-x.net\/img\/caso-pujol-round1.jpg","datePublished":"2015-01-25T21:06:30+00:00","dateModified":"2017-10-27T23:22:53+00:00","description":"(Es) El Grupo Ciudadano contra la Corrupci\u00f3n en Catalunya pide material y comparecencias en la sesi\u00f3n de la Comisi\u00f3n sobre el Cas Pujol.","breadcrumb":{"@id":"https:\/\/dev.xnet-x.net\/ca\/cas-pujol-grup-anticorrupcio-primer-round\/#breadcrumb"},"inLanguage":"ca-ES","potentialAction":[{"@type":"ReadAction","target":[["https:\/\/dev.xnet-x.net\/ca\/cas-pujol-grup-anticorrupcio-primer-round\/"]]}]},{"@type":"ImageObject","inLanguage":"ca-ES","@id":"https:\/\/dev.xnet-x.net\/ca\/cas-pujol-grup-anticorrupcio-primer-round\/#primaryimage","url":"https:\/\/dev.xnet-x.net\/img\/caso-pujol-round1.jpg","contentUrl":"https:\/\/dev.xnet-x.net\/img\/caso-pujol-round1.jpg","width":1200,"height":630,"caption":"Caso Pujol Round1"},{"@type":"BreadcrumbList","@id":"https:\/\/dev.xnet-x.net\/ca\/cas-pujol-grup-anticorrupcio-primer-round\/#breadcrumb","itemListElement":[{"@type":"ListItem","position":1,"name":"Portada","item":"https:\/\/dev.xnet-x.net\/ca\/"},{"@type":"ListItem","position":2,"name":"Cas Pujol &#8211; Un combat manipulat Primer round"}]},{"@type":"WebSite","@id":"https:\/\/dev.xnet-x.net\/ca\/#website","url":"https:\/\/dev.xnet-x.net\/ca\/","name":"[:es]Xnet - Internet, derechos y democracia en la era digital[:ca]Xnet - Internet, drets i democr\u00e0cia en l'era digital[:en]Xnet - Internet freedoms & digital rights[:]","description":"Xnet: Internet, informaci\u00f3 i cultura lliures. Tecnopol\u00edtica. Dades, algoritmes i drets digitals. Llibertat d&#039;expressi\u00f3. Democr\u00e0cia i anticorrupci\u00f3","publisher":{"@id":"https:\/\/dev.xnet-x.net\/ca\/#organization"},"potentialAction":[{"@type":"SearchAction","target":{"@type":"EntryPoint","urlTemplate":"https:\/\/dev.xnet-x.net\/ca\/?s={search_term_string}"},"query-input":{"@type":"PropertyValueSpecification","valueRequired":true,"valueName":"search_term_string"}}],"inLanguage":"ca-ES"},{"@type":"Organization","@id":"https:\/\/dev.xnet-x.net\/ca\/#organization","name":"Xnet - Internet, drets i democr\u00e0cia en l'era digital","url":"https:\/\/dev.xnet-x.net\/ca\/","logo":{"@type":"ImageObject","inLanguage":"ca-ES","@id":"https:\/\/dev.xnet-x.net\/ca\/#\/schema\/logo\/image\/","url":"https:\/\/xnet-x.net\/img\/xnet-logo.png","contentUrl":"https:\/\/xnet-x.net\/img\/xnet-logo.png","width":512,"height":512,"caption":"Xnet - Internet, drets i democr\u00e0cia en l'era digital"},"image":{"@id":"https:\/\/dev.xnet-x.net\/ca\/#\/schema\/logo\/image\/"},"sameAs":["http:\/\/facebook.com\/RedX.Net\/","https:\/\/x.com\/x_net_","https:\/\/es.wikipedia.org\/wiki\/Xnet"]},{"@type":"Person","@id":"https:\/\/dev.xnet-x.net\/es\/#\/schema\/person\/286e07d1c80ea3bcc60b6ef8b146e637","name":"Xnet","image":{"@type":"ImageObject","inLanguage":"ca-ES","@id":"https:\/\/dev.xnet-x.net\/ca\/#\/schema\/person\/image\/","url":"https:\/\/secure.gravatar.com\/avatar\/76eee622ce1df16aa986c0f990545e62b4c87e399e6c2a5fcfe24a092d2ba829?s=96&d=mm&r=g","contentUrl":"https:\/\/secure.gravatar.com\/avatar\/76eee622ce1df16aa986c0f990545e62b4c87e399e6c2a5fcfe24a092d2ba829?s=96&d=mm&r=g","caption":"Xnet"}}]}},"_links":{"self":[{"href":"https:\/\/dev.xnet-x.net\/ca\/wp-json\/wp\/v2\/posts\/7230","targetHints":{"allow":["GET"]}}],"collection":[{"href":"https:\/\/dev.xnet-x.net\/ca\/wp-json\/wp\/v2\/posts"}],"about":[{"href":"https:\/\/dev.xnet-x.net\/ca\/wp-json\/wp\/v2\/types\/post"}],"author":[{"embeddable":true,"href":"https:\/\/dev.xnet-x.net\/ca\/wp-json\/wp\/v2\/users\/8"}],"replies":[{"embeddable":true,"href":"https:\/\/dev.xnet-x.net\/ca\/wp-json\/wp\/v2\/comments?post=7230"}],"version-history":[{"count":6,"href":"https:\/\/dev.xnet-x.net\/ca\/wp-json\/wp\/v2\/posts\/7230\/revisions"}],"predecessor-version":[{"id":10751,"href":"https:\/\/dev.xnet-x.net\/ca\/wp-json\/wp\/v2\/posts\/7230\/revisions\/10751"}],"wp:featuredmedia":[{"embeddable":true,"href":"https:\/\/dev.xnet-x.net\/ca\/wp-json\/wp\/v2\/media\/7238"}],"wp:attachment":[{"href":"https:\/\/dev.xnet-x.net\/ca\/wp-json\/wp\/v2\/media?parent=7230"}],"wp:term":[{"taxonomy":"category","embeddable":true,"href":"https:\/\/dev.xnet-x.net\/ca\/wp-json\/wp\/v2\/categories?post=7230"},{"taxonomy":"post_tag","embeddable":true,"href":"https:\/\/dev.xnet-x.net\/ca\/wp-json\/wp\/v2\/tags?post=7230"}],"curies":[{"name":"wp","href":"https:\/\/api.w.org\/{rel}","templated":true}]}}