{"id":7055,"date":"2015-01-11T14:00:21","date_gmt":"2015-01-11T13:00:21","guid":{"rendered":"http:\/\/xnet-x.net\/?p=7055"},"modified":"2021-09-08T12:42:40","modified_gmt":"2021-09-08T10:42:40","slug":"grupo-anticorrupcion-catalunya","status":"publish","type":"post","link":"https:\/\/dev.xnet-x.net\/ca\/grup-anticorrupcio-catalunya\/","title":{"rendered":"Neix el Grup Ciutad\u00e0 Contra la Corrupci\u00f3 a Catalunya"},"content":{"rendered":"<p><\/p>\n<h4 style=\"text-align:center\">V\u00eddeo de la roda de pemsa de presentaci\u00f3<\/h4>\n<div style=\"text-align:center\"><iframe loading=\"lazy\" src=\"https:\/\/embed.bambuser.com\/broadcast\/5231104\" width=\"240\" height=\"170\" frameborder=\"0\">Your browser does not support iframes.<\/iframe><\/div>\n<p>&nbsp;<br \/>\n<strong><a href=\"http:\/\/xnet-x.net\/ca\/\">Xnet<\/a><\/strong> &#8211; grup activista que des de 2008 treballa per la democr\u00e0cia, el dret a la informaci\u00f3 i contra la corrupci\u00f3 &#8211; convoca aquest espai, en qu\u00e8 participen algunes de les persones i organitzacions que m\u00e9s han destacat en la lluita contra la corrupci\u00f3 a Catalunya.<\/p>\n<p>No es tracta de crear un grup nou sin\u00f3 de potenciar i federar les compet\u00e8ncies de grups i persones ja actives en la mat\u00e8ria en una xarxa activa, estable, coordinada i col\u00b7laborativa contra la corrupci\u00f3.<\/p>\n<blockquote><p>Estem aqu\u00ed perqu\u00e8 governs acabats, atrinxerats rere codis penals i lleis pensades per castigar <a href=\"http:\/\/www.eldiario.es\/politica\/herramientas-sindicatos-empresas-responsabilidad-corrupcion_0_345416070.html\" target=\"_blank\" rel=\"noopener noreferrer\">a qui lluita i construeix i facilitar la impunitat dels corruptes<\/a>, poden ser derrotats defensant i fent un us col\u00b7lect\u00edu i implacable del nostre dret a saber i a informar.<\/p><\/blockquote>\n<p>&nbsp;<\/p>\n<h3>L&#8217;equip de treball compta amb la seg\u00fcent <strong>composici\u00f3 i funcions<\/strong>:<\/h3>\n<ul>\n<li style=\"margin-bottom:15px;\"><strong><a href=\"https:\/\/xnet-x.net\/ca\/\">Xnet<\/a><\/strong>, amb les persones de <em>Simona Levi<\/em>, <em>Sergio Salgado<\/em> i <em>Pau L\u00f3pez<\/em> com a <a href=\"http:\/\/xnet-x.net\/ca\/quienes-somos\">portaveus i coordinadors<\/a>. Xnet posa tamb\u00e9 a disposici\u00f3 la <a href=\"https:\/\/xnet-x.net\/ca\/bustia-xnet\"><strong>B\u00fastia d&#8217;Xnet<\/strong> de filtracions contra la corrupci\u00f3<\/a>  per canalitzar la informaci\u00f3 rellevant  que envi\u00ef la resta de la ciutadania.<\/li>\n<li style=\"margin-bottom:15px;\"><a href=\"https:\/\/twitter.com\/HiginiaRoig\"><strong><em>David Fern\u00e0ndez<\/em><\/strong><\/a>, com a president de la <strong>Comissi\u00f3 Parlament\u00e0ria<\/strong> sobre el Cas Pujol com a diputat de la <a href=\"http:\/\/www.parlament.cup.cat\/\"><em>CUP-Parlament<\/em><\/a>, portar\u00e0 la <a href=\"http:\/\/llumsitaquigrafs.tumblr.com\/\">coordinaci\u00f3 de la feina al voltant de la comissi\u00f3 parlament\u00e0ria sobre el Cas Pujol<\/a>; aquesta feina seguir\u00e0 a nivell ciutad\u00e0 tot i que es convoquin eleccions.<\/li>\n<li style=\"margin-bottom:15px;\">Els activistes de <strong><a href=\"http:\/\/15mparato.wordpress.com\/\">15MpaRato<\/a><\/strong> s&#8217;encarregaran de la coordinaci\u00f3 i difusi\u00f3 de l&#8217;estrat\u00e8gia jur\u00eddica.<\/li>\n<li style=\"margin-bottom:15px;\"><strong><a href=\"http:\/\/www.cafeambllet.com\/\" title=\"ir a la revista Caf\u00e8 amb Llet\" target=\"_blank\" rel=\"noopener noreferrer\">Caf\u00e8 amb Llet<\/a><\/strong>, com a experts en la lluita contra la corrupci\u00f3 dins de l&#8217;\u00e0mbit de la sanitat.<\/li>\n<li style=\"margin-bottom:15px;\"><strong>La <a href=\"http:\/\/www.favb.cat\/\" title=\"ir a la p\u00e1gina web de FAVB\" target=\"_blank\" rel=\"noopener noreferrer\">FAVB<\/a><\/strong> com a exemple de vigil\u00e0ncia ciutadana anticorrupci\u00f3 en casos com el &#8220;Cas Palau&#8221; i la trama de corrupci\u00f3 de Ciutat Vella. Des del 2009 alerta de &#8220;l&#8217;atac  sostingut  contra all\u00f2 p\u00fablic&#8221; i de la necessitat de que  &#8220;<a href=\"http:\/\/www.favb.cat\/files\/manifest_corrupcio.pdf\" target=\"_blank\" rel=\"noopener noreferrer\">transformem la nostra  indignaci\u00f3 en movimient<\/a>&#8220;<\/li>\n<li style=\"margin-bottom:15px;\"><strong>Rafa Burgos<\/strong>, periodista i escriptor, autor de &#8220;<em>Crema Catalana. Amiguisme, corrupci\u00f3 i altres mis\u00e8ries&#8221; <\/em> (Icaria Editorial) i <em>&#8220;La Casta. Qui s\u00f3n i com actuen&#8221;<\/em> (El vell talp) on explica, sense allunyar-se de la informaci\u00f3 vera\u00e7 per\u00f2 amb ironia, tot all\u00f2 que amaguen bancs, monarquia, escoles de negocis o mitjans de comunicaci\u00f3.<\/li>\n<li style=\"margin-bottom:15px;\">Amb la col\u00b7laboraci\u00f3 de la Comissi\u00f3 Anticorrupci\u00f3 del <strong><a href=\"http:\/\/partidox.org\" title=\"ir a la web del Partido X\" target=\"_blank\" rel=\"noopener noreferrer\">Partit X<\/a><\/strong>, per les seves compet\u00e8ncies i xarxes de suport molt actives en aquesta mat\u00e8ria.<\/li>\n<\/ul>\n<p>Com a <strong>consultors experts<\/strong> compata amb:<\/p>\n<ul>\n<li style=\"margin-bottom:15px;\">L&#8217;equip d&#8217;activistes, periodistes, auditors, consultors i advocats de la <strong>B\u00fastia d&#8217;Xnet<\/strong>.<\/li>\n<li style=\"margin-bottom:15px;\"><strong>Ra\u00fal Burillo<\/strong>: Delegaci\u00f3 especial de l&#8217;Ag\u00e8ncia Tribut\u00e0ria a Catalunya fins al 2006 i delegat especial de l&#8217;Ag\u00e8ncia Tribut\u00e0ria a Balears fins 2010.<\/li>\n<\/ul>\n<p>&nbsp;<\/p>\n<h3>Els objectius d&#8217;aquest Grup Ciutad\u00e0 Contra la Corrupci\u00f3 a Catalunya s\u00f3n:<\/h3>\n<ul>\n<li style=\"margin-bottom:15px;\"><strong>Prendre la iniciativa<\/strong>, des de la ciutadania, <strong>de la Comissi\u00f3 d&#8217;Investigaci\u00f3 Parlament\u00e0ria del &#8220;Cas Pujol&#8221;<\/strong> que es veur\u00e0 interrumpuda per la convocat\u00f2ria electoral.<\/li>\n<li style=\"margin-bottom:15px;\"><strong>Deixar const\u00e0ncia del fet que ho va fer la ciutadania: <a href=\"https:\/\/twitter.com\/search?q=%23laciudadanialohizo&#038;src=typd\" target=\"_blank\" rel=\"noopener noreferrer\">#LaCiudadan\u00edaLoHizo<\/a><\/strong>.   No ha estat el Govern, no han estat els  partits,  res d&#8217;aix\u00f2 ha estat per casualitat. Si estem desmantellant les xarxes de corrupci\u00f3 \u00e9s gr\u00e0cies al treball de la ciutadania  organitzada.<\/li>\n<li style=\"margin-bottom:15px;\"><strong>Optimitzar el treball de cadascun dels actors<\/strong> que formen part del Grup Ciutad\u00e0 Contra la Corrupci\u00f3 a Catalunya per accelerar el proc\u00e9s els seus objetius d&#8217;esclariment, reparaci\u00f3 i garanties de no-repetici\u00f3 en diversos casos, tant com sigui possible.<\/li>\n<li style=\"margin-bottom:15px;\"><strong>Amplificar<\/strong> la pressi\u00f3 ciutadana contra les institucions c\u00f2mplices, i recolzar la feina d&#8217;aquells servidors p\u00fablics que, contr\u00e0riament, fan la seva feina honestament, aix\u00ed com protegir i ajudar les persones que denuncien la corrupci\u00f3.<\/li>\n<li style=\"margin-bottom:15px;\"><strong>Garantir el dret a la informaci\u00f3<\/strong> de l&#8217;opini\u00f3 p\u00fablica i facilitar els canals per a la col\u00b7laboraci\u00f3 ciutadana, en investigacions de codi obert i pels nostres propis mitjans que funcionin com a control democr\u00e0tic, com ara la <strong>B\u00fastia d&#8217;Xnet de filtracions contra la corrupci\u00f3<\/strong>.<\/li>\n<li style=\"margin-bottom:15px;\"><strong>Evitar l&#8217;\u00fas del treball anticorrupci\u00f3 de la ciutadania amb finalitats electorals<\/strong> en un any dens de cites electorals. Els partits no ho van fer. Els partits no ho van fer, ho va fer la ciutadania (<a href=\"https:\/\/twitter.com\/search?q=%23laciudadanialohizo&#038;src=typd\" target=\"_blank\" rel=\"noopener noreferrer\">#LaCiudadan\u00edaLoHizo<\/a>) i m\u00e9s enll\u00e0 dels cicles electorals, nosaltres seguirem fent-ho.<\/li>\n<li style=\"margin-bottom:15px;\">Ajudar i defensar els ciutadans que decideixen denunciar la corrupci\u00f3 (veure la <a href=\"http:\/\/blogs.publico.es\/el-cuarto-poder-en-red\/2014\/12\/09\/como-luchamos-contra-la-corrupcion-manual-de-uso-para-la-ciudadania\/\">guia de lluita contra la corrupci\u00f3 d&#8217;Xnet<\/a>).<\/li>\n<\/ul>\n<p>&nbsp;<\/p>\n<p>Convidem a tota la ciutadania a contribuir al treball d&#8217;aquest grup aportant informaci\u00f3 mitjan\u00e7ant la <strong><a href=\"\/buzon-filtrar-casos-de-corrupcion\">B\u00fastia d&#8217;Xnet<\/a><\/strong>.<\/p>\n<p>Portarem a terme el nostre treball mitjan\u00e7ant interpel.lacions i accions concretes.<\/p>\n<p>La primera d&#8217;elles est\u00e0 relacionada amb la Comissi\u00f3 d&#8217;Investigaci\u00f3 Parlament\u00e0ria sobre el Cas Pujol.<\/p>\n<p>Treballem, avui i en primera inst\u00e0ncia, per esclarir l&#8217;esquema delict\u00edu, les din\u00e0miques de blanqueig i evasi\u00f3 de capitals i el frau fiscal amb relaci\u00f3 al cas Pujol. <\/p>\n<p>&nbsp;<\/p>\n<div style=\"padding:15px; border: 1px solid #f05;\">\nL&#8217;Ajuntament de Barcelona crea l&#8217;<strong>Oficina per la Transpar\u00e8ncia i les Bones Pr\u00e0ctiques de l\u2019Ajuntament de Barcelona<\/strong> per la gesti\u00f3 de la qual compta amb l&#8217;assessorament del Grup Ciutad\u00e0 contra la Corrupci\u00f3 a Catalunya.<\/p>\n<p>Aquesta col\u00b7laboraci\u00f3 consistir\u00e0 en que l&#8217;Ajuntament podr\u00e0 consultar peri\u00f2dicament les accions de l&#8217;Oficina amb el Grup Ciutad\u00e0 Contra la Corrupci\u00f3 a Catalunya. D&#8217;altra banda el Grup es compromet a vigilar el bon funcionament de l&#8217;Oficina.<br \/>\n<a href=\"https:\/\/xnet-x.net\/ca\/oficina-transparencia-bones-practiques-ajuntament-bcn\/\">https:\/\/xnet-x.net\/ca\/oficina-transparencia-bones-practiques-ajuntament-bcn\/<\/a>\n<\/div>\n<p>&nbsp;<\/p>\n<div style=\"padding:15px; border: 1px solid #f05;\">\nVict\u00f2ria del Grup Ciutad\u00e0 contra la Corrupci\u00f3 a Catalunya: el Parlament de Catalunya aprova la personaci\u00f3 de la Generalitat contra Urdangar\u00edn, la Infanta Cristina i la \u201cdoctrina Bot\u00edn\u201d.<br \/>\n<a href=\"https:\/\/xnet-x.net\/ca\/hisenda-som-tots-esmena\/\">https:\/\/xnet-x.net\/ca\/hisenda-som-tots-esmena\/<\/a>\n<\/div>\n<p>&nbsp;<\/p>\n<div style=\"padding:15px; border: 1px solid #f05;\">\nDespr\u00e9s de la primera reuni\u00f3 que va tenir lloc aquest dilluns, abordarem  inicialment dos aspectes rellevants i, aquest dilluns 26 en la pr\u00f2xima reuni\u00f3 de la Comissi\u00f3,requerirem els materials que es deriven  de les seg\u00fcents consideracions:<\/p>\n<p>En  primer lloc, des de la perspectiva de la investigaci\u00f3 en curs,  volem aclarir si els \u00f2rgans judicials han requerit de forma  exhaustiva i suficient la col\u00b7laboraci\u00f3 i documentaci\u00f3 de qu\u00e8  disposen les  unitats especialitzades en frau de l&#8217;AEAT a Madrid.  Aquestes unitats  s\u00f3n les que utilitzen les dades del dossier HSBC, dossier on  apareix per  primera vegada el nom dels Pujol.<\/p>\n<p>Per aquesta ra\u00f3 <strong>requerim que en la propera reuni\u00f3 de la Comissi\u00f3 Parlament\u00e0ria d&#8217;Investigaci\u00f3  s&#8217;estudi\u00efn noves compareixences o sol\u00b7licituds d&#8217;informaci\u00f3, en relaci\u00f3 a la fiscal  Carmen Launa de la Fiscalia de Madrid<\/strong>. Am\u00e9s demanarem els documents  necessaris per <strong>comprovar si la Fiscalia catalana ha requerit tota la documentaci\u00f3 necess\u00e0ria per a resoldre el cas<\/strong>.<\/p>\n<p>En segon lloc, amb relaci\u00f3 als diners defraudats i davant de les negatives a cooperar, tant d&#8217;Andorra com de Su\u00efssa, <strong>demanarem la relaci\u00f3 de dades duaneres de totes les empreses vinculades amb la fam\u00edlia Pujol i, per altra banda, demanarem la col\u00b7laboraci\u00f3 de l&#8217;Eurofisc per rastrejar els moviments d&#8217;aquestes empreses per tota Europa<\/strong>, tenint en compte que l&#8217;Eurofisc t\u00e9 tamb\u00e9 un registre d&#8217;empreses ja considerades fraudulentes.<\/p>\n<p>A m\u00e9s, com que el gruix de la investigaci\u00f3 patrimonial est\u00e0 concentrat en els fills, t\u00e9 especial rellev\u00e0ncia la <strong>documentaci\u00f3 de l&#8217;AEAT: base de dades completa, expedients de comprovaci\u00f3 iniciats, declaracions presentades, regularitzacions extraordin\u00e0ries, den\u00fancies rebudes&#8230;, aix\u00ed com els tr\u00e0mits relacionats amb l&#8217;impost de successions<\/strong>.<\/p>\n<p>Tamb\u00e9 demanem que compareguin els representants d&#8217;alguns vells coneguts com el Banc Santander i Bankia, que van decidir vendre les seves oficines al fons que controlen els Pujol.<\/p>\n<p>Tot aix\u00f2 permetr\u00e0 a la societat civil investigar pels seus propis mitjans, ajudar a aquells servidors p\u00fablics que estan fent correctament la seva feina, assenyalar els qui no l&#8217;estan fent, <strong>aportar preguntes als compareixents davant la comissi\u00f3 i mantenir informada l&#8217;opini\u00f3 p\u00fablica<\/strong>.\n<\/div>\n<p>&nbsp;<\/p>\n<p><span style=\"text-decoration:underline\">Contacte:<\/span><br \/>\nMail: <strong>contact(at)xnet-x.net<\/strong><br \/>\nTwitter: <strong><a href=\"https:\/\/twitter.com\/x_net_\" target=\"_blank\" rel=\"noopener noreferrer\">@X_net_<\/a><\/strong><br \/>\nFacebook: <strong><a href=\"https:\/\/facebook.com\/RedX.Net\" target=\"_blank\" rel=\"noopener noreferrer\">Xnet<\/a><\/strong><br \/>\n&nbsp;<\/p>\n<p><\/p>","protected":false},"excerpt":{"rendered":"<p>Neix el #GrupAnticorrupcio a Catalunya. La ciutadan\u00eda pren la iniciativa contra la corrupci\u00f3 i impunitat<\/p>\n","protected":false},"author":8,"featured_media":7815,"comment_status":"closed","ping_status":"closed","sticky":false,"template":"","format":"standard","meta":{"footnotes":""},"categories":[52],"tags":[],"class_list":["post-7055","post","type-post","status-publish","format-standard","has-post-thumbnail","hentry","category-blog","ejes-anticorrupcion","ejes-luchas-por-las-libertades-civiles"],"yoast_head":"<!-- This site is optimized with the Yoast SEO plugin v26.7 - https:\/\/yoast.com\/wordpress\/plugins\/seo\/ -->\n<title>Neix el Grup Ciutad\u00e0 Contra la Corrupci\u00f3 a Catalunya<\/title>\n<meta name=\"robots\" content=\"index, follow, max-snippet:-1, max-image-preview:large, max-video-preview:-1\" \/>\n<link rel=\"canonical\" href=\"https:\/\/dev.xnet-x.net\/ca\/grup-anticorrupcio-catalunya\/\" \/>\n<meta name=\"twitter:label1\" content=\"Written by\" \/>\n\t<meta name=\"twitter:data1\" content=\"Xnet\" \/>\n\t<meta name=\"twitter:label2\" content=\"Est. reading time\" \/>\n\t<meta name=\"twitter:data2\" content=\"16 minutes\" \/>\n<script type=\"application\/ld+json\" class=\"yoast-schema-graph\">{\"@context\":\"https:\/\/schema.org\",\"@graph\":[{\"@type\":\"Article\",\"@id\":\"https:\/\/dev.xnet-x.net\/ca\/grup-anticorrupcio-catalunya\/#article\",\"isPartOf\":{\"@id\":\"https:\/\/dev.xnet-x.net\/ca\/grup-anticorrupcio-catalunya\/\"},\"author\":{\"name\":\"Xnet\",\"@id\":\"https:\/\/dev.xnet-x.net\/es\/#\/schema\/person\/286e07d1c80ea3bcc60b6ef8b146e637\"},\"headline\":\"Neix el Grup Ciutad\u00e0 Contra la Corrupci\u00f3 a Catalunya\",\"datePublished\":\"2015-01-11T13:00:21+00:00\",\"dateModified\":\"2021-09-08T10:42:40+00:00\",\"mainEntityOfPage\":{\"@id\":\"https:\/\/dev.xnet-x.net\/ca\/grup-anticorrupcio-catalunya\/\"},\"wordCount\":3310,\"publisher\":{\"@id\":\"https:\/\/dev.xnet-x.net\/es\/#organization\"},\"image\":{\"@id\":\"https:\/\/dev.xnet-x.net\/ca\/grup-anticorrupcio-catalunya\/#primaryimage\"},\"thumbnailUrl\":\"https:\/\/dev.xnet-x.net\/img\/grup-anticorrupcio-catalunya-img.jpg\",\"articleSection\":[\"Blog - Les nostres accions\"],\"inLanguage\":\"ca-ES\"},{\"@type\":\"WebPage\",\"@id\":\"https:\/\/dev.xnet-x.net\/ca\/grup-anticorrupcio-catalunya\/\",\"url\":\"https:\/\/dev.xnet-x.net\/ca\/grup-anticorrupcio-catalunya\/\",\"name\":\"Neix el Grup Ciutad\u00e0 Contra la Corrupci\u00f3 a Catalunya\",\"isPartOf\":{\"@id\":\"https:\/\/dev.xnet-x.net\/ca\/#website\"},\"primaryImageOfPage\":{\"@id\":\"https:\/\/dev.xnet-x.net\/ca\/grup-anticorrupcio-catalunya\/#primaryimage\"},\"image\":{\"@id\":\"https:\/\/dev.xnet-x.net\/ca\/grup-anticorrupcio-catalunya\/#primaryimage\"},\"thumbnailUrl\":\"https:\/\/dev.xnet-x.net\/img\/grup-anticorrupcio-catalunya-img.jpg\",\"datePublished\":\"2015-01-11T13:00:21+00:00\",\"dateModified\":\"2021-09-08T10:42:40+00:00\",\"breadcrumb\":{\"@id\":\"https:\/\/dev.xnet-x.net\/ca\/grup-anticorrupcio-catalunya\/#breadcrumb\"},\"inLanguage\":\"ca-ES\",\"potentialAction\":[{\"@type\":\"ReadAction\",\"target\":[[\"https:\/\/dev.xnet-x.net\/ca\/grup-anticorrupcio-catalunya\/\"]]}]},{\"@type\":\"ImageObject\",\"inLanguage\":\"ca-ES\",\"@id\":\"https:\/\/dev.xnet-x.net\/ca\/grup-anticorrupcio-catalunya\/#primaryimage\",\"url\":\"https:\/\/dev.xnet-x.net\/img\/grup-anticorrupcio-catalunya-img.jpg\",\"contentUrl\":\"https:\/\/dev.xnet-x.net\/img\/grup-anticorrupcio-catalunya-img.jpg\",\"width\":1200,\"height\":630,\"caption\":\"Grup de trebal Contra la Corrupci\u00f3 a Catalunya\"},{\"@type\":\"BreadcrumbList\",\"@id\":\"https:\/\/dev.xnet-x.net\/ca\/grup-anticorrupcio-catalunya\/#breadcrumb\",\"itemListElement\":[{\"@type\":\"ListItem\",\"position\":1,\"name\":\"Portada\",\"item\":\"https:\/\/dev.xnet-x.net\/ca\/\"},{\"@type\":\"ListItem\",\"position\":2,\"name\":\"Neix el Grup Ciutad\u00e0 Contra la Corrupci\u00f3 a Catalunya\"}]},{\"@type\":\"WebSite\",\"@id\":\"https:\/\/dev.xnet-x.net\/ca\/#website\",\"url\":\"https:\/\/dev.xnet-x.net\/ca\/\",\"name\":\"[:es]Xnet - Internet, derechos y democracia en la era digital[:ca]Xnet - Internet, drets i democr\u00e0cia en l'era digital[:en]Xnet - Internet freedoms & digital rights[:]\",\"description\":\"Xnet: Internet, informaci\u00f3 i cultura lliures. Tecnopol\u00edtica. Dades, algoritmes i drets digitals. Llibertat d&#039;expressi\u00f3. Democr\u00e0cia i anticorrupci\u00f3\",\"publisher\":{\"@id\":\"https:\/\/dev.xnet-x.net\/ca\/#organization\"},\"potentialAction\":[{\"@type\":\"SearchAction\",\"target\":{\"@type\":\"EntryPoint\",\"urlTemplate\":\"https:\/\/dev.xnet-x.net\/ca\/?s={search_term_string}\"},\"query-input\":{\"@type\":\"PropertyValueSpecification\",\"valueRequired\":true,\"valueName\":\"search_term_string\"}}],\"inLanguage\":\"ca-ES\"},{\"@type\":\"Organization\",\"@id\":\"https:\/\/dev.xnet-x.net\/ca\/#organization\",\"name\":\"Xnet - Internet, drets i democr\u00e0cia en l'era digital\",\"url\":\"https:\/\/dev.xnet-x.net\/ca\/\",\"logo\":{\"@type\":\"ImageObject\",\"inLanguage\":\"ca-ES\",\"@id\":\"https:\/\/dev.xnet-x.net\/ca\/#\/schema\/logo\/image\/\",\"url\":\"https:\/\/xnet-x.net\/img\/xnet-logo.png\",\"contentUrl\":\"https:\/\/xnet-x.net\/img\/xnet-logo.png\",\"width\":512,\"height\":512,\"caption\":\"Xnet - Internet, drets i democr\u00e0cia en l'era digital\"},\"image\":{\"@id\":\"https:\/\/dev.xnet-x.net\/ca\/#\/schema\/logo\/image\/\"},\"sameAs\":[\"http:\/\/facebook.com\/RedX.Net\/\",\"https:\/\/x.com\/x_net_\",\"https:\/\/es.wikipedia.org\/wiki\/Xnet\"]},{\"@type\":\"Person\",\"@id\":\"https:\/\/dev.xnet-x.net\/es\/#\/schema\/person\/286e07d1c80ea3bcc60b6ef8b146e637\",\"name\":\"Xnet\",\"image\":{\"@type\":\"ImageObject\",\"inLanguage\":\"ca-ES\",\"@id\":\"https:\/\/dev.xnet-x.net\/ca\/#\/schema\/person\/image\/\",\"url\":\"https:\/\/secure.gravatar.com\/avatar\/76eee622ce1df16aa986c0f990545e62b4c87e399e6c2a5fcfe24a092d2ba829?s=96&d=mm&r=g\",\"contentUrl\":\"https:\/\/secure.gravatar.com\/avatar\/76eee622ce1df16aa986c0f990545e62b4c87e399e6c2a5fcfe24a092d2ba829?s=96&d=mm&r=g\",\"caption\":\"Xnet\"}}]}<\/script>\n<!-- \/ Yoast SEO plugin. -->","yoast_head_json":{"title":"Neix el Grup Ciutad\u00e0 Contra la Corrupci\u00f3 a Catalunya","robots":{"index":"index","follow":"follow","max-snippet":"max-snippet:-1","max-image-preview":"max-image-preview:large","max-video-preview":"max-video-preview:-1"},"canonical":"https:\/\/dev.xnet-x.net\/ca\/grup-anticorrupcio-catalunya\/","twitter_misc":{"Written by":"Xnet","Est. reading time":"16 minutes"},"schema":{"@context":"https:\/\/schema.org","@graph":[{"@type":"Article","@id":"https:\/\/dev.xnet-x.net\/ca\/grup-anticorrupcio-catalunya\/#article","isPartOf":{"@id":"https:\/\/dev.xnet-x.net\/ca\/grup-anticorrupcio-catalunya\/"},"author":{"name":"Xnet","@id":"https:\/\/dev.xnet-x.net\/es\/#\/schema\/person\/286e07d1c80ea3bcc60b6ef8b146e637"},"headline":"Neix el Grup Ciutad\u00e0 Contra la Corrupci\u00f3 a Catalunya","datePublished":"2015-01-11T13:00:21+00:00","dateModified":"2021-09-08T10:42:40+00:00","mainEntityOfPage":{"@id":"https:\/\/dev.xnet-x.net\/ca\/grup-anticorrupcio-catalunya\/"},"wordCount":3310,"publisher":{"@id":"https:\/\/dev.xnet-x.net\/es\/#organization"},"image":{"@id":"https:\/\/dev.xnet-x.net\/ca\/grup-anticorrupcio-catalunya\/#primaryimage"},"thumbnailUrl":"https:\/\/dev.xnet-x.net\/img\/grup-anticorrupcio-catalunya-img.jpg","articleSection":["Blog - Les nostres accions"],"inLanguage":"ca-ES"},{"@type":"WebPage","@id":"https:\/\/dev.xnet-x.net\/ca\/grup-anticorrupcio-catalunya\/","url":"https:\/\/dev.xnet-x.net\/ca\/grup-anticorrupcio-catalunya\/","name":"Neix el Grup Ciutad\u00e0 Contra la Corrupci\u00f3 a Catalunya","isPartOf":{"@id":"https:\/\/dev.xnet-x.net\/ca\/#website"},"primaryImageOfPage":{"@id":"https:\/\/dev.xnet-x.net\/ca\/grup-anticorrupcio-catalunya\/#primaryimage"},"image":{"@id":"https:\/\/dev.xnet-x.net\/ca\/grup-anticorrupcio-catalunya\/#primaryimage"},"thumbnailUrl":"https:\/\/dev.xnet-x.net\/img\/grup-anticorrupcio-catalunya-img.jpg","datePublished":"2015-01-11T13:00:21+00:00","dateModified":"2021-09-08T10:42:40+00:00","breadcrumb":{"@id":"https:\/\/dev.xnet-x.net\/ca\/grup-anticorrupcio-catalunya\/#breadcrumb"},"inLanguage":"ca-ES","potentialAction":[{"@type":"ReadAction","target":[["https:\/\/dev.xnet-x.net\/ca\/grup-anticorrupcio-catalunya\/"]]}]},{"@type":"ImageObject","inLanguage":"ca-ES","@id":"https:\/\/dev.xnet-x.net\/ca\/grup-anticorrupcio-catalunya\/#primaryimage","url":"https:\/\/dev.xnet-x.net\/img\/grup-anticorrupcio-catalunya-img.jpg","contentUrl":"https:\/\/dev.xnet-x.net\/img\/grup-anticorrupcio-catalunya-img.jpg","width":1200,"height":630,"caption":"Grup de trebal Contra la Corrupci\u00f3 a Catalunya"},{"@type":"BreadcrumbList","@id":"https:\/\/dev.xnet-x.net\/ca\/grup-anticorrupcio-catalunya\/#breadcrumb","itemListElement":[{"@type":"ListItem","position":1,"name":"Portada","item":"https:\/\/dev.xnet-x.net\/ca\/"},{"@type":"ListItem","position":2,"name":"Neix el Grup Ciutad\u00e0 Contra la Corrupci\u00f3 a Catalunya"}]},{"@type":"WebSite","@id":"https:\/\/dev.xnet-x.net\/ca\/#website","url":"https:\/\/dev.xnet-x.net\/ca\/","name":"[:es]Xnet - Internet, derechos y democracia en la era digital[:ca]Xnet - Internet, drets i democr\u00e0cia en l'era digital[:en]Xnet - Internet freedoms & digital rights[:]","description":"Xnet: Internet, informaci\u00f3 i cultura lliures. Tecnopol\u00edtica. Dades, algoritmes i drets digitals. Llibertat d&#039;expressi\u00f3. Democr\u00e0cia i anticorrupci\u00f3","publisher":{"@id":"https:\/\/dev.xnet-x.net\/ca\/#organization"},"potentialAction":[{"@type":"SearchAction","target":{"@type":"EntryPoint","urlTemplate":"https:\/\/dev.xnet-x.net\/ca\/?s={search_term_string}"},"query-input":{"@type":"PropertyValueSpecification","valueRequired":true,"valueName":"search_term_string"}}],"inLanguage":"ca-ES"},{"@type":"Organization","@id":"https:\/\/dev.xnet-x.net\/ca\/#organization","name":"Xnet - Internet, drets i democr\u00e0cia en l'era digital","url":"https:\/\/dev.xnet-x.net\/ca\/","logo":{"@type":"ImageObject","inLanguage":"ca-ES","@id":"https:\/\/dev.xnet-x.net\/ca\/#\/schema\/logo\/image\/","url":"https:\/\/xnet-x.net\/img\/xnet-logo.png","contentUrl":"https:\/\/xnet-x.net\/img\/xnet-logo.png","width":512,"height":512,"caption":"Xnet - Internet, drets i democr\u00e0cia en l'era digital"},"image":{"@id":"https:\/\/dev.xnet-x.net\/ca\/#\/schema\/logo\/image\/"},"sameAs":["http:\/\/facebook.com\/RedX.Net\/","https:\/\/x.com\/x_net_","https:\/\/es.wikipedia.org\/wiki\/Xnet"]},{"@type":"Person","@id":"https:\/\/dev.xnet-x.net\/es\/#\/schema\/person\/286e07d1c80ea3bcc60b6ef8b146e637","name":"Xnet","image":{"@type":"ImageObject","inLanguage":"ca-ES","@id":"https:\/\/dev.xnet-x.net\/ca\/#\/schema\/person\/image\/","url":"https:\/\/secure.gravatar.com\/avatar\/76eee622ce1df16aa986c0f990545e62b4c87e399e6c2a5fcfe24a092d2ba829?s=96&d=mm&r=g","contentUrl":"https:\/\/secure.gravatar.com\/avatar\/76eee622ce1df16aa986c0f990545e62b4c87e399e6c2a5fcfe24a092d2ba829?s=96&d=mm&r=g","caption":"Xnet"}}]}},"_links":{"self":[{"href":"https:\/\/dev.xnet-x.net\/ca\/wp-json\/wp\/v2\/posts\/7055","targetHints":{"allow":["GET"]}}],"collection":[{"href":"https:\/\/dev.xnet-x.net\/ca\/wp-json\/wp\/v2\/posts"}],"about":[{"href":"https:\/\/dev.xnet-x.net\/ca\/wp-json\/wp\/v2\/types\/post"}],"author":[{"embeddable":true,"href":"https:\/\/dev.xnet-x.net\/ca\/wp-json\/wp\/v2\/users\/8"}],"replies":[{"embeddable":true,"href":"https:\/\/dev.xnet-x.net\/ca\/wp-json\/wp\/v2\/comments?post=7055"}],"version-history":[{"count":11,"href":"https:\/\/dev.xnet-x.net\/ca\/wp-json\/wp\/v2\/posts\/7055\/revisions"}],"predecessor-version":[{"id":22936,"href":"https:\/\/dev.xnet-x.net\/ca\/wp-json\/wp\/v2\/posts\/7055\/revisions\/22936"}],"wp:featuredmedia":[{"embeddable":true,"href":"https:\/\/dev.xnet-x.net\/ca\/wp-json\/wp\/v2\/media\/7815"}],"wp:attachment":[{"href":"https:\/\/dev.xnet-x.net\/ca\/wp-json\/wp\/v2\/media?parent=7055"}],"wp:term":[{"taxonomy":"category","embeddable":true,"href":"https:\/\/dev.xnet-x.net\/ca\/wp-json\/wp\/v2\/categories?post=7055"},{"taxonomy":"post_tag","embeddable":true,"href":"https:\/\/dev.xnet-x.net\/ca\/wp-json\/wp\/v2\/tags?post=7055"}],"curies":[{"name":"wp","href":"https:\/\/api.w.org\/{rel}","templated":true}]}}