{"id":491,"date":"2010-04-19T12:13:19","date_gmt":"2010-04-19T10:13:19","guid":{"rendered":"http:\/\/la-ex.net\/?p=491"},"modified":"2025-04-22T09:05:29","modified_gmt":"2025-04-22T07:05:29","slug":"telecos","status":"publish","type":"post","link":"https:\/\/dev.xnet-x.net\/ca\/en-respuesta-a-la-cumbre-de-ministros-de-telecos\/","title":{"rendered":"En respuesta a la Cumbre de Ministros de Telecos"},"content":{"rendered":"<p>[Per falta de temps i recursos, la traducci\u00f3 al catal\u00e0 d&#8217;aquesta web no est\u00e0 acabada. Si trobes interessants alguns dels nostres documents i tens temps de traduir-los, ens ho pot enviar (si us plau, reproduint la maquetaci\u00f3). Moltes gr\u00e0cies!]<\/p>\n<p><strong>INTERNET NO SER\u00c1 OTRA TV<\/strong><a href=\"http:\/\/internetnoseraotratv.wordpress.com\/\" target=\"_blank\"><strong><br \/>\nhttp:\/\/internetnoseraotratv.wordpress.com\/<\/strong><\/a><\/p>\n<p><img loading=\"lazy\" decoding=\"async\" class=\"alignleft size-full wp-image-28104\" title=\"internet-no-tv\" alt=\"\" src=\"https:\/\/xnet-x.net\/img\/internet-no-tv.jpg\" width=\"164\" height=\"215\" srcset=\"https:\/\/dev.xnet-x.net\/img\/internet-no-tv.jpg 414w, https:\/\/dev.xnet-x.net\/img\/internet-no-tv-230x300.jpg 230w\" sizes=\"auto, (max-width: 164px) 100vw, 164px\" \/><\/p>\n<p><strong>Consumers International, la mayor federaci\u00f3n de Asociaciones de Consumidores del mundo, lanza su \u201cInforme anual sobre propiedad intelectual\u201d en respuesta a la Cumbre de ministros de Telecomunicaciones de la UE.<\/strong><\/p>\n<p><a href=\"http:\/\/www.consumidoresint.org\/\" target=\"_blank\"><strong>Consumers International<\/strong><\/a> ha querido lanzar su anual <strong><a href=\"http:\/\/a2knetwork.org\/consumers-international-lista-de-vigilancia-pi-2010\" target=\"_blank\">Informe de Vigilancia sobre Propiedad Intelectual<\/a><\/strong> hoy, d\u00eda de la reuni\u00f3n <a href=\"http:\/\/eu2010.es\/en\/agenda\/informalesministros\/ministrosteleco.html\" target=\"_blank\">Informal de ministros de Telecomunicaciones de la UE<\/a>, como advertencia porque, como dicen textualmente, \u201cen la mayor\u00eda de los pa\u00edses, las normas que regulan el acceso a la cultura y aprendizaje de nuestra sociedad colocan a la gran empresa primero y a los consumidores despu\u00e9s\u201d.<\/p>\n<p><a href=\"https:\/\/www.facua.org\" target=\"_blank\">FACUA<\/a>, organizaci\u00f3n miembro de Consumers International y <a href=\"http:\/\/xnet-x.net\" target=\"_blank\">eXgae<\/a>, organizaci\u00f3n con la que Consumers International colabora en el marco del <a href=\"http:\/\/fcforum.net\/es\/\" target=\"_blank\">FcForum<\/a>, se han encargado de presentar el Informe en una rueda de prensa dentro del marco de las acciones que <a href=\"http:\/\/redsostenible.wikia.com\" target=\"_blank\">Red SOStenible<\/a> est\u00e1 llevando a cabo en defensa  de los derechos en entorno digital.<\/p>\n<p><strong><em>En este contexto se han analizado las siguientes problem\u00e1ticas:<\/em><\/strong><\/p>\n<p>1 &#8211;\u00a0\u00a0\u00a0\u00a0\u00a0\u00a0\u00a0 <em>\u00bfPorqu\u00e9 es peligrosa para los derechos de los ciudadanos la estrategia que se debate en la cumbre de ministros de Telecomunicaciones?<\/em><\/p>\n<ul>\n<li><em>a) &#8211; Ataque a la neutralidad de la Red<\/em><\/li>\n<li><em>b) &#8211; Privatizaci\u00f3n del espectro radioel\u00e9ctrico<\/em><\/li>\n<li><em>c) &#8211; Privatizaci\u00f3n de la producci\u00f3n de contenidos<\/em><\/li>\n<\/ul>\n<p>2 &#8211;\u00a0\u00a0\u00a0\u00a0\u00a0\u00a0\u00a0 <em>\u00bfCu\u00e1les son los resultados del Informe de Consumers International?<\/em><\/p>\n<p>3 &#8211;\u00a0\u00a0\u00a0\u00a0\u00a0\u00a0\u00a0 <em>Soluciones: \u00bfC\u00f3mo habr\u00e1 que decirlo?<br \/>\n<\/em><\/p>\n<p><em>ANEXO <\/em>&#8211;\u00a0\u00a0\u00a0\u00a0\u00a0\u00a0\u00a0 <em>Documentos fuente<\/em><\/p>\n<p><strong>INTERNET NO SER\u00c1 OTRA TV.<\/strong><\/p>\n<p>1 &#8211;\u00a0\u00a0\u00a0\u00a0\u00a0\u00a0\u00a0 <strong><em>\u00bfPorqu\u00e9 es peligrosa para los derechos de los  ciudadanos la estrategia que se debate en la cumbre de ministros de  Telecomunicaciones?<\/em><\/strong><\/p>\n<h1><strong><strong><strong>a) &#8211; Ataques a la neutralidad de la Red<\/strong><\/strong><\/strong><strong> <\/strong><strong><strong> <\/strong><\/strong><\/h1>\n<p><strong> <\/strong><\/p>\n<p><strong><em>Los ciudadanos pedimos que se garantice un suministro de Internet suficiente para que cualquier usuario final, sin discriminaci\u00f3n de \u201cintereses\u201d, pueda usar todos los servicios y aplicaciones que elija.<\/em><\/strong><\/p>\n<p><strong><em>Para un desarrollo sostenible y democr\u00e1tico de la sociedad de la informaci\u00f3n no debe existir ninguna discriminaci\u00f3n, ninguna \u201cvelocidad diferente\u201d seg\u00fan los usos o los servicios que hagan los usuarios, y menos a\u00fan seg\u00fan lo que cada uno pueda pagar. <\/em><\/strong><\/p>\n<p><strong>Una ciudadan\u00eda activa nunca ha interesado a los poderes f\u00e1cticos, econ\u00f3micos y pol\u00edticos.<\/strong><\/p>\n<p><strong>Los poderes f\u00e1cticos necesitan conseguir el control de Internet.<\/strong><\/p>\n<p>Esto no es ciencia ficci\u00f3n, tal y\u00a0 como ha recordado hace un mes Eduard Punset en la anterior cumbre de ministros, la cumbre de ministros de cultura (v\u00e9ase <a href=\"https:\/\/www.youtube.com\/watch#!v=lefG4P0_jRk\" target=\"_blank\">el v\u00eddeo<\/a> que tiene actualmente tiene m\u00e1s de 170 000 visitas).<\/p>\n<p><strong>Con la excusa de ofrecer un \u201cInternet a medida del usuario\u201d,<\/strong> lo que de verdad se est\u00e1 intentando es imponer una legislaci\u00f3n que reduzca Internet a otra TV, donde el ciudadano no sea m\u00e1s que un usuario pasivo de contenidos ofrecidos por multinacionales.<\/p>\n<p>Entrando en la materia de lo que los ministros de Telecomunicaciones est\u00e1n debatiendo hoy mismo en la Cumbre, a falta de un documento oficial que el ministerio no ha querido entregar ni a la prensa ni a los ciudadanos, nos referiremos a numerosas fuentes indicadas a pie de este art\u00edculo.<\/p>\n<p>De acuerdo con estas fuentes y bajo el auspicio de la todopoderosa Telef\u00f3nica y otras grandes operadoras que quieren aprovechar del d\u00e9ficit p\u00fablico para intentar tener el monopolio perpetuo de las redes a cambio de su inversi\u00f3n, este es el \u201cplan\u201d que quieren llevar a cabo:<\/p>\n<p><strong>Las operadoras quieren exigir a los prestadores de servicios que les paguen por el uso de sus redes <\/strong><strong>(la llamada \u201c<a href=\"http:\/\/www.elpais.com\/articulo\/tecnologia\/Sebastian\/afirma\/opcion\/posible\/operadoras\/cobren\/Google\/elpeputec\/20100215elpeputec_5\/Tes\" target=\"_blank\">tasa Google<\/a>\u201d)<\/strong>.<br \/>\n<strong>\u00bfQui\u00e9nes son los prestadores de servicios?<\/strong><br \/>\nCuando hablan de &#8220;prestadores de servicios&#8221; nos quieren hacer creer que se refieren a Google, YouTube, etc., pero en realidad cualquier ciudadano puede actuar como prestador de servicio en Internet, ya sea ofreciendo un \u201cservicio\u201d o instalando un servidor web en su PC, usando P2P&#8230;<\/p>\n<p>La \u00fanica diferencia es que mientras Google puede pagar a Telef\u00f3nica, los dem\u00e1s ciudadanos no podemos y r\u00e1pidamente quedaremos excluidos de la faz de Internet.<br \/>\nExactamente como ocurre con la televisi\u00f3n, donde s\u00f3lo las multinacionales pueden operar y anunciarse.<\/p>\n<p><strong>\u00bfC\u00f3mo quieren que pasemos por el aro?<br \/>\nLas operadoras quieren ofrecer \u201cservicios diferenciados a sus clientes\u201d.<\/strong><br \/>\nPara que entremos por el aro, presentan la &#8220;Carta Europea de Derechos para los Usuarios de Servicios de Comunicaci\u00f3n Electr\u00f3nica&#8221;, una cortina de humo que, en nombre de un &#8220;Internet a medida del usuario&#8221; intenta vendernos la moto con un ancho de banda m\u00ednimo gratuito (qu\u00e9 bonita palabra, &#8220;gratuito&#8221; :), para que todos los dem\u00e1s &#8220;servicios&#8221; (ver y ser vistos) podamos comprarlos seg\u00fan nuestros &#8220;intereses&#8221;, exactamente como con la TV por  cable.<\/p>\n<p>En general todos los documentos tienden a decir que las operadoras deben tener un ambiente m\u00e1s seguro para sus inversiones y que este ambiente se puede crear, como siempre, haciendo que los usuarios paguen\u2026m\u00e1s y m\u00e1s y m\u00e1s\u2026<\/p>\n<p>En ning\u00fan momento hay una postura firme en defensa de la Neutralidad de la Red, todo lo contrario. En <a href=\"http:\/\/www.laquadrature.net\/files\/Granada_Strategy-For_a_digital_Europe.pdf\" target=\"_blank\">el documento del 24 de febrero<\/a> (p\u00e1g.12-13) se indica textualmente que los proveedores de conexi\u00f3n a Internet deber\u00edan garantizar s\u00f3lo un servicio \u201cm\u00ednimo\u201d y que el equilibrio se puede dar gracias a la vieja receta de la desregulaci\u00f3n, la ley de la \u201ccompetencia.\u201d<\/p>\n<h1><strong>b) &#8211;<\/strong>Privatizaci\u00f3n del espectro radioel\u00e9ctrico<\/h1>\n<p>Vemos con inquietud la tendencia a privatizar completamente el espectro radio-el\u00e9ctrico liberado por la migraci\u00f3n a la Televisi\u00f3n Digital Terrestre.<\/p>\n<p>Este recurso limitado debe ser preservado para un desarrollo de su potencial al servicio los ciudadanos y del desarrollo de la sociedad.<\/p>\n<h1>c) &#8211; Privatizaci\u00f3n de la producci\u00f3n de contenidos<\/h1>\n<p>Por \u00faltimo, todos los documentos tratan de forma extensa de la producci\u00f3n de contenidos, si bien reconocen que los usuarios finales son actualmente grandes productores de contenido, s\u00f3lo se les menciona para indicar c\u00f3mo la industria deber\u00eda tener instrumentos para captar y privatizar esta producci\u00f3n \u201ccivil\u201d (ve\u00e1se p\u00e1g. 23 a 26 del <a href=\"http:\/\/www.laquadrature.net\/files\/Granada_Strategy-For_a_digital_Europe.pdf\" target=\"_blank\">doc del 24 de febrero<\/a>).<\/p>\n<p>Recordamos a este prop\u00f3sito c\u00f3mo el ministerio de cultura ha invertido 1\/3 (\u00a11\/3 !) de sus fondos en Industrias Culturales.<\/p>\n<p>Aunque en alg\u00fan p\u00e1rrafo de los documentos ministeriales se mencionan los derechos de los ciudadanos, casi siempre se hace referencia al derecho a la privacidad, a menudo olvid\u00e1ndose de derechos igualmente importantes como el derecho a la informaci\u00f3n y al acceso al conocimiento.<\/p>\n<p>A este prop\u00f3sito pasamos a detallar el contenido del Informe de Comsumers International.<\/p>\n<p><strong>2 &#8211; \u00bfCu\u00e1les son los resultados del Infome de Consumers International?<\/strong><br \/>\nEl informe muestra de forma gr\u00e1fica y muy clara como:<\/p>\n<p>1 \u2013 la pol\u00edtica estadounidense en materia de copyright mantiene una doble moral: el rigor que exigen a sus \u201caliados\u201d no es el mismo que practican en su propio pa\u00eds, ya que la aplicaci\u00f3n del \u201cfair use\u201d, vigente en su legislaci\u00f3n, permite muchas m\u00e1s excepciones al \u201ccopyright\u201d de las que permiten la mayor\u00eda de legislaciones europeas (pag.6).<\/p>\n<p>(v\u00e9ase tambi\u00e9n: <a href=\"http:\/\/d-evolution.fcforum.net\/areas-de-accion\/amigo-norte-americano\/\" target=\"_blank\">En busca de un amigo (norte) americano &#8211; (D&#8217;)Evolution Summit 2010<\/a><a href=\"http:\/\/d-evolution.fcforum.net\/areas-de-accion\/amigo-norte-americano\/\"><\/a>)<\/p>\n<p>2 \u2013 En temas de copyright, Espa\u00f1a posee una buena puntuaci\u00f3n cuanto al equilibro entre intereses de los ciudadanos y de la industrias. Es crucial que mejoremos y defendamos lo que tenemos sin permitir los retrocesos que piden los lobbies de las multinacionales.<\/p>\n<p>Desc\u00e1rgate el informe <a href=\"https:\/\/web.archive.org\/web\/20140817115145\/http:\/\/a2knetwork.org\/sites\/default\/files\/IPWatchList-2010-ENG.pdf\" target=\"_blank\">aqu\u00ed.<\/a><\/p>\n<p><strong>3 &#8211; Soluciones: \u00bfC\u00f3mo habr\u00e1 que decirlo?<\/strong><br \/>\nLos ciudadanos y ciudadanas nos oponemos a cualquier ataque a la neutralidad de Internet en favor, una vez m\u00e1s, de unos pocos actores privados. Ofrecemos propuestas viables y respetuosas de los derechos civiles en la<a href=\"http:\/\/fcforum.net\/es\/\" target=\"_blank\"> Carta para la Innovaci\u00f3n, la Creatividad y el Acceso al Conocimiento<\/a>.<\/p>\n<p><strong>Los derechos econ\u00f3micos y civiles de cada ciudadano y ciudadana, especialmente el de libertad de expresi\u00f3n, informaci\u00f3n y comunicaci\u00f3n se ejercen hoy a trav\u00e9s de las redes de telecomunicaciones. Son los gobiernos los encargados y responsables de garantizarlos, independientemente de si esto incrementa el negocio de unas empresas o de otras o de si esto implica crear redes p\u00fablicas.<\/strong><\/p>\n<p><strong>No ejercer esta responsabilidad hipotecar\u00e1 nuestro futuro y el de las pr\u00f3ximas generaciones.<\/strong><br \/>\n<strong><br \/>\nINTERNET NO SER\u00c1 OTRA TV.<\/strong><\/p>\n<p>Miguel Brieva ha creado un <a href=\"\/wp-content\/uploads\/2010\/04\/brieva-380.png\" target=\"_blank\">banner<\/a> y <a href=\"http:\/\/internetnoseraotratv.wordpress.com\/downloads\/\" target=\"_blank\">un p\u00f3ster<\/a> para la ocasi\u00f3n, de \u00e9stos muy sencillos que cualquier ministro puede entender. ;-)<br \/>\nP\u00e1salo y p\u00f3nlo en tu sitio web.<\/p>\n<p><img decoding=\"async\" src=\"..\/wp-content\/uploads\/2010\/04\/brieva-380.png\" alt=\"\" \/><\/p>\n<p>Defendamos la neutralidad de la Red:<br \/>\n<a href=\"http:\/\/fcforum.net\/es\/\" target=\"_blank\">Carta por la Innovaci\u00f3n, la Creatividad y el Acceso al Conocimiento.<\/a><br \/>\n*Referencia: 2\u00ba Punto\u201cDemandas legales\u201c, p\u00e1rrafo D\u201cAcceso a las infraestructuras tecnol\u00f3gicas\u201d<\/p>\n<p><strong>NO AL CIERRE DE WEBS<\/strong><\/p>\n<p><strong>STOP ACTA<\/strong><\/p>\n<p>::::::::::::::::::::::::::::::::::::::::::::::::::::::::::::::::::::::<\/p>\n<p><em>3 fragmentos interesantes encontrados en Internet:<br \/>\n<strong>1 &#8211; La Televisi\u00f3n<\/strong><br \/>\nLa televisi\u00f3n es un medio que apela fundamentalmente a las emociones. Los usuarios ven la pantalla pasivamente, sin esfuerzo cognitivo alguno; el objetivo de los programas o de la publicidad en la televisi\u00f3n es, por tanto,  llamar emocionalmente la atenci\u00f3n de los espectadores. Echando un  vistazo a los contenidos de los programas de m\u00e1s \u00e9xito y a los anuncios publicitarios, queda clara la importancia de impactar y llamar la atenci\u00f3n a toda costa (los reality shows o &#8220;Gran Hermano&#8221; son ejemplos obvios).<br \/>\nInternet, por el contrario, es un medio cognitivo que requiere el esfuerzo de procesar la informaci\u00f3n y tomar decisiones. Los usuarios en Internet siempre tienen un objetivo, buscan algo y no es el mero entretenimiento pasivo de la televisi\u00f3n. Si bien en ocasiones se utiliza la navegaci\u00f3n como entretenimiento, a los pocos segundos el usuario define un objetivo a alcanzar.<br \/>\n\u201cMientras que la televisi\u00f3n entra en tu casa imponi\u00e9ndote ideas y filosof\u00edas (no hay variedad, no puedes elegir), en Internet t\u00fa entras buscando el conocimiento que deseas y rechazando el que no deseas (existe la variedad, por tanto la posibilidad de elecci\u00f3n)\u201d <strong>Eduardo Manch\u00f3n<\/strong><\/em><\/p>\n<p><strong><a href=\"http:\/\/www.adnstream.com\/video\/JaFrWilVir\/Neutralidad-de-la-red\" target=\"_blank\">2 &#8211; Aqu\u00ed un v\u00eddeo<\/a><\/strong> que explica la Neutralidad de la Red.<\/p>\n<p><strong>3 &#8211; Otras observaciones<\/strong> sobre la neutralidad de la Red <strong>desde 2009<\/strong>, cuando la discusi\u00f3n sobre el Paquete de telecomunicaciones: http:\/\/blackouteusp.wordpress.com\/<\/p>\n<p>::::::::::::::::::::::::::::::::::::::::::::::::::::::::::::::::::::::<\/p>\n<p><strong>ANEXO: DOCUMENTOS FUENTE<\/strong><\/p>\n<p>1-\u00a0\u00a0\u00a0\u00a0 El documento filtrado por <a href=\"http:\/\/xnet-x.net\" target=\"_blank\">eXgae<\/a> y <a href=\"http:\/\/www.laquadrature.net\" target=\"_blank\">La Quadrature du Net<\/a> en el mes de marzo, que reflejan la postura espa\u00f1ola \u00fanicamente (<a href=\"http:\/\/redsostenible.wikia.com\/wiki\/UE-Inquisicion-Digital-contra-un_Internet-Abierto\" target=\"_blank\">comentado y descargable aqu\u00ed<\/a>);<\/p>\n<p>2-\u00a0\u00a0\u00a0\u00a0 \u00a0<a href=\"http:\/\/www.laquadrature.net\/files\/Granada_Strategy-For_a_digital_Europe.pdf\" target=\"_blank\">Documento del 24 febrero<\/a> hecho p\u00fablico por el ministerio en respuesta a este filtrado, un documento que refleja las \u201ccorrecciones\u201d recibidas por Espa\u00f1a de la por la Comisi\u00f3n de Sociedad de la Informaci\u00f3n de la UE;<\/p>\n<p>3-\u00a0\u00a0\u00a0\u00a0 <a href=\"http:\/\/www.elmundo.es\/elmundo\/2010\/04\/13\/navegante\/1271173315.html\" target=\"_blank\">Las declaraciones de la comisaria Neelie Kroes<\/a> acerca del debate p\u00fablico sobre neutralidad de la Red que quiere lanzar la comisi\u00f3n.<\/p>\n<p>4-\u00a0\u00a0\u00a0\u00a0 Los \u201crumores\u201d y declaraciones de Ministro de Industria, Miguel Sebasti\u00e1n, publicados en todos los medios respecto a lo que se ha ido llamando la \u201ctasa Google\u201d:<\/p>\n<p><a href=\"http:\/\/www.p\u00fablico.es\/ciencias\/292792\/duenos\/red\/quieren\/contenidos\/paguen\" target=\"_blank\">http:\/\/www.p\u00fablico.es\/ciencias\/292792\/duenos\/red\/quieren\/contenidos\/paguen<\/a><\/p>\n<p><a href=\"http:\/\/www.elpais.com\/articulo\/tecnologia\/Sebastian\/afirma\/opcion\/posible\/operadoras\/cobren\/Google\/elpeputec\/20100215elpeputec_5\/Tes\" target=\"_blank\">http:\/\/www.elpais.com\/articulo\/tecnologia\/Sebastian\/afirma\/opcion\/posible\/operadoras\/cobren\/Google\/elpeputec\/20100215elpeputec_5\/Tes<\/a><\/p>\n<p><a href=\"http:\/\/www.elpais.com\/articulo\/cultura\/logico\/Telefonica\/cobre\/Google\/nos\/pague\/elpepucul\/20100301elpepicul_1\/Tes\" target=\"_blank\">http:\/\/www.elpais.com\/articulo\/cultura\/logico\/Telefonica\/cobre\/Google\/nos\/pague\/elpepucul\/20100301elpepicul_1\/Tes<\/a><\/p>","protected":false},"excerpt":{"rendered":"<p>[Per falta de temps i recursos, la traducci\u00f3 al catal\u00e0 d&#8217;aquesta web no est\u00e0 acabada. Si trobes interessants alguns dels nostres documents i tens temps de traduir-los, ens ho pot enviar (si us plau, reproduint la maquetaci\u00f3). Moltes gr\u00e0cies!] INTERNET NO SER\u00c1 OTRA TV http:\/\/internetnoseraotratv.wordpress.com\/ Consumers International, la mayor federaci\u00f3n de Asociaciones de Consumidores del [&hellip;]<\/p>\n","protected":false},"author":5,"featured_media":0,"comment_status":"closed","ping_status":"closed","sticky":false,"template":"","format":"standard","meta":{"footnotes":""},"categories":[52,4],"tags":[],"class_list":["post-491","post","type-post","status-publish","format-standard","hentry","category-blog","category-nuestras-actividades"],"yoast_head":"<!-- This site is optimized with the Yoast SEO plugin v26.7 - https:\/\/yoast.com\/wordpress\/plugins\/seo\/ -->\n<title>En respuesta a la Cumbre de Ministros de Telecos<\/title>\n<meta name=\"robots\" content=\"index, follow, max-snippet:-1, max-image-preview:large, max-video-preview:-1\" \/>\n<link rel=\"canonical\" href=\"https:\/\/dev.xnet-x.net\/ca\/en-respuesta-a-la-cumbre-de-ministros-de-telecos\/\" \/>\n<meta name=\"twitter:label1\" content=\"Written by\" \/>\n\t<meta name=\"twitter:data1\" content=\"Xnet\" \/>\n\t<meta name=\"twitter:label2\" content=\"Est. reading time\" \/>\n\t<meta name=\"twitter:data2\" content=\"9 minutes\" \/>\n<script type=\"application\/ld+json\" class=\"yoast-schema-graph\">{\"@context\":\"https:\/\/schema.org\",\"@graph\":[{\"@type\":\"Article\",\"@id\":\"https:\/\/dev.xnet-x.net\/ca\/en-respuesta-a-la-cumbre-de-ministros-de-telecos\/#article\",\"isPartOf\":{\"@id\":\"https:\/\/dev.xnet-x.net\/ca\/en-respuesta-a-la-cumbre-de-ministros-de-telecos\/\"},\"author\":{\"name\":\"Xnet\",\"@id\":\"https:\/\/dev.xnet-x.net\/es\/#\/schema\/person\/919c7ab500254f012b3e8975a5cf2bc3\"},\"headline\":\"En respuesta a la Cumbre de Ministros de Telecos\",\"datePublished\":\"2010-04-19T10:13:19+00:00\",\"dateModified\":\"2025-04-22T07:05:29+00:00\",\"mainEntityOfPage\":{\"@id\":\"https:\/\/dev.xnet-x.net\/ca\/en-respuesta-a-la-cumbre-de-ministros-de-telecos\/\"},\"wordCount\":3775,\"publisher\":{\"@id\":\"https:\/\/dev.xnet-x.net\/es\/#organization\"},\"image\":{\"@id\":\"https:\/\/dev.xnet-x.net\/ca\/en-respuesta-a-la-cumbre-de-ministros-de-telecos\/#primaryimage\"},\"thumbnailUrl\":\"https:\/\/xnet-x.net\/img\/internet-no-tv.jpg\",\"articleSection\":[\"Blog - Les nostres accions\",\"Les Nostres Activitats\"],\"inLanguage\":\"ca-ES\"},{\"@type\":\"WebPage\",\"@id\":\"https:\/\/dev.xnet-x.net\/ca\/en-respuesta-a-la-cumbre-de-ministros-de-telecos\/\",\"url\":\"https:\/\/dev.xnet-x.net\/ca\/en-respuesta-a-la-cumbre-de-ministros-de-telecos\/\",\"name\":\"En respuesta a la Cumbre de Ministros de Telecos\",\"isPartOf\":{\"@id\":\"https:\/\/dev.xnet-x.net\/ca\/#website\"},\"primaryImageOfPage\":{\"@id\":\"https:\/\/dev.xnet-x.net\/ca\/en-respuesta-a-la-cumbre-de-ministros-de-telecos\/#primaryimage\"},\"image\":{\"@id\":\"https:\/\/dev.xnet-x.net\/ca\/en-respuesta-a-la-cumbre-de-ministros-de-telecos\/#primaryimage\"},\"thumbnailUrl\":\"https:\/\/xnet-x.net\/img\/internet-no-tv.jpg\",\"datePublished\":\"2010-04-19T10:13:19+00:00\",\"dateModified\":\"2025-04-22T07:05:29+00:00\",\"breadcrumb\":{\"@id\":\"https:\/\/dev.xnet-x.net\/ca\/en-respuesta-a-la-cumbre-de-ministros-de-telecos\/#breadcrumb\"},\"inLanguage\":\"ca-ES\",\"potentialAction\":[{\"@type\":\"ReadAction\",\"target\":[[\"https:\/\/dev.xnet-x.net\/ca\/en-respuesta-a-la-cumbre-de-ministros-de-telecos\/\"]]}]},{\"@type\":\"ImageObject\",\"inLanguage\":\"ca-ES\",\"@id\":\"https:\/\/dev.xnet-x.net\/ca\/en-respuesta-a-la-cumbre-de-ministros-de-telecos\/#primaryimage\",\"url\":\"https:\/\/xnet-x.net\/img\/internet-no-tv.jpg\",\"contentUrl\":\"https:\/\/xnet-x.net\/img\/internet-no-tv.jpg\"},{\"@type\":\"BreadcrumbList\",\"@id\":\"https:\/\/dev.xnet-x.net\/ca\/en-respuesta-a-la-cumbre-de-ministros-de-telecos\/#breadcrumb\",\"itemListElement\":[{\"@type\":\"ListItem\",\"position\":1,\"name\":\"Portada\",\"item\":\"https:\/\/dev.xnet-x.net\/ca\/\"},{\"@type\":\"ListItem\",\"position\":2,\"name\":\"En respuesta a la Cumbre de Ministros de Telecos\"}]},{\"@type\":\"WebSite\",\"@id\":\"https:\/\/dev.xnet-x.net\/ca\/#website\",\"url\":\"https:\/\/dev.xnet-x.net\/ca\/\",\"name\":\"[:es]Xnet - Internet, derechos y democracia en la era digital[:ca]Xnet - Internet, drets i democr\u00e0cia en l'era digital[:en]Xnet - Internet freedoms & digital rights[:]\",\"description\":\"Xnet: Internet, informaci\u00f3 i cultura lliures. Tecnopol\u00edtica. Dades, algoritmes i drets digitals. Llibertat d&#039;expressi\u00f3. Democr\u00e0cia i anticorrupci\u00f3\",\"publisher\":{\"@id\":\"https:\/\/dev.xnet-x.net\/ca\/#organization\"},\"potentialAction\":[{\"@type\":\"SearchAction\",\"target\":{\"@type\":\"EntryPoint\",\"urlTemplate\":\"https:\/\/dev.xnet-x.net\/ca\/?s={search_term_string}\"},\"query-input\":{\"@type\":\"PropertyValueSpecification\",\"valueRequired\":true,\"valueName\":\"search_term_string\"}}],\"inLanguage\":\"ca-ES\"},{\"@type\":\"Organization\",\"@id\":\"https:\/\/dev.xnet-x.net\/ca\/#organization\",\"name\":\"Xnet - Internet, drets i democr\u00e0cia en l'era digital\",\"url\":\"https:\/\/dev.xnet-x.net\/ca\/\",\"logo\":{\"@type\":\"ImageObject\",\"inLanguage\":\"ca-ES\",\"@id\":\"https:\/\/dev.xnet-x.net\/ca\/#\/schema\/logo\/image\/\",\"url\":\"https:\/\/xnet-x.net\/img\/xnet-logo.png\",\"contentUrl\":\"https:\/\/xnet-x.net\/img\/xnet-logo.png\",\"width\":512,\"height\":512,\"caption\":\"Xnet - Internet, drets i democr\u00e0cia en l'era digital\"},\"image\":{\"@id\":\"https:\/\/dev.xnet-x.net\/ca\/#\/schema\/logo\/image\/\"},\"sameAs\":[\"http:\/\/facebook.com\/RedX.Net\/\",\"https:\/\/x.com\/x_net_\",\"https:\/\/es.wikipedia.org\/wiki\/Xnet\"]},{\"@type\":\"Person\",\"@id\":\"https:\/\/dev.xnet-x.net\/es\/#\/schema\/person\/919c7ab500254f012b3e8975a5cf2bc3\",\"name\":\"Xnet\",\"image\":{\"@type\":\"ImageObject\",\"inLanguage\":\"ca-ES\",\"@id\":\"https:\/\/dev.xnet-x.net\/ca\/#\/schema\/person\/image\/\",\"url\":\"https:\/\/secure.gravatar.com\/avatar\/8b8563db88d55a25627c485761032c68d19ec6fbca59b20305af9bd0e10cb624?s=96&d=mm&r=g\",\"contentUrl\":\"https:\/\/secure.gravatar.com\/avatar\/8b8563db88d55a25627c485761032c68d19ec6fbca59b20305af9bd0e10cb624?s=96&d=mm&r=g\",\"caption\":\"Xnet\"}}]}<\/script>\n<!-- \/ Yoast SEO plugin. -->","yoast_head_json":{"title":"En respuesta a la Cumbre de Ministros de Telecos","robots":{"index":"index","follow":"follow","max-snippet":"max-snippet:-1","max-image-preview":"max-image-preview:large","max-video-preview":"max-video-preview:-1"},"canonical":"https:\/\/dev.xnet-x.net\/ca\/en-respuesta-a-la-cumbre-de-ministros-de-telecos\/","twitter_misc":{"Written by":"Xnet","Est. reading time":"9 minutes"},"schema":{"@context":"https:\/\/schema.org","@graph":[{"@type":"Article","@id":"https:\/\/dev.xnet-x.net\/ca\/en-respuesta-a-la-cumbre-de-ministros-de-telecos\/#article","isPartOf":{"@id":"https:\/\/dev.xnet-x.net\/ca\/en-respuesta-a-la-cumbre-de-ministros-de-telecos\/"},"author":{"name":"Xnet","@id":"https:\/\/dev.xnet-x.net\/es\/#\/schema\/person\/919c7ab500254f012b3e8975a5cf2bc3"},"headline":"En respuesta a la Cumbre de Ministros de Telecos","datePublished":"2010-04-19T10:13:19+00:00","dateModified":"2025-04-22T07:05:29+00:00","mainEntityOfPage":{"@id":"https:\/\/dev.xnet-x.net\/ca\/en-respuesta-a-la-cumbre-de-ministros-de-telecos\/"},"wordCount":3775,"publisher":{"@id":"https:\/\/dev.xnet-x.net\/es\/#organization"},"image":{"@id":"https:\/\/dev.xnet-x.net\/ca\/en-respuesta-a-la-cumbre-de-ministros-de-telecos\/#primaryimage"},"thumbnailUrl":"https:\/\/xnet-x.net\/img\/internet-no-tv.jpg","articleSection":["Blog - Les nostres accions","Les Nostres Activitats"],"inLanguage":"ca-ES"},{"@type":"WebPage","@id":"https:\/\/dev.xnet-x.net\/ca\/en-respuesta-a-la-cumbre-de-ministros-de-telecos\/","url":"https:\/\/dev.xnet-x.net\/ca\/en-respuesta-a-la-cumbre-de-ministros-de-telecos\/","name":"En respuesta a la Cumbre de Ministros de Telecos","isPartOf":{"@id":"https:\/\/dev.xnet-x.net\/ca\/#website"},"primaryImageOfPage":{"@id":"https:\/\/dev.xnet-x.net\/ca\/en-respuesta-a-la-cumbre-de-ministros-de-telecos\/#primaryimage"},"image":{"@id":"https:\/\/dev.xnet-x.net\/ca\/en-respuesta-a-la-cumbre-de-ministros-de-telecos\/#primaryimage"},"thumbnailUrl":"https:\/\/xnet-x.net\/img\/internet-no-tv.jpg","datePublished":"2010-04-19T10:13:19+00:00","dateModified":"2025-04-22T07:05:29+00:00","breadcrumb":{"@id":"https:\/\/dev.xnet-x.net\/ca\/en-respuesta-a-la-cumbre-de-ministros-de-telecos\/#breadcrumb"},"inLanguage":"ca-ES","potentialAction":[{"@type":"ReadAction","target":[["https:\/\/dev.xnet-x.net\/ca\/en-respuesta-a-la-cumbre-de-ministros-de-telecos\/"]]}]},{"@type":"ImageObject","inLanguage":"ca-ES","@id":"https:\/\/dev.xnet-x.net\/ca\/en-respuesta-a-la-cumbre-de-ministros-de-telecos\/#primaryimage","url":"https:\/\/xnet-x.net\/img\/internet-no-tv.jpg","contentUrl":"https:\/\/xnet-x.net\/img\/internet-no-tv.jpg"},{"@type":"BreadcrumbList","@id":"https:\/\/dev.xnet-x.net\/ca\/en-respuesta-a-la-cumbre-de-ministros-de-telecos\/#breadcrumb","itemListElement":[{"@type":"ListItem","position":1,"name":"Portada","item":"https:\/\/dev.xnet-x.net\/ca\/"},{"@type":"ListItem","position":2,"name":"En respuesta a la Cumbre de Ministros de Telecos"}]},{"@type":"WebSite","@id":"https:\/\/dev.xnet-x.net\/ca\/#website","url":"https:\/\/dev.xnet-x.net\/ca\/","name":"[:es]Xnet - Internet, derechos y democracia en la era digital[:ca]Xnet - Internet, drets i democr\u00e0cia en l'era digital[:en]Xnet - Internet freedoms & digital rights[:]","description":"Xnet: Internet, informaci\u00f3 i cultura lliures. Tecnopol\u00edtica. Dades, algoritmes i drets digitals. Llibertat d&#039;expressi\u00f3. Democr\u00e0cia i anticorrupci\u00f3","publisher":{"@id":"https:\/\/dev.xnet-x.net\/ca\/#organization"},"potentialAction":[{"@type":"SearchAction","target":{"@type":"EntryPoint","urlTemplate":"https:\/\/dev.xnet-x.net\/ca\/?s={search_term_string}"},"query-input":{"@type":"PropertyValueSpecification","valueRequired":true,"valueName":"search_term_string"}}],"inLanguage":"ca-ES"},{"@type":"Organization","@id":"https:\/\/dev.xnet-x.net\/ca\/#organization","name":"Xnet - Internet, drets i democr\u00e0cia en l'era digital","url":"https:\/\/dev.xnet-x.net\/ca\/","logo":{"@type":"ImageObject","inLanguage":"ca-ES","@id":"https:\/\/dev.xnet-x.net\/ca\/#\/schema\/logo\/image\/","url":"https:\/\/xnet-x.net\/img\/xnet-logo.png","contentUrl":"https:\/\/xnet-x.net\/img\/xnet-logo.png","width":512,"height":512,"caption":"Xnet - Internet, drets i democr\u00e0cia en l'era digital"},"image":{"@id":"https:\/\/dev.xnet-x.net\/ca\/#\/schema\/logo\/image\/"},"sameAs":["http:\/\/facebook.com\/RedX.Net\/","https:\/\/x.com\/x_net_","https:\/\/es.wikipedia.org\/wiki\/Xnet"]},{"@type":"Person","@id":"https:\/\/dev.xnet-x.net\/es\/#\/schema\/person\/919c7ab500254f012b3e8975a5cf2bc3","name":"Xnet","image":{"@type":"ImageObject","inLanguage":"ca-ES","@id":"https:\/\/dev.xnet-x.net\/ca\/#\/schema\/person\/image\/","url":"https:\/\/secure.gravatar.com\/avatar\/8b8563db88d55a25627c485761032c68d19ec6fbca59b20305af9bd0e10cb624?s=96&d=mm&r=g","contentUrl":"https:\/\/secure.gravatar.com\/avatar\/8b8563db88d55a25627c485761032c68d19ec6fbca59b20305af9bd0e10cb624?s=96&d=mm&r=g","caption":"Xnet"}}]}},"_links":{"self":[{"href":"https:\/\/dev.xnet-x.net\/ca\/wp-json\/wp\/v2\/posts\/491","targetHints":{"allow":["GET"]}}],"collection":[{"href":"https:\/\/dev.xnet-x.net\/ca\/wp-json\/wp\/v2\/posts"}],"about":[{"href":"https:\/\/dev.xnet-x.net\/ca\/wp-json\/wp\/v2\/types\/post"}],"author":[{"embeddable":true,"href":"https:\/\/dev.xnet-x.net\/ca\/wp-json\/wp\/v2\/users\/5"}],"replies":[{"embeddable":true,"href":"https:\/\/dev.xnet-x.net\/ca\/wp-json\/wp\/v2\/comments?post=491"}],"version-history":[{"count":10,"href":"https:\/\/dev.xnet-x.net\/ca\/wp-json\/wp\/v2\/posts\/491\/revisions"}],"predecessor-version":[{"id":28107,"href":"https:\/\/dev.xnet-x.net\/ca\/wp-json\/wp\/v2\/posts\/491\/revisions\/28107"}],"wp:attachment":[{"href":"https:\/\/dev.xnet-x.net\/ca\/wp-json\/wp\/v2\/media?parent=491"}],"wp:term":[{"taxonomy":"category","embeddable":true,"href":"https:\/\/dev.xnet-x.net\/ca\/wp-json\/wp\/v2\/categories?post=491"},{"taxonomy":"post_tag","embeddable":true,"href":"https:\/\/dev.xnet-x.net\/ca\/wp-json\/wp\/v2\/tags?post=491"}],"curies":[{"name":"wp","href":"https:\/\/api.w.org\/{rel}","templated":true}]}}