{"id":4215,"date":"2012-02-04T22:43:14","date_gmt":"2012-02-04T21:43:14","guid":{"rendered":"http:\/\/xnet-x.net\/?p=4215"},"modified":"2015-01-27T16:29:57","modified_gmt":"2015-01-27T15:29:57","slug":"tecnopolitica-community","status":"publish","type":"post","link":"https:\/\/dev.xnet-x.net\/ca\/jornada-tecnopolitica-y-democracia-de-red-30-de-marzo-curso-intensivo-radical-community-manager-31-de-marzo-y-1-de-abril-reservate-las-fechas\/","title":{"rendered":"Jornada &#8216;Tecnopol\u00edtica y democracia de red&#8217;, 30 de Marzo + curso intensivo Radical Community Manager*, 31 de marzo y 1 de abril. Res\u00e9rvate las fechas."},"content":{"rendered":"<p>[Per falta de temps i recursos, la traducci\u00f3 al catal\u00e0 d&#8217;aquesta web no est\u00e0 acabada. Si trobes interessants alguns dels nostres documents i tens temps de traduir-los, ens ho pot enviar (si us plau, reproduint la maquetaci\u00f3). Moltes gr\u00e0cies!]<\/p>\n<p>Desde <a href=\"http:\/\/xnet-x.net\/\">Xnet<\/a> y <a href=\"http:\/\/fcforum.net\/es\">Fcforum<\/a>, queremos invitarles a dos eventos: una jornada que estamos llevando a cabo dentro de la investigaci\u00f3n <strong>&#8216;Tecnopol\u00edtica y democracia de red&#8217;<\/strong> que desarrollamos con la <a href=\"http:\/\/in3.uoc.edu\/opencms_portalin3\/opencms\/es\/index.html\" target=\"_blank\">Universitat Oberta de Catalunya-IN3<\/a> y dos d\u00edas de curso intensivo Radical Community Manager [*T\u00edtulo amablemente prestado por las compa\u00f1eras de <a href=\"http:\/\/nocionescomunes.wordpress.com\/\">Nociones Comunes<\/a> ]<!--more--><\/p>\n<p>El 2011 ha sido un a\u00f1o donde personas de todo el mundo utilizaron Internet no s\u00f3lo para aprender, crear conocimiento y compartir cultura, sino para organizarse pol\u00edticamente sin intermediarios.<br \/>\nMientras tanto, los grandes <em>lobbies<\/em> de las industrias culturales, consorcios medi\u00e1ticos, gobiernos y sectores conservadores de la sociedad, han visto claramente que controlar Internet es clave para intentar bloquear las luchas sociales que se est\u00e1n llevando a cabo y as\u00ed mantener sus monopolios.<\/p>\n<p>Vivimos una encrucijada, en la que defender la neutralidad en la red y mejorar nuestra capacidad colectiva para utilizar la potencia de intervenci\u00f3n &#8211; en y a trav\u00e9s de la red- es condici\u00f3n necesaria para extender y coordinar la emergencia de una <strong>sociedad civil global conectada<\/strong> y mejorar el impacto de las luchas sociales en todos los \u00e1mbitos de la sociedad.<\/p>\n<p>Internet es un campo de batalla para todos.<br \/>\nSus herramientas, las mejores herramientas de lucha en este momento.<br \/>\nLas jornadas quieren discutir y consolidar estos conceptos dentro del movimiento.<\/p>\n<p>Consideramos muy importante que vuestro colectivo participe.<br \/>\nAdem\u00e1s, quisi\u00e9ramos que planteaseis en la sesi\u00f3n de trabajo conclusiva, si as\u00ed lo quer\u00e9is, a cu\u00e1l de vuestras campa\u00f1as futuras se podr\u00eda aplicar lo que se discutir\u00e1 en las jornadas.<\/p>\n<h3>Os proponemos el siguiente plan:<\/h3>\n<p>En la jornada &#8216;Tecnopol\u00edtica y democracia de red&#8217;<span style=\"text-decoration: underline;\"> (viernes)<\/span> pretendemos una aproximaci\u00f3n a algunas de la cuestiones vinculadas a c\u00f3mo funciona la inteligencia colectiva en los procesos sociales de irrupci\u00f3n de estos nuevos movimientos emergentes y ver como estas irrupciones utilizan las herramientas digitales para crear formas de comunicaci\u00f3n y acci\u00f3n. Queremos presentar una serie de problemas que hemos visto recurrentes el las \u00faltimas reflexiones del <strong>15M<\/strong> y tambi\u00e9n profundizar en temas concretos.<\/p>\n<p>El curso &#8216;Radical Community Manager&#8217; <span style=\"text-decoration: underline;\">(s\u00e1bado y domingo)<\/span>, est\u00e1 vinculado a necesidades m\u00e1s pr\u00e1cticas de formaci\u00f3n en el uso de las <em>herramientas y estrategias<\/em> que estos movimientos han utilizado. Para eso tendremos un taller intensivo en el que se plantea c\u00f3mo insertarse en Internet como campo de batalla y c\u00f3mo podemos aprender a movernos con m\u00e1s destreza para organizar y amplificar nuestras acciones aprovechando las sinerg\u00edas de la sociedad red.<\/p>\n<div class=\"intro\">\n<h2>Viernes 30 de Marzo<\/h2>\n<h3>Tecnopol\u00edtica y democracia de red<\/h3>\n<p><strong>Horario:<\/strong> de 16:00 a 20:00<br \/>\n<strong>Lugar: <\/strong>OJO!! <em>Por razones log\u00edsitcas ha habido un cambio de localizaci\u00f3n :<\/em><br \/>\nUOC IN3<br \/>\nEdificio MEDIATIC, 7a. planta, Sala William J. Mitchell<br \/>\nc\/ Roc Boronat, 117, 08018<\/p>\n<ul>\n<li><strong><a href=\"http:\/\/xnet-x.net\/\">Xnet<\/a><\/strong>. Aprendizajes tecnopol\u00edticos del #15m . Nuevas formas de organzaci\u00f3n colectiva distribuida<\/li>\n<li><a title=\"P2p Foundation\" href=\"http:\/\/p2pfoundation.net\/Michel_Bauwens \" target=\"_blank\"><strong>Michel Bauwens<\/strong><\/a>: Caso de estudio de <em>Occupy Wall Street<\/em><\/li>\n<li><a title=\"Xabier Barandiaran\" href=\"http:\/\/xabier.barandiaran.net\/ \" target=\"_blank\"><strong>Xabier Barandiarian<\/strong><\/a>. Arquitecturas y din\u00e1micas de red: consciencia, acci\u00f3n y hacktivismo<\/li>\n<li><strong><a href=\"https:\/\/twitter.com\/#!\/hibai_\" target=\"_blank\">@Hibai_<\/a><\/strong> y <strong><a href=\"https:\/\/twitter.com\/#!\/culebrae\" target=\"_blank\">@culebrae<\/a><\/strong>. Puesta en comun de los problemas pr\u00e1cticos en uso de las redes sociales en el movimiento.<\/li>\n<\/ul>\n<\/div>\n<div class=\"intro\">\n<h2>Sabado 31 de marzo<\/h2>\n<h3>Taller intensivo Radical Community Manager<\/h3>\n<p><strong>Lugar:<\/strong> Conservas<br \/>\nC\/ San Pau 58 bajos \u2013 Barcelona<br \/>\nMetro: Liceu<\/p>\n<ul>\n<li><strong>11.00 &#8211; 15.00: <em>Introducci\u00f3n a herramientas de trabajo en Internet.<\/em><\/strong> Ideas, herramientas y consejos b\u00e1sicos para organizarse en red. WordPress y otros blogs, n-1, netiqueta, listas, pads, mumble. Algunas nociones sobre la neutralidad de la red y las licencias libres.<span style=\"float: right;\">Por <a href=\"https:\/\/twitter.com\/X_net_\" target=\"_blank\"><strong>Xnet<\/strong><\/a><\/span><\/li>\n<\/ul>\n<ul>\n<li><strong>17:00 &#8211; 19:00: <em>\u00bfC\u00f3mo construirse un identidad colectiva en la red?<\/em><\/strong> Principales canales de difusi\u00f3n: Facebook (p\u00e1ginas de fans, p\u00e1gina grupo), Youtube, Vimeo ,Flickr, Picasa . Redes sociales libres para organizarse.<span style=\"float: right;\">Por <a href=\"https:\/\/twitter.com\/#!\/X_net_\" target=\"_blank\"><strong>Xnet<\/strong><\/a> <a href=\"http:\/\/twitter.com\/#!\/adgwitter\" target=\"_blank\"><strong>@adgwitter<\/strong><\/a><\/span><\/li>\n<\/ul>\n<ul>\n<li><strong>19:00 &#8211; 20:30: \u00bfC\u00f3mo levantar un streaming? <\/strong>Necesitas cubrir una acci\u00f3n o un acontecimiento con una retransmisi\u00f3n en directo.<span style=\"float: right;\">Por <a href=\"http:\/\/communia.org\/\" target=\"_blank\"><strong>Communia<\/strong><\/a><\/span><\/li>\n<\/ul>\n<p><em>\u00a1\u00a1M\u00fasica!!<\/em><\/p>\n<\/div>\n<div class=\"intro\">\n<h2>Domingo 1 de abril<\/h2>\n<p><strong>Lugar:<\/strong> Conservas<br \/>\nC\/ San Pau 58 bajos \u2013 Barcelona<br \/>\nMetro: Liceu<\/p>\n<ul>\n<li><strong>11.00 &#8211; 15h: <em>\u00bfC\u00f3mo liarla parda en Twitter? Primeros pasos en la herramienta.<\/em><\/strong> Explicaci\u00f3n b\u00e1sica de Twitter y Tweetdeck.<span style=\"float: right;\"><a href=\"https:\/\/twitter.com\/#!\/X_net_\" target=\"_blank\"><strong>Xnet<\/strong><\/a> <a href=\"https:\/\/twitter.com\/#!\/hibai_\" target=\"_blank\"><strong>@Hibai_<\/strong><\/a> y <a href=\"https:\/\/twitter.com\/#!\/adgwitter\" target=\"_blank\"><strong>@adgwitter<\/strong><\/a><\/span><\/li>\n<\/ul>\n<ul>\n<li><strong>16,30h &#8211; 18.00: <em>\u00bfC\u00f3mo construir una campa\u00f1a viral? <\/em><\/strong>Introducci\u00f3n a los Memes y la viralidad. Algunas herramientas para amplificar o lanzar campa\u00f1as.  P\u00e1gina de peticiones, Actuable, <a title=\"Oiga.me\" href=\"http:\/\/oiga.me\/\" target=\"_blank\"><strong>Oiga.me<\/strong><\/a>.<span style=\"float: right;\"><strong><a href=\"https:\/\/twitter.com\/#!\/X_net_\" target=\"_blank\">Xnet<\/a><\/strong><\/span><\/li>\n<\/ul>\n<ul>\n<li><strong>18h &#8211; 21h: <em>Casos concretos aportados por los colectivos participantes.<\/em><\/strong><span style=\"float: right;\">Dinamizado por: <strong><a href=\"https:\/\/twitter.com\/#!\/X_net_\" target=\"_blank\">Xnet<\/a><\/strong> <strong><a href=\"https:\/\/twitter.com\/#!\/culebrae\" target=\"_blank\">@culebrae<\/a><\/strong> y <strong><a href=\"https:\/\/twitter.com\/#!\/hibai_\" target=\"_blank\">@Hibai_<\/a><\/strong> <\/span><\/li>\n<\/ul>\n<p><em>\u00a1\u00a1M\u00fasica!!<\/em>\n<\/div>\n<p>Os pedimos una colaboraci\u00f3n de 3\u20ac para equipar el espacio con un buen cauce de conexi\u00f3n y para comprar la comida.<br \/>\nNecesitar\u00edamos recogerlos antes del 10 de marzo.<br \/>\nPara confirmar tu asistencia env\u00edanos un mail a:<br \/>\ninfo@fcforum.net<\/p>","protected":false},"excerpt":{"rendered":"<p>[Per falta de temps i recursos, la traducci\u00f3 al catal\u00e0 d&#8217;aquesta web no est\u00e0 acabada. Si trobes interessants alguns dels nostres documents i tens temps de traduir-los, ens ho pot enviar (si us plau, reproduint la maquetaci\u00f3). Moltes gr\u00e0cies!] Desde Xnet y Fcforum, queremos invitarles a dos eventos: una jornada que estamos llevando a cabo [&hellip;]<\/p>\n","protected":false},"author":5,"featured_media":5837,"comment_status":"closed","ping_status":"closed","sticky":false,"template":"","format":"standard","meta":{"footnotes":""},"categories":[52,4],"tags":[],"class_list":["post-4215","post","type-post","status-publish","format-standard","has-post-thumbnail","hentry","category-blog","category-nuestras-actividades"],"yoast_head":"<!-- This site is optimized with the Yoast SEO plugin v26.7 - https:\/\/yoast.com\/wordpress\/plugins\/seo\/ -->\n<title>Jornada &#039;Tecnopol\u00edtica y democracia de red&#039;, 30 de Marzo + curso intensivo Radical Community Manager*, 31 de marzo y 1 de abril. Res\u00e9rvate las fechas.<\/title>\n<meta name=\"robots\" content=\"index, follow, max-snippet:-1, max-image-preview:large, max-video-preview:-1\" \/>\n<link rel=\"canonical\" href=\"https:\/\/dev.xnet-x.net\/ca\/jornada-tecnopolitica-y-democracia-de-red-30-de-marzo-curso-intensivo-radical-community-manager-31-de-marzo-y-1-de-abril-reservate-las-fechas\/\" \/>\n<meta name=\"twitter:label1\" content=\"Written by\" \/>\n\t<meta name=\"twitter:data1\" content=\"Xnet\" \/>\n\t<meta name=\"twitter:label2\" content=\"Est. reading time\" \/>\n\t<meta name=\"twitter:data2\" content=\"8 minutes\" \/>\n<script type=\"application\/ld+json\" class=\"yoast-schema-graph\">{\"@context\":\"https:\/\/schema.org\",\"@graph\":[{\"@type\":\"Article\",\"@id\":\"https:\/\/dev.xnet-x.net\/es\/jornada-tecnopolitica-y-democracia-de-red-30-de-marzo-curso-intensivo-radical-community-manager-31-de-marzo-y-1-de-abril-reservate-las-fechas\/#article\",\"isPartOf\":{\"@id\":\"https:\/\/dev.xnet-x.net\/es\/jornada-tecnopolitica-y-democracia-de-red-30-de-marzo-curso-intensivo-radical-community-manager-31-de-marzo-y-1-de-abril-reservate-las-fechas\/\"},\"author\":{\"name\":\"Xnet\",\"@id\":\"https:\/\/dev.xnet-x.net\/es\/#\/schema\/person\/919c7ab500254f012b3e8975a5cf2bc3\"},\"headline\":\"Jornada &#8216;Tecnopol\u00edtica y democracia de red&#8217;, 30 de Marzo + curso intensivo Radical Community Manager*, 31 de marzo y 1 de abril. Res\u00e9rvate las fechas.\",\"datePublished\":\"2012-02-04T21:43:14+00:00\",\"dateModified\":\"2015-01-27T15:29:57+00:00\",\"mainEntityOfPage\":{\"@id\":\"https:\/\/dev.xnet-x.net\/es\/jornada-tecnopolitica-y-democracia-de-red-30-de-marzo-curso-intensivo-radical-community-manager-31-de-marzo-y-1-de-abril-reservate-las-fechas\/\"},\"wordCount\":1676,\"publisher\":{\"@id\":\"https:\/\/dev.xnet-x.net\/es\/#organization\"},\"image\":{\"@id\":\"https:\/\/dev.xnet-x.net\/es\/jornada-tecnopolitica-y-democracia-de-red-30-de-marzo-curso-intensivo-radical-community-manager-31-de-marzo-y-1-de-abril-reservate-las-fechas\/#primaryimage\"},\"thumbnailUrl\":\"https:\/\/dev.xnet-x.net\/img\/Netzpolitik-welt-mit-Netzwerkstecker11.jpg\",\"articleSection\":[\"Blog - Les nostres accions\",\"Les Nostres Activitats\"],\"inLanguage\":\"ca-ES\"},{\"@type\":\"WebPage\",\"@id\":\"https:\/\/dev.xnet-x.net\/ca\/jornada-tecnopolitica-y-democracia-de-red-30-de-marzo-curso-intensivo-radical-community-manager-31-de-marzo-y-1-de-abril-reservate-las-fechas\/\",\"url\":\"https:\/\/dev.xnet-x.net\/ca\/jornada-tecnopolitica-y-democracia-de-red-30-de-marzo-curso-intensivo-radical-community-manager-31-de-marzo-y-1-de-abril-reservate-las-fechas\/\",\"name\":\"Jornada 'Tecnopol\u00edtica y democracia de red', 30 de Marzo + curso intensivo Radical Community Manager*, 31 de marzo y 1 de abril. Res\u00e9rvate las fechas.\",\"isPartOf\":{\"@id\":\"https:\/\/dev.xnet-x.net\/ca\/#website\"},\"primaryImageOfPage\":{\"@id\":\"https:\/\/dev.xnet-x.net\/ca\/jornada-tecnopolitica-y-democracia-de-red-30-de-marzo-curso-intensivo-radical-community-manager-31-de-marzo-y-1-de-abril-reservate-las-fechas\/#primaryimage\"},\"image\":{\"@id\":\"https:\/\/dev.xnet-x.net\/es\/jornada-tecnopolitica-y-democracia-de-red-30-de-marzo-curso-intensivo-radical-community-manager-31-de-marzo-y-1-de-abril-reservate-las-fechas\/#primaryimage\"},\"thumbnailUrl\":\"https:\/\/dev.xnet-x.net\/img\/Netzpolitik-welt-mit-Netzwerkstecker11.jpg\",\"datePublished\":\"2012-02-04T21:43:14+00:00\",\"dateModified\":\"2015-01-27T15:29:57+00:00\",\"breadcrumb\":{\"@id\":\"https:\/\/dev.xnet-x.net\/ca\/jornada-tecnopolitica-y-democracia-de-red-30-de-marzo-curso-intensivo-radical-community-manager-31-de-marzo-y-1-de-abril-reservate-las-fechas\/#breadcrumb\"},\"inLanguage\":\"ca-ES\",\"potentialAction\":[{\"@type\":\"ReadAction\",\"target\":[[\"https:\/\/dev.xnet-x.net\/ca\/jornada-tecnopolitica-y-democracia-de-red-30-de-marzo-curso-intensivo-radical-community-manager-31-de-marzo-y-1-de-abril-reservate-las-fechas\/\"]]}]},{\"@type\":\"ImageObject\",\"inLanguage\":\"ca-ES\",\"@id\":\"https:\/\/dev.xnet-x.net\/ca\/jornada-tecnopolitica-y-democracia-de-red-30-de-marzo-curso-intensivo-radical-community-manager-31-de-marzo-y-1-de-abril-reservate-las-fechas\/#primaryimage\",\"url\":\"https:\/\/dev.xnet-x.net\/img\/Netzpolitik-welt-mit-Netzwerkstecker11.jpg\",\"contentUrl\":\"https:\/\/dev.xnet-x.net\/img\/Netzpolitik-welt-mit-Netzwerkstecker11.jpg\",\"width\":480,\"height\":427,\"caption\":\"Netzpolitik-welt-mit-Netzwerkstecker1\"},{\"@type\":\"BreadcrumbList\",\"@id\":\"https:\/\/dev.xnet-x.net\/ca\/jornada-tecnopolitica-y-democracia-de-red-30-de-marzo-curso-intensivo-radical-community-manager-31-de-marzo-y-1-de-abril-reservate-las-fechas\/#breadcrumb\",\"itemListElement\":[{\"@type\":\"ListItem\",\"position\":1,\"name\":\"Portada\",\"item\":\"https:\/\/dev.xnet-x.net\/ca\/\"},{\"@type\":\"ListItem\",\"position\":2,\"name\":\"Jornada &#8216;Tecnopol\u00edtica y democracia de red&#8217;, 30 de Marzo + curso intensivo Radical Community Manager*, 31 de marzo y 1 de abril. Res\u00e9rvate las fechas.\"}]},{\"@type\":\"WebSite\",\"@id\":\"https:\/\/dev.xnet-x.net\/ca\/#website\",\"url\":\"https:\/\/dev.xnet-x.net\/ca\/\",\"name\":\"[:es]Xnet - Internet, derechos y democracia en la era digital[:ca]Xnet - Internet, drets i democr\u00e0cia en l'era digital[:en]Xnet - Internet freedoms & digital rights[:]\",\"description\":\"Xnet: Internet, informaci\u00f3 i cultura lliures. Tecnopol\u00edtica. Dades, algoritmes i drets digitals. Llibertat d&#039;expressi\u00f3. Democr\u00e0cia i anticorrupci\u00f3\",\"publisher\":{\"@id\":\"https:\/\/dev.xnet-x.net\/ca\/#organization\"},\"potentialAction\":[{\"@type\":\"SearchAction\",\"target\":{\"@type\":\"EntryPoint\",\"urlTemplate\":\"https:\/\/dev.xnet-x.net\/ca\/?s={search_term_string}\"},\"query-input\":{\"@type\":\"PropertyValueSpecification\",\"valueRequired\":true,\"valueName\":\"search_term_string\"}}],\"inLanguage\":\"ca-ES\"},{\"@type\":\"Organization\",\"@id\":\"https:\/\/dev.xnet-x.net\/ca\/#organization\",\"name\":\"Xnet - Internet, drets i democr\u00e0cia en l'era digital\",\"url\":\"https:\/\/dev.xnet-x.net\/ca\/\",\"logo\":{\"@type\":\"ImageObject\",\"inLanguage\":\"ca-ES\",\"@id\":\"https:\/\/dev.xnet-x.net\/ca\/#\/schema\/logo\/image\/\",\"url\":\"https:\/\/xnet-x.net\/img\/xnet-logo.png\",\"contentUrl\":\"https:\/\/xnet-x.net\/img\/xnet-logo.png\",\"width\":512,\"height\":512,\"caption\":\"Xnet - Internet, drets i democr\u00e0cia en l'era digital\"},\"image\":{\"@id\":\"https:\/\/dev.xnet-x.net\/ca\/#\/schema\/logo\/image\/\"},\"sameAs\":[\"http:\/\/facebook.com\/RedX.Net\/\",\"https:\/\/x.com\/x_net_\",\"https:\/\/es.wikipedia.org\/wiki\/Xnet\"]},{\"@type\":\"Person\",\"@id\":\"https:\/\/dev.xnet-x.net\/es\/#\/schema\/person\/919c7ab500254f012b3e8975a5cf2bc3\",\"name\":\"Xnet\",\"image\":{\"@type\":\"ImageObject\",\"inLanguage\":\"ca-ES\",\"@id\":\"https:\/\/dev.xnet-x.net\/ca\/#\/schema\/person\/image\/\",\"url\":\"https:\/\/secure.gravatar.com\/avatar\/8b8563db88d55a25627c485761032c68d19ec6fbca59b20305af9bd0e10cb624?s=96&d=mm&r=g\",\"contentUrl\":\"https:\/\/secure.gravatar.com\/avatar\/8b8563db88d55a25627c485761032c68d19ec6fbca59b20305af9bd0e10cb624?s=96&d=mm&r=g\",\"caption\":\"Xnet\"}}]}<\/script>\n<!-- \/ Yoast SEO plugin. -->","yoast_head_json":{"title":"Jornada 'Tecnopol\u00edtica y democracia de red', 30 de Marzo + curso intensivo Radical Community Manager*, 31 de marzo y 1 de abril. Res\u00e9rvate las fechas.","robots":{"index":"index","follow":"follow","max-snippet":"max-snippet:-1","max-image-preview":"max-image-preview:large","max-video-preview":"max-video-preview:-1"},"canonical":"https:\/\/dev.xnet-x.net\/ca\/jornada-tecnopolitica-y-democracia-de-red-30-de-marzo-curso-intensivo-radical-community-manager-31-de-marzo-y-1-de-abril-reservate-las-fechas\/","twitter_misc":{"Written by":"Xnet","Est. reading time":"8 minutes"},"schema":{"@context":"https:\/\/schema.org","@graph":[{"@type":"Article","@id":"https:\/\/dev.xnet-x.net\/es\/jornada-tecnopolitica-y-democracia-de-red-30-de-marzo-curso-intensivo-radical-community-manager-31-de-marzo-y-1-de-abril-reservate-las-fechas\/#article","isPartOf":{"@id":"https:\/\/dev.xnet-x.net\/es\/jornada-tecnopolitica-y-democracia-de-red-30-de-marzo-curso-intensivo-radical-community-manager-31-de-marzo-y-1-de-abril-reservate-las-fechas\/"},"author":{"name":"Xnet","@id":"https:\/\/dev.xnet-x.net\/es\/#\/schema\/person\/919c7ab500254f012b3e8975a5cf2bc3"},"headline":"Jornada &#8216;Tecnopol\u00edtica y democracia de red&#8217;, 30 de Marzo + curso intensivo Radical Community Manager*, 31 de marzo y 1 de abril. Res\u00e9rvate las fechas.","datePublished":"2012-02-04T21:43:14+00:00","dateModified":"2015-01-27T15:29:57+00:00","mainEntityOfPage":{"@id":"https:\/\/dev.xnet-x.net\/es\/jornada-tecnopolitica-y-democracia-de-red-30-de-marzo-curso-intensivo-radical-community-manager-31-de-marzo-y-1-de-abril-reservate-las-fechas\/"},"wordCount":1676,"publisher":{"@id":"https:\/\/dev.xnet-x.net\/es\/#organization"},"image":{"@id":"https:\/\/dev.xnet-x.net\/es\/jornada-tecnopolitica-y-democracia-de-red-30-de-marzo-curso-intensivo-radical-community-manager-31-de-marzo-y-1-de-abril-reservate-las-fechas\/#primaryimage"},"thumbnailUrl":"https:\/\/dev.xnet-x.net\/img\/Netzpolitik-welt-mit-Netzwerkstecker11.jpg","articleSection":["Blog - Les nostres accions","Les Nostres Activitats"],"inLanguage":"ca-ES"},{"@type":"WebPage","@id":"https:\/\/dev.xnet-x.net\/ca\/jornada-tecnopolitica-y-democracia-de-red-30-de-marzo-curso-intensivo-radical-community-manager-31-de-marzo-y-1-de-abril-reservate-las-fechas\/","url":"https:\/\/dev.xnet-x.net\/ca\/jornada-tecnopolitica-y-democracia-de-red-30-de-marzo-curso-intensivo-radical-community-manager-31-de-marzo-y-1-de-abril-reservate-las-fechas\/","name":"Jornada 'Tecnopol\u00edtica y democracia de red', 30 de Marzo + curso intensivo Radical Community Manager*, 31 de marzo y 1 de abril. Res\u00e9rvate las fechas.","isPartOf":{"@id":"https:\/\/dev.xnet-x.net\/ca\/#website"},"primaryImageOfPage":{"@id":"https:\/\/dev.xnet-x.net\/ca\/jornada-tecnopolitica-y-democracia-de-red-30-de-marzo-curso-intensivo-radical-community-manager-31-de-marzo-y-1-de-abril-reservate-las-fechas\/#primaryimage"},"image":{"@id":"https:\/\/dev.xnet-x.net\/es\/jornada-tecnopolitica-y-democracia-de-red-30-de-marzo-curso-intensivo-radical-community-manager-31-de-marzo-y-1-de-abril-reservate-las-fechas\/#primaryimage"},"thumbnailUrl":"https:\/\/dev.xnet-x.net\/img\/Netzpolitik-welt-mit-Netzwerkstecker11.jpg","datePublished":"2012-02-04T21:43:14+00:00","dateModified":"2015-01-27T15:29:57+00:00","breadcrumb":{"@id":"https:\/\/dev.xnet-x.net\/ca\/jornada-tecnopolitica-y-democracia-de-red-30-de-marzo-curso-intensivo-radical-community-manager-31-de-marzo-y-1-de-abril-reservate-las-fechas\/#breadcrumb"},"inLanguage":"ca-ES","potentialAction":[{"@type":"ReadAction","target":[["https:\/\/dev.xnet-x.net\/ca\/jornada-tecnopolitica-y-democracia-de-red-30-de-marzo-curso-intensivo-radical-community-manager-31-de-marzo-y-1-de-abril-reservate-las-fechas\/"]]}]},{"@type":"ImageObject","inLanguage":"ca-ES","@id":"https:\/\/dev.xnet-x.net\/ca\/jornada-tecnopolitica-y-democracia-de-red-30-de-marzo-curso-intensivo-radical-community-manager-31-de-marzo-y-1-de-abril-reservate-las-fechas\/#primaryimage","url":"https:\/\/dev.xnet-x.net\/img\/Netzpolitik-welt-mit-Netzwerkstecker11.jpg","contentUrl":"https:\/\/dev.xnet-x.net\/img\/Netzpolitik-welt-mit-Netzwerkstecker11.jpg","width":480,"height":427,"caption":"Netzpolitik-welt-mit-Netzwerkstecker1"},{"@type":"BreadcrumbList","@id":"https:\/\/dev.xnet-x.net\/ca\/jornada-tecnopolitica-y-democracia-de-red-30-de-marzo-curso-intensivo-radical-community-manager-31-de-marzo-y-1-de-abril-reservate-las-fechas\/#breadcrumb","itemListElement":[{"@type":"ListItem","position":1,"name":"Portada","item":"https:\/\/dev.xnet-x.net\/ca\/"},{"@type":"ListItem","position":2,"name":"Jornada &#8216;Tecnopol\u00edtica y democracia de red&#8217;, 30 de Marzo + curso intensivo Radical Community Manager*, 31 de marzo y 1 de abril. Res\u00e9rvate las fechas."}]},{"@type":"WebSite","@id":"https:\/\/dev.xnet-x.net\/ca\/#website","url":"https:\/\/dev.xnet-x.net\/ca\/","name":"[:es]Xnet - Internet, derechos y democracia en la era digital[:ca]Xnet - Internet, drets i democr\u00e0cia en l'era digital[:en]Xnet - Internet freedoms & digital rights[:]","description":"Xnet: Internet, informaci\u00f3 i cultura lliures. Tecnopol\u00edtica. Dades, algoritmes i drets digitals. Llibertat d&#039;expressi\u00f3. Democr\u00e0cia i anticorrupci\u00f3","publisher":{"@id":"https:\/\/dev.xnet-x.net\/ca\/#organization"},"potentialAction":[{"@type":"SearchAction","target":{"@type":"EntryPoint","urlTemplate":"https:\/\/dev.xnet-x.net\/ca\/?s={search_term_string}"},"query-input":{"@type":"PropertyValueSpecification","valueRequired":true,"valueName":"search_term_string"}}],"inLanguage":"ca-ES"},{"@type":"Organization","@id":"https:\/\/dev.xnet-x.net\/ca\/#organization","name":"Xnet - Internet, drets i democr\u00e0cia en l'era digital","url":"https:\/\/dev.xnet-x.net\/ca\/","logo":{"@type":"ImageObject","inLanguage":"ca-ES","@id":"https:\/\/dev.xnet-x.net\/ca\/#\/schema\/logo\/image\/","url":"https:\/\/xnet-x.net\/img\/xnet-logo.png","contentUrl":"https:\/\/xnet-x.net\/img\/xnet-logo.png","width":512,"height":512,"caption":"Xnet - Internet, drets i democr\u00e0cia en l'era digital"},"image":{"@id":"https:\/\/dev.xnet-x.net\/ca\/#\/schema\/logo\/image\/"},"sameAs":["http:\/\/facebook.com\/RedX.Net\/","https:\/\/x.com\/x_net_","https:\/\/es.wikipedia.org\/wiki\/Xnet"]},{"@type":"Person","@id":"https:\/\/dev.xnet-x.net\/es\/#\/schema\/person\/919c7ab500254f012b3e8975a5cf2bc3","name":"Xnet","image":{"@type":"ImageObject","inLanguage":"ca-ES","@id":"https:\/\/dev.xnet-x.net\/ca\/#\/schema\/person\/image\/","url":"https:\/\/secure.gravatar.com\/avatar\/8b8563db88d55a25627c485761032c68d19ec6fbca59b20305af9bd0e10cb624?s=96&d=mm&r=g","contentUrl":"https:\/\/secure.gravatar.com\/avatar\/8b8563db88d55a25627c485761032c68d19ec6fbca59b20305af9bd0e10cb624?s=96&d=mm&r=g","caption":"Xnet"}}]}},"_links":{"self":[{"href":"https:\/\/dev.xnet-x.net\/ca\/wp-json\/wp\/v2\/posts\/4215","targetHints":{"allow":["GET"]}}],"collection":[{"href":"https:\/\/dev.xnet-x.net\/ca\/wp-json\/wp\/v2\/posts"}],"about":[{"href":"https:\/\/dev.xnet-x.net\/ca\/wp-json\/wp\/v2\/types\/post"}],"author":[{"embeddable":true,"href":"https:\/\/dev.xnet-x.net\/ca\/wp-json\/wp\/v2\/users\/5"}],"replies":[{"embeddable":true,"href":"https:\/\/dev.xnet-x.net\/ca\/wp-json\/wp\/v2\/comments?post=4215"}],"version-history":[{"count":5,"href":"https:\/\/dev.xnet-x.net\/ca\/wp-json\/wp\/v2\/posts\/4215\/revisions"}],"predecessor-version":[{"id":7294,"href":"https:\/\/dev.xnet-x.net\/ca\/wp-json\/wp\/v2\/posts\/4215\/revisions\/7294"}],"wp:featuredmedia":[{"embeddable":true,"href":"https:\/\/dev.xnet-x.net\/ca\/wp-json\/wp\/v2\/media\/5837"}],"wp:attachment":[{"href":"https:\/\/dev.xnet-x.net\/ca\/wp-json\/wp\/v2\/media?parent=4215"}],"wp:term":[{"taxonomy":"category","embeddable":true,"href":"https:\/\/dev.xnet-x.net\/ca\/wp-json\/wp\/v2\/categories?post=4215"},{"taxonomy":"post_tag","embeddable":true,"href":"https:\/\/dev.xnet-x.net\/ca\/wp-json\/wp\/v2\/tags?post=4215"}],"curies":[{"name":"wp","href":"https:\/\/api.w.org\/{rel}","templated":true}]}}