{"id":295,"date":"2010-01-27T18:16:30","date_gmt":"2010-01-27T16:16:30","guid":{"rendered":"http:\/\/la-ex.net\/?p=295"},"modified":"2025-05-16T10:57:00","modified_gmt":"2025-05-16T08:57:00","slug":"20-contra-3-o-de-representatividad-y-representacion","status":"publish","type":"post","link":"https:\/\/dev.xnet-x.net\/ca\/20-contra-3-o-de-representatividad-y-representacion\/","title":{"rendered":"20 contra 3 o de representatividad y representaci\u00f3n"},"content":{"rendered":"<p>[Per falta de temps i recursos, la traducci\u00f3 al catal\u00e0 d&#8217;aquesta web no est\u00e0 acabada. Si trobes interessants alguns dels nostres documents i tens temps de traduir-los, ens ho pot enviar (si us plau, reproduint la maquetaci\u00f3). Moltes gr\u00e0cies!]<\/p>\n<p style=\"text-align: justify;\"><strong>Sobre la comparecencia de eXgae ante la Subcomisi\u00f3n de Propiedad Intelectual del Congreso de los Diputados.<\/strong><\/p>\n<p style=\"text-align: justify;\">El pr\u00f3ximo 29 de enero a las 14,30h EXGAE ha sido llamada a comparecer ante la Subcomisi\u00f3n de Propiedad Intelectual del Congreso de los Diputados, la cual est\u00e1 estudiando una reforma de la Ley de Propiedad Inteletual.<\/p>\n<p style=\"text-align: justify;\">Hemos sido llamados a proporcionar nuestro punto de vista e informaci\u00f3n sobre el tema.<\/p>\n<p style=\"text-align: justify;\">Contentos de poder hacerlo, nos hemos puesto a revisar la lista de los dem\u00e1s comparecientes.<\/p>\n<p style=\"text-align: justify;\">Ve\u00e1mos:<\/p>\n<p style=\"text-align: justify;\">De los 23 comparecientes, por un lado, tenemos a 7 de las 8 entidades de gesti\u00f3n, luego la Coalici\u00f3n de Creadores (donde ya est\u00e1n representadas 5 de las entidades de gesti\u00f3n, entre otros, y ning\u00fan creador, a pesar de lo que su nombre podr\u00eda indicar), Promusicae (que tambi\u00e9n pertenece a la Coalici\u00f3n de Creadores), la ANEDI, Asociaci\u00f3n Nacional de Empresas Distribuidoras de Soportes Discogr\u00e1ficos, (y repito &#8220;soportes&#8221;), FECE Federaci\u00f3n de Cines de Espa\u00f1a, FGEE Federaci\u00f3n de Gremios de Editores de Espa\u00f1a, AEDE Asociaci\u00f3n de Editores de Diarios Espa\u00f1oles,&#8230;. bien, parece que lo que piensa este sector, a fuerza de repetirlo, quedar\u00e1 claro.<\/p>\n<p style=\"text-align: justify;\">Por otro lado hay empresas: concretamente asociaciones de empresas de Electr\u00f3nica, Tecnolog\u00edas de la Informaci\u00f3n y Telecomunicaciones (ASIMELEC y AETIC) y televisiones (UTECA Uni\u00f3n de Televisiones Comerciales Asociadas, AOC Asociaci\u00f3n de Operadores de Cable, FORTA Federaci\u00f3n de Organismos o Entidades de Radio y Televisi\u00f3n Auton\u00f3micos).<\/p>\n<p style=\"text-align: justify;\">Tambi\u00e9n est\u00e1 Google, otra empresa y AGPD. Agencia de Protecci\u00f3n de Datos.<\/p>\n<p style=\"text-align: justify;\">Francamente, y sin \u00e1nimo de criticar, <strong>no nos parece un retrato muy fidedigno de la sociedad espa\u00f1ola<\/strong>, que puede ser afectada por modificaciones de la Ley de Propiedad Intelectual, una ley que, como el mismo nombre indica, afecta al desarrollo cultural e intelectual de toda la poblaci\u00f3n, de toda persona que crea algo con su mente y la plasma de alguna forma, en una palabra pronunciada, en una servilleta de restaurante, en una foto, en un blog, en un CD, en un escenario, en una conversaci\u00f3n telef\u00f3nica, en una grabaci\u00f3n, en una hoja o un mail, en un cartel, en un lienzo o en el material que mejor le parezca y, de toda persona que, aunque no cree absolutamente nada con su intelecto (dicen que las hay), se codea con los que s\u00ed lo hacen.<\/p>\n<p style=\"text-align: justify;\">Una ley que no s\u00f3lo afecta a unos intereses empresariales.<\/p>\n<p style=\"text-align: justify;\">Y aqu\u00ed, justo en este punto, es donde queda por presentar a los 3 \u00faltimos comparecientes: Enrique Dans, Profesor de Sistemas de Informaci\u00f3n en IE Business School y experto en Nuevas Tecnolog\u00edas e Internet; La CECU. Confederaci\u00f3n de Consumidores y Usuarios, y nosotros, EXGAE.<\/p>\n<p style=\"text-align: justify;\">3 contra 20 :-) .<\/p>\n<p style=\"text-align: justify;\">Bien. \u00bfY qu\u00e9 pinta EXGAE ah\u00ed?<\/p>\n<p style=\"text-align: justify;\">Est\u00e1 claro que, a diferencia de todas estas otras organizaciones, cuyos socios han delegado su opini\u00f3n en sus Presidentes &#8211; votados en el mejor de los casos por todos los socios o, en el peor, por un 10% de ellos -, y a pesar que cada a\u00f1o EXGAE recibe muchos miles de consultas y crea eventos con cientos de artistas, EXGAE no tienen ning\u00fan mandato ni vocaci\u00f3n de representar a nadie.<\/p>\n<p style=\"text-align: justify;\">EXGAE es hija de una sociedad que ya no delega con tanta facilidad, una sociedad que gracias a los avances digitales tiene una opini\u00f3n p\u00fablica constituida por individuos con opiniones propias creadas por el libre intercambio de ideas y conociminento en la Red, sin pasar por filtros o intermediarios, individuos que se expresan solos, que se organizan y deciden solos, que vigilan sobre el resultado del trabajo delegado, lo comentan, lo critican y lo mejoran todos los d\u00edas.<\/p>\n<p style=\"text-align: justify;\">EXGAE ha tenido la suerte de compartir esfuerzos y codearse en los \u00faltimos a\u00f1os con la infinidad de personas y organizaciones en Espa\u00f1a y en todo el mundo que piden activamente el respeto por los derechos civiles en la era digital. Sin ir m\u00e1s lejos en el tiempo, las m\u00e1s de 200.000 personas del <a href=\"http:\/\/wiki.manifiestointernet.org\/wiki\/P%C3%A1gina_Principal\" target=\"_blank\">Manifiesto en defensa de los derechos fundamentales en Internet<\/a> que han respondido en tan s\u00f3lo 48 horas al primer anteproyecto de la LES, las 200 que han escrito <a href=\"http:\/\/fcforum.net\/es\/\" target=\"_blank\">la Carta para la innovaci\u00f3n la creatividad y el acceso al conocimiento<\/a>, las miles que componen la <a href=\"http:\/\/redsostenible.wikia.com\" target=\"_blank\">Red SOStenible<\/a>.<\/p>\n<p style=\"text-align: justify;\">EXGAE, pues, no ha ido a representar a nadie, s\u00f3lo a contar estas experiencias compartidas y el denominador com\u00fan que hab\u00eda en todas ellas: la necesidad de que las leyes se adec\u00faen a la era digital, no de forma represiva, ignorando su existencia, como durante la Inquisici\u00f3n, sino con visi\u00f3n de futuro y de beneficios para toda la sociedad, una sociedad que comparte, constituida por individuos ontol\u00f3gicamente emprendedores, curiosos, creativos y libres.<\/p>\n<p style=\"text-align: justify;\">EXGAE, pues, ha pedido prestados <a href=\"http:\/\/wiki.manifiestointernet.org\/wiki\/P%C3%A1gina_Principal\" target=\"_blank\">el Manifiesto en defensa de los derechos fundamentales en Internet<\/a>, la <a href=\"http:\/\/fcforum.net\/es\" target=\"_blank\">Carta para la innovaci\u00f3n la creatividad y el acceso al conocimiento<\/a> y las 4 demandas de la <a href=\"http:\/\/redsostenible.wikia.com\" target=\"_blank\">Red SOStenible<\/a> y con ellas debajo del brazo se ha ido al Congreso para intentar explicar que es posible y necesaria una reforma de la LPI que garantice:<\/p>\n<p style=\"text-align: justify;\"><strong>&#8211; que los artistas puedan vivir de su trabajo y beneficiarse de todos los avances que les ofrece la era digital, sin que se les obligue a pagar peajes de la era anterior.<\/strong><\/p>\n<p style=\"text-align: justify;\"><strong>&#8211; que compartir es la fuente de nuestro conocimiento y nuestra cultura, adem\u00e1s de un modelo econ\u00f3mico que ya nadie puede negar que es el modelo del futuro.<\/strong><\/p>\n<p style=\"text-align: justify;\">Hemos tenido 10 minutos para ello, 20 contra 3: deseadnos suerte.<\/p>\n<p style=\"text-align: justify;\">Puedes descargarte <a href=\"http:\/\/fcforum.net\/_apuntes-sub.pdf\" target=\"_blank\">aqu\u00ed el texto de nuestra comparecencia<\/a>.<\/p>\n<p><\/p>","protected":false},"excerpt":{"rendered":"<p>[Per falta de temps i recursos, la traducci\u00f3 al catal\u00e0 d&#8217;aquesta web no est\u00e0 acabada. Si trobes interessants alguns dels nostres documents i tens temps de traduir-los, ens ho pot enviar (si us plau, reproduint la maquetaci\u00f3). Moltes gr\u00e0cies!] Sobre la comparecencia de eXgae ante la Subcomisi\u00f3n de Propiedad Intelectual del Congreso de los Diputados. [&hellip;]<\/p>\n","protected":false},"author":5,"featured_media":0,"comment_status":"closed","ping_status":"closed","sticky":false,"template":"","format":"standard","meta":{"footnotes":""},"categories":[52,4],"tags":[],"class_list":["post-295","post","type-post","status-publish","format-standard","hentry","category-blog","category-nuestras-actividades"],"yoast_head":"<!-- This site is optimized with the Yoast SEO plugin v26.7 - https:\/\/yoast.com\/wordpress\/plugins\/seo\/ -->\n<title>20 contra 3 o de representatividad y representaci\u00f3n<\/title>\n<meta name=\"description\" content=\"Sobre la comparecencia de eXgae ante la Subcomisi\u00f3n de Propiedad Intelectual del Congreso de los Diputados.\" \/>\n<meta name=\"robots\" content=\"index, follow, max-snippet:-1, max-image-preview:large, max-video-preview:-1\" \/>\n<link rel=\"canonical\" href=\"https:\/\/dev.xnet-x.net\/ca\/20-contra-3-o-de-representatividad-y-representacion\/\" \/>\n<meta name=\"twitter:label1\" content=\"Written by\" \/>\n\t<meta name=\"twitter:data1\" content=\"Xnet\" \/>\n\t<meta name=\"twitter:label2\" content=\"Est. reading time\" \/>\n\t<meta name=\"twitter:data2\" content=\"5 minutes\" \/>\n<script type=\"application\/ld+json\" class=\"yoast-schema-graph\">{\"@context\":\"https:\/\/schema.org\",\"@graph\":[{\"@type\":\"Article\",\"@id\":\"https:\/\/dev.xnet-x.net\/es\/20-contra-3-o-de-representatividad-y-representacion\/#article\",\"isPartOf\":{\"@id\":\"https:\/\/dev.xnet-x.net\/es\/20-contra-3-o-de-representatividad-y-representacion\/\"},\"author\":{\"name\":\"Xnet\",\"@id\":\"https:\/\/dev.xnet-x.net\/es\/#\/schema\/person\/919c7ab500254f012b3e8975a5cf2bc3\"},\"headline\":\"20 contra 3 o de representatividad y representaci\u00f3n\",\"datePublished\":\"2010-01-27T16:16:30+00:00\",\"dateModified\":\"2025-05-16T08:57:00+00:00\",\"mainEntityOfPage\":{\"@id\":\"https:\/\/dev.xnet-x.net\/es\/20-contra-3-o-de-representatividad-y-representacion\/\"},\"wordCount\":1954,\"publisher\":{\"@id\":\"https:\/\/dev.xnet-x.net\/es\/#organization\"},\"articleSection\":[\"Blog - Les nostres accions\",\"Les Nostres Activitats\"],\"inLanguage\":\"ca-ES\"},{\"@type\":\"WebPage\",\"@id\":\"https:\/\/dev.xnet-x.net\/ca\/20-contra-3-o-de-representatividad-y-representacion\/\",\"url\":\"https:\/\/dev.xnet-x.net\/ca\/20-contra-3-o-de-representatividad-y-representacion\/\",\"name\":\"20 contra 3 o de representatividad y representaci\u00f3n\",\"isPartOf\":{\"@id\":\"https:\/\/dev.xnet-x.net\/ca\/#website\"},\"datePublished\":\"2010-01-27T16:16:30+00:00\",\"dateModified\":\"2025-05-16T08:57:00+00:00\",\"description\":\"Sobre la comparecencia de eXgae ante la Subcomisi\u00f3n de Propiedad Intelectual del Congreso de los Diputados.\",\"breadcrumb\":{\"@id\":\"https:\/\/dev.xnet-x.net\/ca\/20-contra-3-o-de-representatividad-y-representacion\/#breadcrumb\"},\"inLanguage\":\"ca-ES\",\"potentialAction\":[{\"@type\":\"ReadAction\",\"target\":[[\"https:\/\/dev.xnet-x.net\/ca\/20-contra-3-o-de-representatividad-y-representacion\/\"]]}]},{\"@type\":\"BreadcrumbList\",\"@id\":\"https:\/\/dev.xnet-x.net\/ca\/20-contra-3-o-de-representatividad-y-representacion\/#breadcrumb\",\"itemListElement\":[{\"@type\":\"ListItem\",\"position\":1,\"name\":\"Portada\",\"item\":\"https:\/\/dev.xnet-x.net\/ca\/\"},{\"@type\":\"ListItem\",\"position\":2,\"name\":\"20 contra 3 o de representatividad y representaci\u00f3n\"}]},{\"@type\":\"WebSite\",\"@id\":\"https:\/\/dev.xnet-x.net\/ca\/#website\",\"url\":\"https:\/\/dev.xnet-x.net\/ca\/\",\"name\":\"[:es]Xnet - Internet, derechos y democracia en la era digital[:ca]Xnet - Internet, drets i democr\u00e0cia en l'era digital[:en]Xnet - Internet freedoms & digital rights[:]\",\"description\":\"Xnet: Internet, informaci\u00f3 i cultura lliures. Tecnopol\u00edtica. Dades, algoritmes i drets digitals. Llibertat d&#039;expressi\u00f3. Democr\u00e0cia i anticorrupci\u00f3\",\"publisher\":{\"@id\":\"https:\/\/dev.xnet-x.net\/ca\/#organization\"},\"potentialAction\":[{\"@type\":\"SearchAction\",\"target\":{\"@type\":\"EntryPoint\",\"urlTemplate\":\"https:\/\/dev.xnet-x.net\/ca\/?s={search_term_string}\"},\"query-input\":{\"@type\":\"PropertyValueSpecification\",\"valueRequired\":true,\"valueName\":\"search_term_string\"}}],\"inLanguage\":\"ca-ES\"},{\"@type\":\"Organization\",\"@id\":\"https:\/\/dev.xnet-x.net\/ca\/#organization\",\"name\":\"Xnet - Internet, drets i democr\u00e0cia en l'era digital\",\"url\":\"https:\/\/dev.xnet-x.net\/ca\/\",\"logo\":{\"@type\":\"ImageObject\",\"inLanguage\":\"ca-ES\",\"@id\":\"https:\/\/dev.xnet-x.net\/ca\/#\/schema\/logo\/image\/\",\"url\":\"https:\/\/xnet-x.net\/img\/xnet-logo.png\",\"contentUrl\":\"https:\/\/xnet-x.net\/img\/xnet-logo.png\",\"width\":512,\"height\":512,\"caption\":\"Xnet - Internet, drets i democr\u00e0cia en l'era digital\"},\"image\":{\"@id\":\"https:\/\/dev.xnet-x.net\/ca\/#\/schema\/logo\/image\/\"},\"sameAs\":[\"http:\/\/facebook.com\/RedX.Net\/\",\"https:\/\/x.com\/x_net_\",\"https:\/\/es.wikipedia.org\/wiki\/Xnet\"]},{\"@type\":\"Person\",\"@id\":\"https:\/\/dev.xnet-x.net\/es\/#\/schema\/person\/919c7ab500254f012b3e8975a5cf2bc3\",\"name\":\"Xnet\",\"image\":{\"@type\":\"ImageObject\",\"inLanguage\":\"ca-ES\",\"@id\":\"https:\/\/dev.xnet-x.net\/ca\/#\/schema\/person\/image\/\",\"url\":\"https:\/\/secure.gravatar.com\/avatar\/8b8563db88d55a25627c485761032c68d19ec6fbca59b20305af9bd0e10cb624?s=96&d=mm&r=g\",\"contentUrl\":\"https:\/\/secure.gravatar.com\/avatar\/8b8563db88d55a25627c485761032c68d19ec6fbca59b20305af9bd0e10cb624?s=96&d=mm&r=g\",\"caption\":\"Xnet\"}}]}<\/script>\n<!-- \/ Yoast SEO plugin. -->","yoast_head_json":{"title":"20 contra 3 o de representatividad y representaci\u00f3n","description":"Sobre la comparecencia de eXgae ante la Subcomisi\u00f3n de Propiedad Intelectual del Congreso de los Diputados.","robots":{"index":"index","follow":"follow","max-snippet":"max-snippet:-1","max-image-preview":"max-image-preview:large","max-video-preview":"max-video-preview:-1"},"canonical":"https:\/\/dev.xnet-x.net\/ca\/20-contra-3-o-de-representatividad-y-representacion\/","twitter_misc":{"Written by":"Xnet","Est. reading time":"5 minutes"},"schema":{"@context":"https:\/\/schema.org","@graph":[{"@type":"Article","@id":"https:\/\/dev.xnet-x.net\/es\/20-contra-3-o-de-representatividad-y-representacion\/#article","isPartOf":{"@id":"https:\/\/dev.xnet-x.net\/es\/20-contra-3-o-de-representatividad-y-representacion\/"},"author":{"name":"Xnet","@id":"https:\/\/dev.xnet-x.net\/es\/#\/schema\/person\/919c7ab500254f012b3e8975a5cf2bc3"},"headline":"20 contra 3 o de representatividad y representaci\u00f3n","datePublished":"2010-01-27T16:16:30+00:00","dateModified":"2025-05-16T08:57:00+00:00","mainEntityOfPage":{"@id":"https:\/\/dev.xnet-x.net\/es\/20-contra-3-o-de-representatividad-y-representacion\/"},"wordCount":1954,"publisher":{"@id":"https:\/\/dev.xnet-x.net\/es\/#organization"},"articleSection":["Blog - Les nostres accions","Les Nostres Activitats"],"inLanguage":"ca-ES"},{"@type":"WebPage","@id":"https:\/\/dev.xnet-x.net\/ca\/20-contra-3-o-de-representatividad-y-representacion\/","url":"https:\/\/dev.xnet-x.net\/ca\/20-contra-3-o-de-representatividad-y-representacion\/","name":"20 contra 3 o de representatividad y representaci\u00f3n","isPartOf":{"@id":"https:\/\/dev.xnet-x.net\/ca\/#website"},"datePublished":"2010-01-27T16:16:30+00:00","dateModified":"2025-05-16T08:57:00+00:00","description":"Sobre la comparecencia de eXgae ante la Subcomisi\u00f3n de Propiedad Intelectual del Congreso de los Diputados.","breadcrumb":{"@id":"https:\/\/dev.xnet-x.net\/ca\/20-contra-3-o-de-representatividad-y-representacion\/#breadcrumb"},"inLanguage":"ca-ES","potentialAction":[{"@type":"ReadAction","target":[["https:\/\/dev.xnet-x.net\/ca\/20-contra-3-o-de-representatividad-y-representacion\/"]]}]},{"@type":"BreadcrumbList","@id":"https:\/\/dev.xnet-x.net\/ca\/20-contra-3-o-de-representatividad-y-representacion\/#breadcrumb","itemListElement":[{"@type":"ListItem","position":1,"name":"Portada","item":"https:\/\/dev.xnet-x.net\/ca\/"},{"@type":"ListItem","position":2,"name":"20 contra 3 o de representatividad y representaci\u00f3n"}]},{"@type":"WebSite","@id":"https:\/\/dev.xnet-x.net\/ca\/#website","url":"https:\/\/dev.xnet-x.net\/ca\/","name":"[:es]Xnet - Internet, derechos y democracia en la era digital[:ca]Xnet - Internet, drets i democr\u00e0cia en l'era digital[:en]Xnet - Internet freedoms & digital rights[:]","description":"Xnet: Internet, informaci\u00f3 i cultura lliures. Tecnopol\u00edtica. Dades, algoritmes i drets digitals. Llibertat d&#039;expressi\u00f3. Democr\u00e0cia i anticorrupci\u00f3","publisher":{"@id":"https:\/\/dev.xnet-x.net\/ca\/#organization"},"potentialAction":[{"@type":"SearchAction","target":{"@type":"EntryPoint","urlTemplate":"https:\/\/dev.xnet-x.net\/ca\/?s={search_term_string}"},"query-input":{"@type":"PropertyValueSpecification","valueRequired":true,"valueName":"search_term_string"}}],"inLanguage":"ca-ES"},{"@type":"Organization","@id":"https:\/\/dev.xnet-x.net\/ca\/#organization","name":"Xnet - Internet, drets i democr\u00e0cia en l'era digital","url":"https:\/\/dev.xnet-x.net\/ca\/","logo":{"@type":"ImageObject","inLanguage":"ca-ES","@id":"https:\/\/dev.xnet-x.net\/ca\/#\/schema\/logo\/image\/","url":"https:\/\/xnet-x.net\/img\/xnet-logo.png","contentUrl":"https:\/\/xnet-x.net\/img\/xnet-logo.png","width":512,"height":512,"caption":"Xnet - Internet, drets i democr\u00e0cia en l'era digital"},"image":{"@id":"https:\/\/dev.xnet-x.net\/ca\/#\/schema\/logo\/image\/"},"sameAs":["http:\/\/facebook.com\/RedX.Net\/","https:\/\/x.com\/x_net_","https:\/\/es.wikipedia.org\/wiki\/Xnet"]},{"@type":"Person","@id":"https:\/\/dev.xnet-x.net\/es\/#\/schema\/person\/919c7ab500254f012b3e8975a5cf2bc3","name":"Xnet","image":{"@type":"ImageObject","inLanguage":"ca-ES","@id":"https:\/\/dev.xnet-x.net\/ca\/#\/schema\/person\/image\/","url":"https:\/\/secure.gravatar.com\/avatar\/8b8563db88d55a25627c485761032c68d19ec6fbca59b20305af9bd0e10cb624?s=96&d=mm&r=g","contentUrl":"https:\/\/secure.gravatar.com\/avatar\/8b8563db88d55a25627c485761032c68d19ec6fbca59b20305af9bd0e10cb624?s=96&d=mm&r=g","caption":"Xnet"}}]}},"_links":{"self":[{"href":"https:\/\/dev.xnet-x.net\/ca\/wp-json\/wp\/v2\/posts\/295","targetHints":{"allow":["GET"]}}],"collection":[{"href":"https:\/\/dev.xnet-x.net\/ca\/wp-json\/wp\/v2\/posts"}],"about":[{"href":"https:\/\/dev.xnet-x.net\/ca\/wp-json\/wp\/v2\/types\/post"}],"author":[{"embeddable":true,"href":"https:\/\/dev.xnet-x.net\/ca\/wp-json\/wp\/v2\/users\/5"}],"replies":[{"embeddable":true,"href":"https:\/\/dev.xnet-x.net\/ca\/wp-json\/wp\/v2\/comments?post=295"}],"version-history":[{"count":3,"href":"https:\/\/dev.xnet-x.net\/ca\/wp-json\/wp\/v2\/posts\/295\/revisions"}],"predecessor-version":[{"id":17739,"href":"https:\/\/dev.xnet-x.net\/ca\/wp-json\/wp\/v2\/posts\/295\/revisions\/17739"}],"wp:attachment":[{"href":"https:\/\/dev.xnet-x.net\/ca\/wp-json\/wp\/v2\/media?parent=295"}],"wp:term":[{"taxonomy":"category","embeddable":true,"href":"https:\/\/dev.xnet-x.net\/ca\/wp-json\/wp\/v2\/categories?post=295"},{"taxonomy":"post_tag","embeddable":true,"href":"https:\/\/dev.xnet-x.net\/ca\/wp-json\/wp\/v2\/tags?post=295"}],"curies":[{"name":"wp","href":"https:\/\/api.w.org\/{rel}","templated":true}]}}