{"id":28728,"date":"2025-12-22T18:59:13","date_gmt":"2025-12-22T16:59:13","guid":{"rendered":"https:\/\/xnet-x.net\/es\/?p=28728"},"modified":"2025-12-22T19:07:44","modified_gmt":"2025-12-22T17:07:44","slug":"xnet-contribuye-a-un-proyecto-de-eapc-y-ub-sobre-mejora-de-politica-para-la-proteccion-de-personas-alertadoras-para-la-ley-catalana","status":"publish","type":"post","link":"https:\/\/dev.xnet-x.net\/ca\/projecte-eapc-ub-proteccio-persones-alertadores\/","title":{"rendered":"Xnet contribueix a un projecte d&#8217;EAPC i UB sobre millora de pol\u00edtica per a la protecci\u00f3 de persones alertadores (per a la llei catalana)"},"content":{"rendered":"<p>L&#8217;Escola d\u2019Administraci\u00f3 P\u00fablica de Catalunya (EAPC) i la UB ens han demanat participar en un projecte amb l\u2019objectiu de millorar el coneixement aplicat i aportar eines \u00fatils per al disseny de pol\u00edtiques p\u00fabliques, en vista de la futura llei de defensa d\u2019alertadors de Catalunya.<\/p>\n<p>L&#8217;informe resultant s&#8217;articula en diversos blocs complementaris:<\/p>\n<ul>\n<strong>&#8211; Marc legal i l\u00edmits actuals<\/strong><br \/>\nAn\u00e0lisi del marc normatiu existent i dels principals obstacles que encara dificulten una protecci\u00f3 real i efectiva de les persones alertadores.<\/p>\n<p><strong>&#8211; An\u00e0lisi de casos i experi\u00e8ncies<\/strong><br \/>\nEstudi sistematitzat de situacions reals que permet identificar patrons de repres\u00e0lies, mancances institucionals i punts cr\u00edtics del sistema de protecci\u00f3.<\/p>\n<p><strong>&#8211; Dades emp\u00edriques i funcionament dels canals d&#8217;alerta<\/strong><br \/>\nExamen basat en dades i evid\u00e8ncies sobre com operen els mecanismes d&#8217;alerta a la pr\u00e0ctica i quines s\u00f3n les seves debilitats estructurals.<br \/>\n<strong><br \/>\n&#8211; Model integral de protecci\u00f3<\/strong><br \/>\nPlantejament de la protecci\u00f3 de les persones informants com un cicle complet, que abasta abans, durant i despr\u00e9s de l&#8217;alerta.<\/p>\n<p><strong>&#8211; Recomanacions<\/strong><br \/>\nPropostes orientades a refor\u00e7ar garanties, mecanismes institucionals i pol\u00edtiques p\u00fabliques de protecci\u00f3.<\/ul>\n<p>Encara no hi ha data de publicaci\u00f3, per\u00f2 s\u00ed que s&#8217;ha lliurat al corresponent departament de la Generalitat de Catalunya.<\/p>\n<p>&nbsp;<\/p>","protected":false},"excerpt":{"rendered":"<p>L&#8217;Escola d\u2019Administraci\u00f3 P\u00fablica de Catalunya (EAPC) i la UB ens han demanat participar en un projecte amb l\u2019objectiu de millorar el coneixement aplicat i aportar eines \u00fatils per al disseny de pol\u00edtiques p\u00fabliques, en vista de la futura llei de defensa d\u2019alertadors de Catalunya. L&#8217;informe resultant s&#8217;articula en diversos blocs complementaris: &#8211; Marc legal i [&hellip;]<\/p>\n","protected":false},"author":15,"featured_media":28733,"comment_status":"closed","ping_status":"closed","sticky":false,"template":"","format":"standard","meta":{"footnotes":""},"categories":[52],"tags":[],"class_list":["post-28728","post","type-post","status-publish","format-standard","has-post-thumbnail","hentry","category-blog","ejes-anticorrupcion"],"yoast_head":"<!-- This site is optimized with the Yoast SEO plugin v26.7 - https:\/\/yoast.com\/wordpress\/plugins\/seo\/ -->\n<title>Contribu\u00efm amb EAPC i UB per protegir persones alertadoreContribu\u00efm amb EAPC i UB per protegir persones alertadores<\/title>\n<meta name=\"description\" content=\"EAPC i la UB ens han demanat de participar en vista de la futura llei de defensa de persones alertadores de Catalunya.\" \/>\n<meta name=\"robots\" content=\"index, follow, max-snippet:-1, max-image-preview:large, max-video-preview:-1\" \/>\n<link rel=\"canonical\" href=\"https:\/\/dev.xnet-x.net\/ca\/proyecto-eapc-ub-proteccion-personas-alertadoras\/\" \/>\n<meta name=\"twitter:label1\" content=\"Written by\" \/>\n\t<meta name=\"twitter:data1\" content=\"Xnet\" \/>\n\t<meta name=\"twitter:label2\" content=\"Est. reading time\" \/>\n\t<meta name=\"twitter:data2\" content=\"2 minutes\" \/>\n<script type=\"application\/ld+json\" class=\"yoast-schema-graph\">{\"@context\":\"https:\/\/schema.org\",\"@graph\":[{\"@type\":\"Article\",\"@id\":\"https:\/\/dev.xnet-x.net\/es\/proyecto-eapc-ub-proteccion-personas-alertadoras\/#article\",\"isPartOf\":{\"@id\":\"https:\/\/dev.xnet-x.net\/es\/proyecto-eapc-ub-proteccion-personas-alertadoras\/\"},\"author\":{\"name\":\"Xnet\",\"@id\":\"https:\/\/dev.xnet-x.net\/es\/#\/schema\/person\/02880890b95968f2b3bd4cfd79843d49\"},\"headline\":\"Xnet contribueix a un projecte d&#8217;EAPC i UB sobre millora de pol\u00edtica per a la protecci\u00f3 de persones alertadores (per a la llei catalana)\",\"datePublished\":\"2025-12-22T16:59:13+00:00\",\"dateModified\":\"2025-12-22T17:07:44+00:00\",\"mainEntityOfPage\":{\"@id\":\"https:\/\/dev.xnet-x.net\/es\/proyecto-eapc-ub-proteccion-personas-alertadoras\/\"},\"wordCount\":507,\"publisher\":{\"@id\":\"https:\/\/dev.xnet-x.net\/es\/#organization\"},\"image\":{\"@id\":\"https:\/\/dev.xnet-x.net\/es\/proyecto-eapc-ub-proteccion-personas-alertadoras\/#primaryimage\"},\"thumbnailUrl\":\"https:\/\/dev.xnet-x.net\/img\/eapc.png\",\"articleSection\":[\"Blog - Les nostres accions\"],\"inLanguage\":\"ca-ES\"},{\"@type\":\"WebPage\",\"@id\":\"https:\/\/dev.xnet-x.net\/ca\/proyecto-eapc-ub-proteccion-personas-alertadoras\/\",\"url\":\"https:\/\/dev.xnet-x.net\/ca\/proyecto-eapc-ub-proteccion-personas-alertadoras\/\",\"name\":\"Contribu\u00efm amb EAPC i UB per protegir persones alertadoreContribu\u00efm amb EAPC i UB per protegir persones alertadores\",\"isPartOf\":{\"@id\":\"https:\/\/dev.xnet-x.net\/ca\/#website\"},\"primaryImageOfPage\":{\"@id\":\"https:\/\/dev.xnet-x.net\/ca\/proyecto-eapc-ub-proteccion-personas-alertadoras\/#primaryimage\"},\"image\":{\"@id\":\"https:\/\/dev.xnet-x.net\/es\/proyecto-eapc-ub-proteccion-personas-alertadoras\/#primaryimage\"},\"thumbnailUrl\":\"https:\/\/dev.xnet-x.net\/img\/eapc.png\",\"datePublished\":\"2025-12-22T16:59:13+00:00\",\"dateModified\":\"2025-12-22T17:07:44+00:00\",\"description\":\"EAPC i la UB ens han demanat de participar en vista de la futura llei de defensa de persones alertadores de Catalunya.\",\"breadcrumb\":{\"@id\":\"https:\/\/dev.xnet-x.net\/ca\/proyecto-eapc-ub-proteccion-personas-alertadoras\/#breadcrumb\"},\"inLanguage\":\"ca-ES\",\"potentialAction\":[{\"@type\":\"ReadAction\",\"target\":[[\"https:\/\/dev.xnet-x.net\/ca\/proyecto-eapc-ub-proteccion-personas-alertadoras\/\"]]}]},{\"@type\":\"ImageObject\",\"inLanguage\":\"ca-ES\",\"@id\":\"https:\/\/dev.xnet-x.net\/ca\/proyecto-eapc-ub-proteccion-personas-alertadoras\/#primaryimage\",\"url\":\"https:\/\/dev.xnet-x.net\/img\/eapc.png\",\"contentUrl\":\"https:\/\/dev.xnet-x.net\/img\/eapc.png\",\"width\":838,\"height\":420},{\"@type\":\"BreadcrumbList\",\"@id\":\"https:\/\/dev.xnet-x.net\/ca\/proyecto-eapc-ub-proteccion-personas-alertadoras\/#breadcrumb\",\"itemListElement\":[{\"@type\":\"ListItem\",\"position\":1,\"name\":\"Portada\",\"item\":\"https:\/\/dev.xnet-x.net\/ca\/\"},{\"@type\":\"ListItem\",\"position\":2,\"name\":\"Xnet contribuye a un proyecto de EAPC y UB sobre mejora de pol\u00edtica para la protecci\u00f3n de personas alertadoras (para la ley catalana)\"}]},{\"@type\":\"WebSite\",\"@id\":\"https:\/\/dev.xnet-x.net\/ca\/#website\",\"url\":\"https:\/\/dev.xnet-x.net\/ca\/\",\"name\":\"[:es]Xnet - Internet, derechos y democracia en la era digital[:ca]Xnet - Internet, drets i democr\u00e0cia en l'era digital[:en]Xnet - Internet freedoms & digital rights[:]\",\"description\":\"Xnet: Internet, informaci\u00f3 i cultura lliures. Tecnopol\u00edtica. Dades, algoritmes i drets digitals. Llibertat d&#039;expressi\u00f3. Democr\u00e0cia i anticorrupci\u00f3\",\"publisher\":{\"@id\":\"https:\/\/dev.xnet-x.net\/ca\/#organization\"},\"potentialAction\":[{\"@type\":\"SearchAction\",\"target\":{\"@type\":\"EntryPoint\",\"urlTemplate\":\"https:\/\/dev.xnet-x.net\/ca\/?s={search_term_string}\"},\"query-input\":{\"@type\":\"PropertyValueSpecification\",\"valueRequired\":true,\"valueName\":\"search_term_string\"}}],\"inLanguage\":\"ca-ES\"},{\"@type\":\"Organization\",\"@id\":\"https:\/\/dev.xnet-x.net\/ca\/#organization\",\"name\":\"Xnet - Internet, drets i democr\u00e0cia en l'era digital\",\"url\":\"https:\/\/dev.xnet-x.net\/ca\/\",\"logo\":{\"@type\":\"ImageObject\",\"inLanguage\":\"ca-ES\",\"@id\":\"https:\/\/dev.xnet-x.net\/ca\/#\/schema\/logo\/image\/\",\"url\":\"https:\/\/xnet-x.net\/img\/xnet-logo.png\",\"contentUrl\":\"https:\/\/xnet-x.net\/img\/xnet-logo.png\",\"width\":512,\"height\":512,\"caption\":\"Xnet - Internet, drets i democr\u00e0cia en l'era digital\"},\"image\":{\"@id\":\"https:\/\/dev.xnet-x.net\/ca\/#\/schema\/logo\/image\/\"},\"sameAs\":[\"http:\/\/facebook.com\/RedX.Net\/\",\"https:\/\/x.com\/x_net_\",\"https:\/\/es.wikipedia.org\/wiki\/Xnet\"]},{\"@type\":\"Person\",\"@id\":\"https:\/\/dev.xnet-x.net\/es\/#\/schema\/person\/02880890b95968f2b3bd4cfd79843d49\",\"name\":\"Xnet\",\"image\":{\"@type\":\"ImageObject\",\"inLanguage\":\"ca-ES\",\"@id\":\"https:\/\/dev.xnet-x.net\/ca\/#\/schema\/person\/image\/\",\"url\":\"https:\/\/secure.gravatar.com\/avatar\/41a61c327d24125228571dadd14748b0afd881e633e6e61518dacc4fef53cc93?s=96&d=mm&r=g\",\"contentUrl\":\"https:\/\/secure.gravatar.com\/avatar\/41a61c327d24125228571dadd14748b0afd881e633e6e61518dacc4fef53cc93?s=96&d=mm&r=g\",\"caption\":\"Xnet\"}}]}<\/script>\n<!-- \/ Yoast SEO plugin. -->","yoast_head_json":{"title":"Contribu\u00efm amb EAPC i UB per protegir persones alertadoreContribu\u00efm amb EAPC i UB per protegir persones alertadores","description":"EAPC i la UB ens han demanat de participar en vista de la futura llei de defensa de persones alertadores de Catalunya.","robots":{"index":"index","follow":"follow","max-snippet":"max-snippet:-1","max-image-preview":"max-image-preview:large","max-video-preview":"max-video-preview:-1"},"canonical":"https:\/\/dev.xnet-x.net\/ca\/proyecto-eapc-ub-proteccion-personas-alertadoras\/","twitter_misc":{"Written by":"Xnet","Est. reading time":"2 minutes"},"schema":{"@context":"https:\/\/schema.org","@graph":[{"@type":"Article","@id":"https:\/\/dev.xnet-x.net\/es\/proyecto-eapc-ub-proteccion-personas-alertadoras\/#article","isPartOf":{"@id":"https:\/\/dev.xnet-x.net\/es\/proyecto-eapc-ub-proteccion-personas-alertadoras\/"},"author":{"name":"Xnet","@id":"https:\/\/dev.xnet-x.net\/es\/#\/schema\/person\/02880890b95968f2b3bd4cfd79843d49"},"headline":"Xnet contribueix a un projecte d&#8217;EAPC i UB sobre millora de pol\u00edtica per a la protecci\u00f3 de persones alertadores (per a la llei catalana)","datePublished":"2025-12-22T16:59:13+00:00","dateModified":"2025-12-22T17:07:44+00:00","mainEntityOfPage":{"@id":"https:\/\/dev.xnet-x.net\/es\/proyecto-eapc-ub-proteccion-personas-alertadoras\/"},"wordCount":507,"publisher":{"@id":"https:\/\/dev.xnet-x.net\/es\/#organization"},"image":{"@id":"https:\/\/dev.xnet-x.net\/es\/proyecto-eapc-ub-proteccion-personas-alertadoras\/#primaryimage"},"thumbnailUrl":"https:\/\/dev.xnet-x.net\/img\/eapc.png","articleSection":["Blog - Les nostres accions"],"inLanguage":"ca-ES"},{"@type":"WebPage","@id":"https:\/\/dev.xnet-x.net\/ca\/proyecto-eapc-ub-proteccion-personas-alertadoras\/","url":"https:\/\/dev.xnet-x.net\/ca\/proyecto-eapc-ub-proteccion-personas-alertadoras\/","name":"Contribu\u00efm amb EAPC i UB per protegir persones alertadoreContribu\u00efm amb EAPC i UB per protegir persones alertadores","isPartOf":{"@id":"https:\/\/dev.xnet-x.net\/ca\/#website"},"primaryImageOfPage":{"@id":"https:\/\/dev.xnet-x.net\/ca\/proyecto-eapc-ub-proteccion-personas-alertadoras\/#primaryimage"},"image":{"@id":"https:\/\/dev.xnet-x.net\/es\/proyecto-eapc-ub-proteccion-personas-alertadoras\/#primaryimage"},"thumbnailUrl":"https:\/\/dev.xnet-x.net\/img\/eapc.png","datePublished":"2025-12-22T16:59:13+00:00","dateModified":"2025-12-22T17:07:44+00:00","description":"EAPC i la UB ens han demanat de participar en vista de la futura llei de defensa de persones alertadores de Catalunya.","breadcrumb":{"@id":"https:\/\/dev.xnet-x.net\/ca\/proyecto-eapc-ub-proteccion-personas-alertadoras\/#breadcrumb"},"inLanguage":"ca-ES","potentialAction":[{"@type":"ReadAction","target":[["https:\/\/dev.xnet-x.net\/ca\/proyecto-eapc-ub-proteccion-personas-alertadoras\/"]]}]},{"@type":"ImageObject","inLanguage":"ca-ES","@id":"https:\/\/dev.xnet-x.net\/ca\/proyecto-eapc-ub-proteccion-personas-alertadoras\/#primaryimage","url":"https:\/\/dev.xnet-x.net\/img\/eapc.png","contentUrl":"https:\/\/dev.xnet-x.net\/img\/eapc.png","width":838,"height":420},{"@type":"BreadcrumbList","@id":"https:\/\/dev.xnet-x.net\/ca\/proyecto-eapc-ub-proteccion-personas-alertadoras\/#breadcrumb","itemListElement":[{"@type":"ListItem","position":1,"name":"Portada","item":"https:\/\/dev.xnet-x.net\/ca\/"},{"@type":"ListItem","position":2,"name":"Xnet contribuye a un proyecto de EAPC y UB sobre mejora de pol\u00edtica para la protecci\u00f3n de personas alertadoras (para la ley catalana)"}]},{"@type":"WebSite","@id":"https:\/\/dev.xnet-x.net\/ca\/#website","url":"https:\/\/dev.xnet-x.net\/ca\/","name":"[:es]Xnet - Internet, derechos y democracia en la era digital[:ca]Xnet - Internet, drets i democr\u00e0cia en l'era digital[:en]Xnet - Internet freedoms & digital rights[:]","description":"Xnet: Internet, informaci\u00f3 i cultura lliures. Tecnopol\u00edtica. Dades, algoritmes i drets digitals. Llibertat d&#039;expressi\u00f3. Democr\u00e0cia i anticorrupci\u00f3","publisher":{"@id":"https:\/\/dev.xnet-x.net\/ca\/#organization"},"potentialAction":[{"@type":"SearchAction","target":{"@type":"EntryPoint","urlTemplate":"https:\/\/dev.xnet-x.net\/ca\/?s={search_term_string}"},"query-input":{"@type":"PropertyValueSpecification","valueRequired":true,"valueName":"search_term_string"}}],"inLanguage":"ca-ES"},{"@type":"Organization","@id":"https:\/\/dev.xnet-x.net\/ca\/#organization","name":"Xnet - Internet, drets i democr\u00e0cia en l'era digital","url":"https:\/\/dev.xnet-x.net\/ca\/","logo":{"@type":"ImageObject","inLanguage":"ca-ES","@id":"https:\/\/dev.xnet-x.net\/ca\/#\/schema\/logo\/image\/","url":"https:\/\/xnet-x.net\/img\/xnet-logo.png","contentUrl":"https:\/\/xnet-x.net\/img\/xnet-logo.png","width":512,"height":512,"caption":"Xnet - Internet, drets i democr\u00e0cia en l'era digital"},"image":{"@id":"https:\/\/dev.xnet-x.net\/ca\/#\/schema\/logo\/image\/"},"sameAs":["http:\/\/facebook.com\/RedX.Net\/","https:\/\/x.com\/x_net_","https:\/\/es.wikipedia.org\/wiki\/Xnet"]},{"@type":"Person","@id":"https:\/\/dev.xnet-x.net\/es\/#\/schema\/person\/02880890b95968f2b3bd4cfd79843d49","name":"Xnet","image":{"@type":"ImageObject","inLanguage":"ca-ES","@id":"https:\/\/dev.xnet-x.net\/ca\/#\/schema\/person\/image\/","url":"https:\/\/secure.gravatar.com\/avatar\/41a61c327d24125228571dadd14748b0afd881e633e6e61518dacc4fef53cc93?s=96&d=mm&r=g","contentUrl":"https:\/\/secure.gravatar.com\/avatar\/41a61c327d24125228571dadd14748b0afd881e633e6e61518dacc4fef53cc93?s=96&d=mm&r=g","caption":"Xnet"}}]}},"_links":{"self":[{"href":"https:\/\/dev.xnet-x.net\/ca\/wp-json\/wp\/v2\/posts\/28728","targetHints":{"allow":["GET"]}}],"collection":[{"href":"https:\/\/dev.xnet-x.net\/ca\/wp-json\/wp\/v2\/posts"}],"about":[{"href":"https:\/\/dev.xnet-x.net\/ca\/wp-json\/wp\/v2\/types\/post"}],"author":[{"embeddable":true,"href":"https:\/\/dev.xnet-x.net\/ca\/wp-json\/wp\/v2\/users\/15"}],"replies":[{"embeddable":true,"href":"https:\/\/dev.xnet-x.net\/ca\/wp-json\/wp\/v2\/comments?post=28728"}],"version-history":[{"count":8,"href":"https:\/\/dev.xnet-x.net\/ca\/wp-json\/wp\/v2\/posts\/28728\/revisions"}],"predecessor-version":[{"id":28736,"href":"https:\/\/dev.xnet-x.net\/ca\/wp-json\/wp\/v2\/posts\/28728\/revisions\/28736"}],"wp:featuredmedia":[{"embeddable":true,"href":"https:\/\/dev.xnet-x.net\/ca\/wp-json\/wp\/v2\/media\/28733"}],"wp:attachment":[{"href":"https:\/\/dev.xnet-x.net\/ca\/wp-json\/wp\/v2\/media?parent=28728"}],"wp:term":[{"taxonomy":"category","embeddable":true,"href":"https:\/\/dev.xnet-x.net\/ca\/wp-json\/wp\/v2\/categories?post=28728"},{"taxonomy":"post_tag","embeddable":true,"href":"https:\/\/dev.xnet-x.net\/ca\/wp-json\/wp\/v2\/tags?post=28728"}],"curies":[{"name":"wp","href":"https:\/\/api.w.org\/{rel}","templated":true}]}}