{"id":28343,"date":"2025-05-20T14:23:02","date_gmt":"2025-05-20T12:23:02","guid":{"rendered":"https:\/\/xnet-x.net\/es\/?p=28343"},"modified":"2025-12-29T10:28:07","modified_gmt":"2025-12-29T08:28:07","slug":"xnet-gana-la-batalla-en-la-proteccion-de-datos-de-millones-de-autonomos","status":"publish","type":"post","link":"https:\/\/dev.xnet-x.net\/ca\/xnet-guanya-proteccio-dades-autonoms\/","title":{"rendered":"Xnet guanya la batalla en la protecci\u00f3 de dades de milions d&#8217;aut\u00f2noms"},"content":{"rendered":"<p><\/p>\n<h3>\u00daLTIMA HORA \u2013 AVUI Xnet GUANYA LA BATALLA EN LA PROTECCI\u00d3 DE DADES DE MILIONS D&#8217;AUT\u00d2NOMS<\/h3>\n<p>El 2018 per la den\u00fancia d&#8217;una persona afectada i juntament amb els participants <a href=\"#1\">[1]<\/a> al nostre <a href=\"https:\/\/xnet-x.net\/ca\/postgrau-tecnopolitica-simona-levi\/\" target=\"_blank\">postgrau universitari en Tecnopol\u00edtica i Drets a l&#8217;Era Digital<\/a> vam comen\u00e7ar a investigar com era possible que les dades personals de la gran majoria dels aut\u00f2noms, aquestes dades que estem obligades a donar quan ens donem d&#8217;alta que inclouen coses tan sensibles com el nostre domicili, es trobaran a la venda a internet per consultores privades sense el nostre consentiment ni benefici. On es corrompia la cust\u00f2dia de les dades per part de les institucions?<\/p>\n<p>El 2022 vam publicar un informe contundent, \u00ab<strong>Abusos en l&#8217;\u00e0mbit laboral: la venda de les dades de les persones en r\u00e8gim d&#8217;aut\u00f2noms<\/strong>\u00bb on explic\u00e0vem que era la Cambra de Comer\u00e7 que permetia i facilitava aquesta violaci\u00f3 de drets:<br \/>\n<a href=\"https:\/\/xnet-x.net\/ca\/abusos-ambit-laboral-venda-dades-autonoms\/\" target=\"_blank\">https:\/\/xnet-x.net\/ca\/abusos-ambit-laboral-venda-dades-autonoms\/<\/a> <\/p>\n<p>Ho vam denunciar al desembre de 2022 a l&#8217;Ag\u00e8ncia Espanyola de Protecci\u00f3 de Dades<br \/>\n<a href=\"https:\/\/xnet.maadix.org\/nextcloud\/index.php\/s\/6pijiTLrggWHeTs\" target=\"_blank\">https:\/\/xnet.maadix.org\/nextcloud\/index.php\/s\/6pijiTLrggWHeTs<\/a><\/p>\n<p>que va obrir expedient a l&#8217;abril 2023, i\u2026<\/p>\n<p><strong>Avui treu un comunicat en qu\u00e8 ens d\u00f3na la ra\u00f3 a TOT el que demanem.<br \/>\nLes sancions totals arriben al mili\u00f3 deuros.<\/strong><br \/>\n<a href=\"https:\/\/www.aepd.es\/informes-y-resoluciones\/criterios-juridicos-aepd\/tratamiento-datos-personales-empresarios-autonomos\" target=\"_blank\">https:\/\/www.aepd.es\/informes-y-resoluciones\/criterios-juridicos-aepd\/tratamiento-datos-personales-empresarios-autonomos<\/a><\/p>\n<p>Una altra vict\u00f2ria d\u2019Xnet :). Seguim.<br \/>\n&nbsp;<\/p>\n<ul>La premsa se&#8217;n fa ress\u00f2:<br \/>\nGDPRhub<br \/>\n<a href=\"https:\/\/gdprhub.eu\/index.php?title=AEPD_(Spain)_-_EXP202404641\" target=\"_blank\">https:\/\/gdprhub.eu\/index.php?title=AEPD_(Spain)_-_EXP202404641<\/a><br \/>\nEl Pa\u00eds<br \/>\n<a href=\"https:\/\/elpais.com\/economia\/2025-05-20\/proteccion-de-datos-ordena-el-borrado-masivo-de-los-listados-de-autonomos-de-las-bases-de-datos-empresariales.html\" target=\"_blank\">Protecci\u00f3n de Datos ordena el borrado masivo de los listados de aut\u00f3nomos de las bases de datos empresariales<\/a><br \/>\nEl Peri\u00f3dico<br \/>\n<a href=\"https:\/\/www.elperiodico.com\/es\/tecnologia\/20250521\/camara-comercio-espana-proteccion-datos-autonomos-xnet-hacienda-117654125\" target=\"_blank\">Rev\u00e9s a la C\u00e1mara de Comercio de Espa\u00f1a por desproteger los datos personales de millones de aut\u00f3nomos<\/a><br \/>\nXataka<br \/>\n<a href=\"https:\/\/www.xataka.com\/privacidad\/aepd-ha-ordenado-borrado-datos-miles-autonomos-a-camara-comercio-se-usaban-para-fines-comerciales\" target=\"_blank\">La AEPD ya sabe de d\u00f3nde han salido los datos de millones de aut\u00f3nomos que estaban a la venta en internet: la C\u00e1mara de Comercio<\/a><\/ul>\n<div style=\"font-size:100%;margin:6px 0;border: 1px solid #e00f2f;padding: 20px 5% 10px\">\n<h4>Infraccions que denunciem i que s\u00f3n constatades per l&#8217;AEPD<\/h4>\n<p>En el cas de <strong>la Cambra de Comer\u00e7 d&#8217;Espanya, va vulnerar m\u00faltiples principis del RGPD<\/strong>: <\/p>\n<ul>\n<p>1. <strong>Article 6.1 RGPD (licitud del tractament)<\/strong> \u2192 cedir dades a Camerdata sense base jur\u00eddica v\u00e0lida.<br \/>\no Multa: <strong>100.000 \u20ac.<\/strong><br \/>\n2. <strong>Article 5.1.b RGPD (limitaci\u00f3 de la finalitat)<\/strong> \u2192 utilitzar dades obtingudes per elaborar un cens p\u00fablic amb una altra finalitat incompatible (bases comercials).<br \/>\no Multa: <strong>100.000 \u20ac. <\/strong><br \/>\n3. <strong>Article 5.1.f RGPD (integritat i confidencialitat)<\/strong> \u2192 no garantir la seguretat ni la confidencialitat del NIF i altres dades.<br \/>\no Multa: <strong>100.000 \u20ac.<\/strong><br \/>\n4. <strong>Article 5.1.a RGPD (licitud, lleialtat i transpar\u00e8ncia)<\/strong> \u2192 vulneraci\u00f3 del principi de lleialtat cap als aut\u00f2noms, que van donar les seves dades confiant que no se cedirien sense consentiment.<br \/>\no Multa: <strong>100.000 \u20ac.<\/strong><br \/>\n5. <strong>Article 14 RGPD (deure informar els interessats)<\/strong> \u2192 no informar els aut\u00f2noms d&#8217;aquesta cessi\u00f3 a Camerdata.<br \/>\no Multa: <strong>100.000 \u20ac.<\/strong><br \/>\n<strong><br \/>\nTotal: 500.000\u20ac en sancions.<\/strong><\/p>\n<p>6. A m\u00e9s de les multes, l&#8217;AEPD <strong>ordena expressament a la Cambra de Comer\u00e7 d&#8217;Espanya<\/strong>: <\/p>\n<p>\u2022 <strong>Posar fi a la cessi\u00f3 de dades a Camerdata<\/strong> en el termini d&#8217;<strong>un mes<\/strong> des que la resoluci\u00f3 sigui ferma i executiva.<br \/>\n\u2022 Si no compleixen, l&#8217;AEPD podr\u00e0 obrir un altre procediment sancionador addicional<br \/>\n&nbsp;<\/p>\n<p><strong>En aquest visor trobareu destacat el treball d&#8217;Xnet reflectit a la resoluci\u00f3.<\/strong><br \/>\nhttps:\/\/xnet-x.net\/?p=28525<\/p>\n<p><a href=\"https:\/\/www.aepd.es\/documento\/ps-00145-2024.pdf\" target=\"_blank\">(Cambra de Comer\u00e7 500 000 euros de multa)<\/a><br \/>\n<a href=\"https:\/\/www.aepd.es\/documento\/ps-00146-2024.pdf\" target=\"_blank\">(Camerdata 260 000 euros de multa)<\/a><br \/>\n<a href=\"https:\/\/www.aepd.es\/documento\/ps-00149-2024.pdf\" target=\"_blank\">(900 000 euros)<\/a><br \/>\n<a href=\"https:\/\/www.aepd.es\/documento\/ps-00150-2024.pdf\" target=\"_blank\">(360 000 euros)<\/a><br \/>\n<a href=\"https:\/\/www.aepd.es\/documento\/ps-00151-2024.pdf\" target=\"_blank\">(18 000 euros)<\/a><\/p>\n<p>SUMA TOTAL: 1 518 000 euros<\/p>\n<\/div>\n<p><a id=\"1\"><\/a><br \/>\n&nbsp;<\/p>\n<p>[1] Projecte d\u2019Xnet coordinat per Simona Levi conjuntament amb M\u00edriam Carles i a partir del treball d&#8217;investigadores del postgrau Tecnopol\u00edtica i Drets a l&#8217;Era Digital dirigit per Simona Levi i Cristina Ribas. La investigadora iniciadora del treball ha demanat no fer-ne p\u00fablic el nom. Les altres contribucions s\u00f3n de les i els investigadors Alba Soler, Carmel Ord\u00f3\u00f1ez, Jose Luis Rib\u00e9s Carlos Garc\u00eda, Carlos Amat, G.A.LL.<\/p>\n<p>&nbsp;<\/p>","protected":false},"excerpt":{"rendered":"<p>\u00daLTIMA HORA \u2013 AVUI Xnet GUANYA LA BATALLA EN LA PROTECCI\u00d3 DE DADES DE MILIONS D&#8217;AUT\u00d2NOMS El 2018 per la den\u00fancia d&#8217;una persona afectada i juntament amb els participants [1] al nostre postgrau universitari en Tecnopol\u00edtica i Drets a l&#8217;Era Digital vam comen\u00e7ar a investigar com era possible que les dades personals de la gran [&hellip;]<\/p>\n","protected":false},"author":15,"featured_media":28353,"comment_status":"closed","ping_status":"closed","sticky":false,"template":"","format":"standard","meta":{"footnotes":""},"categories":[52],"tags":[],"class_list":["post-28343","post","type-post","status-publish","format-standard","has-post-thumbnail","hentry","category-blog","ejes-neutralidad-de-la-red","ejes-luchas-por-las-libertades-civiles","servicios-recomendaciones-de-politicas"],"yoast_head":"<!-- This site is optimized with the Yoast SEO plugin v26.7 - https:\/\/yoast.com\/wordpress\/plugins\/seo\/ -->\n<title>Guanyem la batalla en la protecci\u00f3 de dades d&#039;aut\u00f2noms<\/title>\n<meta name=\"description\" content=\"Ja el 2022 vam publicar un informe contundent, \u00abAbusos a l&#039;\u00e0mbit laboral: la venda de les dades de les persones en r\u00e8gim d&#039;aut\u00f2noms&quot;.\" \/>\n<meta name=\"robots\" content=\"index, follow, max-snippet:-1, max-image-preview:large, max-video-preview:-1\" \/>\n<link rel=\"canonical\" href=\"https:\/\/dev.xnet-x.net\/ca\/xnet-guanya-proteccio-dades-autonoms\/\" \/>\n<meta name=\"twitter:label1\" content=\"Written by\" \/>\n\t<meta name=\"twitter:data1\" content=\"Xnet\" \/>\n\t<meta name=\"twitter:label2\" content=\"Est. reading time\" \/>\n\t<meta name=\"twitter:data2\" content=\"3 minutes\" \/>\n<script type=\"application\/ld+json\" class=\"yoast-schema-graph\">{\"@context\":\"https:\/\/schema.org\",\"@graph\":[{\"@type\":\"Article\",\"@id\":\"https:\/\/dev.xnet-x.net\/ca\/xnet-guanya-proteccio-dades-autonoms\/#article\",\"isPartOf\":{\"@id\":\"https:\/\/dev.xnet-x.net\/ca\/xnet-guanya-proteccio-dades-autonoms\/\"},\"author\":{\"name\":\"Xnet\",\"@id\":\"https:\/\/dev.xnet-x.net\/es\/#\/schema\/person\/02880890b95968f2b3bd4cfd79843d49\"},\"headline\":\"Xnet guanya la batalla en la protecci\u00f3 de dades de milions d&#8217;aut\u00f2noms\",\"datePublished\":\"2025-05-20T12:23:02+00:00\",\"dateModified\":\"2025-12-29T08:28:07+00:00\",\"mainEntityOfPage\":{\"@id\":\"https:\/\/dev.xnet-x.net\/ca\/xnet-guanya-proteccio-dades-autonoms\/\"},\"wordCount\":1955,\"publisher\":{\"@id\":\"https:\/\/dev.xnet-x.net\/es\/#organization\"},\"image\":{\"@id\":\"https:\/\/dev.xnet-x.net\/ca\/xnet-guanya-proteccio-dades-autonoms\/#primaryimage\"},\"thumbnailUrl\":\"https:\/\/dev.xnet-x.net\/img\/autonomo.jpg\",\"articleSection\":[\"Blog - Les nostres accions\"],\"inLanguage\":\"ca-ES\"},{\"@type\":\"WebPage\",\"@id\":\"https:\/\/dev.xnet-x.net\/ca\/xnet-guanya-proteccio-dades-autonoms\/\",\"url\":\"https:\/\/dev.xnet-x.net\/ca\/xnet-guanya-proteccio-dades-autonoms\/\",\"name\":\"Guanyem la batalla en la protecci\u00f3 de dades d'aut\u00f2noms\",\"isPartOf\":{\"@id\":\"https:\/\/dev.xnet-x.net\/ca\/#website\"},\"primaryImageOfPage\":{\"@id\":\"https:\/\/dev.xnet-x.net\/ca\/xnet-guanya-proteccio-dades-autonoms\/#primaryimage\"},\"image\":{\"@id\":\"https:\/\/dev.xnet-x.net\/ca\/xnet-guanya-proteccio-dades-autonoms\/#primaryimage\"},\"thumbnailUrl\":\"https:\/\/dev.xnet-x.net\/img\/autonomo.jpg\",\"datePublished\":\"2025-05-20T12:23:02+00:00\",\"dateModified\":\"2025-12-29T08:28:07+00:00\",\"description\":\"Ja el 2022 vam publicar un informe contundent, \u00abAbusos a l'\u00e0mbit laboral: la venda de les dades de les persones en r\u00e8gim d'aut\u00f2noms\\\".\",\"breadcrumb\":{\"@id\":\"https:\/\/dev.xnet-x.net\/ca\/xnet-guanya-proteccio-dades-autonoms\/#breadcrumb\"},\"inLanguage\":\"ca-ES\",\"potentialAction\":[{\"@type\":\"ReadAction\",\"target\":[[\"https:\/\/dev.xnet-x.net\/ca\/xnet-guanya-proteccio-dades-autonoms\/\"]]}]},{\"@type\":\"ImageObject\",\"inLanguage\":\"ca-ES\",\"@id\":\"https:\/\/dev.xnet-x.net\/ca\/xnet-guanya-proteccio-dades-autonoms\/#primaryimage\",\"url\":\"https:\/\/dev.xnet-x.net\/img\/autonomo.jpg\",\"contentUrl\":\"https:\/\/dev.xnet-x.net\/img\/autonomo.jpg\",\"width\":900,\"height\":599},{\"@type\":\"BreadcrumbList\",\"@id\":\"https:\/\/dev.xnet-x.net\/ca\/xnet-guanya-proteccio-dades-autonoms\/#breadcrumb\",\"itemListElement\":[{\"@type\":\"ListItem\",\"position\":1,\"name\":\"Portada\",\"item\":\"https:\/\/dev.xnet-x.net\/ca\/\"},{\"@type\":\"ListItem\",\"position\":2,\"name\":\"Xnet guanya la batalla en la protecci\u00f3 de dades de milions d&#8217;aut\u00f2noms\"}]},{\"@type\":\"WebSite\",\"@id\":\"https:\/\/dev.xnet-x.net\/ca\/#website\",\"url\":\"https:\/\/dev.xnet-x.net\/ca\/\",\"name\":\"[:es]Xnet - Internet, derechos y democracia en la era digital[:ca]Xnet - Internet, drets i democr\u00e0cia en l'era digital[:en]Xnet - Internet freedoms & digital rights[:]\",\"description\":\"Xnet: Internet, informaci\u00f3 i cultura lliures. Tecnopol\u00edtica. Dades, algoritmes i drets digitals. Llibertat d&#039;expressi\u00f3. Democr\u00e0cia i anticorrupci\u00f3\",\"publisher\":{\"@id\":\"https:\/\/dev.xnet-x.net\/ca\/#organization\"},\"potentialAction\":[{\"@type\":\"SearchAction\",\"target\":{\"@type\":\"EntryPoint\",\"urlTemplate\":\"https:\/\/dev.xnet-x.net\/ca\/?s={search_term_string}\"},\"query-input\":{\"@type\":\"PropertyValueSpecification\",\"valueRequired\":true,\"valueName\":\"search_term_string\"}}],\"inLanguage\":\"ca-ES\"},{\"@type\":\"Organization\",\"@id\":\"https:\/\/dev.xnet-x.net\/ca\/#organization\",\"name\":\"Xnet - Internet, drets i democr\u00e0cia en l'era digital\",\"url\":\"https:\/\/dev.xnet-x.net\/ca\/\",\"logo\":{\"@type\":\"ImageObject\",\"inLanguage\":\"ca-ES\",\"@id\":\"https:\/\/dev.xnet-x.net\/ca\/#\/schema\/logo\/image\/\",\"url\":\"https:\/\/xnet-x.net\/img\/xnet-logo.png\",\"contentUrl\":\"https:\/\/xnet-x.net\/img\/xnet-logo.png\",\"width\":512,\"height\":512,\"caption\":\"Xnet - Internet, drets i democr\u00e0cia en l'era digital\"},\"image\":{\"@id\":\"https:\/\/dev.xnet-x.net\/ca\/#\/schema\/logo\/image\/\"},\"sameAs\":[\"http:\/\/facebook.com\/RedX.Net\/\",\"https:\/\/x.com\/x_net_\",\"https:\/\/es.wikipedia.org\/wiki\/Xnet\"]},{\"@type\":\"Person\",\"@id\":\"https:\/\/dev.xnet-x.net\/es\/#\/schema\/person\/02880890b95968f2b3bd4cfd79843d49\",\"name\":\"Xnet\",\"image\":{\"@type\":\"ImageObject\",\"inLanguage\":\"ca-ES\",\"@id\":\"https:\/\/dev.xnet-x.net\/ca\/#\/schema\/person\/image\/\",\"url\":\"https:\/\/secure.gravatar.com\/avatar\/41a61c327d24125228571dadd14748b0afd881e633e6e61518dacc4fef53cc93?s=96&d=mm&r=g\",\"contentUrl\":\"https:\/\/secure.gravatar.com\/avatar\/41a61c327d24125228571dadd14748b0afd881e633e6e61518dacc4fef53cc93?s=96&d=mm&r=g\",\"caption\":\"Xnet\"}}]}<\/script>\n<!-- \/ Yoast SEO plugin. -->","yoast_head_json":{"title":"Guanyem la batalla en la protecci\u00f3 de dades d'aut\u00f2noms","description":"Ja el 2022 vam publicar un informe contundent, \u00abAbusos a l'\u00e0mbit laboral: la venda de les dades de les persones en r\u00e8gim d'aut\u00f2noms\".","robots":{"index":"index","follow":"follow","max-snippet":"max-snippet:-1","max-image-preview":"max-image-preview:large","max-video-preview":"max-video-preview:-1"},"canonical":"https:\/\/dev.xnet-x.net\/ca\/xnet-guanya-proteccio-dades-autonoms\/","twitter_misc":{"Written by":"Xnet","Est. reading time":"3 minutes"},"schema":{"@context":"https:\/\/schema.org","@graph":[{"@type":"Article","@id":"https:\/\/dev.xnet-x.net\/ca\/xnet-guanya-proteccio-dades-autonoms\/#article","isPartOf":{"@id":"https:\/\/dev.xnet-x.net\/ca\/xnet-guanya-proteccio-dades-autonoms\/"},"author":{"name":"Xnet","@id":"https:\/\/dev.xnet-x.net\/es\/#\/schema\/person\/02880890b95968f2b3bd4cfd79843d49"},"headline":"Xnet guanya la batalla en la protecci\u00f3 de dades de milions d&#8217;aut\u00f2noms","datePublished":"2025-05-20T12:23:02+00:00","dateModified":"2025-12-29T08:28:07+00:00","mainEntityOfPage":{"@id":"https:\/\/dev.xnet-x.net\/ca\/xnet-guanya-proteccio-dades-autonoms\/"},"wordCount":1955,"publisher":{"@id":"https:\/\/dev.xnet-x.net\/es\/#organization"},"image":{"@id":"https:\/\/dev.xnet-x.net\/ca\/xnet-guanya-proteccio-dades-autonoms\/#primaryimage"},"thumbnailUrl":"https:\/\/dev.xnet-x.net\/img\/autonomo.jpg","articleSection":["Blog - Les nostres accions"],"inLanguage":"ca-ES"},{"@type":"WebPage","@id":"https:\/\/dev.xnet-x.net\/ca\/xnet-guanya-proteccio-dades-autonoms\/","url":"https:\/\/dev.xnet-x.net\/ca\/xnet-guanya-proteccio-dades-autonoms\/","name":"Guanyem la batalla en la protecci\u00f3 de dades d'aut\u00f2noms","isPartOf":{"@id":"https:\/\/dev.xnet-x.net\/ca\/#website"},"primaryImageOfPage":{"@id":"https:\/\/dev.xnet-x.net\/ca\/xnet-guanya-proteccio-dades-autonoms\/#primaryimage"},"image":{"@id":"https:\/\/dev.xnet-x.net\/ca\/xnet-guanya-proteccio-dades-autonoms\/#primaryimage"},"thumbnailUrl":"https:\/\/dev.xnet-x.net\/img\/autonomo.jpg","datePublished":"2025-05-20T12:23:02+00:00","dateModified":"2025-12-29T08:28:07+00:00","description":"Ja el 2022 vam publicar un informe contundent, \u00abAbusos a l'\u00e0mbit laboral: la venda de les dades de les persones en r\u00e8gim d'aut\u00f2noms\".","breadcrumb":{"@id":"https:\/\/dev.xnet-x.net\/ca\/xnet-guanya-proteccio-dades-autonoms\/#breadcrumb"},"inLanguage":"ca-ES","potentialAction":[{"@type":"ReadAction","target":[["https:\/\/dev.xnet-x.net\/ca\/xnet-guanya-proteccio-dades-autonoms\/"]]}]},{"@type":"ImageObject","inLanguage":"ca-ES","@id":"https:\/\/dev.xnet-x.net\/ca\/xnet-guanya-proteccio-dades-autonoms\/#primaryimage","url":"https:\/\/dev.xnet-x.net\/img\/autonomo.jpg","contentUrl":"https:\/\/dev.xnet-x.net\/img\/autonomo.jpg","width":900,"height":599},{"@type":"BreadcrumbList","@id":"https:\/\/dev.xnet-x.net\/ca\/xnet-guanya-proteccio-dades-autonoms\/#breadcrumb","itemListElement":[{"@type":"ListItem","position":1,"name":"Portada","item":"https:\/\/dev.xnet-x.net\/ca\/"},{"@type":"ListItem","position":2,"name":"Xnet guanya la batalla en la protecci\u00f3 de dades de milions d&#8217;aut\u00f2noms"}]},{"@type":"WebSite","@id":"https:\/\/dev.xnet-x.net\/ca\/#website","url":"https:\/\/dev.xnet-x.net\/ca\/","name":"[:es]Xnet - Internet, derechos y democracia en la era digital[:ca]Xnet - Internet, drets i democr\u00e0cia en l'era digital[:en]Xnet - Internet freedoms & digital rights[:]","description":"Xnet: Internet, informaci\u00f3 i cultura lliures. Tecnopol\u00edtica. Dades, algoritmes i drets digitals. Llibertat d&#039;expressi\u00f3. Democr\u00e0cia i anticorrupci\u00f3","publisher":{"@id":"https:\/\/dev.xnet-x.net\/ca\/#organization"},"potentialAction":[{"@type":"SearchAction","target":{"@type":"EntryPoint","urlTemplate":"https:\/\/dev.xnet-x.net\/ca\/?s={search_term_string}"},"query-input":{"@type":"PropertyValueSpecification","valueRequired":true,"valueName":"search_term_string"}}],"inLanguage":"ca-ES"},{"@type":"Organization","@id":"https:\/\/dev.xnet-x.net\/ca\/#organization","name":"Xnet - Internet, drets i democr\u00e0cia en l'era digital","url":"https:\/\/dev.xnet-x.net\/ca\/","logo":{"@type":"ImageObject","inLanguage":"ca-ES","@id":"https:\/\/dev.xnet-x.net\/ca\/#\/schema\/logo\/image\/","url":"https:\/\/xnet-x.net\/img\/xnet-logo.png","contentUrl":"https:\/\/xnet-x.net\/img\/xnet-logo.png","width":512,"height":512,"caption":"Xnet - Internet, drets i democr\u00e0cia en l'era digital"},"image":{"@id":"https:\/\/dev.xnet-x.net\/ca\/#\/schema\/logo\/image\/"},"sameAs":["http:\/\/facebook.com\/RedX.Net\/","https:\/\/x.com\/x_net_","https:\/\/es.wikipedia.org\/wiki\/Xnet"]},{"@type":"Person","@id":"https:\/\/dev.xnet-x.net\/es\/#\/schema\/person\/02880890b95968f2b3bd4cfd79843d49","name":"Xnet","image":{"@type":"ImageObject","inLanguage":"ca-ES","@id":"https:\/\/dev.xnet-x.net\/ca\/#\/schema\/person\/image\/","url":"https:\/\/secure.gravatar.com\/avatar\/41a61c327d24125228571dadd14748b0afd881e633e6e61518dacc4fef53cc93?s=96&d=mm&r=g","contentUrl":"https:\/\/secure.gravatar.com\/avatar\/41a61c327d24125228571dadd14748b0afd881e633e6e61518dacc4fef53cc93?s=96&d=mm&r=g","caption":"Xnet"}}]}},"_links":{"self":[{"href":"https:\/\/dev.xnet-x.net\/ca\/wp-json\/wp\/v2\/posts\/28343","targetHints":{"allow":["GET"]}}],"collection":[{"href":"https:\/\/dev.xnet-x.net\/ca\/wp-json\/wp\/v2\/posts"}],"about":[{"href":"https:\/\/dev.xnet-x.net\/ca\/wp-json\/wp\/v2\/types\/post"}],"author":[{"embeddable":true,"href":"https:\/\/dev.xnet-x.net\/ca\/wp-json\/wp\/v2\/users\/15"}],"replies":[{"embeddable":true,"href":"https:\/\/dev.xnet-x.net\/ca\/wp-json\/wp\/v2\/comments?post=28343"}],"version-history":[{"count":20,"href":"https:\/\/dev.xnet-x.net\/ca\/wp-json\/wp\/v2\/posts\/28343\/revisions"}],"predecessor-version":[{"id":28351,"href":"https:\/\/dev.xnet-x.net\/ca\/wp-json\/wp\/v2\/posts\/28343\/revisions\/28351"}],"wp:featuredmedia":[{"embeddable":true,"href":"https:\/\/dev.xnet-x.net\/ca\/wp-json\/wp\/v2\/media\/28353"}],"wp:attachment":[{"href":"https:\/\/dev.xnet-x.net\/ca\/wp-json\/wp\/v2\/media?parent=28343"}],"wp:term":[{"taxonomy":"category","embeddable":true,"href":"https:\/\/dev.xnet-x.net\/ca\/wp-json\/wp\/v2\/categories?post=28343"},{"taxonomy":"post_tag","embeddable":true,"href":"https:\/\/dev.xnet-x.net\/ca\/wp-json\/wp\/v2\/tags?post=28343"}],"curies":[{"name":"wp","href":"https:\/\/api.w.org\/{rel}","templated":true}]}}