{"id":2785,"date":"2011-02-01T14:32:08","date_gmt":"2011-02-01T13:32:08","guid":{"rendered":"http:\/\/la-ex.net\/?p=2785"},"modified":"2025-05-16T10:35:55","modified_gmt":"2025-05-16T08:35:55","slug":"no-a-la-ley-biden-sinde","status":"publish","type":"post","link":"https:\/\/dev.xnet-x.net\/ca\/no-a-la-ley-biden-sinde\/","title":{"rendered":"SINDEcoro, SINDEcencia, SINDEbate, SINDErecho, SINDEmocracia. NO A LA LLEI BIDEN-SINDE"},"content":{"rendered":"<p>[Per falta de temps i recursos, la traducci\u00f3 al catal\u00e0 d&#8217;aquesta web no est\u00e0 acabada. Si trobes interessants alguns dels nostres documents i tens temps de traduir-los, ens ho pot enviar (si us plau, reproduint la maquetaci\u00f3). Moltes gr\u00e0cies!]<\/p>\n<p>El nuevo texto supone un intrincado andamiaje legal para apuntalar que La propiedad intelectual est\u00e1 por encima de los derechos fundamentales de los ciudadanos y que ni siquiera es un juez quien va a evaluar si esta es violada o no [1].<br \/>\nLa voluntad de PSOE, CiU y PP no solo es protejer los intereses de la industria de entretenimiento -mayormente norteamericana- por encima de los derechos humanos seg\u00fan lo expresado por la ONU [2] si no, sobre todo, asegurar que su poder seguir\u00e1 prevalenciendo sobre los propios ciudadanos evitando que Internet ejerza de aglutinador del advenimiento de una democracia m\u00e1s directa, de mayor calidad y que propicie una mayor justicia social y poder de decisi\u00f3n de la ciudadan\u00eda.<\/p>\n<p>El voto en el senado es dentro de un mes. Tenemos un mes para hacerles saber que se han equivocado y para que rectifiquen. Una ley que no es m\u00e1s que censura y control, que no protege a los artistas ni a los emprendedores, que criminaliza el progreso. La ley de la prepotencia y del miedo.<br \/>\nLos senadores se votan por listas abiertas.<br \/>\nNo votaremos a los que han dado las espaldas a los ciudadanos, m\u00e1s preocupados por unos intereses que nada tienen que ver con la representaci\u00f3n democr\u00e1tica ni con los derechos de los autores y de la sociedad civil.<\/p>\n<p>Los partidos se volcar\u00e1n en la red para las elecciones. All\u00ed los esperamos los ciudadanos.<\/p>\n<p><strong><a class=\"external free\" title=\"http:\/\/redsostenible.wikia.com\" rel=\"nofollow\" href=\"http:\/\/redsostenible.wikia.com\">http:\/\/redsostenible.wikia.com<\/a> <\/strong><\/p>\n<p><strong>contacto: 639025865<\/strong><\/p>\n<p>[1]Por citar cosas concretas del texto:<\/p>\n<p>&#8211; Se persiguen &#8220;los contenidos que vulneren los citados derechos siempre que el prestador, directa o indirectamente, act\u00fae con \u00e1nimo de lucro o haya causado o sea susceptible de causar un da\u00f1o patrimonial&#8221;<\/p>\n<p>La expresi\u00f3n &#8220;ser susceptible&#8221; es tan amplia que cabe google, webs con software p2p y por supuesto con la intenci\u00f3n de criminalizar el hecho de &#8220;enlazar&#8221;, o sea Internet en s\u00ed mismo. Si se persiguiera lo que es susceptible de atacar la integridad f\u00edsica prohibir\u00edamos los cuchillos.<\/p>\n<p>&#8211; Se usa el t\u00e9rmino &#8220;autorizaci\u00f3n judicial&#8221; cuando la constituci\u00f3n exige &#8220;Resoluc\u00edon judicial&#8221;.<br \/>\n[2].  <a class=\"external free\" title=\"http:\/\/static.orain.org\/redsostenible.wikia.com\/images\/0\/0e\/ONU_DERECHOS_LPI.pdf\" rel=\"nofollow\" href=\"http:\/\/static.orain.org\/redsostenible.wikia.com\/images\/0\/0e\/ONU_DERECHOS_LPI.pdf\">http:\/\/static.orain.org\/redsostenible.wikia.com\/images\/0\/0e\/ONU_DERECHOS_LPI.pdf<\/a><\/p>","protected":false},"excerpt":{"rendered":"<p>[Per falta de temps i recursos, la traducci\u00f3 al catal\u00e0 d&#8217;aquesta web no est\u00e0 acabada. Si trobes interessants alguns dels nostres documents i tens temps de traduir-los, ens ho pot enviar (si us plau, reproduint la maquetaci\u00f3). Moltes gr\u00e0cies!] El nuevo texto supone un intrincado andamiaje legal para apuntalar que La propiedad intelectual est\u00e1 por [&hellip;]<\/p>\n","protected":false},"author":5,"featured_media":5531,"comment_status":"closed","ping_status":"closed","sticky":false,"template":"","format":"standard","meta":{"footnotes":""},"categories":[52],"tags":[],"class_list":["post-2785","post","type-post","status-publish","format-standard","has-post-thumbnail","hentry","category-blog"],"yoast_head":"<!-- This site is optimized with the Yoast SEO plugin v26.7 - https:\/\/yoast.com\/wordpress\/plugins\/seo\/ -->\n<title>NO A LA LEY BIDEN-SINDE<\/title>\n<meta name=\"description\" content=\"Un intrincado andamiaje legal para apuntalar que La propiedad intelectual est\u00e1 por encima de los derechos fundamentales de los ciudadanos.\" \/>\n<meta name=\"robots\" content=\"index, follow, max-snippet:-1, max-image-preview:large, max-video-preview:-1\" \/>\n<link rel=\"canonical\" href=\"https:\/\/dev.xnet-x.net\/ca\/no-a-la-ley-biden-sinde\/\" \/>\n<meta name=\"twitter:label1\" content=\"Written by\" \/>\n\t<meta name=\"twitter:data1\" content=\"Xnet\" \/>\n\t<meta name=\"twitter:label2\" content=\"Est. reading time\" \/>\n\t<meta name=\"twitter:data2\" content=\"2 minutes\" \/>\n<script type=\"application\/ld+json\" class=\"yoast-schema-graph\">{\"@context\":\"https:\/\/schema.org\",\"@graph\":[{\"@type\":\"Article\",\"@id\":\"https:\/\/dev.xnet-x.net\/ca\/no-a-la-ley-biden-sinde\/#article\",\"isPartOf\":{\"@id\":\"https:\/\/dev.xnet-x.net\/ca\/no-a-la-ley-biden-sinde\/\"},\"author\":{\"name\":\"Xnet\",\"@id\":\"https:\/\/dev.xnet-x.net\/es\/#\/schema\/person\/919c7ab500254f012b3e8975a5cf2bc3\"},\"headline\":\"SINDEcoro, SINDEcencia, SINDEbate, SINDErecho, SINDEmocracia. NO A LA LLEI BIDEN-SINDE\",\"datePublished\":\"2011-02-01T13:32:08+00:00\",\"dateModified\":\"2025-05-16T08:35:55+00:00\",\"mainEntityOfPage\":{\"@id\":\"https:\/\/dev.xnet-x.net\/ca\/no-a-la-ley-biden-sinde\/\"},\"wordCount\":804,\"publisher\":{\"@id\":\"https:\/\/dev.xnet-x.net\/es\/#organization\"},\"image\":{\"@id\":\"https:\/\/dev.xnet-x.net\/ca\/no-a-la-ley-biden-sinde\/#primaryimage\"},\"thumbnailUrl\":\"https:\/\/dev.xnet-x.net\/img\/120px-Pin_badge1.png\",\"articleSection\":[\"Blog - Les nostres accions\"],\"inLanguage\":\"ca-ES\"},{\"@type\":\"WebPage\",\"@id\":\"https:\/\/dev.xnet-x.net\/ca\/no-a-la-ley-biden-sinde\/\",\"url\":\"https:\/\/dev.xnet-x.net\/ca\/no-a-la-ley-biden-sinde\/\",\"name\":\"NO A LA LEY BIDEN-SINDE\",\"isPartOf\":{\"@id\":\"https:\/\/dev.xnet-x.net\/ca\/#website\"},\"primaryImageOfPage\":{\"@id\":\"https:\/\/dev.xnet-x.net\/ca\/no-a-la-ley-biden-sinde\/#primaryimage\"},\"image\":{\"@id\":\"https:\/\/dev.xnet-x.net\/ca\/no-a-la-ley-biden-sinde\/#primaryimage\"},\"thumbnailUrl\":\"https:\/\/dev.xnet-x.net\/img\/120px-Pin_badge1.png\",\"datePublished\":\"2011-02-01T13:32:08+00:00\",\"dateModified\":\"2025-05-16T08:35:55+00:00\",\"description\":\"Un intrincado andamiaje legal para apuntalar que La propiedad intelectual est\u00e1 por encima de los derechos fundamentales de los ciudadanos.\",\"breadcrumb\":{\"@id\":\"https:\/\/dev.xnet-x.net\/ca\/no-a-la-ley-biden-sinde\/#breadcrumb\"},\"inLanguage\":\"ca-ES\",\"potentialAction\":[{\"@type\":\"ReadAction\",\"target\":[[\"https:\/\/dev.xnet-x.net\/ca\/no-a-la-ley-biden-sinde\/\"]]}]},{\"@type\":\"ImageObject\",\"inLanguage\":\"ca-ES\",\"@id\":\"https:\/\/dev.xnet-x.net\/ca\/no-a-la-ley-biden-sinde\/#primaryimage\",\"url\":\"https:\/\/dev.xnet-x.net\/img\/120px-Pin_badge1.png\",\"contentUrl\":\"https:\/\/dev.xnet-x.net\/img\/120px-Pin_badge1.png\",\"width\":120,\"height\":120,\"caption\":\"No les votes\"},{\"@type\":\"BreadcrumbList\",\"@id\":\"https:\/\/dev.xnet-x.net\/ca\/no-a-la-ley-biden-sinde\/#breadcrumb\",\"itemListElement\":[{\"@type\":\"ListItem\",\"position\":1,\"name\":\"Portada\",\"item\":\"https:\/\/dev.xnet-x.net\/ca\/\"},{\"@type\":\"ListItem\",\"position\":2,\"name\":\"SINDEcoro, SINDEcencia, SINDEbate, SINDErecho, SINDEmocracia. NO A LA LLEI BIDEN-SINDE\"}]},{\"@type\":\"WebSite\",\"@id\":\"https:\/\/dev.xnet-x.net\/ca\/#website\",\"url\":\"https:\/\/dev.xnet-x.net\/ca\/\",\"name\":\"[:es]Xnet - Internet, derechos y democracia en la era digital[:ca]Xnet - Internet, drets i democr\u00e0cia en l'era digital[:en]Xnet - Internet freedoms & digital rights[:]\",\"description\":\"Xnet: Internet, informaci\u00f3 i cultura lliures. Tecnopol\u00edtica. Dades, algoritmes i drets digitals. Llibertat d&#039;expressi\u00f3. Democr\u00e0cia i anticorrupci\u00f3\",\"publisher\":{\"@id\":\"https:\/\/dev.xnet-x.net\/ca\/#organization\"},\"potentialAction\":[{\"@type\":\"SearchAction\",\"target\":{\"@type\":\"EntryPoint\",\"urlTemplate\":\"https:\/\/dev.xnet-x.net\/ca\/?s={search_term_string}\"},\"query-input\":{\"@type\":\"PropertyValueSpecification\",\"valueRequired\":true,\"valueName\":\"search_term_string\"}}],\"inLanguage\":\"ca-ES\"},{\"@type\":\"Organization\",\"@id\":\"https:\/\/dev.xnet-x.net\/ca\/#organization\",\"name\":\"Xnet - Internet, drets i democr\u00e0cia en l'era digital\",\"url\":\"https:\/\/dev.xnet-x.net\/ca\/\",\"logo\":{\"@type\":\"ImageObject\",\"inLanguage\":\"ca-ES\",\"@id\":\"https:\/\/dev.xnet-x.net\/ca\/#\/schema\/logo\/image\/\",\"url\":\"https:\/\/xnet-x.net\/img\/xnet-logo.png\",\"contentUrl\":\"https:\/\/xnet-x.net\/img\/xnet-logo.png\",\"width\":512,\"height\":512,\"caption\":\"Xnet - Internet, drets i democr\u00e0cia en l'era digital\"},\"image\":{\"@id\":\"https:\/\/dev.xnet-x.net\/ca\/#\/schema\/logo\/image\/\"},\"sameAs\":[\"http:\/\/facebook.com\/RedX.Net\/\",\"https:\/\/x.com\/x_net_\",\"https:\/\/es.wikipedia.org\/wiki\/Xnet\"]},{\"@type\":\"Person\",\"@id\":\"https:\/\/dev.xnet-x.net\/es\/#\/schema\/person\/919c7ab500254f012b3e8975a5cf2bc3\",\"name\":\"Xnet\",\"image\":{\"@type\":\"ImageObject\",\"inLanguage\":\"ca-ES\",\"@id\":\"https:\/\/dev.xnet-x.net\/ca\/#\/schema\/person\/image\/\",\"url\":\"https:\/\/secure.gravatar.com\/avatar\/8b8563db88d55a25627c485761032c68d19ec6fbca59b20305af9bd0e10cb624?s=96&d=mm&r=g\",\"contentUrl\":\"https:\/\/secure.gravatar.com\/avatar\/8b8563db88d55a25627c485761032c68d19ec6fbca59b20305af9bd0e10cb624?s=96&d=mm&r=g\",\"caption\":\"Xnet\"}}]}<\/script>\n<!-- \/ Yoast SEO plugin. -->","yoast_head_json":{"title":"NO A LA LEY BIDEN-SINDE","description":"Un intrincado andamiaje legal para apuntalar que La propiedad intelectual est\u00e1 por encima de los derechos fundamentales de los ciudadanos.","robots":{"index":"index","follow":"follow","max-snippet":"max-snippet:-1","max-image-preview":"max-image-preview:large","max-video-preview":"max-video-preview:-1"},"canonical":"https:\/\/dev.xnet-x.net\/ca\/no-a-la-ley-biden-sinde\/","twitter_misc":{"Written by":"Xnet","Est. reading time":"2 minutes"},"schema":{"@context":"https:\/\/schema.org","@graph":[{"@type":"Article","@id":"https:\/\/dev.xnet-x.net\/ca\/no-a-la-ley-biden-sinde\/#article","isPartOf":{"@id":"https:\/\/dev.xnet-x.net\/ca\/no-a-la-ley-biden-sinde\/"},"author":{"name":"Xnet","@id":"https:\/\/dev.xnet-x.net\/es\/#\/schema\/person\/919c7ab500254f012b3e8975a5cf2bc3"},"headline":"SINDEcoro, SINDEcencia, SINDEbate, SINDErecho, SINDEmocracia. NO A LA LLEI BIDEN-SINDE","datePublished":"2011-02-01T13:32:08+00:00","dateModified":"2025-05-16T08:35:55+00:00","mainEntityOfPage":{"@id":"https:\/\/dev.xnet-x.net\/ca\/no-a-la-ley-biden-sinde\/"},"wordCount":804,"publisher":{"@id":"https:\/\/dev.xnet-x.net\/es\/#organization"},"image":{"@id":"https:\/\/dev.xnet-x.net\/ca\/no-a-la-ley-biden-sinde\/#primaryimage"},"thumbnailUrl":"https:\/\/dev.xnet-x.net\/img\/120px-Pin_badge1.png","articleSection":["Blog - Les nostres accions"],"inLanguage":"ca-ES"},{"@type":"WebPage","@id":"https:\/\/dev.xnet-x.net\/ca\/no-a-la-ley-biden-sinde\/","url":"https:\/\/dev.xnet-x.net\/ca\/no-a-la-ley-biden-sinde\/","name":"NO A LA LEY BIDEN-SINDE","isPartOf":{"@id":"https:\/\/dev.xnet-x.net\/ca\/#website"},"primaryImageOfPage":{"@id":"https:\/\/dev.xnet-x.net\/ca\/no-a-la-ley-biden-sinde\/#primaryimage"},"image":{"@id":"https:\/\/dev.xnet-x.net\/ca\/no-a-la-ley-biden-sinde\/#primaryimage"},"thumbnailUrl":"https:\/\/dev.xnet-x.net\/img\/120px-Pin_badge1.png","datePublished":"2011-02-01T13:32:08+00:00","dateModified":"2025-05-16T08:35:55+00:00","description":"Un intrincado andamiaje legal para apuntalar que La propiedad intelectual est\u00e1 por encima de los derechos fundamentales de los ciudadanos.","breadcrumb":{"@id":"https:\/\/dev.xnet-x.net\/ca\/no-a-la-ley-biden-sinde\/#breadcrumb"},"inLanguage":"ca-ES","potentialAction":[{"@type":"ReadAction","target":[["https:\/\/dev.xnet-x.net\/ca\/no-a-la-ley-biden-sinde\/"]]}]},{"@type":"ImageObject","inLanguage":"ca-ES","@id":"https:\/\/dev.xnet-x.net\/ca\/no-a-la-ley-biden-sinde\/#primaryimage","url":"https:\/\/dev.xnet-x.net\/img\/120px-Pin_badge1.png","contentUrl":"https:\/\/dev.xnet-x.net\/img\/120px-Pin_badge1.png","width":120,"height":120,"caption":"No les votes"},{"@type":"BreadcrumbList","@id":"https:\/\/dev.xnet-x.net\/ca\/no-a-la-ley-biden-sinde\/#breadcrumb","itemListElement":[{"@type":"ListItem","position":1,"name":"Portada","item":"https:\/\/dev.xnet-x.net\/ca\/"},{"@type":"ListItem","position":2,"name":"SINDEcoro, SINDEcencia, SINDEbate, SINDErecho, SINDEmocracia. NO A LA LLEI BIDEN-SINDE"}]},{"@type":"WebSite","@id":"https:\/\/dev.xnet-x.net\/ca\/#website","url":"https:\/\/dev.xnet-x.net\/ca\/","name":"[:es]Xnet - Internet, derechos y democracia en la era digital[:ca]Xnet - Internet, drets i democr\u00e0cia en l'era digital[:en]Xnet - Internet freedoms & digital rights[:]","description":"Xnet: Internet, informaci\u00f3 i cultura lliures. Tecnopol\u00edtica. Dades, algoritmes i drets digitals. Llibertat d&#039;expressi\u00f3. Democr\u00e0cia i anticorrupci\u00f3","publisher":{"@id":"https:\/\/dev.xnet-x.net\/ca\/#organization"},"potentialAction":[{"@type":"SearchAction","target":{"@type":"EntryPoint","urlTemplate":"https:\/\/dev.xnet-x.net\/ca\/?s={search_term_string}"},"query-input":{"@type":"PropertyValueSpecification","valueRequired":true,"valueName":"search_term_string"}}],"inLanguage":"ca-ES"},{"@type":"Organization","@id":"https:\/\/dev.xnet-x.net\/ca\/#organization","name":"Xnet - Internet, drets i democr\u00e0cia en l'era digital","url":"https:\/\/dev.xnet-x.net\/ca\/","logo":{"@type":"ImageObject","inLanguage":"ca-ES","@id":"https:\/\/dev.xnet-x.net\/ca\/#\/schema\/logo\/image\/","url":"https:\/\/xnet-x.net\/img\/xnet-logo.png","contentUrl":"https:\/\/xnet-x.net\/img\/xnet-logo.png","width":512,"height":512,"caption":"Xnet - Internet, drets i democr\u00e0cia en l'era digital"},"image":{"@id":"https:\/\/dev.xnet-x.net\/ca\/#\/schema\/logo\/image\/"},"sameAs":["http:\/\/facebook.com\/RedX.Net\/","https:\/\/x.com\/x_net_","https:\/\/es.wikipedia.org\/wiki\/Xnet"]},{"@type":"Person","@id":"https:\/\/dev.xnet-x.net\/es\/#\/schema\/person\/919c7ab500254f012b3e8975a5cf2bc3","name":"Xnet","image":{"@type":"ImageObject","inLanguage":"ca-ES","@id":"https:\/\/dev.xnet-x.net\/ca\/#\/schema\/person\/image\/","url":"https:\/\/secure.gravatar.com\/avatar\/8b8563db88d55a25627c485761032c68d19ec6fbca59b20305af9bd0e10cb624?s=96&d=mm&r=g","contentUrl":"https:\/\/secure.gravatar.com\/avatar\/8b8563db88d55a25627c485761032c68d19ec6fbca59b20305af9bd0e10cb624?s=96&d=mm&r=g","caption":"Xnet"}}]}},"_links":{"self":[{"href":"https:\/\/dev.xnet-x.net\/ca\/wp-json\/wp\/v2\/posts\/2785","targetHints":{"allow":["GET"]}}],"collection":[{"href":"https:\/\/dev.xnet-x.net\/ca\/wp-json\/wp\/v2\/posts"}],"about":[{"href":"https:\/\/dev.xnet-x.net\/ca\/wp-json\/wp\/v2\/types\/post"}],"author":[{"embeddable":true,"href":"https:\/\/dev.xnet-x.net\/ca\/wp-json\/wp\/v2\/users\/5"}],"replies":[{"embeddable":true,"href":"https:\/\/dev.xnet-x.net\/ca\/wp-json\/wp\/v2\/comments?post=2785"}],"version-history":[{"count":6,"href":"https:\/\/dev.xnet-x.net\/ca\/wp-json\/wp\/v2\/posts\/2785\/revisions"}],"predecessor-version":[{"id":10437,"href":"https:\/\/dev.xnet-x.net\/ca\/wp-json\/wp\/v2\/posts\/2785\/revisions\/10437"}],"wp:featuredmedia":[{"embeddable":true,"href":"https:\/\/dev.xnet-x.net\/ca\/wp-json\/wp\/v2\/media\/5531"}],"wp:attachment":[{"href":"https:\/\/dev.xnet-x.net\/ca\/wp-json\/wp\/v2\/media?parent=2785"}],"wp:term":[{"taxonomy":"category","embeddable":true,"href":"https:\/\/dev.xnet-x.net\/ca\/wp-json\/wp\/v2\/categories?post=2785"},{"taxonomy":"post_tag","embeddable":true,"href":"https:\/\/dev.xnet-x.net\/ca\/wp-json\/wp\/v2\/tags?post=2785"}],"curies":[{"name":"wp","href":"https:\/\/api.w.org\/{rel}","templated":true}]}}