{"id":26865,"date":"2024-04-24T19:59:05","date_gmt":"2024-04-24T17:59:05","guid":{"rendered":"https:\/\/xnet-x.net\/es\/?p=26865"},"modified":"2024-04-24T19:59:05","modified_gmt":"2024-04-24T17:59:05","slug":"ca-xnet-signa-un-acord-amb-la-generalitat-de-catalunya-i-lajuntament-de-barcelona-per-continuar-el-desenvolupament-i-desplegament-de-la-suite-educativa-dd-digital-democratic","status":"publish","type":"post","link":"https:\/\/dev.xnet-x.net\/ca\/xnet-acord-generalitat-ajuntament-suite-educativa-dd-digital-democratic\/","title":{"rendered":"Xnet signa un acord amb la Generalitat de Catalunya i l&#8217;Ajuntament de Barcelona per continuar el desenvolupament i desplegament de la suite educativa DD (Digital Democr\u00e0tic)"},"content":{"rendered":"<p>La <strong>Generalitat de Catalunya -a trav\u00e9s del Departament d&#8217;Educaci\u00f3 i el Departament d&#8217;Empresa i Treball-, l\u2019Ajuntament de Barcelona i Xnet<\/strong> signen un acord per generar i promoure prototips tecnol\u00f2gics  basats en l\u2019experi\u00e8ncia de la <strong>suite educativa DD, una experi\u00e8ncia pionera en la digitalitzaci\u00f3 dels centres educatius de la qual Xnet i l\u2019Ajuntament ja estan duent a terme un pilot des de 2021.<\/strong><\/p>\n<p>Impulsada per Xnet i un grup de fam\u00edlies promotores, <strong>DD \u00e9s una plataforma educativa integral en codi p\u00fablic, auditable i interoperable<\/strong> que integra diferents programes de software lliure i servidors segurs i que <strong>s\u2019ha implementat en forma de pilot a deu centres d\u2019educaci\u00f3 prim\u00e0ria i secund\u00e0ria de la ciutat de Barcelona des de 2021<\/strong> (cursos 2021-22, 2022-23), gr\u00e0cies al qual s\u2019est\u00e0 testejar i perfeccionar el seu funcionament en els entorns reals de les comunitats educatives.<\/p>\n<p>L&#8217;objectiu del present acord \u00e9s establir un marc de col\u00b7laboraci\u00f3 entre les tres entitats perqu\u00e8 els centres educatius del sistema educatiu catal\u00e0 disposin, a mitj\u00e0 termini, d\u2019una soluci\u00f3 completa al n\u00favol, basada en productes de programari lliure i que ofereixi a la comunitat educativa una experi\u00e8ncia integrada amb els sistemes actuals del Departament d\u2019Educaci\u00f3.<\/p>\n<p>En una primera fase, s\u2019adaptaran els desenvolupaments fets durant el pla pilot per adequar-los als est\u00e0ndars de qualitat, de seguretat i d\u2019interoperabilitat de la Generalitat de Catalunya i, en una segona fase, es far\u00e0 <strong>extensiu a una cinquantenta de centres per tot el territori catal\u00e0<\/strong>.<\/p>\n<p>Aix\u00ed mateix, l&#8217;acord contempla la creaci\u00f3 de dues comissions mixtes, una encarregada dels <strong>aspectes de desenvolupament tecnol\u00f2gic i legals<\/strong>, i una altra centrada en els aspectes de <strong>promoci\u00f3 i governan\u00e7a formada<\/strong> (planificaci\u00f3 d\u2019accions conjuntes, resoluci\u00f3 de dubtes d&#8217;interpretaci\u00f3, seguiment dels objectius establerts).<\/p>\n<p><strong>DD neix per iniciativa d\u2019Xnet<\/strong> amb l&#8217;objectiu d&#8217;oferir <strong>una alternativa en codi obert i p\u00fablic a les eines dels grans gegants tecnol\u00f2gics<\/strong> m\u00e9s utilitzades en l&#8217;actualitat en l\u2019\u00e0mbit educatiu, per tal d\u2019<strong>afavorir una digitalitzaci\u00f3 de l&#8217;educaci\u00f3 que posi l&#8217;accent en la sobirania de les dades de les persones, la interoperabilitat i els drets digitals del conjunt de la comunitat educativa<\/strong> (alumnes, professors i fam\u00edlies), en resposta a la creient adopci\u00f3 de solucions privatives hostatjades per les grans corporacions tecnol\u00f2giques.<\/p>\n<p>Altres objectius de l\u2019acord s\u00f3n: col\u00b7laborar per a l\u2019<strong>aven\u00e7 de solucions tecnol\u00f2giques de codi obert<\/strong>; integrar els diferents serveis a l&#8217;arquitectura tecnol\u00f2gica i servidors del Departament d&#8217;Educaci\u00f3 garantint <strong>la seguretat, la protecci\u00f3 de les dades que s&#8217;hi emmagatzemen i la facilitat d\u2019\u00fas per part dels centres<\/strong>; vetllar perqu\u00e8 les licitacions que promoguin les administracions signants per desplegar aquest projecte incloguin <strong>criteris \u00e8tics i de respecte dels drets humans<\/strong>, i pel que fa als par\u00e0metres de contractaci\u00f3 dels entorns i servidors, que incloguin <strong>els m\u00e9s alts est\u00e0ndards internacionals de privacitat, drets i seguretat<\/strong>, o la promoci\u00f3 del projecte -i en general de les eines ofertes pel Departament d&#8217;Educaci\u00f3- per a la seva <strong>projecci\u00f3 internacional, amb la voluntat que es pugui replicar en altres contextos<\/strong>.<br \/>\n&nbsp;<\/p>\n<p><a href=\"https:\/\/xnet.maadix.org\/nextcloud\/index.php\/s\/fDQjFre3MNcJa3r\" rel=\"noopener\" target=\"_blank\">Acord amb la Generalitat de Catalunya i l&#8217;Ajuntament de Barcelona per continuar el desenvolupament i desplegament de la suite educativa DD (Digital Democr\u00e0tic)<\/a>.<br \/>\n&nbsp;<\/p>\n<p><\/p>","protected":false},"excerpt":{"rendered":"<p>La Generalitat de Catalunya -a trav\u00e9s del Departament d&#8217;Educaci\u00f3 i el Departament d&#8217;Empresa i Treball-, l\u2019Ajuntament de Barcelona i Xnet signen un acord per generar i promoure prototips tecnol\u00f2gics basats en l\u2019experi\u00e8ncia de la suite educativa DD, una experi\u00e8ncia pionera en la digitalitzaci\u00f3 dels centres educatius de la qual Xnet i l\u2019Ajuntament ja estan duent [&hellip;]<\/p>\n","protected":false},"author":15,"featured_media":24457,"comment_status":"closed","ping_status":"closed","sticky":false,"template":"","format":"standard","meta":{"footnotes":""},"categories":[52],"tags":[],"class_list":["post-26865","post","type-post","status-publish","format-standard","has-post-thumbnail","hentry","category-blog","ejes-neutralidad-de-la-red"],"yoast_head":"<!-- This site is optimized with the Yoast SEO plugin v26.7 - https:\/\/yoast.com\/wordpress\/plugins\/seo\/ -->\n<title>Acord pel desenvolupament de la suite educativa DD a Catalunya<\/title>\n<meta name=\"description\" content=\"Xnet signa un acord amb la Generalitat i l&#039;Ajuntament de Bcn pel desenvolupament i desplegament de la suite educativa DD (Digital Democr\u00e0tic)\" \/>\n<meta name=\"robots\" content=\"index, follow, max-snippet:-1, max-image-preview:large, max-video-preview:-1\" \/>\n<link rel=\"canonical\" href=\"https:\/\/dev.xnet-x.net\/ca\/xnet-acord-generalitat-ajuntament-suite-educativa-dd-digital-democratic\/\" \/>\n<meta name=\"twitter:label1\" content=\"Written by\" \/>\n\t<meta name=\"twitter:data1\" content=\"Xnet\" \/>\n\t<meta name=\"twitter:label2\" content=\"Est. reading time\" \/>\n\t<meta name=\"twitter:data2\" content=\"1 minute\" \/>\n<script type=\"application\/ld+json\" class=\"yoast-schema-graph\">{\"@context\":\"https:\/\/schema.org\",\"@graph\":[{\"@type\":\"Article\",\"@id\":\"https:\/\/dev.xnet-x.net\/ca\/xnet-acord-generalitat-ajuntament-suite-educativa-dd-digital-democratic\/#article\",\"isPartOf\":{\"@id\":\"https:\/\/dev.xnet-x.net\/ca\/xnet-acord-generalitat-ajuntament-suite-educativa-dd-digital-democratic\/\"},\"author\":{\"name\":\"Xnet\",\"@id\":\"https:\/\/dev.xnet-x.net\/es\/#\/schema\/person\/02880890b95968f2b3bd4cfd79843d49\"},\"headline\":\"Xnet signa un acord amb la Generalitat de Catalunya i l&#8217;Ajuntament de Barcelona per continuar el desenvolupament i desplegament de la suite educativa DD (Digital Democr\u00e0tic)\",\"datePublished\":\"2024-04-24T17:59:05+00:00\",\"mainEntityOfPage\":{\"@id\":\"https:\/\/dev.xnet-x.net\/ca\/xnet-acord-generalitat-ajuntament-suite-educativa-dd-digital-democratic\/\"},\"wordCount\":594,\"publisher\":{\"@id\":\"https:\/\/dev.xnet-x.net\/es\/#organization\"},\"image\":{\"@id\":\"https:\/\/dev.xnet-x.net\/ca\/xnet-acord-generalitat-ajuntament-suite-educativa-dd-digital-democratic\/#primaryimage\"},\"thumbnailUrl\":\"https:\/\/dev.xnet-x.net\/img\/dd-presentacio-1.png\",\"articleSection\":[\"Blog - Les nostres accions\"],\"inLanguage\":\"ca-ES\"},{\"@type\":\"WebPage\",\"@id\":\"https:\/\/dev.xnet-x.net\/ca\/xnet-acord-generalitat-ajuntament-suite-educativa-dd-digital-democratic\/\",\"url\":\"https:\/\/dev.xnet-x.net\/ca\/xnet-acord-generalitat-ajuntament-suite-educativa-dd-digital-democratic\/\",\"name\":\"Acord pel desenvolupament de la suite educativa DD a Catalunya\",\"isPartOf\":{\"@id\":\"https:\/\/dev.xnet-x.net\/ca\/#website\"},\"primaryImageOfPage\":{\"@id\":\"https:\/\/dev.xnet-x.net\/ca\/xnet-acord-generalitat-ajuntament-suite-educativa-dd-digital-democratic\/#primaryimage\"},\"image\":{\"@id\":\"https:\/\/dev.xnet-x.net\/ca\/xnet-acord-generalitat-ajuntament-suite-educativa-dd-digital-democratic\/#primaryimage\"},\"thumbnailUrl\":\"https:\/\/dev.xnet-x.net\/img\/dd-presentacio-1.png\",\"datePublished\":\"2024-04-24T17:59:05+00:00\",\"description\":\"Xnet signa un acord amb la Generalitat i l'Ajuntament de Bcn pel desenvolupament i desplegament de la suite educativa DD (Digital Democr\u00e0tic)\",\"breadcrumb\":{\"@id\":\"https:\/\/dev.xnet-x.net\/ca\/xnet-acord-generalitat-ajuntament-suite-educativa-dd-digital-democratic\/#breadcrumb\"},\"inLanguage\":\"ca-ES\",\"potentialAction\":[{\"@type\":\"ReadAction\",\"target\":[[\"https:\/\/dev.xnet-x.net\/ca\/xnet-acord-generalitat-ajuntament-suite-educativa-dd-digital-democratic\/\"]]}]},{\"@type\":\"ImageObject\",\"inLanguage\":\"ca-ES\",\"@id\":\"https:\/\/dev.xnet-x.net\/ca\/xnet-acord-generalitat-ajuntament-suite-educativa-dd-digital-democratic\/#primaryimage\",\"url\":\"https:\/\/dev.xnet-x.net\/img\/dd-presentacio-1.png\",\"contentUrl\":\"https:\/\/dev.xnet-x.net\/img\/dd-presentacio-1.png\",\"width\":838,\"height\":420},{\"@type\":\"BreadcrumbList\",\"@id\":\"https:\/\/dev.xnet-x.net\/ca\/xnet-acord-generalitat-ajuntament-suite-educativa-dd-digital-democratic\/#breadcrumb\",\"itemListElement\":[{\"@type\":\"ListItem\",\"position\":1,\"name\":\"Portada\",\"item\":\"https:\/\/dev.xnet-x.net\/ca\/\"},{\"@type\":\"ListItem\",\"position\":2,\"name\":\"Xnet signa un acord amb la Generalitat de Catalunya i l&#8217;Ajuntament de Barcelona per continuar el desenvolupament i desplegament de la suite educativa DD (Digital Democr\u00e0tic)\"}]},{\"@type\":\"WebSite\",\"@id\":\"https:\/\/dev.xnet-x.net\/ca\/#website\",\"url\":\"https:\/\/dev.xnet-x.net\/ca\/\",\"name\":\"[:es]Xnet - Internet, derechos y democracia en la era digital[:ca]Xnet - Internet, drets i democr\u00e0cia en l'era digital[:en]Xnet - Internet freedoms & digital rights[:]\",\"description\":\"Xnet: Internet, informaci\u00f3 i cultura lliures. Tecnopol\u00edtica. Dades, algoritmes i drets digitals. Llibertat d&#039;expressi\u00f3. Democr\u00e0cia i anticorrupci\u00f3\",\"publisher\":{\"@id\":\"https:\/\/dev.xnet-x.net\/ca\/#organization\"},\"potentialAction\":[{\"@type\":\"SearchAction\",\"target\":{\"@type\":\"EntryPoint\",\"urlTemplate\":\"https:\/\/dev.xnet-x.net\/ca\/?s={search_term_string}\"},\"query-input\":{\"@type\":\"PropertyValueSpecification\",\"valueRequired\":true,\"valueName\":\"search_term_string\"}}],\"inLanguage\":\"ca-ES\"},{\"@type\":\"Organization\",\"@id\":\"https:\/\/dev.xnet-x.net\/ca\/#organization\",\"name\":\"Xnet - Internet, drets i democr\u00e0cia en l'era digital\",\"url\":\"https:\/\/dev.xnet-x.net\/ca\/\",\"logo\":{\"@type\":\"ImageObject\",\"inLanguage\":\"ca-ES\",\"@id\":\"https:\/\/dev.xnet-x.net\/ca\/#\/schema\/logo\/image\/\",\"url\":\"https:\/\/xnet-x.net\/img\/xnet-logo.png\",\"contentUrl\":\"https:\/\/xnet-x.net\/img\/xnet-logo.png\",\"width\":512,\"height\":512,\"caption\":\"Xnet - Internet, drets i democr\u00e0cia en l'era digital\"},\"image\":{\"@id\":\"https:\/\/dev.xnet-x.net\/ca\/#\/schema\/logo\/image\/\"},\"sameAs\":[\"http:\/\/facebook.com\/RedX.Net\/\",\"https:\/\/x.com\/x_net_\",\"https:\/\/es.wikipedia.org\/wiki\/Xnet\"]},{\"@type\":\"Person\",\"@id\":\"https:\/\/dev.xnet-x.net\/es\/#\/schema\/person\/02880890b95968f2b3bd4cfd79843d49\",\"name\":\"Xnet\",\"image\":{\"@type\":\"ImageObject\",\"inLanguage\":\"ca-ES\",\"@id\":\"https:\/\/dev.xnet-x.net\/ca\/#\/schema\/person\/image\/\",\"url\":\"https:\/\/secure.gravatar.com\/avatar\/41a61c327d24125228571dadd14748b0afd881e633e6e61518dacc4fef53cc93?s=96&d=mm&r=g\",\"contentUrl\":\"https:\/\/secure.gravatar.com\/avatar\/41a61c327d24125228571dadd14748b0afd881e633e6e61518dacc4fef53cc93?s=96&d=mm&r=g\",\"caption\":\"Xnet\"}}]}<\/script>\n<!-- \/ Yoast SEO plugin. -->","yoast_head_json":{"title":"Acord pel desenvolupament de la suite educativa DD a Catalunya","description":"Xnet signa un acord amb la Generalitat i l'Ajuntament de Bcn pel desenvolupament i desplegament de la suite educativa DD (Digital Democr\u00e0tic)","robots":{"index":"index","follow":"follow","max-snippet":"max-snippet:-1","max-image-preview":"max-image-preview:large","max-video-preview":"max-video-preview:-1"},"canonical":"https:\/\/dev.xnet-x.net\/ca\/xnet-acord-generalitat-ajuntament-suite-educativa-dd-digital-democratic\/","twitter_misc":{"Written by":"Xnet","Est. reading time":"1 minute"},"schema":{"@context":"https:\/\/schema.org","@graph":[{"@type":"Article","@id":"https:\/\/dev.xnet-x.net\/ca\/xnet-acord-generalitat-ajuntament-suite-educativa-dd-digital-democratic\/#article","isPartOf":{"@id":"https:\/\/dev.xnet-x.net\/ca\/xnet-acord-generalitat-ajuntament-suite-educativa-dd-digital-democratic\/"},"author":{"name":"Xnet","@id":"https:\/\/dev.xnet-x.net\/es\/#\/schema\/person\/02880890b95968f2b3bd4cfd79843d49"},"headline":"Xnet signa un acord amb la Generalitat de Catalunya i l&#8217;Ajuntament de Barcelona per continuar el desenvolupament i desplegament de la suite educativa DD (Digital Democr\u00e0tic)","datePublished":"2024-04-24T17:59:05+00:00","mainEntityOfPage":{"@id":"https:\/\/dev.xnet-x.net\/ca\/xnet-acord-generalitat-ajuntament-suite-educativa-dd-digital-democratic\/"},"wordCount":594,"publisher":{"@id":"https:\/\/dev.xnet-x.net\/es\/#organization"},"image":{"@id":"https:\/\/dev.xnet-x.net\/ca\/xnet-acord-generalitat-ajuntament-suite-educativa-dd-digital-democratic\/#primaryimage"},"thumbnailUrl":"https:\/\/dev.xnet-x.net\/img\/dd-presentacio-1.png","articleSection":["Blog - Les nostres accions"],"inLanguage":"ca-ES"},{"@type":"WebPage","@id":"https:\/\/dev.xnet-x.net\/ca\/xnet-acord-generalitat-ajuntament-suite-educativa-dd-digital-democratic\/","url":"https:\/\/dev.xnet-x.net\/ca\/xnet-acord-generalitat-ajuntament-suite-educativa-dd-digital-democratic\/","name":"Acord pel desenvolupament de la suite educativa DD a Catalunya","isPartOf":{"@id":"https:\/\/dev.xnet-x.net\/ca\/#website"},"primaryImageOfPage":{"@id":"https:\/\/dev.xnet-x.net\/ca\/xnet-acord-generalitat-ajuntament-suite-educativa-dd-digital-democratic\/#primaryimage"},"image":{"@id":"https:\/\/dev.xnet-x.net\/ca\/xnet-acord-generalitat-ajuntament-suite-educativa-dd-digital-democratic\/#primaryimage"},"thumbnailUrl":"https:\/\/dev.xnet-x.net\/img\/dd-presentacio-1.png","datePublished":"2024-04-24T17:59:05+00:00","description":"Xnet signa un acord amb la Generalitat i l'Ajuntament de Bcn pel desenvolupament i desplegament de la suite educativa DD (Digital Democr\u00e0tic)","breadcrumb":{"@id":"https:\/\/dev.xnet-x.net\/ca\/xnet-acord-generalitat-ajuntament-suite-educativa-dd-digital-democratic\/#breadcrumb"},"inLanguage":"ca-ES","potentialAction":[{"@type":"ReadAction","target":[["https:\/\/dev.xnet-x.net\/ca\/xnet-acord-generalitat-ajuntament-suite-educativa-dd-digital-democratic\/"]]}]},{"@type":"ImageObject","inLanguage":"ca-ES","@id":"https:\/\/dev.xnet-x.net\/ca\/xnet-acord-generalitat-ajuntament-suite-educativa-dd-digital-democratic\/#primaryimage","url":"https:\/\/dev.xnet-x.net\/img\/dd-presentacio-1.png","contentUrl":"https:\/\/dev.xnet-x.net\/img\/dd-presentacio-1.png","width":838,"height":420},{"@type":"BreadcrumbList","@id":"https:\/\/dev.xnet-x.net\/ca\/xnet-acord-generalitat-ajuntament-suite-educativa-dd-digital-democratic\/#breadcrumb","itemListElement":[{"@type":"ListItem","position":1,"name":"Portada","item":"https:\/\/dev.xnet-x.net\/ca\/"},{"@type":"ListItem","position":2,"name":"Xnet signa un acord amb la Generalitat de Catalunya i l&#8217;Ajuntament de Barcelona per continuar el desenvolupament i desplegament de la suite educativa DD (Digital Democr\u00e0tic)"}]},{"@type":"WebSite","@id":"https:\/\/dev.xnet-x.net\/ca\/#website","url":"https:\/\/dev.xnet-x.net\/ca\/","name":"[:es]Xnet - Internet, derechos y democracia en la era digital[:ca]Xnet - Internet, drets i democr\u00e0cia en l'era digital[:en]Xnet - Internet freedoms & digital rights[:]","description":"Xnet: Internet, informaci\u00f3 i cultura lliures. Tecnopol\u00edtica. Dades, algoritmes i drets digitals. Llibertat d&#039;expressi\u00f3. Democr\u00e0cia i anticorrupci\u00f3","publisher":{"@id":"https:\/\/dev.xnet-x.net\/ca\/#organization"},"potentialAction":[{"@type":"SearchAction","target":{"@type":"EntryPoint","urlTemplate":"https:\/\/dev.xnet-x.net\/ca\/?s={search_term_string}"},"query-input":{"@type":"PropertyValueSpecification","valueRequired":true,"valueName":"search_term_string"}}],"inLanguage":"ca-ES"},{"@type":"Organization","@id":"https:\/\/dev.xnet-x.net\/ca\/#organization","name":"Xnet - Internet, drets i democr\u00e0cia en l'era digital","url":"https:\/\/dev.xnet-x.net\/ca\/","logo":{"@type":"ImageObject","inLanguage":"ca-ES","@id":"https:\/\/dev.xnet-x.net\/ca\/#\/schema\/logo\/image\/","url":"https:\/\/xnet-x.net\/img\/xnet-logo.png","contentUrl":"https:\/\/xnet-x.net\/img\/xnet-logo.png","width":512,"height":512,"caption":"Xnet - Internet, drets i democr\u00e0cia en l'era digital"},"image":{"@id":"https:\/\/dev.xnet-x.net\/ca\/#\/schema\/logo\/image\/"},"sameAs":["http:\/\/facebook.com\/RedX.Net\/","https:\/\/x.com\/x_net_","https:\/\/es.wikipedia.org\/wiki\/Xnet"]},{"@type":"Person","@id":"https:\/\/dev.xnet-x.net\/es\/#\/schema\/person\/02880890b95968f2b3bd4cfd79843d49","name":"Xnet","image":{"@type":"ImageObject","inLanguage":"ca-ES","@id":"https:\/\/dev.xnet-x.net\/ca\/#\/schema\/person\/image\/","url":"https:\/\/secure.gravatar.com\/avatar\/41a61c327d24125228571dadd14748b0afd881e633e6e61518dacc4fef53cc93?s=96&d=mm&r=g","contentUrl":"https:\/\/secure.gravatar.com\/avatar\/41a61c327d24125228571dadd14748b0afd881e633e6e61518dacc4fef53cc93?s=96&d=mm&r=g","caption":"Xnet"}}]}},"_links":{"self":[{"href":"https:\/\/dev.xnet-x.net\/ca\/wp-json\/wp\/v2\/posts\/26865","targetHints":{"allow":["GET"]}}],"collection":[{"href":"https:\/\/dev.xnet-x.net\/ca\/wp-json\/wp\/v2\/posts"}],"about":[{"href":"https:\/\/dev.xnet-x.net\/ca\/wp-json\/wp\/v2\/types\/post"}],"author":[{"embeddable":true,"href":"https:\/\/dev.xnet-x.net\/ca\/wp-json\/wp\/v2\/users\/15"}],"replies":[{"embeddable":true,"href":"https:\/\/dev.xnet-x.net\/ca\/wp-json\/wp\/v2\/comments?post=26865"}],"version-history":[{"count":11,"href":"https:\/\/dev.xnet-x.net\/ca\/wp-json\/wp\/v2\/posts\/26865\/revisions"}],"predecessor-version":[{"id":26876,"href":"https:\/\/dev.xnet-x.net\/ca\/wp-json\/wp\/v2\/posts\/26865\/revisions\/26876"}],"wp:featuredmedia":[{"embeddable":true,"href":"https:\/\/dev.xnet-x.net\/ca\/wp-json\/wp\/v2\/media\/24457"}],"wp:attachment":[{"href":"https:\/\/dev.xnet-x.net\/ca\/wp-json\/wp\/v2\/media?parent=26865"}],"wp:term":[{"taxonomy":"category","embeddable":true,"href":"https:\/\/dev.xnet-x.net\/ca\/wp-json\/wp\/v2\/categories?post=26865"},{"taxonomy":"post_tag","embeddable":true,"href":"https:\/\/dev.xnet-x.net\/ca\/wp-json\/wp\/v2\/tags?post=26865"}],"curies":[{"name":"wp","href":"https:\/\/api.w.org\/{rel}","templated":true}]}}