{"id":25289,"date":"2023-03-20T10:52:42","date_gmt":"2023-03-20T08:52:42","guid":{"rendered":"https:\/\/xnet-x.net\/es\/?p=25289"},"modified":"2024-10-15T16:08:20","modified_gmt":"2024-10-15T14:08:20","slug":"ca-acte-de-reconeixement-als-centres-educatius-co-creadors-de-la-nostra-plataforma-dd-digitalitzacio-democratica-de-leducacio","status":"publish","type":"post","link":"https:\/\/dev.xnet-x.net\/ca\/reconeixement-centres-educatius-plataforma-dd-digitalitzacio-democratica-educacio\/","title":{"rendered":"Acte de reconeixement a l&#8217;Ajuntament de Barcelona als centres educatius co-creadors de la nostra plataforma DD"},"content":{"rendered":"<p>Xnet i l\u2019Ajuntament de Barcelona volen fer un agra\u00efment als centres educatius que estan col\u00b7laborant estretament en la nova Suite educativa DD (Digitalitzaci\u00f3 Democr\u00e0tica)  creada en el marc del Pla de Digitalitzaci\u00f3 Democr\u00e0tica dels Centres Educatius dissenyat i liderat per Xnet i un grup de fam\u00edlies promotores i que compta amb el suport\u00a0 de l&#8217;Ajuntament de Barcelona, del Consorci d&#8217;Educaci\u00f3 de Barcelona i de les <strong>Associacions Federades de Fam\u00edlies d&#8217;Alumnes de Catalunya (Affac)<\/strong>.<\/p>\n<p>DD \u00e9s un projecte pioner de digitalitzaci\u00f3 dels centres educatius que busca oferir\u00a0<strong>una alternativa en codi<\/strong> p\u00fablic\u00a0als instruments actualment majorment utilitzats en aquest \u00e0mbit que ofereixen les Big Tech per tal d\u2019<strong>afavorir una digitalitzaci\u00f3 dels centres educatius que respecti la sobirania de dades i els drets digitals de l&#8217;alumnat, professorat i fam\u00edlies<\/strong>. Posa l&#8217;accent en la sobirania de les dades de les persones, la interoperabilitat i els drets digitals del conjunt de la comunitat educativa.<br \/>\nEls centres educatius han estat utilitzant DD com a plataforma d\u2019educaci\u00f3 online. Els equips docents d\u2019aquests centres han rebut formaci\u00f3 per a utilitzar la plataforma DD, i se\u2019ls ha acompanyat per tal de poder comen\u00e7ar la migraci\u00f3.<br \/>\nAix\u00f2 ha suposat un esfor\u00e7 pels equips docents que s\u2019ha reflectit en el feedback constant que han donat als desenvolupadors de l\u2019eina, gr\u00e0cies al qual la plataforma DD ha pogut millorar i avan\u00e7ar en el seu desenvolupament.<\/p>\n<p>Els centres educatius que estan participant en el pilot i on s\u2019ha testejat la plataforma DD son:<\/p>\n<p>Escola Baixeras, Escola Montseny, Escola Els Xiprers, Escola Heura, Escola Patronat Dom\u00e8nech, Escola Vila Ol\u00edmpica, Institut Caterina Albert, Institut FP Narc\u00eds Monturiol, Institut Maria Espinalt, Institut Pedralbes, CFA El Clot<\/p>\n<p>A l\u2019acte de reconeixement assisteixen:<br \/>\nMarc Serra, Regidor de Participaci\u00f3 i Drets de Ciutadania<br \/>\nPau Gonz\u00e0lez, Regidor d\u2019Educaci\u00f3<br \/>\nSimona Levi, coordinadora d&#8217;Xnet<br \/>\nRepresentats de les escoles i de les fam\u00edlies<\/p>\n<div style=\"margin: 20px auto; text-align:center\"><a href=\"https:\/\/beteve.cat\/societat\/11-escoles-instituts-demostren-fer-classe-sense-google\/\" target=\"_blank\" rel=\"noopener noreferrer\"><img decoding=\"async\" src=\"https:\/\/xnet-x.net\/img\/btv-escoles.png\" alt=\"\" width=\"75%\" height=\"\" class=\"aligncenter size-full wp-image-25302\" srcset=\"https:\/\/dev.xnet-x.net\/img\/btv-escoles.png 1361w, https:\/\/dev.xnet-x.net\/img\/btv-escoles-121x300.png 121w, https:\/\/dev.xnet-x.net\/img\/btv-escoles-414x1024.png 414w, https:\/\/dev.xnet-x.net\/img\/btv-escoles-768x1901.png 768w, https:\/\/dev.xnet-x.net\/img\/btv-escoles-621x1536.png 621w, https:\/\/dev.xnet-x.net\/img\/btv-escoles-827x2048.png 827w\" sizes=\"(max-width: 1361px) 100vw, 1361px\" \/><\/a><\/div>\n<p>\u00a0<br \/>\nInformaci\u00f3 relacionada:<br \/>\n<a href=\"https:\/\/xnet-x.net\/ca\/presentem-dd-eina-digitalitzacio-democratica-educacio\/\" rel=\"noopener\" target=\"_blank\">https:\/\/xnet-x.net\/ca\/presentem-dd-eina-digitalitzacio-democratica-educacio\/<\/a><\/p>\n<p>&nbsp;<\/p>","protected":false},"excerpt":{"rendered":"<p>Xnet i l\u2019Ajuntament de Barcelona volen fer un agra\u00efment als centres educatius que estan col\u00b7laborant estretament en la nova Suite educativa DD (Digitalitzaci\u00f3 Democr\u00e0tica) creada en el marc del Pla de Digitalitzaci\u00f3 Democr\u00e0tica dels Centres Educatius dissenyat i liderat per Xnet i un grup de fam\u00edlies promotores i que compta amb el suport\u00a0 de l&#8217;Ajuntament [&hellip;]<\/p>\n","protected":false},"author":15,"featured_media":25298,"comment_status":"closed","ping_status":"closed","sticky":false,"template":"","format":"standard","meta":{"footnotes":""},"categories":[52],"tags":[],"class_list":["post-25289","post","type-post","status-publish","format-standard","has-post-thumbnail","hentry","category-blog","ejes-cultura-libre","ejes-neutralidad-de-la-red"],"yoast_head":"<!-- This site is optimized with the Yoast SEO plugin v26.7 - https:\/\/yoast.com\/wordpress\/plugins\/seo\/ -->\n<title>Agra\u00efment als centres educatius col\u00b7laboradors de la Suite educativa DD<\/title>\n<meta name=\"description\" content=\"Acte de reconeixement als centres educatius co-creadors de la nostra plataforma DD\/Digitalitzaci\u00f3 Democr\u00e0tica de l&#039;Educaci\u00f3.\" \/>\n<meta name=\"robots\" content=\"index, follow, max-snippet:-1, max-image-preview:large, max-video-preview:-1\" \/>\n<link rel=\"canonical\" href=\"https:\/\/dev.xnet-x.net\/ca\/reconocimiento-centros-educativos-plataforma-dd-digitalizacion-democratica-educacion\/\" \/>\n<meta name=\"twitter:label1\" content=\"Written by\" \/>\n\t<meta name=\"twitter:data1\" content=\"Xnet\" \/>\n\t<meta name=\"twitter:label2\" content=\"Est. reading time\" \/>\n\t<meta name=\"twitter:data2\" content=\"2 minutes\" \/>\n<script type=\"application\/ld+json\" class=\"yoast-schema-graph\">{\"@context\":\"https:\/\/schema.org\",\"@graph\":[{\"@type\":\"Article\",\"@id\":\"https:\/\/dev.xnet-x.net\/es\/reconocimiento-centros-educativos-plataforma-dd-digitalizacion-democratica-educacion\/#article\",\"isPartOf\":{\"@id\":\"https:\/\/dev.xnet-x.net\/es\/reconocimiento-centros-educativos-plataforma-dd-digitalizacion-democratica-educacion\/\"},\"author\":{\"name\":\"Xnet\",\"@id\":\"https:\/\/dev.xnet-x.net\/es\/#\/schema\/person\/02880890b95968f2b3bd4cfd79843d49\"},\"headline\":\"Acte de reconeixement a l&#8217;Ajuntament de Barcelona als centres educatius co-creadors de la nostra plataforma DD\",\"datePublished\":\"2023-03-20T08:52:42+00:00\",\"dateModified\":\"2024-10-15T14:08:20+00:00\",\"mainEntityOfPage\":{\"@id\":\"https:\/\/dev.xnet-x.net\/es\/reconocimiento-centros-educativos-plataforma-dd-digitalizacion-democratica-educacion\/\"},\"wordCount\":722,\"publisher\":{\"@id\":\"https:\/\/dev.xnet-x.net\/es\/#organization\"},\"image\":{\"@id\":\"https:\/\/dev.xnet-x.net\/es\/reconocimiento-centros-educativos-plataforma-dd-digitalizacion-democratica-educacion\/#primaryimage\"},\"thumbnailUrl\":\"https:\/\/dev.xnet-x.net\/img\/reconeixement-dd.jpg\",\"articleSection\":[\"Blog - Les nostres accions\"],\"inLanguage\":\"ca-ES\"},{\"@type\":\"WebPage\",\"@id\":\"https:\/\/dev.xnet-x.net\/ca\/reconocimiento-centros-educativos-plataforma-dd-digitalizacion-democratica-educacion\/\",\"url\":\"https:\/\/dev.xnet-x.net\/ca\/reconocimiento-centros-educativos-plataforma-dd-digitalizacion-democratica-educacion\/\",\"name\":\"Agra\u00efment als centres educatius col\u00b7laboradors de la Suite educativa DD\",\"isPartOf\":{\"@id\":\"https:\/\/dev.xnet-x.net\/ca\/#website\"},\"primaryImageOfPage\":{\"@id\":\"https:\/\/dev.xnet-x.net\/ca\/reconocimiento-centros-educativos-plataforma-dd-digitalizacion-democratica-educacion\/#primaryimage\"},\"image\":{\"@id\":\"https:\/\/dev.xnet-x.net\/es\/reconocimiento-centros-educativos-plataforma-dd-digitalizacion-democratica-educacion\/#primaryimage\"},\"thumbnailUrl\":\"https:\/\/dev.xnet-x.net\/img\/reconeixement-dd.jpg\",\"datePublished\":\"2023-03-20T08:52:42+00:00\",\"dateModified\":\"2024-10-15T14:08:20+00:00\",\"description\":\"Acte de reconeixement als centres educatius co-creadors de la nostra plataforma DD\/Digitalitzaci\u00f3 Democr\u00e0tica de l'Educaci\u00f3.\",\"breadcrumb\":{\"@id\":\"https:\/\/dev.xnet-x.net\/ca\/reconocimiento-centros-educativos-plataforma-dd-digitalizacion-democratica-educacion\/#breadcrumb\"},\"inLanguage\":\"ca-ES\",\"potentialAction\":[{\"@type\":\"ReadAction\",\"target\":[[\"https:\/\/dev.xnet-x.net\/ca\/reconocimiento-centros-educativos-plataforma-dd-digitalizacion-democratica-educacion\/\"]]}]},{\"@type\":\"ImageObject\",\"inLanguage\":\"ca-ES\",\"@id\":\"https:\/\/dev.xnet-x.net\/ca\/reconocimiento-centros-educativos-plataforma-dd-digitalizacion-democratica-educacion\/#primaryimage\",\"url\":\"https:\/\/dev.xnet-x.net\/img\/reconeixement-dd.jpg\",\"contentUrl\":\"https:\/\/dev.xnet-x.net\/img\/reconeixement-dd.jpg\",\"width\":1280,\"height\":569},{\"@type\":\"BreadcrumbList\",\"@id\":\"https:\/\/dev.xnet-x.net\/ca\/reconocimiento-centros-educativos-plataforma-dd-digitalizacion-democratica-educacion\/#breadcrumb\",\"itemListElement\":[{\"@type\":\"ListItem\",\"position\":1,\"name\":\"Portada\",\"item\":\"https:\/\/dev.xnet-x.net\/ca\/\"},{\"@type\":\"ListItem\",\"position\":2,\"name\":\"Acto de reconocimiento en el Ayuntamiento de Barcelona a los centros educativos co-creadores de nuestra plataforma DD\"}]},{\"@type\":\"WebSite\",\"@id\":\"https:\/\/dev.xnet-x.net\/ca\/#website\",\"url\":\"https:\/\/dev.xnet-x.net\/ca\/\",\"name\":\"[:es]Xnet - Internet, derechos y democracia en la era digital[:ca]Xnet - Internet, drets i democr\u00e0cia en l'era digital[:en]Xnet - Internet freedoms & digital rights[:]\",\"description\":\"Xnet: Internet, informaci\u00f3 i cultura lliures. Tecnopol\u00edtica. Dades, algoritmes i drets digitals. Llibertat d&#039;expressi\u00f3. Democr\u00e0cia i anticorrupci\u00f3\",\"publisher\":{\"@id\":\"https:\/\/dev.xnet-x.net\/ca\/#organization\"},\"potentialAction\":[{\"@type\":\"SearchAction\",\"target\":{\"@type\":\"EntryPoint\",\"urlTemplate\":\"https:\/\/dev.xnet-x.net\/ca\/?s={search_term_string}\"},\"query-input\":{\"@type\":\"PropertyValueSpecification\",\"valueRequired\":true,\"valueName\":\"search_term_string\"}}],\"inLanguage\":\"ca-ES\"},{\"@type\":\"Organization\",\"@id\":\"https:\/\/dev.xnet-x.net\/ca\/#organization\",\"name\":\"Xnet - Internet, drets i democr\u00e0cia en l'era digital\",\"url\":\"https:\/\/dev.xnet-x.net\/ca\/\",\"logo\":{\"@type\":\"ImageObject\",\"inLanguage\":\"ca-ES\",\"@id\":\"https:\/\/dev.xnet-x.net\/ca\/#\/schema\/logo\/image\/\",\"url\":\"https:\/\/xnet-x.net\/img\/xnet-logo.png\",\"contentUrl\":\"https:\/\/xnet-x.net\/img\/xnet-logo.png\",\"width\":512,\"height\":512,\"caption\":\"Xnet - Internet, drets i democr\u00e0cia en l'era digital\"},\"image\":{\"@id\":\"https:\/\/dev.xnet-x.net\/ca\/#\/schema\/logo\/image\/\"},\"sameAs\":[\"http:\/\/facebook.com\/RedX.Net\/\",\"https:\/\/x.com\/x_net_\",\"https:\/\/es.wikipedia.org\/wiki\/Xnet\"]},{\"@type\":\"Person\",\"@id\":\"https:\/\/dev.xnet-x.net\/es\/#\/schema\/person\/02880890b95968f2b3bd4cfd79843d49\",\"name\":\"Xnet\",\"image\":{\"@type\":\"ImageObject\",\"inLanguage\":\"ca-ES\",\"@id\":\"https:\/\/dev.xnet-x.net\/ca\/#\/schema\/person\/image\/\",\"url\":\"https:\/\/secure.gravatar.com\/avatar\/41a61c327d24125228571dadd14748b0afd881e633e6e61518dacc4fef53cc93?s=96&d=mm&r=g\",\"contentUrl\":\"https:\/\/secure.gravatar.com\/avatar\/41a61c327d24125228571dadd14748b0afd881e633e6e61518dacc4fef53cc93?s=96&d=mm&r=g\",\"caption\":\"Xnet\"}}]}<\/script>\n<!-- \/ Yoast SEO plugin. -->","yoast_head_json":{"title":"Agra\u00efment als centres educatius col\u00b7laboradors de la Suite educativa DD","description":"Acte de reconeixement als centres educatius co-creadors de la nostra plataforma DD\/Digitalitzaci\u00f3 Democr\u00e0tica de l'Educaci\u00f3.","robots":{"index":"index","follow":"follow","max-snippet":"max-snippet:-1","max-image-preview":"max-image-preview:large","max-video-preview":"max-video-preview:-1"},"canonical":"https:\/\/dev.xnet-x.net\/ca\/reconocimiento-centros-educativos-plataforma-dd-digitalizacion-democratica-educacion\/","twitter_misc":{"Written by":"Xnet","Est. reading time":"2 minutes"},"schema":{"@context":"https:\/\/schema.org","@graph":[{"@type":"Article","@id":"https:\/\/dev.xnet-x.net\/es\/reconocimiento-centros-educativos-plataforma-dd-digitalizacion-democratica-educacion\/#article","isPartOf":{"@id":"https:\/\/dev.xnet-x.net\/es\/reconocimiento-centros-educativos-plataforma-dd-digitalizacion-democratica-educacion\/"},"author":{"name":"Xnet","@id":"https:\/\/dev.xnet-x.net\/es\/#\/schema\/person\/02880890b95968f2b3bd4cfd79843d49"},"headline":"Acte de reconeixement a l&#8217;Ajuntament de Barcelona als centres educatius co-creadors de la nostra plataforma DD","datePublished":"2023-03-20T08:52:42+00:00","dateModified":"2024-10-15T14:08:20+00:00","mainEntityOfPage":{"@id":"https:\/\/dev.xnet-x.net\/es\/reconocimiento-centros-educativos-plataforma-dd-digitalizacion-democratica-educacion\/"},"wordCount":722,"publisher":{"@id":"https:\/\/dev.xnet-x.net\/es\/#organization"},"image":{"@id":"https:\/\/dev.xnet-x.net\/es\/reconocimiento-centros-educativos-plataforma-dd-digitalizacion-democratica-educacion\/#primaryimage"},"thumbnailUrl":"https:\/\/dev.xnet-x.net\/img\/reconeixement-dd.jpg","articleSection":["Blog - Les nostres accions"],"inLanguage":"ca-ES"},{"@type":"WebPage","@id":"https:\/\/dev.xnet-x.net\/ca\/reconocimiento-centros-educativos-plataforma-dd-digitalizacion-democratica-educacion\/","url":"https:\/\/dev.xnet-x.net\/ca\/reconocimiento-centros-educativos-plataforma-dd-digitalizacion-democratica-educacion\/","name":"Agra\u00efment als centres educatius col\u00b7laboradors de la Suite educativa DD","isPartOf":{"@id":"https:\/\/dev.xnet-x.net\/ca\/#website"},"primaryImageOfPage":{"@id":"https:\/\/dev.xnet-x.net\/ca\/reconocimiento-centros-educativos-plataforma-dd-digitalizacion-democratica-educacion\/#primaryimage"},"image":{"@id":"https:\/\/dev.xnet-x.net\/es\/reconocimiento-centros-educativos-plataforma-dd-digitalizacion-democratica-educacion\/#primaryimage"},"thumbnailUrl":"https:\/\/dev.xnet-x.net\/img\/reconeixement-dd.jpg","datePublished":"2023-03-20T08:52:42+00:00","dateModified":"2024-10-15T14:08:20+00:00","description":"Acte de reconeixement als centres educatius co-creadors de la nostra plataforma DD\/Digitalitzaci\u00f3 Democr\u00e0tica de l'Educaci\u00f3.","breadcrumb":{"@id":"https:\/\/dev.xnet-x.net\/ca\/reconocimiento-centros-educativos-plataforma-dd-digitalizacion-democratica-educacion\/#breadcrumb"},"inLanguage":"ca-ES","potentialAction":[{"@type":"ReadAction","target":[["https:\/\/dev.xnet-x.net\/ca\/reconocimiento-centros-educativos-plataforma-dd-digitalizacion-democratica-educacion\/"]]}]},{"@type":"ImageObject","inLanguage":"ca-ES","@id":"https:\/\/dev.xnet-x.net\/ca\/reconocimiento-centros-educativos-plataforma-dd-digitalizacion-democratica-educacion\/#primaryimage","url":"https:\/\/dev.xnet-x.net\/img\/reconeixement-dd.jpg","contentUrl":"https:\/\/dev.xnet-x.net\/img\/reconeixement-dd.jpg","width":1280,"height":569},{"@type":"BreadcrumbList","@id":"https:\/\/dev.xnet-x.net\/ca\/reconocimiento-centros-educativos-plataforma-dd-digitalizacion-democratica-educacion\/#breadcrumb","itemListElement":[{"@type":"ListItem","position":1,"name":"Portada","item":"https:\/\/dev.xnet-x.net\/ca\/"},{"@type":"ListItem","position":2,"name":"Acto de reconocimiento en el Ayuntamiento de Barcelona a los centros educativos co-creadores de nuestra plataforma DD"}]},{"@type":"WebSite","@id":"https:\/\/dev.xnet-x.net\/ca\/#website","url":"https:\/\/dev.xnet-x.net\/ca\/","name":"[:es]Xnet - Internet, derechos y democracia en la era digital[:ca]Xnet - Internet, drets i democr\u00e0cia en l'era digital[:en]Xnet - Internet freedoms & digital rights[:]","description":"Xnet: Internet, informaci\u00f3 i cultura lliures. Tecnopol\u00edtica. Dades, algoritmes i drets digitals. Llibertat d&#039;expressi\u00f3. Democr\u00e0cia i anticorrupci\u00f3","publisher":{"@id":"https:\/\/dev.xnet-x.net\/ca\/#organization"},"potentialAction":[{"@type":"SearchAction","target":{"@type":"EntryPoint","urlTemplate":"https:\/\/dev.xnet-x.net\/ca\/?s={search_term_string}"},"query-input":{"@type":"PropertyValueSpecification","valueRequired":true,"valueName":"search_term_string"}}],"inLanguage":"ca-ES"},{"@type":"Organization","@id":"https:\/\/dev.xnet-x.net\/ca\/#organization","name":"Xnet - Internet, drets i democr\u00e0cia en l'era digital","url":"https:\/\/dev.xnet-x.net\/ca\/","logo":{"@type":"ImageObject","inLanguage":"ca-ES","@id":"https:\/\/dev.xnet-x.net\/ca\/#\/schema\/logo\/image\/","url":"https:\/\/xnet-x.net\/img\/xnet-logo.png","contentUrl":"https:\/\/xnet-x.net\/img\/xnet-logo.png","width":512,"height":512,"caption":"Xnet - Internet, drets i democr\u00e0cia en l'era digital"},"image":{"@id":"https:\/\/dev.xnet-x.net\/ca\/#\/schema\/logo\/image\/"},"sameAs":["http:\/\/facebook.com\/RedX.Net\/","https:\/\/x.com\/x_net_","https:\/\/es.wikipedia.org\/wiki\/Xnet"]},{"@type":"Person","@id":"https:\/\/dev.xnet-x.net\/es\/#\/schema\/person\/02880890b95968f2b3bd4cfd79843d49","name":"Xnet","image":{"@type":"ImageObject","inLanguage":"ca-ES","@id":"https:\/\/dev.xnet-x.net\/ca\/#\/schema\/person\/image\/","url":"https:\/\/secure.gravatar.com\/avatar\/41a61c327d24125228571dadd14748b0afd881e633e6e61518dacc4fef53cc93?s=96&d=mm&r=g","contentUrl":"https:\/\/secure.gravatar.com\/avatar\/41a61c327d24125228571dadd14748b0afd881e633e6e61518dacc4fef53cc93?s=96&d=mm&r=g","caption":"Xnet"}}]}},"_links":{"self":[{"href":"https:\/\/dev.xnet-x.net\/ca\/wp-json\/wp\/v2\/posts\/25289","targetHints":{"allow":["GET"]}}],"collection":[{"href":"https:\/\/dev.xnet-x.net\/ca\/wp-json\/wp\/v2\/posts"}],"about":[{"href":"https:\/\/dev.xnet-x.net\/ca\/wp-json\/wp\/v2\/types\/post"}],"author":[{"embeddable":true,"href":"https:\/\/dev.xnet-x.net\/ca\/wp-json\/wp\/v2\/users\/15"}],"replies":[{"embeddable":true,"href":"https:\/\/dev.xnet-x.net\/ca\/wp-json\/wp\/v2\/comments?post=25289"}],"version-history":[{"count":7,"href":"https:\/\/dev.xnet-x.net\/ca\/wp-json\/wp\/v2\/posts\/25289\/revisions"}],"predecessor-version":[{"id":25293,"href":"https:\/\/dev.xnet-x.net\/ca\/wp-json\/wp\/v2\/posts\/25289\/revisions\/25293"}],"wp:featuredmedia":[{"embeddable":true,"href":"https:\/\/dev.xnet-x.net\/ca\/wp-json\/wp\/v2\/media\/25298"}],"wp:attachment":[{"href":"https:\/\/dev.xnet-x.net\/ca\/wp-json\/wp\/v2\/media?parent=25289"}],"wp:term":[{"taxonomy":"category","embeddable":true,"href":"https:\/\/dev.xnet-x.net\/ca\/wp-json\/wp\/v2\/categories?post=25289"},{"taxonomy":"post_tag","embeddable":true,"href":"https:\/\/dev.xnet-x.net\/ca\/wp-json\/wp\/v2\/tags?post=25289"}],"curies":[{"name":"wp","href":"https:\/\/api.w.org\/{rel}","templated":true}]}}