{"id":23861,"date":"2022-01-17T14:36:35","date_gmt":"2022-01-17T12:36:35","guid":{"rendered":"https:\/\/xnet-x.net\/es\/?p=23861"},"modified":"2024-10-15T16:17:22","modified_gmt":"2024-10-15T14:17:22","slug":"demostracion-de-la-nueva-herramienta-para-la-digitalizacion-democratica-de-la-educacion","status":"publish","type":"post","link":"https:\/\/dev.xnet-x.net\/ca\/demostracio-eina-digitalitzacio-democratica-educacio\/","title":{"rendered":"Demostraci\u00f3 de la nostra nova eina per a la digitalitzaci\u00f3 democr\u00e0tica de l&#8217;educaci\u00f3"},"content":{"rendered":"<p><strong><em>Convidem la ciutadania a participar en tallers de demostraci\u00f3 de la nova eina per a la digitalitzaci\u00f3 democr\u00e0tica de l&#8217;educaci\u00f3.<\/em><\/strong><\/p>\n<h3>La nostra nova eina per a la digitalitzaci\u00f3 democr\u00e0tica de l&#8217;educaci\u00f3<\/h3>\n<p>Des de 2019 Xnet i un grup de fam\u00edlies estem treballant amb un Pla de Digitalitzaci\u00f3 Democr\u00e0tica de l&#8217;Educaci\u00f3 per fer front a la manca d&#8217;eines \u00e0gils i potents que alhora garanteixin la sobirania de les dades de les persones usu\u00e0ries, en aquest cas, alumnat, professorat, fam\u00edlies i tota la comunitat educativa. \u00c9s a dir, <strong>una alternativa de qualitat a les eines de gran corporacions<\/strong>.<br \/>\nEl 2021 vam aconseguir el suport de l&#8217;Ajuntament de Barcelona perqu\u00e8 licit\u00e9s un pilot d&#8217;aquest pla i d&#8217;aquesta manera es va crear una suite integral que ara estem desplegant i \u00e9s utilitzada pels tres centres que participen en el pilot. <a href=\"#1\">[1]<\/a><\/p>\n<p>Enguany l&#8217;Ajuntament de Barcelona <strong>amplia el suport per tal que m\u00e9s centres puguin adoptar aquesta suite educativa<\/strong>. Per aix\u00f2, aquest febrer es presentar\u00e0 l&#8217;eina a trav\u00e9s d&#8217;una s\u00e8rie de tallers per tal que tothom pugui con\u00e8ixer-la i experimentar-la de manera que aquells centres que ho desitgin puguin <strong>comen\u00e7ar a adoptar-la d&#8217;immediat o m\u00e9s endavant amb un suport continuat per a la migraci\u00f3 i capacitaci\u00f3<\/strong>. <\/p>\n<p>Els tallers s\u00f3n oberts <strong>a tothom<\/strong>, tamb\u00e9 a <strong>centres de fora de Barcelona i d&#8217;altres \u00e0mbits<\/strong> diferents a l&#8217;educatiu malgrat que en aquest casos no es pot comptar amb aquest suport de finan\u00e7ament i s&#8217;ha d&#8217;organitzar com trobar-lo en altres institucions.<br \/>\n&nbsp;<\/p>\n<h4>EXPLICACI\u00d3<\/h4>\n<p> Un cop arrencat el pilot amb tres centres educatius de Barcelona, <strong>aquest febrer tindrem enllestida i a disposici\u00f3 de m\u00e9s escoles i instituts la suite educativa Digital Democr\u00e0tica<\/strong>, la infraestructura digital integral que t\u00e9 per objectiu garantir la sobirania digital dels centres, i que ha estat desenvolupada per Xnet, les fam\u00edlies promotores i les empreses que van licitar (IsardVDI i 3iPunt) amb el suport de la Direcci\u00f3 d\u2019Innovaci\u00f3 Democr\u00e0tica, la Direcci\u00f3 d\u2019Innovaci\u00f3 Digital, el Comissionat d\u2019Economia Social de l\u2019Ajuntament de Barcelona, el Consorci d\u2019Educaci\u00f3 de Barcelona, i la col\u00b7laboraci\u00f3 de l&#8217;aFFaC.<\/p>\n<p>Per aquest motiu, a totes les fam\u00edlies, escoles, instituts i altres actors que us heu mostrat interessades en el prototipus i a tothom qui pugui interessar, <strong>us convidem a la presentaci\u00f3 i els tallers que tindran lloc la setmana del 7 al 13 de febrer de 2022 al Can\u00f2drom Ateneu d&#8217;Innovaci\u00f3 Digital i Democr\u00e0tica de Barcelona<\/strong> i online. Les sessions consistiran en una descripci\u00f3 detallada del workspace educatiu Digital Democr\u00e0tic i tallers de testeig. Hi assistiran tamb\u00e9 els t\u00e8cnics per tal que pugueu preguntar <strong>TOTS<\/strong> els dubtes que tingueu al respecte: \u00fas, funcionalitats, protecci\u00f3 de dades, etc.<\/p>\n<p><span style=\"text-decoration:underline\">Gr\u00e0cies al suport de l&#8217;Ajuntament de Barcelona, ja tenim garantit el finan\u00e7ament per desplegar Digital Democr\u00e0tic a m\u00e9s escoles i instituts. Aquesta setmana de presentaci\u00f3 i testeig, per tant, <strong>us servir\u00e0 per valorar si decidiu sumar-vos al pilot de cara al curs 2022-2023<\/strong> i fins i tot comen\u00e7ar a provar-lo des del mes de mar\u00e7 si aix\u00ed ho desitgeu.<\/span> Malgrat que malauradament encara no disposem de suport per a centres de fora de Barcelona, convidem a tothom a participar dels tallers (\u00e9s una ocasi\u00f3 \u00fanica) per con\u00e8ixer l&#8217;eina i crear una demanda suficient perqu\u00e8 sigui assumida institucionalment.<\/p>\n<p>Si  voleu assistir, <strong>cal reservar alguna de les sessions de presentaci\u00f3 i testeig<\/strong>.<br \/>\nEls horaris previstos s\u00f3n els seg\u00fcents (a <strong>Can\u00f2drom Ateneu d&#8217;Innovaci\u00f3 Digital i Democr\u00e0tica de Barcelona<\/strong> o online): <\/p>\n<ul>\n\u2022  Sessi\u00f3 Dilluns 7 de febrer de 15 a 18h.<br \/>\n \u2022 Sessi\u00f3 Dilluns 7 de febrer de  18 a 21h.<br \/>\n \u2022 Sessi\u00f3 Dimarts 8 de febrer de 12 a 15h.<br \/>\n \u2022 Sessi\u00f3 Dimarts 8 de febrer de 18 a 21h.<br \/>\n \u2022 Sessi\u00f3 Dimecres 9 de febrer 15 a 18h.<br \/>\n \u2022 Sessi\u00f3 Dijous 10 de febrer de 15 a 18h.<br \/>\n \u2022 Sessi\u00f3 Divendres 11 de febrer de 9 a 12h. (en castell\u00e0)<br \/>\n \u2022 Sessi\u00f3 Divendres 11 de febrer de 15 a 18h.<br \/>\n \u2022 Sessi\u00f3 Dissabte 12 de febrer de 10 a 13h.  (en castell\u00e0 amb formaci\u00f3 general sobre drets digitals) <\/ul>\n<p>Si creus que a alg\u00fa m\u00e9s del teu centre (docents, fam\u00edlies, PAS&#8230;), la teva entitat o a qualsevol altra persona li pot interessar assistir, els pots passar aquesta informaci\u00f3. \u00c9s important que tothom que estigui interessat o hagi de con\u00e8ixer les alternatives al model actual, aprofiti aquestes sessions perqu\u00e8 no en farem d&#8217;altres properament. <\/p>\n<p>Per inscriure&#8217;s, cal enviar un mail <strong>ABANS DEL DIA 3\/2<\/strong> a <a href=\"mailto:privacitatdedadesalesescoles@xnet-x.net\" rel=\"noopener\" target=\"_blank\">privacitatdedadesalesescoles@xnet-x.net<\/a> indicant la sessi\u00f3 triada i si s&#8217;assistir\u00e0 presencialment o en l\u00ednia.  <\/p>\nhttps:\/\/xnet-x.net\/?p=23867\n<p>&nbsp;<\/p>\n<p><a id=\"1\"><\/a><br \/>\nM\u00e9s informacions:<br \/>\n\u2022 <a href=\"https:\/\/xnet-x.net\/ca\/presentem-dd-eina-digitalitzacio-democratica-educacio\/\" rel=\"noopener\" target=\"_blank\">Us presentem DD: l\u2019eina per a la Digitalitzaci\u00f3 Democr\u00e0tica de l\u2019Educaci\u00f3<\/a><br \/>\n\u2022 <a href=\"https:\/\/xnet-x.net\/ca\/privacitat-dades-digitalitzacio-democratica-educacio-sense-google\/\" rel=\"noopener\" target=\"_blank\">Pla per a la Privacitat de Dades i la Digitalitzaci\u00f3 Democr\u00e0tica de l\u2019Educaci\u00f3<\/a><br \/>\n\u2022 <a href=\"https:\/\/xnet-x.net\/ca\/no-autoritzar-google-suite-escoles\/\" rel=\"noopener\" target=\"_blank\">No signeu l\u2019autoritzaci\u00f3 per utilitzar Google Suite a les escoles<\/a><br \/>\n\u2022 <a href=\"https:\/\/xnet-x.net\/ca\/prototip-digitalitzar-centres-educatius-sense-google\/\" rel=\"noopener\" target=\"_blank\">A punt per l\u2019abril el prototip per digitalitzar els centres educatius sense usar Google o similars<\/a><br \/>\n\u2022 <a href=\"https:\/\/xnet-x.net\/ca\/pla-digitalitzacio-democratica-educacio-pilot-barcelona\/\" rel=\"noopener\" target=\"_blank\">El Pla de Digitalitzaci\u00f3 Democr\u00e0tica de l\u2019Educaci\u00f3 d\u2019Xnet tindr\u00e0 el seu primer pilot a Barcelona<\/a><\/p>\n<p>A la premsa;<br \/>\nEl Pa\u00eds &#8211; <a href=\"https:\/\/cat.elpais.com\/cat\/2020\/12\/10\/catalunya\/1607599232_374344.html\" rel=\"noopener\" target=\"_blank\">Escoles que busquen alternatives a Google<\/a><\/p>","protected":false},"excerpt":{"rendered":"<p>Convidem la ciutadania a participar en tallers de demostraci\u00f3 de la nova eina per a la digitalitzaci\u00f3 democr\u00e0tica de l&#8217;educaci\u00f3. La nostra nova eina per a la digitalitzaci\u00f3 democr\u00e0tica de l&#8217;educaci\u00f3 Des de 2019 Xnet i un grup de fam\u00edlies estem treballant amb un Pla de Digitalitzaci\u00f3 Democr\u00e0tica de l&#8217;Educaci\u00f3 per fer front a la [&hellip;]<\/p>\n","protected":false},"author":15,"featured_media":23892,"comment_status":"closed","ping_status":"closed","sticky":false,"template":"","format":"standard","meta":{"footnotes":""},"categories":[52],"tags":[],"class_list":["post-23861","post","type-post","status-publish","format-standard","has-post-thumbnail","hentry","category-blog","ejes-cultura-libre","ejes-neutralidad-de-la-red","servicios-recomendaciones-de-politicas"],"yoast_head":"<!-- This site is optimized with the Yoast SEO plugin v26.7 - https:\/\/yoast.com\/wordpress\/plugins\/seo\/ -->\n<title>Nova eina per a la digitalitzaci\u00f3 democr\u00e0tica de l&#039;educaci\u00f3<\/title>\n<meta name=\"description\" content=\"Convidem a la ciutadania als tallers de demostraci\u00f3 de la nostra nova eina per a la digitalitzaci\u00f3 democr\u00e0tica de l&#039;educaci\u00f3 sense Google.\" \/>\n<meta name=\"robots\" content=\"index, follow, max-snippet:-1, max-image-preview:large, max-video-preview:-1\" \/>\n<link rel=\"canonical\" href=\"https:\/\/dev.xnet-x.net\/ca\/demostracion-herramienta-digitalizacion-democratica-educacion\/\" \/>\n<meta name=\"twitter:label1\" content=\"Written by\" \/>\n\t<meta name=\"twitter:data1\" content=\"Xnet\" \/>\n\t<meta name=\"twitter:label2\" content=\"Est. reading time\" \/>\n\t<meta name=\"twitter:data2\" content=\"5 minutes\" \/>\n<script type=\"application\/ld+json\" class=\"yoast-schema-graph\">{\"@context\":\"https:\/\/schema.org\",\"@graph\":[{\"@type\":\"Article\",\"@id\":\"https:\/\/dev.xnet-x.net\/es\/demostracion-herramienta-digitalizacion-democratica-educacion\/#article\",\"isPartOf\":{\"@id\":\"https:\/\/dev.xnet-x.net\/es\/demostracion-herramienta-digitalizacion-democratica-educacion\/\"},\"author\":{\"name\":\"Xnet\",\"@id\":\"https:\/\/dev.xnet-x.net\/es\/#\/schema\/person\/02880890b95968f2b3bd4cfd79843d49\"},\"headline\":\"Demostraci\u00f3 de la nostra nova eina per a la digitalitzaci\u00f3 democr\u00e0tica de l&#8217;educaci\u00f3\",\"datePublished\":\"2022-01-17T12:36:35+00:00\",\"dateModified\":\"2024-10-15T14:17:22+00:00\",\"mainEntityOfPage\":{\"@id\":\"https:\/\/dev.xnet-x.net\/es\/demostracion-herramienta-digitalizacion-democratica-educacion\/\"},\"wordCount\":1796,\"publisher\":{\"@id\":\"https:\/\/dev.xnet-x.net\/es\/#organization\"},\"image\":{\"@id\":\"https:\/\/dev.xnet-x.net\/es\/demostracion-herramienta-digitalizacion-democratica-educacion\/#primaryimage\"},\"thumbnailUrl\":\"https:\/\/dev.xnet-x.net\/img\/digit-edu22.png\",\"articleSection\":[\"Blog - Les nostres accions\"],\"inLanguage\":\"ca-ES\"},{\"@type\":\"WebPage\",\"@id\":\"https:\/\/dev.xnet-x.net\/ca\/demostracion-herramienta-digitalizacion-democratica-educacion\/\",\"url\":\"https:\/\/dev.xnet-x.net\/ca\/demostracion-herramienta-digitalizacion-democratica-educacion\/\",\"name\":\"Nova eina per a la digitalitzaci\u00f3 democr\u00e0tica de l'educaci\u00f3\",\"isPartOf\":{\"@id\":\"https:\/\/dev.xnet-x.net\/ca\/#website\"},\"primaryImageOfPage\":{\"@id\":\"https:\/\/dev.xnet-x.net\/ca\/demostracion-herramienta-digitalizacion-democratica-educacion\/#primaryimage\"},\"image\":{\"@id\":\"https:\/\/dev.xnet-x.net\/es\/demostracion-herramienta-digitalizacion-democratica-educacion\/#primaryimage\"},\"thumbnailUrl\":\"https:\/\/dev.xnet-x.net\/img\/digit-edu22.png\",\"datePublished\":\"2022-01-17T12:36:35+00:00\",\"dateModified\":\"2024-10-15T14:17:22+00:00\",\"description\":\"Convidem a la ciutadania als tallers de demostraci\u00f3 de la nostra nova eina per a la digitalitzaci\u00f3 democr\u00e0tica de l'educaci\u00f3 sense Google.\",\"breadcrumb\":{\"@id\":\"https:\/\/dev.xnet-x.net\/ca\/demostracion-herramienta-digitalizacion-democratica-educacion\/#breadcrumb\"},\"inLanguage\":\"ca-ES\",\"potentialAction\":[{\"@type\":\"ReadAction\",\"target\":[[\"https:\/\/dev.xnet-x.net\/ca\/demostracion-herramienta-digitalizacion-democratica-educacion\/\"]]}]},{\"@type\":\"ImageObject\",\"inLanguage\":\"ca-ES\",\"@id\":\"https:\/\/dev.xnet-x.net\/ca\/demostracion-herramienta-digitalizacion-democratica-educacion\/#primaryimage\",\"url\":\"https:\/\/dev.xnet-x.net\/img\/digit-edu22.png\",\"contentUrl\":\"https:\/\/dev.xnet-x.net\/img\/digit-edu22.png\",\"width\":838,\"height\":420},{\"@type\":\"BreadcrumbList\",\"@id\":\"https:\/\/dev.xnet-x.net\/ca\/demostracion-herramienta-digitalizacion-democratica-educacion\/#breadcrumb\",\"itemListElement\":[{\"@type\":\"ListItem\",\"position\":1,\"name\":\"Portada\",\"item\":\"https:\/\/dev.xnet-x.net\/ca\/\"},{\"@type\":\"ListItem\",\"position\":2,\"name\":\"Demostraci\u00f3n de nuestra nueva herramienta para la digitalizaci\u00f3n democr\u00e1tica de la educaci\u00f3n\"}]},{\"@type\":\"WebSite\",\"@id\":\"https:\/\/dev.xnet-x.net\/ca\/#website\",\"url\":\"https:\/\/dev.xnet-x.net\/ca\/\",\"name\":\"[:es]Xnet - Internet, derechos y democracia en la era digital[:ca]Xnet - Internet, drets i democr\u00e0cia en l'era digital[:en]Xnet - Internet freedoms & digital rights[:]\",\"description\":\"Xnet: Internet, informaci\u00f3 i cultura lliures. Tecnopol\u00edtica. Dades, algoritmes i drets digitals. Llibertat d&#039;expressi\u00f3. Democr\u00e0cia i anticorrupci\u00f3\",\"publisher\":{\"@id\":\"https:\/\/dev.xnet-x.net\/ca\/#organization\"},\"potentialAction\":[{\"@type\":\"SearchAction\",\"target\":{\"@type\":\"EntryPoint\",\"urlTemplate\":\"https:\/\/dev.xnet-x.net\/ca\/?s={search_term_string}\"},\"query-input\":{\"@type\":\"PropertyValueSpecification\",\"valueRequired\":true,\"valueName\":\"search_term_string\"}}],\"inLanguage\":\"ca-ES\"},{\"@type\":\"Organization\",\"@id\":\"https:\/\/dev.xnet-x.net\/ca\/#organization\",\"name\":\"Xnet - Internet, drets i democr\u00e0cia en l'era digital\",\"url\":\"https:\/\/dev.xnet-x.net\/ca\/\",\"logo\":{\"@type\":\"ImageObject\",\"inLanguage\":\"ca-ES\",\"@id\":\"https:\/\/dev.xnet-x.net\/ca\/#\/schema\/logo\/image\/\",\"url\":\"https:\/\/xnet-x.net\/img\/xnet-logo.png\",\"contentUrl\":\"https:\/\/xnet-x.net\/img\/xnet-logo.png\",\"width\":512,\"height\":512,\"caption\":\"Xnet - Internet, drets i democr\u00e0cia en l'era digital\"},\"image\":{\"@id\":\"https:\/\/dev.xnet-x.net\/ca\/#\/schema\/logo\/image\/\"},\"sameAs\":[\"http:\/\/facebook.com\/RedX.Net\/\",\"https:\/\/x.com\/x_net_\",\"https:\/\/es.wikipedia.org\/wiki\/Xnet\"]},{\"@type\":\"Person\",\"@id\":\"https:\/\/dev.xnet-x.net\/es\/#\/schema\/person\/02880890b95968f2b3bd4cfd79843d49\",\"name\":\"Xnet\",\"image\":{\"@type\":\"ImageObject\",\"inLanguage\":\"ca-ES\",\"@id\":\"https:\/\/dev.xnet-x.net\/ca\/#\/schema\/person\/image\/\",\"url\":\"https:\/\/secure.gravatar.com\/avatar\/41a61c327d24125228571dadd14748b0afd881e633e6e61518dacc4fef53cc93?s=96&d=mm&r=g\",\"contentUrl\":\"https:\/\/secure.gravatar.com\/avatar\/41a61c327d24125228571dadd14748b0afd881e633e6e61518dacc4fef53cc93?s=96&d=mm&r=g\",\"caption\":\"Xnet\"}}]}<\/script>\n<!-- \/ Yoast SEO plugin. -->","yoast_head_json":{"title":"Nova eina per a la digitalitzaci\u00f3 democr\u00e0tica de l'educaci\u00f3","description":"Convidem a la ciutadania als tallers de demostraci\u00f3 de la nostra nova eina per a la digitalitzaci\u00f3 democr\u00e0tica de l'educaci\u00f3 sense Google.","robots":{"index":"index","follow":"follow","max-snippet":"max-snippet:-1","max-image-preview":"max-image-preview:large","max-video-preview":"max-video-preview:-1"},"canonical":"https:\/\/dev.xnet-x.net\/ca\/demostracion-herramienta-digitalizacion-democratica-educacion\/","twitter_misc":{"Written by":"Xnet","Est. reading time":"5 minutes"},"schema":{"@context":"https:\/\/schema.org","@graph":[{"@type":"Article","@id":"https:\/\/dev.xnet-x.net\/es\/demostracion-herramienta-digitalizacion-democratica-educacion\/#article","isPartOf":{"@id":"https:\/\/dev.xnet-x.net\/es\/demostracion-herramienta-digitalizacion-democratica-educacion\/"},"author":{"name":"Xnet","@id":"https:\/\/dev.xnet-x.net\/es\/#\/schema\/person\/02880890b95968f2b3bd4cfd79843d49"},"headline":"Demostraci\u00f3 de la nostra nova eina per a la digitalitzaci\u00f3 democr\u00e0tica de l&#8217;educaci\u00f3","datePublished":"2022-01-17T12:36:35+00:00","dateModified":"2024-10-15T14:17:22+00:00","mainEntityOfPage":{"@id":"https:\/\/dev.xnet-x.net\/es\/demostracion-herramienta-digitalizacion-democratica-educacion\/"},"wordCount":1796,"publisher":{"@id":"https:\/\/dev.xnet-x.net\/es\/#organization"},"image":{"@id":"https:\/\/dev.xnet-x.net\/es\/demostracion-herramienta-digitalizacion-democratica-educacion\/#primaryimage"},"thumbnailUrl":"https:\/\/dev.xnet-x.net\/img\/digit-edu22.png","articleSection":["Blog - Les nostres accions"],"inLanguage":"ca-ES"},{"@type":"WebPage","@id":"https:\/\/dev.xnet-x.net\/ca\/demostracion-herramienta-digitalizacion-democratica-educacion\/","url":"https:\/\/dev.xnet-x.net\/ca\/demostracion-herramienta-digitalizacion-democratica-educacion\/","name":"Nova eina per a la digitalitzaci\u00f3 democr\u00e0tica de l'educaci\u00f3","isPartOf":{"@id":"https:\/\/dev.xnet-x.net\/ca\/#website"},"primaryImageOfPage":{"@id":"https:\/\/dev.xnet-x.net\/ca\/demostracion-herramienta-digitalizacion-democratica-educacion\/#primaryimage"},"image":{"@id":"https:\/\/dev.xnet-x.net\/es\/demostracion-herramienta-digitalizacion-democratica-educacion\/#primaryimage"},"thumbnailUrl":"https:\/\/dev.xnet-x.net\/img\/digit-edu22.png","datePublished":"2022-01-17T12:36:35+00:00","dateModified":"2024-10-15T14:17:22+00:00","description":"Convidem a la ciutadania als tallers de demostraci\u00f3 de la nostra nova eina per a la digitalitzaci\u00f3 democr\u00e0tica de l'educaci\u00f3 sense Google.","breadcrumb":{"@id":"https:\/\/dev.xnet-x.net\/ca\/demostracion-herramienta-digitalizacion-democratica-educacion\/#breadcrumb"},"inLanguage":"ca-ES","potentialAction":[{"@type":"ReadAction","target":[["https:\/\/dev.xnet-x.net\/ca\/demostracion-herramienta-digitalizacion-democratica-educacion\/"]]}]},{"@type":"ImageObject","inLanguage":"ca-ES","@id":"https:\/\/dev.xnet-x.net\/ca\/demostracion-herramienta-digitalizacion-democratica-educacion\/#primaryimage","url":"https:\/\/dev.xnet-x.net\/img\/digit-edu22.png","contentUrl":"https:\/\/dev.xnet-x.net\/img\/digit-edu22.png","width":838,"height":420},{"@type":"BreadcrumbList","@id":"https:\/\/dev.xnet-x.net\/ca\/demostracion-herramienta-digitalizacion-democratica-educacion\/#breadcrumb","itemListElement":[{"@type":"ListItem","position":1,"name":"Portada","item":"https:\/\/dev.xnet-x.net\/ca\/"},{"@type":"ListItem","position":2,"name":"Demostraci\u00f3n de nuestra nueva herramienta para la digitalizaci\u00f3n democr\u00e1tica de la educaci\u00f3n"}]},{"@type":"WebSite","@id":"https:\/\/dev.xnet-x.net\/ca\/#website","url":"https:\/\/dev.xnet-x.net\/ca\/","name":"[:es]Xnet - Internet, derechos y democracia en la era digital[:ca]Xnet - Internet, drets i democr\u00e0cia en l'era digital[:en]Xnet - Internet freedoms & digital rights[:]","description":"Xnet: Internet, informaci\u00f3 i cultura lliures. Tecnopol\u00edtica. Dades, algoritmes i drets digitals. Llibertat d&#039;expressi\u00f3. Democr\u00e0cia i anticorrupci\u00f3","publisher":{"@id":"https:\/\/dev.xnet-x.net\/ca\/#organization"},"potentialAction":[{"@type":"SearchAction","target":{"@type":"EntryPoint","urlTemplate":"https:\/\/dev.xnet-x.net\/ca\/?s={search_term_string}"},"query-input":{"@type":"PropertyValueSpecification","valueRequired":true,"valueName":"search_term_string"}}],"inLanguage":"ca-ES"},{"@type":"Organization","@id":"https:\/\/dev.xnet-x.net\/ca\/#organization","name":"Xnet - Internet, drets i democr\u00e0cia en l'era digital","url":"https:\/\/dev.xnet-x.net\/ca\/","logo":{"@type":"ImageObject","inLanguage":"ca-ES","@id":"https:\/\/dev.xnet-x.net\/ca\/#\/schema\/logo\/image\/","url":"https:\/\/xnet-x.net\/img\/xnet-logo.png","contentUrl":"https:\/\/xnet-x.net\/img\/xnet-logo.png","width":512,"height":512,"caption":"Xnet - Internet, drets i democr\u00e0cia en l'era digital"},"image":{"@id":"https:\/\/dev.xnet-x.net\/ca\/#\/schema\/logo\/image\/"},"sameAs":["http:\/\/facebook.com\/RedX.Net\/","https:\/\/x.com\/x_net_","https:\/\/es.wikipedia.org\/wiki\/Xnet"]},{"@type":"Person","@id":"https:\/\/dev.xnet-x.net\/es\/#\/schema\/person\/02880890b95968f2b3bd4cfd79843d49","name":"Xnet","image":{"@type":"ImageObject","inLanguage":"ca-ES","@id":"https:\/\/dev.xnet-x.net\/ca\/#\/schema\/person\/image\/","url":"https:\/\/secure.gravatar.com\/avatar\/41a61c327d24125228571dadd14748b0afd881e633e6e61518dacc4fef53cc93?s=96&d=mm&r=g","contentUrl":"https:\/\/secure.gravatar.com\/avatar\/41a61c327d24125228571dadd14748b0afd881e633e6e61518dacc4fef53cc93?s=96&d=mm&r=g","caption":"Xnet"}}]}},"_links":{"self":[{"href":"https:\/\/dev.xnet-x.net\/ca\/wp-json\/wp\/v2\/posts\/23861","targetHints":{"allow":["GET"]}}],"collection":[{"href":"https:\/\/dev.xnet-x.net\/ca\/wp-json\/wp\/v2\/posts"}],"about":[{"href":"https:\/\/dev.xnet-x.net\/ca\/wp-json\/wp\/v2\/types\/post"}],"author":[{"embeddable":true,"href":"https:\/\/dev.xnet-x.net\/ca\/wp-json\/wp\/v2\/users\/15"}],"replies":[{"embeddable":true,"href":"https:\/\/dev.xnet-x.net\/ca\/wp-json\/wp\/v2\/comments?post=23861"}],"version-history":[{"count":20,"href":"https:\/\/dev.xnet-x.net\/ca\/wp-json\/wp\/v2\/posts\/23861\/revisions"}],"predecessor-version":[{"id":23904,"href":"https:\/\/dev.xnet-x.net\/ca\/wp-json\/wp\/v2\/posts\/23861\/revisions\/23904"}],"wp:featuredmedia":[{"embeddable":true,"href":"https:\/\/dev.xnet-x.net\/ca\/wp-json\/wp\/v2\/media\/23892"}],"wp:attachment":[{"href":"https:\/\/dev.xnet-x.net\/ca\/wp-json\/wp\/v2\/media?parent=23861"}],"wp:term":[{"taxonomy":"category","embeddable":true,"href":"https:\/\/dev.xnet-x.net\/ca\/wp-json\/wp\/v2\/categories?post=23861"},{"taxonomy":"post_tag","embeddable":true,"href":"https:\/\/dev.xnet-x.net\/ca\/wp-json\/wp\/v2\/tags?post=23861"}],"curies":[{"name":"wp","href":"https:\/\/api.w.org\/{rel}","templated":true}]}}