{"id":23572,"date":"2021-12-07T12:10:24","date_gmt":"2021-12-07T10:10:24","guid":{"rendered":"https:\/\/xnet-x.net\/es\/?p=23572"},"modified":"2024-10-15T16:17:38","modified_gmt":"2024-10-15T14:17:38","slug":"respuesta-de-xnet-a-la-consulta-publica-de-la-generalitat-sobre-la-elaboracion-del-proyecto-de-decreto-steam-y-humanidades","status":"publish","type":"post","link":"https:\/\/dev.xnet-x.net\/ca\/resposta-xnet-generalitat-projecte-decret-steam-humanitats\/","title":{"rendered":"Resposta d&#8217;Xnet a la consulta p\u00fablica de la Generalitat sobre l&#8217;elaboraci\u00f3 del projecte de decret STEAM i Humanitats"},"content":{"rendered":"<p><\/p>\n<div style=\"font-size:100%;margin:6px 0;background:#f5f5f5;padding: 10px 5% 10px\"><a href=\"https:\/\/participa.gencat.cat\/processes\/ProjSTEAM-Humanitats\/f\/3320\/proposals\/83091?locale=ca\" rel=\"noopener\" target=\"_blank\">https:\/\/participa.gencat.cat\/processes\/ProjSTEAM-Humanitats\/f\/3320\/proposals\/83091?locale=ca<\/a><\/div>\n<p>&nbsp;<\/p>\n<p>La Generalitat ha obert una consulta p\u00fablica pr\u00e8via a l&#8217;elaboraci\u00f3 del projecte de decret STEAM i Humanitats, un decret per crear el Programa d&#8217;Investigaci\u00f3, Innovaci\u00f3 pedag\u00f3gica i Formaci\u00f3 del profesorat en l&#8217;\u00e0mbit de les vocacions cient\u00edfiques i tecnol\u00f2giques, en ingenieria i matem\u00e0tiques (STEAM) i les Humanitats.<br \/>\n<a href=\"https:\/\/participa.gencat.cat\/processes\/ProjSTEAM-Humanitats?locale=ca\" rel=\"noopener\" target=\"_blank\">https:\/\/participa.gencat.cat\/processes\/ProjSTEAM-Humanitats?locale=ca<\/a><br \/>\n&nbsp;<\/p>\n<h4>Aquestes s\u00f3n les preguntes de la consulta:<\/h4>\n<p><em>1.- Considera que s\u2019ha descrit adequadament el problema? Hi ha altres aspectes que considera que haurien de ser valorats per l\u2019Administraci\u00f3 de la Generalitat?<\/p>\n<p>2.- S\u2019haurien de preveure altres objectius diferents?<\/p>\n<p>3.- S\u2019haurien de regular d\u2019altres aspectes que afecten la creaci\u00f3 del Programa de Recerca, la Innovaci\u00f3 pedag\u00f2gica i la Formaci\u00f3 del professorat en l\u2019\u00e0mbit de les STEAM i d\u2019humanitats, i l\u2019estructura organitzativa i el funcionament del centre educatiu i de la xarxa de centres que se\u2019n pugui generar?<\/em><br \/>\n&nbsp;<\/p>\n<p>Des de l&#8217;\u00e0rea d&#8217;Educaci\u00f3 d&#8217;Xnet responem a aquesta consulta des de la perspectiva dels drets digitals i de la digitalitzaci\u00f3 democr\u00e0tica en l&#8217;Educaci\u00f3 i alarmades pel fet que fa uns mesos es va anunciar la creaci\u00f3 de la figura del &#8220;mentor digital&#8221; (suggerida en el Pla de Digitalitzaci\u00f3 2020-2023) sense que, en aquest cas, hi hagu\u00e9s cap consulta p\u00fablica, i la direcci\u00f3 que podria entomar-se \u00e9s preocupant.<br \/>\n<a href=\"https:\/\/www.naciodigital.cat\/noticia\/223187\/educacio-crea-figura-mentor-digital\" rel=\"noopener\" target=\"_blank\">https:\/\/www.naciodigital.cat\/noticia\/223187\/educacio-crea-figura-mentor-digital<\/a><\/p>\n<h4>Des d&#8217;aquesta preocupaci\u00f3, responem a la consulta actual:<\/h4>\n<p>1.- Resposta a la pregunta 1:<br \/>\nLa <strong>cultura digital<\/strong> \u00e9s la cultura dels nostres temps i qualsevol programa comprom\u00e8s amb la just\u00edcia global, els ODS, la dimensi\u00f3 \u00e8tica de la ci\u00e8ncia i la tecnologia i el pensament cr\u00edtic ha d&#8217;incorporar necess\u00e0riament una <strong>perspectiva de digitalitzaci\u00f3 democr\u00e0tica<\/strong> que garanteixi els drets digitals individuals i col\u00b7lectius.<br \/>\n&nbsp;<\/p>\n<p>2.- Resposta a la pregunta 2:<br \/>\nEn la situaci\u00f3 actual, assolir el que indiquem en el punt 1 comen\u00e7a per dues actuacions:<\/p>\n<ul>\n    \t\u2022\tExisteix una tend\u00e8ncia a fer de la comunitat educativa de la recerca una mena de beta-tester de productes tecnol\u00f3gics proposats per empreses tecnol\u00f2giques. Aix\u00f2 succeix de vegades perqu\u00e8 qui decideix les pol\u00edtiques es deixa enlluernar pel m\u00e0rqueting d&#8217;aquestes empreses, d&#8217;altres vegades perqu\u00e8 s\u00f3n els seus patrocinadors pol\u00edtics, i d&#8217;altres per desconeixement del que la tecnologia comporta. El resultat \u00e9s que la comunitat educativa i de la recerca &#8211; i en conseq\u00fc\u00e8ncia la societat &#8211; es transforma en client captiu de productes que ha d&#8217;apendre a utilitzar (amb la p\u00e8rdua de temps que aix\u00f2 comporta) i que, fins i tot, a vegades, ni serveixen ni funcionen. Aix\u00f2 implica, a m\u00e9s, un malbaratament de diners p\u00fablics en favor d&#8217;interessos privats sense cap retorn social. Com succeeix amb els medicaments, la tecnologia &#8220;gen\u00e8rica&#8221; \u00e9s igualment efica\u00e7 i permet a la comunitat fer servir el que realment necessita i canviar-ho amb facilitat en cas que no ho necessiti. En resum: pel que fa als agents i models de participaci\u00f3 de les entitats, institucions i empreses als centres educatius, tant la recerca, com la innovaci\u00f3 i la formaci\u00f3 del professorat <strong>no han de servir com a via de posicionament de producte tecnol\u00f2gics<\/strong>. La Generalitat ha de garantir la independ\u00e8ncia de l&#8217;educaci\u00f3 i la recerca respecte als interessos empresarials i ha de garantir una veritable llibertat d&#8217;elecci\u00f3 del model tecnol\u00f2gic.<\/p>\n<p>\t\u2022\tPel que fa als recursos i infraestructures digitals, <strong>la Generalitat ha de posar els recursos i les infraestructures digitals al centre de la recerca, la innovaci\u00f3 i la formaci\u00f3 del professorat garantint sempre la sobirania de dades de l&#8217;alumnat i el professorat. Aix\u00f2 nom\u00e9s es pot acconseguir si la tecnologia utilitzada \u00e9s de programari auditable, \u00e9s a dir, programari lliure; si els formats s\u00f3n interoperables per evitar clients captius; i si l&#8217;emmagatzemament de dades \u00e9s sobir\u00e0<\/strong>. Invertir en programari que pugui ser reutilitzat i p\u00fablic \u00e9s l&#8217;\u00fanica forma de no malbaratar recursos i que aquests tinguin un retorn social real.<\/ul>\n<p>3.- Resposta a la pregunta 3:<br \/>\nPartint dels problemes enunciats en els punts anteriors i des d&#8217;una perspectiva de drets digitals i digitalitzaci\u00f3 democr\u00e0tica per a la Recerca, la Innovaci\u00f3 pedag\u00f2gica i la Formaci\u00f3 del professorat en l&#8217;\u00e0mbit de les STEAM i les Humanitats, la regulaci\u00f3 hauria d&#8217;implicar i indicar explicitament:<\/p>\n<ul>\n\t\u2022\tL&#8217;obligaci\u00f3 d&#8217;\u00fas d&#8217;eines tecnol\u00f2giques <strong>auditables i interoperables<\/strong> i amb un <strong>\u00fas de les dades sobir\u00e0<\/strong>.<\/p>\n<p>\t\u2022\tQue la formaci\u00f3 no sigui al voltant de productes comercials concrets sin\u00f3 que ofereixi una visi\u00f3 de la tecnologia &#8220;gen\u00e8rica&#8221; per <strong>capacitar en el \u00fas de qualsevol tecnologia sense crear clients captius<\/strong>.<\/p>\n<p>\t\u2022\tQue els drets digitals i la digitalitzaci\u00f3 democr\u00e0tica prevaleixin sempre com a fonament de qualsevol decisi\u00f3.<\/ul>\n<p>&nbsp;<\/p>","protected":false},"excerpt":{"rendered":"<p>https:\/\/participa.gencat.cat\/processes\/ProjSTEAM-Humanitats\/f\/3320\/proposals\/83091?locale=ca &nbsp; La Generalitat ha obert una consulta p\u00fablica pr\u00e8via a l&#8217;elaboraci\u00f3 del projecte de decret STEAM i Humanitats, un decret per crear el Programa d&#8217;Investigaci\u00f3, Innovaci\u00f3 pedag\u00f3gica i Formaci\u00f3 del profesorat en l&#8217;\u00e0mbit de les vocacions cient\u00edfiques i tecnol\u00f2giques, en ingenieria i matem\u00e0tiques (STEAM) i les Humanitats. https:\/\/participa.gencat.cat\/processes\/ProjSTEAM-Humanitats?locale=ca &nbsp; Aquestes s\u00f3n les preguntes de [&hellip;]<\/p>\n","protected":false},"author":15,"featured_media":23575,"comment_status":"closed","ping_status":"closed","sticky":false,"template":"","format":"standard","meta":{"footnotes":""},"categories":[52],"tags":[],"class_list":["post-23572","post","type-post","status-publish","format-standard","has-post-thumbnail","hentry","category-blog","ejes-cultura-libre","ejes-neutralidad-de-la-red","servicios-recomendaciones-de-politicas"],"yoast_head":"<!-- This site is optimized with the Yoast SEO plugin v26.7 - https:\/\/yoast.com\/wordpress\/plugins\/seo\/ -->\n<title>La nostra resposta sobre l&#039;elaboraci\u00f3 del projecte de decret STEAM<\/title>\n<meta name=\"description\" content=\"Responem a la Generalitat des de la perspectiva dels drets digitals sobre l&#039;elaboraci\u00f3 del projecte de decret STEAM i Humanitats.\" \/>\n<meta name=\"robots\" content=\"index, follow, max-snippet:-1, max-image-preview:large, max-video-preview:-1\" \/>\n<link rel=\"canonical\" href=\"https:\/\/dev.xnet-x.net\/ca\/respuesta-xnet-generalitat-proyecto-decreto-steam-humanidades\/\" \/>\n<meta name=\"twitter:label1\" content=\"Written by\" \/>\n\t<meta name=\"twitter:data1\" content=\"Xnet\" \/>\n\t<meta name=\"twitter:label2\" content=\"Est. reading time\" \/>\n\t<meta name=\"twitter:data2\" content=\"4 minutes\" \/>\n<script type=\"application\/ld+json\" class=\"yoast-schema-graph\">{\"@context\":\"https:\/\/schema.org\",\"@graph\":[{\"@type\":\"Article\",\"@id\":\"https:\/\/dev.xnet-x.net\/es\/respuesta-xnet-generalitat-proyecto-decreto-steam-humanidades\/#article\",\"isPartOf\":{\"@id\":\"https:\/\/dev.xnet-x.net\/es\/respuesta-xnet-generalitat-proyecto-decreto-steam-humanidades\/\"},\"author\":{\"name\":\"Xnet\",\"@id\":\"https:\/\/dev.xnet-x.net\/es\/#\/schema\/person\/02880890b95968f2b3bd4cfd79843d49\"},\"headline\":\"Resposta d&#8217;Xnet a la consulta p\u00fablica de la Generalitat sobre l&#8217;elaboraci\u00f3 del projecte de decret STEAM i Humanitats\",\"datePublished\":\"2021-12-07T10:10:24+00:00\",\"dateModified\":\"2024-10-15T14:17:38+00:00\",\"mainEntityOfPage\":{\"@id\":\"https:\/\/dev.xnet-x.net\/es\/respuesta-xnet-generalitat-proyecto-decreto-steam-humanidades\/\"},\"wordCount\":1708,\"publisher\":{\"@id\":\"https:\/\/dev.xnet-x.net\/es\/#organization\"},\"image\":{\"@id\":\"https:\/\/dev.xnet-x.net\/es\/respuesta-xnet-generalitat-proyecto-decreto-steam-humanidades\/#primaryimage\"},\"thumbnailUrl\":\"https:\/\/dev.xnet-x.net\/img\/steam-decret.jpg\",\"articleSection\":[\"Blog - Les nostres accions\"],\"inLanguage\":\"ca-ES\"},{\"@type\":\"WebPage\",\"@id\":\"https:\/\/dev.xnet-x.net\/ca\/respuesta-xnet-generalitat-proyecto-decreto-steam-humanidades\/\",\"url\":\"https:\/\/dev.xnet-x.net\/ca\/respuesta-xnet-generalitat-proyecto-decreto-steam-humanidades\/\",\"name\":\"La nostra resposta sobre l'elaboraci\u00f3 del projecte de decret STEAM\",\"isPartOf\":{\"@id\":\"https:\/\/dev.xnet-x.net\/ca\/#website\"},\"primaryImageOfPage\":{\"@id\":\"https:\/\/dev.xnet-x.net\/ca\/respuesta-xnet-generalitat-proyecto-decreto-steam-humanidades\/#primaryimage\"},\"image\":{\"@id\":\"https:\/\/dev.xnet-x.net\/es\/respuesta-xnet-generalitat-proyecto-decreto-steam-humanidades\/#primaryimage\"},\"thumbnailUrl\":\"https:\/\/dev.xnet-x.net\/img\/steam-decret.jpg\",\"datePublished\":\"2021-12-07T10:10:24+00:00\",\"dateModified\":\"2024-10-15T14:17:38+00:00\",\"description\":\"Responem a la Generalitat des de la perspectiva dels drets digitals sobre l'elaboraci\u00f3 del projecte de decret STEAM i Humanitats.\",\"breadcrumb\":{\"@id\":\"https:\/\/dev.xnet-x.net\/ca\/respuesta-xnet-generalitat-proyecto-decreto-steam-humanidades\/#breadcrumb\"},\"inLanguage\":\"ca-ES\",\"potentialAction\":[{\"@type\":\"ReadAction\",\"target\":[[\"https:\/\/dev.xnet-x.net\/ca\/respuesta-xnet-generalitat-proyecto-decreto-steam-humanidades\/\"]]}]},{\"@type\":\"ImageObject\",\"inLanguage\":\"ca-ES\",\"@id\":\"https:\/\/dev.xnet-x.net\/ca\/respuesta-xnet-generalitat-proyecto-decreto-steam-humanidades\/#primaryimage\",\"url\":\"https:\/\/dev.xnet-x.net\/img\/steam-decret.jpg\",\"contentUrl\":\"https:\/\/dev.xnet-x.net\/img\/steam-decret.jpg\",\"width\":838,\"height\":420},{\"@type\":\"BreadcrumbList\",\"@id\":\"https:\/\/dev.xnet-x.net\/ca\/respuesta-xnet-generalitat-proyecto-decreto-steam-humanidades\/#breadcrumb\",\"itemListElement\":[{\"@type\":\"ListItem\",\"position\":1,\"name\":\"Portada\",\"item\":\"https:\/\/dev.xnet-x.net\/ca\/\"},{\"@type\":\"ListItem\",\"position\":2,\"name\":\"Respuesta de Xnet a la consulta p\u00fablica de la Generalitat sobre la elaboraci\u00f3n del proyecto de decreto STEAM y Humanidades\"}]},{\"@type\":\"WebSite\",\"@id\":\"https:\/\/dev.xnet-x.net\/ca\/#website\",\"url\":\"https:\/\/dev.xnet-x.net\/ca\/\",\"name\":\"[:es]Xnet - Internet, derechos y democracia en la era digital[:ca]Xnet - Internet, drets i democr\u00e0cia en l'era digital[:en]Xnet - Internet freedoms & digital rights[:]\",\"description\":\"Xnet: Internet, informaci\u00f3 i cultura lliures. Tecnopol\u00edtica. Dades, algoritmes i drets digitals. Llibertat d&#039;expressi\u00f3. Democr\u00e0cia i anticorrupci\u00f3\",\"publisher\":{\"@id\":\"https:\/\/dev.xnet-x.net\/ca\/#organization\"},\"potentialAction\":[{\"@type\":\"SearchAction\",\"target\":{\"@type\":\"EntryPoint\",\"urlTemplate\":\"https:\/\/dev.xnet-x.net\/ca\/?s={search_term_string}\"},\"query-input\":{\"@type\":\"PropertyValueSpecification\",\"valueRequired\":true,\"valueName\":\"search_term_string\"}}],\"inLanguage\":\"ca-ES\"},{\"@type\":\"Organization\",\"@id\":\"https:\/\/dev.xnet-x.net\/ca\/#organization\",\"name\":\"Xnet - Internet, drets i democr\u00e0cia en l'era digital\",\"url\":\"https:\/\/dev.xnet-x.net\/ca\/\",\"logo\":{\"@type\":\"ImageObject\",\"inLanguage\":\"ca-ES\",\"@id\":\"https:\/\/dev.xnet-x.net\/ca\/#\/schema\/logo\/image\/\",\"url\":\"https:\/\/xnet-x.net\/img\/xnet-logo.png\",\"contentUrl\":\"https:\/\/xnet-x.net\/img\/xnet-logo.png\",\"width\":512,\"height\":512,\"caption\":\"Xnet - Internet, drets i democr\u00e0cia en l'era digital\"},\"image\":{\"@id\":\"https:\/\/dev.xnet-x.net\/ca\/#\/schema\/logo\/image\/\"},\"sameAs\":[\"http:\/\/facebook.com\/RedX.Net\/\",\"https:\/\/x.com\/x_net_\",\"https:\/\/es.wikipedia.org\/wiki\/Xnet\"]},{\"@type\":\"Person\",\"@id\":\"https:\/\/dev.xnet-x.net\/es\/#\/schema\/person\/02880890b95968f2b3bd4cfd79843d49\",\"name\":\"Xnet\",\"image\":{\"@type\":\"ImageObject\",\"inLanguage\":\"ca-ES\",\"@id\":\"https:\/\/dev.xnet-x.net\/ca\/#\/schema\/person\/image\/\",\"url\":\"https:\/\/secure.gravatar.com\/avatar\/41a61c327d24125228571dadd14748b0afd881e633e6e61518dacc4fef53cc93?s=96&d=mm&r=g\",\"contentUrl\":\"https:\/\/secure.gravatar.com\/avatar\/41a61c327d24125228571dadd14748b0afd881e633e6e61518dacc4fef53cc93?s=96&d=mm&r=g\",\"caption\":\"Xnet\"}}]}<\/script>\n<!-- \/ Yoast SEO plugin. -->","yoast_head_json":{"title":"La nostra resposta sobre l'elaboraci\u00f3 del projecte de decret STEAM","description":"Responem a la Generalitat des de la perspectiva dels drets digitals sobre l'elaboraci\u00f3 del projecte de decret STEAM i Humanitats.","robots":{"index":"index","follow":"follow","max-snippet":"max-snippet:-1","max-image-preview":"max-image-preview:large","max-video-preview":"max-video-preview:-1"},"canonical":"https:\/\/dev.xnet-x.net\/ca\/respuesta-xnet-generalitat-proyecto-decreto-steam-humanidades\/","twitter_misc":{"Written by":"Xnet","Est. reading time":"4 minutes"},"schema":{"@context":"https:\/\/schema.org","@graph":[{"@type":"Article","@id":"https:\/\/dev.xnet-x.net\/es\/respuesta-xnet-generalitat-proyecto-decreto-steam-humanidades\/#article","isPartOf":{"@id":"https:\/\/dev.xnet-x.net\/es\/respuesta-xnet-generalitat-proyecto-decreto-steam-humanidades\/"},"author":{"name":"Xnet","@id":"https:\/\/dev.xnet-x.net\/es\/#\/schema\/person\/02880890b95968f2b3bd4cfd79843d49"},"headline":"Resposta d&#8217;Xnet a la consulta p\u00fablica de la Generalitat sobre l&#8217;elaboraci\u00f3 del projecte de decret STEAM i Humanitats","datePublished":"2021-12-07T10:10:24+00:00","dateModified":"2024-10-15T14:17:38+00:00","mainEntityOfPage":{"@id":"https:\/\/dev.xnet-x.net\/es\/respuesta-xnet-generalitat-proyecto-decreto-steam-humanidades\/"},"wordCount":1708,"publisher":{"@id":"https:\/\/dev.xnet-x.net\/es\/#organization"},"image":{"@id":"https:\/\/dev.xnet-x.net\/es\/respuesta-xnet-generalitat-proyecto-decreto-steam-humanidades\/#primaryimage"},"thumbnailUrl":"https:\/\/dev.xnet-x.net\/img\/steam-decret.jpg","articleSection":["Blog - Les nostres accions"],"inLanguage":"ca-ES"},{"@type":"WebPage","@id":"https:\/\/dev.xnet-x.net\/ca\/respuesta-xnet-generalitat-proyecto-decreto-steam-humanidades\/","url":"https:\/\/dev.xnet-x.net\/ca\/respuesta-xnet-generalitat-proyecto-decreto-steam-humanidades\/","name":"La nostra resposta sobre l'elaboraci\u00f3 del projecte de decret STEAM","isPartOf":{"@id":"https:\/\/dev.xnet-x.net\/ca\/#website"},"primaryImageOfPage":{"@id":"https:\/\/dev.xnet-x.net\/ca\/respuesta-xnet-generalitat-proyecto-decreto-steam-humanidades\/#primaryimage"},"image":{"@id":"https:\/\/dev.xnet-x.net\/es\/respuesta-xnet-generalitat-proyecto-decreto-steam-humanidades\/#primaryimage"},"thumbnailUrl":"https:\/\/dev.xnet-x.net\/img\/steam-decret.jpg","datePublished":"2021-12-07T10:10:24+00:00","dateModified":"2024-10-15T14:17:38+00:00","description":"Responem a la Generalitat des de la perspectiva dels drets digitals sobre l'elaboraci\u00f3 del projecte de decret STEAM i Humanitats.","breadcrumb":{"@id":"https:\/\/dev.xnet-x.net\/ca\/respuesta-xnet-generalitat-proyecto-decreto-steam-humanidades\/#breadcrumb"},"inLanguage":"ca-ES","potentialAction":[{"@type":"ReadAction","target":[["https:\/\/dev.xnet-x.net\/ca\/respuesta-xnet-generalitat-proyecto-decreto-steam-humanidades\/"]]}]},{"@type":"ImageObject","inLanguage":"ca-ES","@id":"https:\/\/dev.xnet-x.net\/ca\/respuesta-xnet-generalitat-proyecto-decreto-steam-humanidades\/#primaryimage","url":"https:\/\/dev.xnet-x.net\/img\/steam-decret.jpg","contentUrl":"https:\/\/dev.xnet-x.net\/img\/steam-decret.jpg","width":838,"height":420},{"@type":"BreadcrumbList","@id":"https:\/\/dev.xnet-x.net\/ca\/respuesta-xnet-generalitat-proyecto-decreto-steam-humanidades\/#breadcrumb","itemListElement":[{"@type":"ListItem","position":1,"name":"Portada","item":"https:\/\/dev.xnet-x.net\/ca\/"},{"@type":"ListItem","position":2,"name":"Respuesta de Xnet a la consulta p\u00fablica de la Generalitat sobre la elaboraci\u00f3n del proyecto de decreto STEAM y Humanidades"}]},{"@type":"WebSite","@id":"https:\/\/dev.xnet-x.net\/ca\/#website","url":"https:\/\/dev.xnet-x.net\/ca\/","name":"[:es]Xnet - Internet, derechos y democracia en la era digital[:ca]Xnet - Internet, drets i democr\u00e0cia en l'era digital[:en]Xnet - Internet freedoms & digital rights[:]","description":"Xnet: Internet, informaci\u00f3 i cultura lliures. Tecnopol\u00edtica. Dades, algoritmes i drets digitals. Llibertat d&#039;expressi\u00f3. Democr\u00e0cia i anticorrupci\u00f3","publisher":{"@id":"https:\/\/dev.xnet-x.net\/ca\/#organization"},"potentialAction":[{"@type":"SearchAction","target":{"@type":"EntryPoint","urlTemplate":"https:\/\/dev.xnet-x.net\/ca\/?s={search_term_string}"},"query-input":{"@type":"PropertyValueSpecification","valueRequired":true,"valueName":"search_term_string"}}],"inLanguage":"ca-ES"},{"@type":"Organization","@id":"https:\/\/dev.xnet-x.net\/ca\/#organization","name":"Xnet - Internet, drets i democr\u00e0cia en l'era digital","url":"https:\/\/dev.xnet-x.net\/ca\/","logo":{"@type":"ImageObject","inLanguage":"ca-ES","@id":"https:\/\/dev.xnet-x.net\/ca\/#\/schema\/logo\/image\/","url":"https:\/\/xnet-x.net\/img\/xnet-logo.png","contentUrl":"https:\/\/xnet-x.net\/img\/xnet-logo.png","width":512,"height":512,"caption":"Xnet - Internet, drets i democr\u00e0cia en l'era digital"},"image":{"@id":"https:\/\/dev.xnet-x.net\/ca\/#\/schema\/logo\/image\/"},"sameAs":["http:\/\/facebook.com\/RedX.Net\/","https:\/\/x.com\/x_net_","https:\/\/es.wikipedia.org\/wiki\/Xnet"]},{"@type":"Person","@id":"https:\/\/dev.xnet-x.net\/es\/#\/schema\/person\/02880890b95968f2b3bd4cfd79843d49","name":"Xnet","image":{"@type":"ImageObject","inLanguage":"ca-ES","@id":"https:\/\/dev.xnet-x.net\/ca\/#\/schema\/person\/image\/","url":"https:\/\/secure.gravatar.com\/avatar\/41a61c327d24125228571dadd14748b0afd881e633e6e61518dacc4fef53cc93?s=96&d=mm&r=g","contentUrl":"https:\/\/secure.gravatar.com\/avatar\/41a61c327d24125228571dadd14748b0afd881e633e6e61518dacc4fef53cc93?s=96&d=mm&r=g","caption":"Xnet"}}]}},"_links":{"self":[{"href":"https:\/\/dev.xnet-x.net\/ca\/wp-json\/wp\/v2\/posts\/23572","targetHints":{"allow":["GET"]}}],"collection":[{"href":"https:\/\/dev.xnet-x.net\/ca\/wp-json\/wp\/v2\/posts"}],"about":[{"href":"https:\/\/dev.xnet-x.net\/ca\/wp-json\/wp\/v2\/types\/post"}],"author":[{"embeddable":true,"href":"https:\/\/dev.xnet-x.net\/ca\/wp-json\/wp\/v2\/users\/15"}],"replies":[{"embeddable":true,"href":"https:\/\/dev.xnet-x.net\/ca\/wp-json\/wp\/v2\/comments?post=23572"}],"version-history":[{"count":12,"href":"https:\/\/dev.xnet-x.net\/ca\/wp-json\/wp\/v2\/posts\/23572\/revisions"}],"predecessor-version":[{"id":23578,"href":"https:\/\/dev.xnet-x.net\/ca\/wp-json\/wp\/v2\/posts\/23572\/revisions\/23578"}],"wp:featuredmedia":[{"embeddable":true,"href":"https:\/\/dev.xnet-x.net\/ca\/wp-json\/wp\/v2\/media\/23575"}],"wp:attachment":[{"href":"https:\/\/dev.xnet-x.net\/ca\/wp-json\/wp\/v2\/media?parent=23572"}],"wp:term":[{"taxonomy":"category","embeddable":true,"href":"https:\/\/dev.xnet-x.net\/ca\/wp-json\/wp\/v2\/categories?post=23572"},{"taxonomy":"post_tag","embeddable":true,"href":"https:\/\/dev.xnet-x.net\/ca\/wp-json\/wp\/v2\/tags?post=23572"}],"curies":[{"name":"wp","href":"https:\/\/api.w.org\/{rel}","templated":true}]}}