{"id":21687,"date":"2021-03-15T10:05:50","date_gmt":"2021-03-15T08:05:50","guid":{"rendered":"https:\/\/xnet-x.net\/?p=21687"},"modified":"2024-10-15T16:14:25","modified_gmt":"2024-10-15T14:14:25","slug":"urgente-listo-el-prototipo-para-digitalizar-los-centros-educativos-sin-usar-google-o-similares","status":"publish","type":"post","link":"https:\/\/dev.xnet-x.net\/ca\/prototip-digitalitzar-centres-educatius-sense-google\/","title":{"rendered":"URGENT &#8211; A punt per l&#8217;abril el prototip per digitalitzar els centres educatius sense usar Google o similars"},"content":{"rendered":"<p><\/p>\n<div style=\"font-size:90%;margin:6px 0;border: 1px solid #e00f2f;padding: 20px 3% 20px\"><em>L\u2019eina creada \u00e9s per a tothom, per\u00f2 els recursos de suport de moment s\u00f3n nom\u00e9s per a Barcelona, encara que estem buscant solucions perqu\u00e8 no sigui aix\u00ed&#8230;<br \/>\nPer als centres que no siguin de Barcelona, \u00e9s important que ens ho diguin igualment perqu\u00e8 puguin veure una demostraci\u00f3 i, si finalment s\u00ed volen fer servir l\u2019eina, buscarem una soluci\u00f3 perqu\u00e8 les institucions els donin suport. Paraula d\u2019Xnet que la buscarem.<br \/>\nL\u2019eina es mostrar\u00e0 en fase beta al maig. El codi definitiu es publicar\u00e0 probablement durant l\u2019estiu.<\/em>\n<\/div>\n<p>&nbsp;<\/p>\n<p>De cara a l&#8217;any escolar 2021-22, \u00e9s URGENT que tot centre o comunitat educativa interessada, prenguin en consideraci\u00f3 <strong>ARA<\/strong> la possibilitat de beneficiar-se dels recursos institucionals actualment mobilitzats gr\u00e0cies al nostre Pla de Digitalitzaci\u00f3 Democr\u00e0tica de l&#8217;Educaci\u00f3 per a adoptar eines digitals democr\u00e0tiques i auditables , que garanteixin la sobirania de les dades dels centres i alternatives a les eines corporatives tipus Google Classroom \/ GoogleSuite. <\/p>\n<p>El Pla de Privacitat i Digitalitzaci\u00f3 Democr\u00e0tica dels Centres Educatius [1] ja en marxa <strong>es podr\u00e0 replicar a les escoles que ho desitgin<\/strong>.<br \/>\n\u00a0<br \/>\nL&#8217;objectiu \u00e9s posar a l\u2019abast dels centres educatius eines digitals que puguin substituir les eines m\u00e9s utilitzades de Google i Microsoft per preservar la sobirania de la informaci\u00f3 que s&#8217;hi diposita i les dades personals que es generen per part de tota la comunitat educativa, a m\u00e9s d&#8217;evitar un aprenentatge que crea clients captius des de molt petits.<\/p>\n<p>Per aix\u00f2 i impulsat per algunes fam\u00edlies afectades, s&#8217;ha posat en marxa per part d&#8217;Xnet &#8211; organitzaci\u00f3 activista de refer\u00e8ncia en drets digitals &#8211; el Pla de Digitalitzaci\u00f3 Democr\u00e0tica dels Centres Educatius [1] que ara tindr\u00e0 un pilot [1] en alguns centres de Barcelona amb la col\u00b7laboraci\u00f3 de la Direcci\u00f3 d&#8217;Innovaci\u00f3 Democr\u00e0tica de l&#8217;Ajuntament de Barcelona, la Direcci\u00f3 d&#8217;Innovaci\u00f3 Digital de l&#8217;Ajuntament de Barcelona i el Consorci d&#8217;Educaci\u00f3. Aquest Pla des de el seu comen\u00e7ament t\u00e9 el suport de l&#8217;AFFAC, de l&#8217;USTEC i del SEPC.<\/p>\n<p>Aquest pilot donar\u00e0 ja el seus fruits a l&#8217;abril. Aix\u00f2 significa que els centres interessats podran veure un prototip funcionant a l&#8217;abril.<br \/>\nA m\u00e9s, a Barcelona podran aprofitar el suport i recursos de l&#8217;Ajuntament per adopotar la nova eina per l&#8217;any 2021-22.<br \/>\n\u00c9s important aprofitar el suport i recursos institucionals ARA.<\/p>\n<p><strong>Les escoles que hi estiguin interessades, per tal que puguin disposar del suport necessari, ho haurien de fer saber, com a m\u00e0xim, durant el mes d\u2019abril.<\/strong><\/p>\n<p>La posada en pr\u00e0ctica d&#8217;aquesta estructura, &#8211; que en el cas de Barcelona inclou <strong>formaci\u00f3 i assessorament permanent<\/strong>, i que estem treballant per ampliar-la a tot Catalunya i m\u00e9s -, <strong>no implica cap comprom\u00eds<\/strong> per part dels centres participants, <strong>no \u00e9s una migraci\u00f3 immediata<\/strong> ja que no comporta la desaparici\u00f3 de el sistema de qu\u00e8 ja es disposa i, a m\u00e9s, es pot prescindir en qualsevol moment si cal <\/p>\n<p>Si us plau, no us doneu per ven\u00e7uts. Ara hi ha possibilitats per a recuperar el terreny perdut i reconquistar la dignitat de l&#8217;educaci\u00f3 en l&#8217;era digital. \u00c9s ara o mai m\u00e9s. Sigueu part d&#8217;aquesta r-evoluci\u00f3.<\/p>\n<p>\u00c9s important aconseguir per a l&#8217;abril l&#8217;aprovaci\u00f3 dels centres per a introduir el prototip (sense canviar res del que s&#8217;est\u00e0 fent, ni les eines ni els protocols).<\/p>\n<p>Els centres o AFAs interessades amb possibilitat i amb voluntat d&#8217;implementaci\u00f3 confirmada, contacteu Xnet a <a href=\"mailto:contact@xnet-x.net\" rel=\"noopener noreferrer\" target=\"_blank\">contact@xnet-x.net<\/a><br \/>\n&nbsp;<\/p>\n<p>[1] M\u00e9s informacions<br \/>\nPla de Digitalitzaci\u00f3 Democr\u00e0tica dels Centres Educatius:<br \/>\n<a href=\"https:\/\/xnet-x.net\/ca\/privacitat-dades-digitalitzacio-democratica-educacio-sense-google\/\" rel=\"noopener noreferrer\" target=\"_blank\">https:\/\/xnet-x.net\/ca\/privacitat-dades-digitalitzacio-democratica-educacio-sense-google\/<\/a><\/p>\n<p>Quins problemes hi ha amb Google en els centres educatius:<br \/>\n<a href=\"https:\/\/xnet-x.net\/ca\/no-autoritzar-google-suite-escoles\/\" rel=\"noopener noreferrer\" target=\"_blank\">https:\/\/xnet-x.net\/ca\/no-autoritzar-google-suite-escoles\/<\/a><\/p>\n<p>Pilot:<br \/>\n<a href=\"https:\/\/www.elperiodico.cat\/ca\/barcelona\/20201211\/escoles-desbancar-google-educacioacute-barcelona-11359081\" rel=\"noopener noreferrer\" target=\"_blank\">https:\/\/www.elperiodico.cat\/ca\/barcelona\/20201211\/escoles-desbancar-google-educacioacute-barcelona-11359081<\/a><\/p>\n<p><a href=\"https:\/\/xnet-x.net\/ca\/pla-digitalitzacio-democratica-educacio-pilot-barcelona\/\" rel=\"noopener noreferrer\" target=\"_blank\">https:\/\/xnet-x.net\/ca\/pla-digitalitzacio-democratica-educacio-pilot-barcelona\/<\/a><\/p>\n<p>&nbsp;<\/p>\n<p>M\u00e9s informaci\u00f3:<br \/>\n\u2022 <a href=\"https:\/\/xnet-x.net\/ca\/presentem-dd-eina-digitalitzacio-democratica-educacio\/\" rel=\"noopener\" target=\"_blank\">Us presentem DD: l\u2019eina per a la Digitalitzaci\u00f3 Democr\u00e0tica de l\u2019Educaci\u00f3<\/a><br \/>\n\u2022 <a href=\"https:\/\/xnet-x.net\/ca\/privacitat-dades-digitalitzacio-democratica-educacio-sense-google\/\" rel=\"noopener\" target=\"_blank\">Pla per a la Privacitat de Dades i la Digitalitzaci\u00f3 Democr\u00e0tica de l\u2019Educaci\u00f3<\/a><br \/>\n\u2022 <a href=\"https:\/\/xnet-x.net\/ca\/no-autoritzar-google-suite-escoles\/\" rel=\"noopener\" target=\"_blank\">No signeu l\u2019autoritzaci\u00f3 per utilitzar Google Suite a les escoles<\/a><br \/>\n\u2022 <a href=\"https:\/\/xnet-x.net\/ca\/pla-digitalitzacio-democratica-educacio-pilot-barcelona\/\" rel=\"noopener\" target=\"_blank\">El Pla de Digitalitzaci\u00f3 Democr\u00e0tica de l\u2019Educaci\u00f3 d\u2019Xnet tindr\u00e0 el seu primer pilot a Barcelona<\/a><\/p>","protected":false},"excerpt":{"rendered":"<p>.@X_net_ anuncia que ja est\u00e0 a punt el prototip per adoptar eines digitals democr\u00e0tiques en l&#8217;educaci\u00f3 alternatives a #Google. Que la teva escola sigui un exemple!<\/p>\n","protected":false},"author":15,"featured_media":21790,"comment_status":"closed","ping_status":"closed","sticky":false,"template":"","format":"standard","meta":{"footnotes":""},"categories":[52],"tags":[],"class_list":["post-21687","post","type-post","status-publish","format-standard","has-post-thumbnail","hentry","category-blog","ejes-cultura-libre","ejes-neutralidad-de-la-red","servicios-recomendaciones-de-politicas"],"yoast_head":"<!-- This site is optimized with the Yoast SEO plugin v26.7 - https:\/\/yoast.com\/wordpress\/plugins\/seo\/ -->\n<title>A punt el prototip per digitalitzar els centres educatius sense Google<\/title>\n<meta name=\"description\" content=\"(Es) Tenemos listo el prototipo para adoptar herramientas digitales democr\u00e1ticas y auditables en las escuelas, alternativas a Google.:ca}Enllestit el prototip per adoptar eines digitals democr\u00e0tiques i auditables a les escoles, alternatives a les corporatives de Google.\" \/>\n<meta name=\"robots\" content=\"index, follow, max-snippet:-1, max-image-preview:large, max-video-preview:-1\" \/>\n<link rel=\"canonical\" href=\"https:\/\/dev.xnet-x.net\/ca\/prototipo-digitalizar-centros-educativos-sin-google\/\" \/>\n<meta name=\"twitter:label1\" content=\"Written by\" \/>\n\t<meta name=\"twitter:data1\" content=\"Xnet\" \/>\n\t<meta name=\"twitter:label2\" content=\"Est. reading time\" \/>\n\t<meta name=\"twitter:data2\" content=\"4 minutes\" \/>\n<script type=\"application\/ld+json\" class=\"yoast-schema-graph\">{\"@context\":\"https:\/\/schema.org\",\"@graph\":[{\"@type\":\"Article\",\"@id\":\"https:\/\/dev.xnet-x.net\/es\/prototipo-digitalizar-centros-educativos-sin-google\/#article\",\"isPartOf\":{\"@id\":\"https:\/\/dev.xnet-x.net\/es\/prototipo-digitalizar-centros-educativos-sin-google\/\"},\"author\":{\"name\":\"Xnet\",\"@id\":\"https:\/\/dev.xnet-x.net\/es\/#\/schema\/person\/02880890b95968f2b3bd4cfd79843d49\"},\"headline\":\"URGENT &#8211; A punt per l&#8217;abril el prototip per digitalitzar els centres educatius sense usar Google o similars\",\"datePublished\":\"2021-03-15T08:05:50+00:00\",\"dateModified\":\"2024-10-15T14:14:25+00:00\",\"mainEntityOfPage\":{\"@id\":\"https:\/\/dev.xnet-x.net\/es\/prototipo-digitalizar-centros-educativos-sin-google\/\"},\"wordCount\":1447,\"publisher\":{\"@id\":\"https:\/\/dev.xnet-x.net\/es\/#organization\"},\"image\":{\"@id\":\"https:\/\/dev.xnet-x.net\/es\/prototipo-digitalizar-centros-educativos-sin-google\/#primaryimage\"},\"thumbnailUrl\":\"https:\/\/dev.xnet-x.net\/img\/educacion-prototipo.jpg\",\"articleSection\":[\"Blog - Les nostres accions\"],\"inLanguage\":\"ca-ES\"},{\"@type\":\"WebPage\",\"@id\":\"https:\/\/dev.xnet-x.net\/ca\/prototipo-digitalizar-centros-educativos-sin-google\/\",\"url\":\"https:\/\/dev.xnet-x.net\/ca\/prototipo-digitalizar-centros-educativos-sin-google\/\",\"name\":\"A punt el prototip per digitalitzar els centres educatius sense Google\",\"isPartOf\":{\"@id\":\"https:\/\/dev.xnet-x.net\/ca\/#website\"},\"primaryImageOfPage\":{\"@id\":\"https:\/\/dev.xnet-x.net\/ca\/prototipo-digitalizar-centros-educativos-sin-google\/#primaryimage\"},\"image\":{\"@id\":\"https:\/\/dev.xnet-x.net\/es\/prototipo-digitalizar-centros-educativos-sin-google\/#primaryimage\"},\"thumbnailUrl\":\"https:\/\/dev.xnet-x.net\/img\/educacion-prototipo.jpg\",\"datePublished\":\"2021-03-15T08:05:50+00:00\",\"dateModified\":\"2024-10-15T14:14:25+00:00\",\"description\":\"(Es) Tenemos listo el prototipo para adoptar herramientas digitales democr\u00e1ticas y auditables en las escuelas, alternativas a Google.:ca}Enllestit el prototip per adoptar eines digitals democr\u00e0tiques i auditables a les escoles, alternatives a les corporatives de Google.\",\"breadcrumb\":{\"@id\":\"https:\/\/dev.xnet-x.net\/ca\/prototipo-digitalizar-centros-educativos-sin-google\/#breadcrumb\"},\"inLanguage\":\"ca-ES\",\"potentialAction\":[{\"@type\":\"ReadAction\",\"target\":[[\"https:\/\/dev.xnet-x.net\/ca\/prototipo-digitalizar-centros-educativos-sin-google\/\"]]}]},{\"@type\":\"ImageObject\",\"inLanguage\":\"ca-ES\",\"@id\":\"https:\/\/dev.xnet-x.net\/ca\/prototipo-digitalizar-centros-educativos-sin-google\/#primaryimage\",\"url\":\"https:\/\/dev.xnet-x.net\/img\/educacion-prototipo.jpg\",\"contentUrl\":\"https:\/\/dev.xnet-x.net\/img\/educacion-prototipo.jpg\",\"width\":838,\"height\":420},{\"@type\":\"BreadcrumbList\",\"@id\":\"https:\/\/dev.xnet-x.net\/ca\/prototipo-digitalizar-centros-educativos-sin-google\/#breadcrumb\",\"itemListElement\":[{\"@type\":\"ListItem\",\"position\":1,\"name\":\"Portada\",\"item\":\"https:\/\/dev.xnet-x.net\/ca\/\"},{\"@type\":\"ListItem\",\"position\":2,\"name\":\"URGENTE \u2013 Listo en abril el prototipo para digitalizar los centros educativos sin usar Google o similares\"}]},{\"@type\":\"WebSite\",\"@id\":\"https:\/\/dev.xnet-x.net\/ca\/#website\",\"url\":\"https:\/\/dev.xnet-x.net\/ca\/\",\"name\":\"[:es]Xnet - Internet, derechos y democracia en la era digital[:ca]Xnet - Internet, drets i democr\u00e0cia en l'era digital[:en]Xnet - Internet freedoms & digital rights[:]\",\"description\":\"Xnet: Internet, informaci\u00f3 i cultura lliures. Tecnopol\u00edtica. Dades, algoritmes i drets digitals. Llibertat d&#039;expressi\u00f3. Democr\u00e0cia i anticorrupci\u00f3\",\"publisher\":{\"@id\":\"https:\/\/dev.xnet-x.net\/ca\/#organization\"},\"potentialAction\":[{\"@type\":\"SearchAction\",\"target\":{\"@type\":\"EntryPoint\",\"urlTemplate\":\"https:\/\/dev.xnet-x.net\/ca\/?s={search_term_string}\"},\"query-input\":{\"@type\":\"PropertyValueSpecification\",\"valueRequired\":true,\"valueName\":\"search_term_string\"}}],\"inLanguage\":\"ca-ES\"},{\"@type\":\"Organization\",\"@id\":\"https:\/\/dev.xnet-x.net\/ca\/#organization\",\"name\":\"Xnet - Internet, drets i democr\u00e0cia en l'era digital\",\"url\":\"https:\/\/dev.xnet-x.net\/ca\/\",\"logo\":{\"@type\":\"ImageObject\",\"inLanguage\":\"ca-ES\",\"@id\":\"https:\/\/dev.xnet-x.net\/ca\/#\/schema\/logo\/image\/\",\"url\":\"https:\/\/xnet-x.net\/img\/xnet-logo.png\",\"contentUrl\":\"https:\/\/xnet-x.net\/img\/xnet-logo.png\",\"width\":512,\"height\":512,\"caption\":\"Xnet - Internet, drets i democr\u00e0cia en l'era digital\"},\"image\":{\"@id\":\"https:\/\/dev.xnet-x.net\/ca\/#\/schema\/logo\/image\/\"},\"sameAs\":[\"http:\/\/facebook.com\/RedX.Net\/\",\"https:\/\/x.com\/x_net_\",\"https:\/\/es.wikipedia.org\/wiki\/Xnet\"]},{\"@type\":\"Person\",\"@id\":\"https:\/\/dev.xnet-x.net\/es\/#\/schema\/person\/02880890b95968f2b3bd4cfd79843d49\",\"name\":\"Xnet\",\"image\":{\"@type\":\"ImageObject\",\"inLanguage\":\"ca-ES\",\"@id\":\"https:\/\/dev.xnet-x.net\/ca\/#\/schema\/person\/image\/\",\"url\":\"https:\/\/secure.gravatar.com\/avatar\/41a61c327d24125228571dadd14748b0afd881e633e6e61518dacc4fef53cc93?s=96&d=mm&r=g\",\"contentUrl\":\"https:\/\/secure.gravatar.com\/avatar\/41a61c327d24125228571dadd14748b0afd881e633e6e61518dacc4fef53cc93?s=96&d=mm&r=g\",\"caption\":\"Xnet\"}}]}<\/script>\n<!-- \/ Yoast SEO plugin. -->","yoast_head_json":{"title":"A punt el prototip per digitalitzar els centres educatius sense Google","description":"(Es) Tenemos listo el prototipo para adoptar herramientas digitales democr\u00e1ticas y auditables en las escuelas, alternativas a Google.:ca}Enllestit el prototip per adoptar eines digitals democr\u00e0tiques i auditables a les escoles, alternatives a les corporatives de Google.","robots":{"index":"index","follow":"follow","max-snippet":"max-snippet:-1","max-image-preview":"max-image-preview:large","max-video-preview":"max-video-preview:-1"},"canonical":"https:\/\/dev.xnet-x.net\/ca\/prototipo-digitalizar-centros-educativos-sin-google\/","twitter_misc":{"Written by":"Xnet","Est. reading time":"4 minutes"},"schema":{"@context":"https:\/\/schema.org","@graph":[{"@type":"Article","@id":"https:\/\/dev.xnet-x.net\/es\/prototipo-digitalizar-centros-educativos-sin-google\/#article","isPartOf":{"@id":"https:\/\/dev.xnet-x.net\/es\/prototipo-digitalizar-centros-educativos-sin-google\/"},"author":{"name":"Xnet","@id":"https:\/\/dev.xnet-x.net\/es\/#\/schema\/person\/02880890b95968f2b3bd4cfd79843d49"},"headline":"URGENT &#8211; A punt per l&#8217;abril el prototip per digitalitzar els centres educatius sense usar Google o similars","datePublished":"2021-03-15T08:05:50+00:00","dateModified":"2024-10-15T14:14:25+00:00","mainEntityOfPage":{"@id":"https:\/\/dev.xnet-x.net\/es\/prototipo-digitalizar-centros-educativos-sin-google\/"},"wordCount":1447,"publisher":{"@id":"https:\/\/dev.xnet-x.net\/es\/#organization"},"image":{"@id":"https:\/\/dev.xnet-x.net\/es\/prototipo-digitalizar-centros-educativos-sin-google\/#primaryimage"},"thumbnailUrl":"https:\/\/dev.xnet-x.net\/img\/educacion-prototipo.jpg","articleSection":["Blog - Les nostres accions"],"inLanguage":"ca-ES"},{"@type":"WebPage","@id":"https:\/\/dev.xnet-x.net\/ca\/prototipo-digitalizar-centros-educativos-sin-google\/","url":"https:\/\/dev.xnet-x.net\/ca\/prototipo-digitalizar-centros-educativos-sin-google\/","name":"A punt el prototip per digitalitzar els centres educatius sense Google","isPartOf":{"@id":"https:\/\/dev.xnet-x.net\/ca\/#website"},"primaryImageOfPage":{"@id":"https:\/\/dev.xnet-x.net\/ca\/prototipo-digitalizar-centros-educativos-sin-google\/#primaryimage"},"image":{"@id":"https:\/\/dev.xnet-x.net\/es\/prototipo-digitalizar-centros-educativos-sin-google\/#primaryimage"},"thumbnailUrl":"https:\/\/dev.xnet-x.net\/img\/educacion-prototipo.jpg","datePublished":"2021-03-15T08:05:50+00:00","dateModified":"2024-10-15T14:14:25+00:00","description":"(Es) Tenemos listo el prototipo para adoptar herramientas digitales democr\u00e1ticas y auditables en las escuelas, alternativas a Google.:ca}Enllestit el prototip per adoptar eines digitals democr\u00e0tiques i auditables a les escoles, alternatives a les corporatives de Google.","breadcrumb":{"@id":"https:\/\/dev.xnet-x.net\/ca\/prototipo-digitalizar-centros-educativos-sin-google\/#breadcrumb"},"inLanguage":"ca-ES","potentialAction":[{"@type":"ReadAction","target":[["https:\/\/dev.xnet-x.net\/ca\/prototipo-digitalizar-centros-educativos-sin-google\/"]]}]},{"@type":"ImageObject","inLanguage":"ca-ES","@id":"https:\/\/dev.xnet-x.net\/ca\/prototipo-digitalizar-centros-educativos-sin-google\/#primaryimage","url":"https:\/\/dev.xnet-x.net\/img\/educacion-prototipo.jpg","contentUrl":"https:\/\/dev.xnet-x.net\/img\/educacion-prototipo.jpg","width":838,"height":420},{"@type":"BreadcrumbList","@id":"https:\/\/dev.xnet-x.net\/ca\/prototipo-digitalizar-centros-educativos-sin-google\/#breadcrumb","itemListElement":[{"@type":"ListItem","position":1,"name":"Portada","item":"https:\/\/dev.xnet-x.net\/ca\/"},{"@type":"ListItem","position":2,"name":"URGENTE \u2013 Listo en abril el prototipo para digitalizar los centros educativos sin usar Google o similares"}]},{"@type":"WebSite","@id":"https:\/\/dev.xnet-x.net\/ca\/#website","url":"https:\/\/dev.xnet-x.net\/ca\/","name":"[:es]Xnet - Internet, derechos y democracia en la era digital[:ca]Xnet - Internet, drets i democr\u00e0cia en l'era digital[:en]Xnet - Internet freedoms & digital rights[:]","description":"Xnet: Internet, informaci\u00f3 i cultura lliures. Tecnopol\u00edtica. Dades, algoritmes i drets digitals. Llibertat d&#039;expressi\u00f3. Democr\u00e0cia i anticorrupci\u00f3","publisher":{"@id":"https:\/\/dev.xnet-x.net\/ca\/#organization"},"potentialAction":[{"@type":"SearchAction","target":{"@type":"EntryPoint","urlTemplate":"https:\/\/dev.xnet-x.net\/ca\/?s={search_term_string}"},"query-input":{"@type":"PropertyValueSpecification","valueRequired":true,"valueName":"search_term_string"}}],"inLanguage":"ca-ES"},{"@type":"Organization","@id":"https:\/\/dev.xnet-x.net\/ca\/#organization","name":"Xnet - Internet, drets i democr\u00e0cia en l'era digital","url":"https:\/\/dev.xnet-x.net\/ca\/","logo":{"@type":"ImageObject","inLanguage":"ca-ES","@id":"https:\/\/dev.xnet-x.net\/ca\/#\/schema\/logo\/image\/","url":"https:\/\/xnet-x.net\/img\/xnet-logo.png","contentUrl":"https:\/\/xnet-x.net\/img\/xnet-logo.png","width":512,"height":512,"caption":"Xnet - Internet, drets i democr\u00e0cia en l'era digital"},"image":{"@id":"https:\/\/dev.xnet-x.net\/ca\/#\/schema\/logo\/image\/"},"sameAs":["http:\/\/facebook.com\/RedX.Net\/","https:\/\/x.com\/x_net_","https:\/\/es.wikipedia.org\/wiki\/Xnet"]},{"@type":"Person","@id":"https:\/\/dev.xnet-x.net\/es\/#\/schema\/person\/02880890b95968f2b3bd4cfd79843d49","name":"Xnet","image":{"@type":"ImageObject","inLanguage":"ca-ES","@id":"https:\/\/dev.xnet-x.net\/ca\/#\/schema\/person\/image\/","url":"https:\/\/secure.gravatar.com\/avatar\/41a61c327d24125228571dadd14748b0afd881e633e6e61518dacc4fef53cc93?s=96&d=mm&r=g","contentUrl":"https:\/\/secure.gravatar.com\/avatar\/41a61c327d24125228571dadd14748b0afd881e633e6e61518dacc4fef53cc93?s=96&d=mm&r=g","caption":"Xnet"}}]}},"_links":{"self":[{"href":"https:\/\/dev.xnet-x.net\/ca\/wp-json\/wp\/v2\/posts\/21687","targetHints":{"allow":["GET"]}}],"collection":[{"href":"https:\/\/dev.xnet-x.net\/ca\/wp-json\/wp\/v2\/posts"}],"about":[{"href":"https:\/\/dev.xnet-x.net\/ca\/wp-json\/wp\/v2\/types\/post"}],"author":[{"embeddable":true,"href":"https:\/\/dev.xnet-x.net\/ca\/wp-json\/wp\/v2\/users\/15"}],"replies":[{"embeddable":true,"href":"https:\/\/dev.xnet-x.net\/ca\/wp-json\/wp\/v2\/comments?post=21687"}],"version-history":[{"count":20,"href":"https:\/\/dev.xnet-x.net\/ca\/wp-json\/wp\/v2\/posts\/21687\/revisions"}],"predecessor-version":[{"id":21796,"href":"https:\/\/dev.xnet-x.net\/ca\/wp-json\/wp\/v2\/posts\/21687\/revisions\/21796"}],"wp:featuredmedia":[{"embeddable":true,"href":"https:\/\/dev.xnet-x.net\/ca\/wp-json\/wp\/v2\/media\/21790"}],"wp:attachment":[{"href":"https:\/\/dev.xnet-x.net\/ca\/wp-json\/wp\/v2\/media?parent=21687"}],"wp:term":[{"taxonomy":"category","embeddable":true,"href":"https:\/\/dev.xnet-x.net\/ca\/wp-json\/wp\/v2\/categories?post=21687"},{"taxonomy":"post_tag","embeddable":true,"href":"https:\/\/dev.xnet-x.net\/ca\/wp-json\/wp\/v2\/tags?post=21687"}],"curies":[{"name":"wp","href":"https:\/\/api.w.org\/{rel}","templated":true}]}}