{"id":1849,"date":"2010-11-16T13:19:46","date_gmt":"2010-11-16T12:19:46","guid":{"rendered":"http:\/\/la-ex.net\/?p=1849"},"modified":"2016-08-24T16:17:06","modified_gmt":"2016-08-24T15:17:06","slug":"no-mas-pasta-la-cara-pide-la-devolucion-del-canon-copia-privada","status":"publish","type":"post","link":"https:\/\/dev.xnet-x.net\/ca\/devolucion-canon-por-copia-privada\/","title":{"rendered":"No M\u00e9s Pasta Per La Cara: demana la devoluci\u00f3 del C\u00e0non per C\u00f2pia Privada"},"content":{"rendered":"<p>[Per falta de temps i recursos, la traducci\u00f3 al catal\u00e0 d&#8217;aquesta web no est\u00e0 acabada. Si trobes interessants alguns dels nostres documents i tens temps de traduir-los, ens ho pot enviar (si us plau, reproduint la maquetaci\u00f3). Moltes gr\u00e0cies!]<\/p>\n<p><strong>Pagas canon digital por hacer copias privadas.<\/strong><\/p>\n<p><em><strong>COPIA PRIVADA:<\/strong> La que realizas en tu \u00e1mbito dom\u00e9stico de una obra, para uso privado y sin animo de lucro.<\/em><\/p>\n<p><strong>\u00bfQui\u00e9n pact\u00f3 las tarifas del canon digital que pagamos? <\/strong>El Ministerio de Cultura en nombre de las entidades privadas de gesti\u00f3n y el Ministerio de Industria.<\/p>\n<p><strong>\u00bfCual es la cantidad que las entidades de gesti\u00f3n han exigido al gobierno anualmente para compensar \u201cesas\u201d copias privadas?<\/strong> 100 millones de euros<\/p>\n<p><strong>\u00bfQu\u00e9 informe, estudio o documentaci\u00f3n han aportado las entidades de gesti\u00f3n para avalar esa petici\u00f3n? <\/strong>Ninguno.<\/p>\n<p><strong>\u00bfC\u00f3mo se ha calculado el canon digital que pagamos todos?<\/strong> Repartiendo los 100 millones de euros entre la previsi\u00f3n de venta anual de los art\u00edculos afectados.<\/p>\n<p><strong>\u00bfQui\u00e9n aport\u00f3 el dato de esa previsi\u00f3n? <\/strong>El Ministerio de Industria.<\/p>\n<p><strong>\u00bfQu\u00e9 cantidad, por ejemplo, de discos duros ha declarado el Ministerio de Industria que se vender\u00e1n en Espa\u00f1a en todo un a\u00f1o?<\/strong> 27.000 unidades (esta cifra la supera la venta de un solo distribuidor &#8211; mayorista)<\/p>\n<p><strong>\u00bfQu\u00e9 significa este detallito?<\/strong> Que adem\u00e1s de no justificar los 100 millones exigidos por las entidades, el Ministerio de Industria aport\u00f3 datos inexactos que provocan que el canon por unidad sea m\u00e1s elevado.<\/p>\n<p><strong>\u00bfSe consult\u00f3 a alg\u00fan representante de los afectados por el pago del canon digital?<\/strong> El Consejo de Consumidores emiti\u00f3 un informe en el que valoraba la mala imagen de las entidades, la opacidad en su contabilidad, la repercusi\u00f3n econ\u00f3mica del canon digital para los ciudadanos, la ausencia de menci\u00f3n a las licencias libres\u2026Pero la orden ministerial sigui\u00f3 adelante.<\/p>\n<p><strong>\u00bfQu\u00e9 pasa si SGAE recauda m\u00e1s de 100 millones de euros?<\/strong> Nada, la orden ministerial recoge que si se recauda 1 euro de menos las tarifas se revisaran al alza y que si se recaudan hasta 7 millones de euros de mas\u2026santa Rita Rita.<\/p>\n<p><strong>\u00bfC\u00f3mo sabemos lo que SGAE recauda?<\/strong> Imposible, solo sabemos lo que SGAE declara y le interesa declarar.<\/p>\n<p>Pretenden que pagues canon digital por lo que se descarga y piratea, al tiempo que los beneficiarios de ese canon dicen que les robamos. Da igual que pagues canon cada vez que realizas tus compras, da igual que hagas copias privadas o no de obras incluidas en el repertorio limitado de SGAE, da igual que vuelvas a pagarlo cada vez que se hace uso de, por ejemplo, una fotocopiadora que est\u00e9 situada en una administraci\u00f3n p\u00fablica, lugar de trabajo o centro de estudios. Da igual que el Ministerio de Cultura conceda subvenciones (dinero p\u00fablico) para la realizaci\u00f3n de pel\u00edculas o espect\u00e1culos, da igual que las administraciones p\u00fablicas alimenten con canon pagado con dinero de todos a entidades privadas, da igual\u2026ellos siguen diciendo que les robamos.<\/p>\n<p>Mientras que a pesar de beneficiarse de un sistema que pagamos entre todos no dudan en insultarnos, hay artistas que han llegado a la conclusi\u00f3n de que les resultar\u00eda mas beneficioso dejar de pagar canon digital a esperar a cobrar (el que lo cobre) unas monedas al a\u00f1o, adem\u00e1s de librarse de la verg\u00fcenza de pertenecer a la entidad mas odiada por los ciudadanos.<\/p>\n<p>Ahora por favor, piensa un poco en que es la Copia Privada por la que pagas.<\/p>\n<p>Sinceramente:<\/p>\n<ul>\n<li><strong>\u00bfCrees que cada copia privada ha de compensar la perdida de una venta?<\/strong><\/li>\n<li><strong>\u00bfCrees que cada vez que pagas canon digital le est\u00e1 llegando ese dinero a los artistas?<\/strong><\/li>\n<li><strong> \u00bfCrees que es justo pagar siempre por el derecho ha hacer copia privada aunque\u2026jam\u00e1s la hagas?<\/strong><\/li>\n<li><strong> \u00bfTe hubiera parecido bien pagar canon digital por libretas, folios, l\u00e1pices y bol\u00edgrafos?<\/strong><\/li>\n<\/ul>\n<p>Si a todo esto has respondido que<strong> NO<\/strong> a la siguiente pregunta seguro que responder\u00e1s que SI.<\/p>\n<ul>\n<li>\u00bfCrees que con el canon digital se est\u00e1 compensando la ineptitud e incapacidad de una industria para evolucionar y adaptarse a las nuevas tecnolog\u00edas?<\/li>\n<\/ul>\n<p>Seamos m\u00e1s duros:<\/p>\n<ul>\n<li> \u00bfCrees que con el canon digital se est\u00e1 alimentando el sistema de unas entidades privadas que defienden p\u00e9simamente los intereses de sus socios y que obstaculizan la difusi\u00f3n de la Cultura?<\/li>\n<\/ul>\n<p>Estamos en un punto que debemos presionar para que NO se vuelvan a pactar cuestiones que nos afectan sin nosotros, sin testigos y sin que las partes documenten y sometan a examen todas sus peticiones y pretensiones\u2026<\/p>\n<p><strong>\u00a1NO MAS 100 MILLONES DE EUROS POR LA FACE!<\/strong><\/p>\n<p>Debemos hablar de nuevo de la Copia Privada en nuestra era\u2026 <strong> <\/strong><\/p>\n<p><strong>\u00a1NO MAS COMPENSACION POR UNA FIGURA SIN DUE\u00d1O, QUE SE EXTINGUE COMO DA\u00d1O Y QUE SE DIFUMINA EN EL USO COTIDIANO! <\/strong><\/p>\n<p>Y mientras tanto\u2026 ahora ya, puedes reclamar lo que has pagado por las Copias Privadas que NO has hecho.<\/p>\n<p><strong>Ana Mar\u00eda M\u00e9ndez.<\/strong><\/p>\n<h4><a style=\"color: #d20459;\" title=\"Como y qui\u00e9n puede reclamar el Canon Digital\" href=\"\/como-reclamar-el-canon\" target=\"_blank\"><strong>\u00a1\u00a1\u00a1<\/strong><strong>Solicita la devoluci\u00f3n del importe pagado por el canon digital!<\/strong><strong>!!<\/strong><\/a><\/h4>\n<p><a href=\"\/herramientas\/modelo-de-reclamacion-canon\" target=\"_blank\">Modelo de Reclamaci\u00f3n del Canon Digital<\/a><br \/>\n<a title=\"Sentencia del Tribunal Europeo sobre la aplicaci\u00f3n del Canon en Espa\u00f1a\" href=\"\/canon-digital-espanol-ilegal\">La sentencia sobre el canon digital se discutir\u00e1 desde la sociedad civil <\/a>: \u00bfQu\u00e9 implica la sentencia del Tribunal de Justicia relativa a la aplicaci\u00f3n del Canon por copia privada en Espa\u00f1a?<\/p>","protected":false},"excerpt":{"rendered":"<p class=\"qtranxs-available-languages-message qtranxs-available-languages-message-ca\">Ho sento, per\u00f2 aquesta entrada nom\u00e9s est\u00e0 disponible en <a href=\"https:\/\/dev.xnet-x.net\/es\/wp-json\/wp\/v2\/posts\/1849\" class=\"qtranxs-available-language-link qtranxs-available-language-link-es\" title=\"Es\">Es<\/a>.<\/p>\n","protected":false},"author":5,"featured_media":0,"comment_status":"closed","ping_status":"closed","sticky":false,"template":"","format":"standard","meta":{"footnotes":""},"categories":[52],"tags":[],"class_list":["post-1849","post","type-post","status-publish","format-standard","hentry","category-blog","ejes-cultura-libre"],"yoast_head":"<!-- This site is optimized with the Yoast SEO plugin v26.7 - https:\/\/yoast.com\/wordpress\/plugins\/seo\/ -->\n<title>No M\u00e1s Pasta Por La Cara: pide devoluci\u00f3n del Canon por Copia Privada<\/title>\n<meta name=\"description\" content=\"Pagas canon digital por hacer copias privadas. COPIA PRIVADA: La que realizas en tu \u00e1mbito dom\u00e9stico de una obra, para uso privado y sin animo de lucro.\" \/>\n<meta name=\"robots\" content=\"index, follow, max-snippet:-1, max-image-preview:large, max-video-preview:-1\" \/>\n<link rel=\"canonical\" href=\"https:\/\/dev.xnet-x.net\/ca\/devolucion-canon-por-copia-privada\/\" \/>\n<meta name=\"twitter:label1\" content=\"Written by\" \/>\n\t<meta name=\"twitter:data1\" content=\"Xnet\" \/>\n\t<meta name=\"twitter:label2\" content=\"Est. reading time\" \/>\n\t<meta name=\"twitter:data2\" content=\"9 minutes\" \/>\n<script type=\"application\/ld+json\" class=\"yoast-schema-graph\">{\"@context\":\"https:\/\/schema.org\",\"@graph\":[{\"@type\":\"Article\",\"@id\":\"https:\/\/dev.xnet-x.net\/ca\/devolucion-canon-por-copia-privada\/#article\",\"isPartOf\":{\"@id\":\"https:\/\/dev.xnet-x.net\/ca\/devolucion-canon-por-copia-privada\/\"},\"author\":{\"name\":\"Xnet\",\"@id\":\"https:\/\/dev.xnet-x.net\/es\/#\/schema\/person\/919c7ab500254f012b3e8975a5cf2bc3\"},\"headline\":\"No M\u00e9s Pasta Per La Cara: demana la devoluci\u00f3 del C\u00e0non per C\u00f2pia Privada\",\"datePublished\":\"2010-11-16T12:19:46+00:00\",\"dateModified\":\"2016-08-24T15:17:06+00:00\",\"mainEntityOfPage\":{\"@id\":\"https:\/\/dev.xnet-x.net\/ca\/devolucion-canon-por-copia-privada\/\"},\"wordCount\":1778,\"publisher\":{\"@id\":\"https:\/\/dev.xnet-x.net\/es\/#organization\"},\"articleSection\":[\"Blog - Les nostres accions\"],\"inLanguage\":\"ca-ES\"},{\"@type\":\"WebPage\",\"@id\":\"https:\/\/dev.xnet-x.net\/ca\/devolucion-canon-por-copia-privada\/\",\"url\":\"https:\/\/dev.xnet-x.net\/ca\/devolucion-canon-por-copia-privada\/\",\"name\":\"No M\u00e1s Pasta Por La Cara: pide devoluci\u00f3n del Canon por Copia Privada\",\"isPartOf\":{\"@id\":\"https:\/\/dev.xnet-x.net\/ca\/#website\"},\"datePublished\":\"2010-11-16T12:19:46+00:00\",\"dateModified\":\"2016-08-24T15:17:06+00:00\",\"description\":\"Pagas canon digital por hacer copias privadas. COPIA PRIVADA: La que realizas en tu \u00e1mbito dom\u00e9stico de una obra, para uso privado y sin animo de lucro.\",\"breadcrumb\":{\"@id\":\"https:\/\/dev.xnet-x.net\/ca\/devolucion-canon-por-copia-privada\/#breadcrumb\"},\"inLanguage\":\"ca-ES\",\"potentialAction\":[{\"@type\":\"ReadAction\",\"target\":[[\"https:\/\/dev.xnet-x.net\/ca\/devolucion-canon-por-copia-privada\/\"]]}]},{\"@type\":\"BreadcrumbList\",\"@id\":\"https:\/\/dev.xnet-x.net\/ca\/devolucion-canon-por-copia-privada\/#breadcrumb\",\"itemListElement\":[{\"@type\":\"ListItem\",\"position\":1,\"name\":\"Portada\",\"item\":\"https:\/\/dev.xnet-x.net\/ca\/\"},{\"@type\":\"ListItem\",\"position\":2,\"name\":\"No M\u00e9s Pasta Per La Cara: demana la devoluci\u00f3 del C\u00e0non per C\u00f2pia Privada\"}]},{\"@type\":\"WebSite\",\"@id\":\"https:\/\/dev.xnet-x.net\/ca\/#website\",\"url\":\"https:\/\/dev.xnet-x.net\/ca\/\",\"name\":\"[:es]Xnet - Internet, derechos y democracia en la era digital[:ca]Xnet - Internet, drets i democr\u00e0cia en l'era digital[:en]Xnet - Internet freedoms & digital rights[:]\",\"description\":\"Xnet: Internet, informaci\u00f3 i cultura lliures. Tecnopol\u00edtica. Dades, algoritmes i drets digitals. Llibertat d&#039;expressi\u00f3. Democr\u00e0cia i anticorrupci\u00f3\",\"publisher\":{\"@id\":\"https:\/\/dev.xnet-x.net\/ca\/#organization\"},\"potentialAction\":[{\"@type\":\"SearchAction\",\"target\":{\"@type\":\"EntryPoint\",\"urlTemplate\":\"https:\/\/dev.xnet-x.net\/ca\/?s={search_term_string}\"},\"query-input\":{\"@type\":\"PropertyValueSpecification\",\"valueRequired\":true,\"valueName\":\"search_term_string\"}}],\"inLanguage\":\"ca-ES\"},{\"@type\":\"Organization\",\"@id\":\"https:\/\/dev.xnet-x.net\/ca\/#organization\",\"name\":\"Xnet - Internet, drets i democr\u00e0cia en l'era digital\",\"url\":\"https:\/\/dev.xnet-x.net\/ca\/\",\"logo\":{\"@type\":\"ImageObject\",\"inLanguage\":\"ca-ES\",\"@id\":\"https:\/\/dev.xnet-x.net\/ca\/#\/schema\/logo\/image\/\",\"url\":\"https:\/\/xnet-x.net\/img\/xnet-logo.png\",\"contentUrl\":\"https:\/\/xnet-x.net\/img\/xnet-logo.png\",\"width\":512,\"height\":512,\"caption\":\"Xnet - Internet, drets i democr\u00e0cia en l'era digital\"},\"image\":{\"@id\":\"https:\/\/dev.xnet-x.net\/ca\/#\/schema\/logo\/image\/\"},\"sameAs\":[\"http:\/\/facebook.com\/RedX.Net\/\",\"https:\/\/x.com\/x_net_\",\"https:\/\/es.wikipedia.org\/wiki\/Xnet\"]},{\"@type\":\"Person\",\"@id\":\"https:\/\/dev.xnet-x.net\/es\/#\/schema\/person\/919c7ab500254f012b3e8975a5cf2bc3\",\"name\":\"Xnet\",\"image\":{\"@type\":\"ImageObject\",\"inLanguage\":\"ca-ES\",\"@id\":\"https:\/\/dev.xnet-x.net\/ca\/#\/schema\/person\/image\/\",\"url\":\"https:\/\/secure.gravatar.com\/avatar\/8b8563db88d55a25627c485761032c68d19ec6fbca59b20305af9bd0e10cb624?s=96&d=mm&r=g\",\"contentUrl\":\"https:\/\/secure.gravatar.com\/avatar\/8b8563db88d55a25627c485761032c68d19ec6fbca59b20305af9bd0e10cb624?s=96&d=mm&r=g\",\"caption\":\"Xnet\"}}]}<\/script>\n<!-- \/ Yoast SEO plugin. -->","yoast_head_json":{"title":"No M\u00e1s Pasta Por La Cara: pide devoluci\u00f3n del Canon por Copia Privada","description":"Pagas canon digital por hacer copias privadas. COPIA PRIVADA: La que realizas en tu \u00e1mbito dom\u00e9stico de una obra, para uso privado y sin animo de lucro.","robots":{"index":"index","follow":"follow","max-snippet":"max-snippet:-1","max-image-preview":"max-image-preview:large","max-video-preview":"max-video-preview:-1"},"canonical":"https:\/\/dev.xnet-x.net\/ca\/devolucion-canon-por-copia-privada\/","twitter_misc":{"Written by":"Xnet","Est. reading time":"9 minutes"},"schema":{"@context":"https:\/\/schema.org","@graph":[{"@type":"Article","@id":"https:\/\/dev.xnet-x.net\/ca\/devolucion-canon-por-copia-privada\/#article","isPartOf":{"@id":"https:\/\/dev.xnet-x.net\/ca\/devolucion-canon-por-copia-privada\/"},"author":{"name":"Xnet","@id":"https:\/\/dev.xnet-x.net\/es\/#\/schema\/person\/919c7ab500254f012b3e8975a5cf2bc3"},"headline":"No M\u00e9s Pasta Per La Cara: demana la devoluci\u00f3 del C\u00e0non per C\u00f2pia Privada","datePublished":"2010-11-16T12:19:46+00:00","dateModified":"2016-08-24T15:17:06+00:00","mainEntityOfPage":{"@id":"https:\/\/dev.xnet-x.net\/ca\/devolucion-canon-por-copia-privada\/"},"wordCount":1778,"publisher":{"@id":"https:\/\/dev.xnet-x.net\/es\/#organization"},"articleSection":["Blog - Les nostres accions"],"inLanguage":"ca-ES"},{"@type":"WebPage","@id":"https:\/\/dev.xnet-x.net\/ca\/devolucion-canon-por-copia-privada\/","url":"https:\/\/dev.xnet-x.net\/ca\/devolucion-canon-por-copia-privada\/","name":"No M\u00e1s Pasta Por La Cara: pide devoluci\u00f3n del Canon por Copia Privada","isPartOf":{"@id":"https:\/\/dev.xnet-x.net\/ca\/#website"},"datePublished":"2010-11-16T12:19:46+00:00","dateModified":"2016-08-24T15:17:06+00:00","description":"Pagas canon digital por hacer copias privadas. COPIA PRIVADA: La que realizas en tu \u00e1mbito dom\u00e9stico de una obra, para uso privado y sin animo de lucro.","breadcrumb":{"@id":"https:\/\/dev.xnet-x.net\/ca\/devolucion-canon-por-copia-privada\/#breadcrumb"},"inLanguage":"ca-ES","potentialAction":[{"@type":"ReadAction","target":[["https:\/\/dev.xnet-x.net\/ca\/devolucion-canon-por-copia-privada\/"]]}]},{"@type":"BreadcrumbList","@id":"https:\/\/dev.xnet-x.net\/ca\/devolucion-canon-por-copia-privada\/#breadcrumb","itemListElement":[{"@type":"ListItem","position":1,"name":"Portada","item":"https:\/\/dev.xnet-x.net\/ca\/"},{"@type":"ListItem","position":2,"name":"No M\u00e9s Pasta Per La Cara: demana la devoluci\u00f3 del C\u00e0non per C\u00f2pia Privada"}]},{"@type":"WebSite","@id":"https:\/\/dev.xnet-x.net\/ca\/#website","url":"https:\/\/dev.xnet-x.net\/ca\/","name":"[:es]Xnet - Internet, derechos y democracia en la era digital[:ca]Xnet - Internet, drets i democr\u00e0cia en l'era digital[:en]Xnet - Internet freedoms & digital rights[:]","description":"Xnet: Internet, informaci\u00f3 i cultura lliures. Tecnopol\u00edtica. Dades, algoritmes i drets digitals. Llibertat d&#039;expressi\u00f3. Democr\u00e0cia i anticorrupci\u00f3","publisher":{"@id":"https:\/\/dev.xnet-x.net\/ca\/#organization"},"potentialAction":[{"@type":"SearchAction","target":{"@type":"EntryPoint","urlTemplate":"https:\/\/dev.xnet-x.net\/ca\/?s={search_term_string}"},"query-input":{"@type":"PropertyValueSpecification","valueRequired":true,"valueName":"search_term_string"}}],"inLanguage":"ca-ES"},{"@type":"Organization","@id":"https:\/\/dev.xnet-x.net\/ca\/#organization","name":"Xnet - Internet, drets i democr\u00e0cia en l'era digital","url":"https:\/\/dev.xnet-x.net\/ca\/","logo":{"@type":"ImageObject","inLanguage":"ca-ES","@id":"https:\/\/dev.xnet-x.net\/ca\/#\/schema\/logo\/image\/","url":"https:\/\/xnet-x.net\/img\/xnet-logo.png","contentUrl":"https:\/\/xnet-x.net\/img\/xnet-logo.png","width":512,"height":512,"caption":"Xnet - Internet, drets i democr\u00e0cia en l'era digital"},"image":{"@id":"https:\/\/dev.xnet-x.net\/ca\/#\/schema\/logo\/image\/"},"sameAs":["http:\/\/facebook.com\/RedX.Net\/","https:\/\/x.com\/x_net_","https:\/\/es.wikipedia.org\/wiki\/Xnet"]},{"@type":"Person","@id":"https:\/\/dev.xnet-x.net\/es\/#\/schema\/person\/919c7ab500254f012b3e8975a5cf2bc3","name":"Xnet","image":{"@type":"ImageObject","inLanguage":"ca-ES","@id":"https:\/\/dev.xnet-x.net\/ca\/#\/schema\/person\/image\/","url":"https:\/\/secure.gravatar.com\/avatar\/8b8563db88d55a25627c485761032c68d19ec6fbca59b20305af9bd0e10cb624?s=96&d=mm&r=g","contentUrl":"https:\/\/secure.gravatar.com\/avatar\/8b8563db88d55a25627c485761032c68d19ec6fbca59b20305af9bd0e10cb624?s=96&d=mm&r=g","caption":"Xnet"}}]}},"_links":{"self":[{"href":"https:\/\/dev.xnet-x.net\/ca\/wp-json\/wp\/v2\/posts\/1849","targetHints":{"allow":["GET"]}}],"collection":[{"href":"https:\/\/dev.xnet-x.net\/ca\/wp-json\/wp\/v2\/posts"}],"about":[{"href":"https:\/\/dev.xnet-x.net\/ca\/wp-json\/wp\/v2\/types\/post"}],"author":[{"embeddable":true,"href":"https:\/\/dev.xnet-x.net\/ca\/wp-json\/wp\/v2\/users\/5"}],"replies":[{"embeddable":true,"href":"https:\/\/dev.xnet-x.net\/ca\/wp-json\/wp\/v2\/comments?post=1849"}],"version-history":[{"count":5,"href":"https:\/\/dev.xnet-x.net\/ca\/wp-json\/wp\/v2\/posts\/1849\/revisions"}],"predecessor-version":[{"id":10423,"href":"https:\/\/dev.xnet-x.net\/ca\/wp-json\/wp\/v2\/posts\/1849\/revisions\/10423"}],"wp:attachment":[{"href":"https:\/\/dev.xnet-x.net\/ca\/wp-json\/wp\/v2\/media?parent=1849"}],"wp:term":[{"taxonomy":"category","embeddable":true,"href":"https:\/\/dev.xnet-x.net\/ca\/wp-json\/wp\/v2\/categories?post=1849"},{"taxonomy":"post_tag","embeddable":true,"href":"https:\/\/dev.xnet-x.net\/ca\/wp-json\/wp\/v2\/tags?post=1849"}],"curies":[{"name":"wp","href":"https:\/\/api.w.org\/{rel}","templated":true}]}}