{"id":17563,"date":"2025-09-13T14:00:11","date_gmt":"2025-09-13T12:00:11","guid":{"rendered":"https:\/\/xnet-x.net\/?p=17563"},"modified":"2025-09-14T18:55:12","modified_gmt":"2025-09-14T16:55:12","slug":"xnet-y-asufin-alertan-del-peligro-para-los-derechos-de-los-consumidores-si-la-ue-impide-la-accion-colectiva","status":"publish","type":"post","link":"https:\/\/dev.xnet-x.net\/ca\/xnet-adverteix-perill-drets-consumidors-si-ue-impedeix-accio-colectiva\/","title":{"rendered":"Xnet adverteix del perill per als drets dels consumidors si la UE impedeix l&#8217;acci\u00f3 col\u00b7lectiva"},"content":{"rendered":"<p><\/p>\n<div style=\"font-size:100%;margin:6px 0;border: 1px solid #e00f2f;padding: 20px 5% 10px\">\nACTUALITZACI\u00d3 13 SETEMBRE 2025<\/p>\n<blockquote class=\"twitter-tweet\">\n<p lang=\"es\" dir=\"ltr\">Apreciado <a href=\"https:\/\/twitter.com\/MSocialGob?ref_src=twsrc%5Etfw\">@MSocialGob<\/a>,<\/p>\n<p>Les contamos una historia (1\/3).<\/p>\n<p>\u00c9rase una vez (2020) una Directiva de Consumo UE nueva que, desde nuestra experiencia desvelando <a href=\"https:\/\/twitter.com\/hashtag\/tarjetasBlack?src=hash&amp;ref_src=twsrc%5Etfw\">#tarjetasBlack<\/a> <a href=\"https:\/\/twitter.com\/hashtag\/CasoBankia?src=hash&amp;ref_src=twsrc%5Etfw\">#CasoBankia<\/a>, criticamos por no facilitar acciones ciudadanas similares a la nuestras&#8230; <a href=\"https:\/\/t.co\/QJle7XqPoT\">pic.twitter.com\/QJle7XqPoT<\/a><\/p>\n<p>&mdash; Xnet &#8211; Instituto para Digitalizaci\u00f3n Democr\u00e1tica (@X_net_) <a href=\"https:\/\/twitter.com\/X_net_\/status\/1966895091236098414?ref_src=twsrc%5Etfw\">September 13, 2025<\/a><\/p><\/blockquote>\n<p> <script async src=\"https:\/\/platform.twitter.com\/widgets.js\" charset=\"utf-8\"><\/script> <\/p>\n<blockquote class=\"twitter-tweet\">\n<p lang=\"es\" dir=\"ltr\">(2\/3) Aqu\u00ed los motivos de la cr\u00edtica-&gt;<a href=\"https:\/\/t.co\/DAECB4BKMz\">https:\/\/t.co\/DAECB4BKMz<\/a><\/p>\n<p>Incluso propusimos como arreglarlo (2018, s\u00ed, somos previsoras :)) -&gt;<a href=\"https:\/\/t.co\/sn4bheglA3\">https:\/\/t.co\/sn4bheglA3<\/a><\/p>\n<p>Desde entonces estamos esperando que se transponga en Espa\u00f1a para ver si en la transposici\u00f3n podemos corregir sus defectos. <a href=\"https:\/\/t.co\/bnwAchpDsI\">pic.twitter.com\/bnwAchpDsI<\/a><\/p>\n<p>&mdash; Xnet &#8211; Instituto para Digitalizaci\u00f3n Democr\u00e1tica (@X_net_) <a href=\"https:\/\/twitter.com\/X_net_\/status\/1966895118582940058?ref_src=twsrc%5Etfw\">September 13, 2025<\/a><\/p><\/blockquote>\n<p> <script async src=\"https:\/\/platform.twitter.com\/widgets.js\" charset=\"utf-8\"><\/script> <\/p>\n<blockquote class=\"twitter-tweet\">\n<p lang=\"es\" dir=\"ltr\">(3\/3) Pero nuuunca llega la hora. Como pueden ver, Espa\u00f1a va rezagada de unos 3 a\u00f1os.<\/p>\n<p>\u00bfNos pueden contactar, lo arreglamos y le damos un empujoncito junt*s?<br \/>\u00a1Gracias de antemano! <a href=\"https:\/\/t.co\/fRVzPctJ9x\">pic.twitter.com\/fRVzPctJ9x<\/a><\/p>\n<p>&mdash; Xnet &#8211; Instituto para Digitalizaci\u00f3n Democr\u00e1tica (@X_net_) <a href=\"https:\/\/twitter.com\/X_net_\/status\/1966895144877146164?ref_src=twsrc%5Etfw\">September 13, 2025<\/a><\/p><\/blockquote>\n<p> <script async src=\"https:\/\/platform.twitter.com\/widgets.js\" charset=\"utf-8\"><\/script>\n<\/div>\n<p>&nbsp;<\/p>\n<p>POST ORIGINAL 9 DE GENER 2020<\/p>\n<p style=\"text-align: center;font-size:120%;\"><strong>&#8220;Un Nou Acord per als Consumidors a Europa&#8221; &#8211; Una oportunitat perduda per garantir la defensa col\u00b7lectiva dels consumidors i ciutadans?<\/strong><\/p>\n<div style=\"font-size:100%;margin:6px 0;border: 1px solid #e00f2f;padding: 20px 5% 10px\"><strong>El prop\u00f2sit d&#8217;aquest document \u00e9s el d&#8217;establir un marc de discussi\u00f3 al voltant del dret dels ciutadans a auto-organitzar-se per dur a terme accions col\u00b7lectives independents tant en els Estats Membre com a nivell transnacional, en el context de la propera Directiva relativa a les Accions de Representaci\u00f3 per a la Protecci\u00f3 dels Interessos Col\u00b7lectius dels Consumidors &#8211; 2018\/0089 (COD)<\/p>\n<p>I, m\u00e9s important encara, en vista de la intenci\u00f3 expressada per la Comissi\u00f3 Europea de &#8220;<em>garantir m\u00e9s drets per als consumidors per\u00f2 evitant l&#8217;ab\u00fas<\/em>&#8220;, pretenem reivindicar l&#8217;acc\u00e9s a la tutela judicial efectiva i la llibertat d&#8217;associaci\u00f3 per a la fi de la defensa col\u00b7lectiva a nivell europeu com els dos pilars b\u00e0sics en qu\u00e8 hauria de sustentar-se la futura Directiva europea.<\/strong><\/div>\n<p>&nbsp;<\/p>\n<p>La Comissi\u00f3 Europea va presentar el seu projecte capital per &#8220;Un Nou Marc per als Consumidors&#8221; (New Deal for Consumers) en el seu discurs sobre l&#8217;estat de la Uni\u00f3 del 13 de Setembre de 2017.<\/p>\n<p>Aquest paquet regulador, que inclo\u00efa una proposta de Directiva per a les accions de representaci\u00f3 per a la protecci\u00f3 dels interessos col\u00b7lectius dels consumidors, va ser presentada com una gran fita en l&#8217;acc\u00e9s a la just\u00edcia i el rescabalament per a grups nombrosos de ciutadans afectats en un mateix cas. La Comissi\u00f3 va presentar aquesta iniciativa com una soluci\u00f3 per a aquells ciutadans que, per diverses raons, normalment no litigar\u00edan (excessiu cost, expectativa incerta de vict\u00f2ria en els tribunals davant les grans corporacions) i especialment per a les jurisdiccions europees que encara no compten amb figures legals que ho permetin de forma eficient. La Comissi\u00f3 va citar l&#8217;esc\u00e0ndol del Dieselgate com a exemple de la impossibilitat per als compradors de cotxes per executar accions col\u00b7lectives en la major part de pa\u00efsos de la UE.<\/p>\n<p>La Directiva proposta estableix que els estats membres han de designar un nombre <strong>limitat<\/strong> d&#8217;entitats habilitades que tindran exclusivitat en el r\u00e8gim d&#8217;acci\u00f3 col\u00b7lectiva proposat per la UE a nivell nacional. Aquesta \u00e9s una directiva de &#8220;m\u00ednima transposici\u00f3&#8221;: per a aquells pa\u00efsos de la UE que ja tinguin sistemes d&#8217;acci\u00f3 col\u00b7lectiva -els quals, per cert, en general ja permeten el seu llan\u00e7ament nom\u00e9s a associacions de consumidors; a destacar pa\u00efsos com It\u00e0lia, B\u00e8lgica o Espanya- aquests pa\u00efsos han de preservar els seus sistemes existents a nivell nacional, els quals coexistiran amb un nou r\u00e8gim com\u00fa a tots els pa\u00efsos de la UE.<\/p>\n<p>En aquest sentit, ens preocupa especialment que es tanqui la possibilitat de donar solucions m\u00e9s \u00e0gils al permetre nom\u00e9s a un nombre <strong>limitat<\/strong> d&#8217;entitats la legitimaci\u00f3 de representar un gran nombre de ciutadans. La proposta Directiva 2018\/0089\/COD de la Comissi\u00f3 podria haver estat una gran oportunitat per tallar els buits de la multitud de sistemes col\u00b7lectius nacionals existents -fins al moment, nom\u00e9s el sistema portugu\u00e8s concedeix als seus ciutadans un bon acc\u00e9s a l&#8217;acci\u00f3 col\u00b7lectiva- alhora que estendre l&#8217;acci\u00f3 col\u00b7lectiva a la resta de les jurisdiccions europees que encara no comptin amb els mateixos.<\/p>\n<p>No obstant aix\u00f2, una de les q\u00fcestions claus per a la Comissi\u00f3 en la seva proposta era la de &#8220;prevenir el litigi abusiu&#8221;, tal com s&#8217;expressa en el seu document &#8220;<em>The New Deal for Consumers &#8211; How will the new Collective Redress mechanism work?<\/em>&#8220;, p\u00e0gina 2. per &#8220;litigi abusiu&#8221; s&#8217;ent\u00e9n sobretot les accions de grans bufets d&#8217;advocats que poden acumular casos per portar la pressi\u00f3 sobre certes empreses fins a formes que s&#8217;aproximen m\u00e9s al xantatge, que a la recerca de just\u00edcia. Creiem que la present redacci\u00f3 de l&#8217;esborrany de la Comissi\u00f3 Europea, justament preocupada pels extrems de sistema de litigi nord-americ\u00e0, per\u00f2 produeix un greuge a Europa &#8211; on aquest sistema no existeix &#8211; <strong>impedint a grups d&#8217;afectats unir-se de forma NO permanent<\/strong> en una \u00fanica causa que a m\u00e9s contribuiria a resoldre el col\u00b7lapse dels jutjats &#8211; actualment els bufets nom\u00e9s poden acumular causes i no unificar-les. Creiem igualment <strong>viciat limitar el nombre d&#8217;organitzacions autoritzades<\/strong> a portar a les corporacions als tribunals en representaci\u00f3 de grups de ciutadans o consumidors.<\/p>\n<p>A m\u00e9s de la nostra preocupaci\u00f3 general relativa a les restriccions per a la societat civil de litigi en els cas d&#8217;ab\u00fas corporatiu, en vista de la proposta original de la Comissi\u00f3, la posici\u00f3 final adoptada pel Parlament Europeu adoptat a Estrasburg en vot plenari el 26 de Mar\u00e7 de 2019 en la nostra opini\u00f3 promou un enfocament encara m\u00e9s restrictiu. Segons la nostra an\u00e0lisi, la posici\u00f3 de Parlament implica:<\/p>\n<p><strong>\u2022 Una limitaci\u00f3 injustificada<\/strong> de l&#8217;acc\u00e9s a la representaci\u00f3 col\u00b7lectiva per part de la societat civil, i de manera m\u00e9s destacada a activistes i agrupacions ad hoc; i una limitaci\u00f3 en general al dret de lliure associaci\u00f3 per a la defensa col\u00b7lectiva dels drets ciutadans.<\/p>\n<p><strong>\u2022<\/strong> A m\u00e9s, la Comissi\u00f3 parla de cooperaci\u00f3 transnacional entre institucions, per\u00f2 no de col\u00b7laboraci\u00f3 entre entitats o fins i tot de legitimaci\u00f3 per actuar en altres Estats Membre. Efectivament, s&#8217;hauria de contemplar la possibilitat que una entitat amb legitimaci\u00f3 per presentar accions col\u00b7lectives <strong>pogu\u00e9s actuar en qualsevol Estat Membre i acollir afectats de qualsevol Estat membre o que afectats per abusos transnacionals<\/strong> (com el Dieselgate) <strong>puguin unir-se ad hoc<\/strong> de forma transnacional per litigar.<\/p>\n<p><strong>\u2022<\/strong> Finalment, perqu\u00e8 les accions col\u00b7lectives siguin realment efectives i no es produeixin dilacions indegudes, els tribunals hauran de dotar-se de mitjans humans i materials. <strong>Una just\u00edcia lenta, no \u00e9s just\u00edcia<\/strong>. \u00c9s per aix\u00f2 que proposem un l\u00edmit m\u00e0xim per a la resoluci\u00f3 dels casos.<br \/>\n&nbsp;<\/p>\n<p>Per tant, fem una crida perqu\u00e8 a la Tr\u00edlogos s&#8217;advoqui per una Directiva que garanteixi els drets dels ciutadans europeus a un sistema d&#8217;acci\u00f3 col\u00b7lectiva basat en els seg\u00fcents principis cabdals:<\/p>\n<div style=\"font-size:100%;margin:6px 0;border: 1px solid #e00f2f;padding: 20px 5% 10px\">\n<p style=\"text-align: center;\">PROPOSTA<\/p>\n<p>1. LEGITIMACI\u00d3 DE LA SOCIETAT CIVIL.- Co-exist\u00e8ncia entre les associacions tradicionals de consumidors i <strong>plataformes ciutadanes &#8220;ad hoc&#8221; de car\u00e0cter temporal per a l&#8217;objectiu de l&#8217;acci\u00f3 col\u00b7lectiva<\/strong>. Aquestes \u00faltimes, per descomptat, no persistiran despr\u00e9s del tancament del cas; pel que el seu objectiu limitat redueix radicalment la possibilitat de mala conducta o ab\u00fas.<\/p>\n<p>2. COOPERACI\u00d3 TRANSNACIONAL &#8211; Permetre tant a les associacions de consumidors com a les plataformes d&#8217;afectats acollir ciutadans de qualsevol estat membre i tenir legitimaci\u00f3 per actuar en qualsevol Estat membre.<\/p>\n<p>3. L\u00cdMIT TEMPORAL &#8211; Per garantir la tutela judicial efectiva.<\/p><\/div>\n<p>&nbsp;<\/p>\n<p>Signa el present document:<\/p>\n<p><strong>\u2022 Xnet<\/strong>, plataforma activista per a la millora democr\u00e0tica en l&#8217;era digital (<a href=\"https:\/\/xnet-x.net\/ca\/\" rel=\"noopener noreferrer\" target=\"_blank\">https:\/\/xnet-x.net\/<\/a>)<\/p>\n<p>Aquest document ha estat preparat en col\u00b7laboraci\u00f3 amb Juan Manuel Viver, consultor en protecci\u00f3 del consumidor financer i actualment membre en representaci\u00f3 de consumidors en el Grup Consultiu de l&#8217;Autoritat Europea de Borses i Mercats (SMSG).<\/p>\n<p><strong>Exemple:<\/strong><br \/>\n&#8211; Proposta de llei dels signants a considerar com a exemple pr\u00e0ctic per a la millor comprensi\u00f3 de les possibilitats que es plantegen:<br \/>\n<a href=\"https:\/\/xnet-x.net\/ley-demandas-colectivas-acumuladas\/\" rel=\"noopener noreferrer\" target=\"_blank\">https:\/\/xnet-x.net\/ley-demandas-colectivas-acumuladas\/<\/a><br \/>\n&nbsp;<\/p>\n<p><strong><span style=\"text-decoration:underline\">Fonts:<\/span><\/strong> <\/p>\n<p><em>&#8211; European Commission Press release on the New Deal for Consumers, 11 April 2018:<\/em><br \/>\n<a href=\"http:\/\/europa.eu\/rapid\/press-release_IP-18-3041_en.htm\" rel=\"noopener noreferrer\" target=\"_blank\">http:\/\/europa.eu\/rapid\/press-release_IP-18-3041_en.htm <\/a><\/p>\n<p><em>&#8211; The New Deal for Consumers &#8211; How will the new Collective redress mechanism work? European Commission, April 2018<\/em><br \/>\n<a href=\"https:\/\/ec.europa.eu\/info\/sites\/info\/files\/ndc_factsheet4_redress_mechanism.pdf\" rel=\"noopener noreferrer\" target=\"_blank\">https:\/\/ec.europa.eu\/info\/sites\/info\/files\/ndc_factsheet4_redress_mechanism.pdf<\/a> <\/p>\n<p><em>&#8211; European Commission Proposal for Directive on representative actions for the protection of the collective interests of consumers <\/em><br \/>\n<a href=\"https:\/\/eur-lex.europa.eu\/legal-content\/EN\/TXT\/HTML\/?uri=CELEX:52018PC0184&#038;from=EN\" rel=\"noopener noreferrer\" target=\"_blank\">https:\/\/eur-lex.europa.eu\/legal-content\/EN\/TXT\/HTML\/?uri=CELEX:52018PC0184&#038;from=EN <\/a><\/p>\n<p><em>&#8211; European Parliament final position on the Directive on representative actions for the protection of the collective interests of consumers<\/em><br \/>\n<a href=\"http:\/\/www.europarl.europa.eu\/sides\/getDoc.do?type=TA&#038;language=EN&#038;reference=P8-TA-2019-0222\" rel=\"noopener noreferrer\" target=\"_blank\">http:\/\/www.europarl.europa.eu\/sides\/getDoc.do?type=TA&#038;language=EN&#038;reference=P8-TA-2019-0222 <\/a><\/p>\n<p><em>&#8211; Proposal for a DIRECTIVE OF THE EUROPEAN PARLIAMENT AND OF THE COUNCIL on representative actions for the protection of the collective interests of consumers, and repealing Directive 2009\/22\/EC<\/em><br \/>\n<a href=\"https:\/\/eur-lex.europa.eu\/legal-content\/EN\/TXT\/PDF\/?uri=CONSIL:ST_14600_2019_INIT&#038;from=EN\" rel=\"noopener noreferrer\" target=\"_blank\">https:\/\/eur-lex.europa.eu\/legal-content\/EN\/TXT\/PDF\/?uri=CONSIL:ST_14600_2019_INIT&#038;from=EN<\/a><\/p>","protected":false},"excerpt":{"rendered":"<p>.@X_net_ alerta del perill per als drets dels consumidors si la UE impedeix les demandes col\u00b7lectives<\/p>\n","protected":false},"author":15,"featured_media":17576,"comment_status":"closed","ping_status":"closed","sticky":false,"template":"","format":"standard","meta":{"footnotes":""},"categories":[52],"tags":[],"class_list":["post-17563","post","type-post","status-publish","format-standard","has-post-thumbnail","hentry","category-blog","ejes-tecnopolitica-hacktivismo-artivismo","servicios-recomendaciones-de-politicas"],"yoast_head":"<!-- This site is optimized with the Yoast SEO plugin v26.7 - https:\/\/yoast.com\/wordpress\/plugins\/seo\/ -->\n<title>Perill per als drets dels consumidors si UE impedeix demandes col\u00b7lectives<\/title>\n<meta name=\"description\" content=\"Xnet adverteix del perill per als drets dels consumidors si la UE impedeix l&#039;acci\u00f3 col\u00b7lectiva. Oportunitat perduda de redre\u00e7ar els drets dels consumidors?\" \/>\n<meta name=\"robots\" content=\"index, follow, max-snippet:-1, max-image-preview:large, max-video-preview:-1\" \/>\n<link rel=\"canonical\" href=\"https:\/\/dev.xnet-x.net\/ca\/xnet-advierte-peligro-para-derechos-consumidore-si-ue-impide-accion-colectiva\/\" \/>\n<meta name=\"twitter:label1\" content=\"Written by\" \/>\n\t<meta name=\"twitter:data1\" content=\"Xnet\" \/>\n\t<meta name=\"twitter:label2\" content=\"Est. reading time\" \/>\n\t<meta name=\"twitter:data2\" content=\"6 minutes\" \/>\n<script type=\"application\/ld+json\" class=\"yoast-schema-graph\">{\"@context\":\"https:\/\/schema.org\",\"@graph\":[{\"@type\":\"Article\",\"@id\":\"https:\/\/dev.xnet-x.net\/es\/xnet-advierte-peligro-para-derechos-consumidore-si-ue-impide-accion-colectiva\/#article\",\"isPartOf\":{\"@id\":\"https:\/\/dev.xnet-x.net\/es\/xnet-advierte-peligro-para-derechos-consumidore-si-ue-impide-accion-colectiva\/\"},\"author\":{\"name\":\"Xnet\",\"@id\":\"https:\/\/dev.xnet-x.net\/es\/#\/schema\/person\/02880890b95968f2b3bd4cfd79843d49\"},\"headline\":\"Xnet adverteix del perill per als drets dels consumidors si la UE impedeix l&#8217;acci\u00f3 col\u00b7lectiva\",\"datePublished\":\"2025-09-13T12:00:11+00:00\",\"dateModified\":\"2025-09-14T16:55:12+00:00\",\"mainEntityOfPage\":{\"@id\":\"https:\/\/dev.xnet-x.net\/es\/xnet-advierte-peligro-para-derechos-consumidore-si-ue-impide-accion-colectiva\/\"},\"wordCount\":4585,\"publisher\":{\"@id\":\"https:\/\/dev.xnet-x.net\/es\/#organization\"},\"image\":{\"@id\":\"https:\/\/dev.xnet-x.net\/es\/xnet-advierte-peligro-para-derechos-consumidore-si-ue-impide-accion-colectiva\/#primaryimage\"},\"thumbnailUrl\":\"https:\/\/dev.xnet-x.net\/img\/derechos-consumidoresUE.jpg\",\"articleSection\":[\"Blog - Les nostres accions\"],\"inLanguage\":\"ca-ES\"},{\"@type\":\"WebPage\",\"@id\":\"https:\/\/dev.xnet-x.net\/ca\/xnet-advierte-peligro-para-derechos-consumidore-si-ue-impide-accion-colectiva\/\",\"url\":\"https:\/\/dev.xnet-x.net\/ca\/xnet-advierte-peligro-para-derechos-consumidore-si-ue-impide-accion-colectiva\/\",\"name\":\"Perill per als drets dels consumidors si UE impedeix demandes col\u00b7lectives\",\"isPartOf\":{\"@id\":\"https:\/\/dev.xnet-x.net\/ca\/#website\"},\"primaryImageOfPage\":{\"@id\":\"https:\/\/dev.xnet-x.net\/ca\/xnet-advierte-peligro-para-derechos-consumidore-si-ue-impide-accion-colectiva\/#primaryimage\"},\"image\":{\"@id\":\"https:\/\/dev.xnet-x.net\/es\/xnet-advierte-peligro-para-derechos-consumidore-si-ue-impide-accion-colectiva\/#primaryimage\"},\"thumbnailUrl\":\"https:\/\/dev.xnet-x.net\/img\/derechos-consumidoresUE.jpg\",\"datePublished\":\"2025-09-13T12:00:11+00:00\",\"dateModified\":\"2025-09-14T16:55:12+00:00\",\"description\":\"Xnet adverteix del perill per als drets dels consumidors si la UE impedeix l'acci\u00f3 col\u00b7lectiva. Oportunitat perduda de redre\u00e7ar els drets dels consumidors?\",\"breadcrumb\":{\"@id\":\"https:\/\/dev.xnet-x.net\/ca\/xnet-advierte-peligro-para-derechos-consumidore-si-ue-impide-accion-colectiva\/#breadcrumb\"},\"inLanguage\":\"ca-ES\",\"potentialAction\":[{\"@type\":\"ReadAction\",\"target\":[[\"https:\/\/dev.xnet-x.net\/ca\/xnet-advierte-peligro-para-derechos-consumidore-si-ue-impide-accion-colectiva\/\"]]}]},{\"@type\":\"ImageObject\",\"inLanguage\":\"ca-ES\",\"@id\":\"https:\/\/dev.xnet-x.net\/ca\/xnet-advierte-peligro-para-derechos-consumidore-si-ue-impide-accion-colectiva\/#primaryimage\",\"url\":\"https:\/\/dev.xnet-x.net\/img\/derechos-consumidoresUE.jpg\",\"contentUrl\":\"https:\/\/dev.xnet-x.net\/img\/derechos-consumidoresUE.jpg\",\"width\":1024,\"height\":343},{\"@type\":\"BreadcrumbList\",\"@id\":\"https:\/\/dev.xnet-x.net\/ca\/xnet-advierte-peligro-para-derechos-consumidore-si-ue-impide-accion-colectiva\/#breadcrumb\",\"itemListElement\":[{\"@type\":\"ListItem\",\"position\":1,\"name\":\"Portada\",\"item\":\"https:\/\/dev.xnet-x.net\/ca\/\"},{\"@type\":\"ListItem\",\"position\":2,\"name\":\"Xnet advierte del peligro para los derechos de los consumidores si la UE impide la acci\u00f3n colectiva\"}]},{\"@type\":\"WebSite\",\"@id\":\"https:\/\/dev.xnet-x.net\/ca\/#website\",\"url\":\"https:\/\/dev.xnet-x.net\/ca\/\",\"name\":\"[:es]Xnet - Internet, derechos y democracia en la era digital[:ca]Xnet - Internet, drets i democr\u00e0cia en l'era digital[:en]Xnet - Internet freedoms & digital rights[:]\",\"description\":\"Xnet: Internet, informaci\u00f3 i cultura lliures. Tecnopol\u00edtica. Dades, algoritmes i drets digitals. Llibertat d&#039;expressi\u00f3. Democr\u00e0cia i anticorrupci\u00f3\",\"publisher\":{\"@id\":\"https:\/\/dev.xnet-x.net\/ca\/#organization\"},\"potentialAction\":[{\"@type\":\"SearchAction\",\"target\":{\"@type\":\"EntryPoint\",\"urlTemplate\":\"https:\/\/dev.xnet-x.net\/ca\/?s={search_term_string}\"},\"query-input\":{\"@type\":\"PropertyValueSpecification\",\"valueRequired\":true,\"valueName\":\"search_term_string\"}}],\"inLanguage\":\"ca-ES\"},{\"@type\":\"Organization\",\"@id\":\"https:\/\/dev.xnet-x.net\/ca\/#organization\",\"name\":\"Xnet - Internet, drets i democr\u00e0cia en l'era digital\",\"url\":\"https:\/\/dev.xnet-x.net\/ca\/\",\"logo\":{\"@type\":\"ImageObject\",\"inLanguage\":\"ca-ES\",\"@id\":\"https:\/\/dev.xnet-x.net\/ca\/#\/schema\/logo\/image\/\",\"url\":\"https:\/\/xnet-x.net\/img\/xnet-logo.png\",\"contentUrl\":\"https:\/\/xnet-x.net\/img\/xnet-logo.png\",\"width\":512,\"height\":512,\"caption\":\"Xnet - Internet, drets i democr\u00e0cia en l'era digital\"},\"image\":{\"@id\":\"https:\/\/dev.xnet-x.net\/ca\/#\/schema\/logo\/image\/\"},\"sameAs\":[\"http:\/\/facebook.com\/RedX.Net\/\",\"https:\/\/x.com\/x_net_\",\"https:\/\/es.wikipedia.org\/wiki\/Xnet\"]},{\"@type\":\"Person\",\"@id\":\"https:\/\/dev.xnet-x.net\/es\/#\/schema\/person\/02880890b95968f2b3bd4cfd79843d49\",\"name\":\"Xnet\",\"image\":{\"@type\":\"ImageObject\",\"inLanguage\":\"ca-ES\",\"@id\":\"https:\/\/dev.xnet-x.net\/ca\/#\/schema\/person\/image\/\",\"url\":\"https:\/\/secure.gravatar.com\/avatar\/41a61c327d24125228571dadd14748b0afd881e633e6e61518dacc4fef53cc93?s=96&d=mm&r=g\",\"contentUrl\":\"https:\/\/secure.gravatar.com\/avatar\/41a61c327d24125228571dadd14748b0afd881e633e6e61518dacc4fef53cc93?s=96&d=mm&r=g\",\"caption\":\"Xnet\"}}]}<\/script>\n<!-- \/ Yoast SEO plugin. -->","yoast_head_json":{"title":"Perill per als drets dels consumidors si UE impedeix demandes col\u00b7lectives","description":"Xnet adverteix del perill per als drets dels consumidors si la UE impedeix l'acci\u00f3 col\u00b7lectiva. Oportunitat perduda de redre\u00e7ar els drets dels consumidors?","robots":{"index":"index","follow":"follow","max-snippet":"max-snippet:-1","max-image-preview":"max-image-preview:large","max-video-preview":"max-video-preview:-1"},"canonical":"https:\/\/dev.xnet-x.net\/ca\/xnet-advierte-peligro-para-derechos-consumidore-si-ue-impide-accion-colectiva\/","twitter_misc":{"Written by":"Xnet","Est. reading time":"6 minutes"},"schema":{"@context":"https:\/\/schema.org","@graph":[{"@type":"Article","@id":"https:\/\/dev.xnet-x.net\/es\/xnet-advierte-peligro-para-derechos-consumidore-si-ue-impide-accion-colectiva\/#article","isPartOf":{"@id":"https:\/\/dev.xnet-x.net\/es\/xnet-advierte-peligro-para-derechos-consumidore-si-ue-impide-accion-colectiva\/"},"author":{"name":"Xnet","@id":"https:\/\/dev.xnet-x.net\/es\/#\/schema\/person\/02880890b95968f2b3bd4cfd79843d49"},"headline":"Xnet adverteix del perill per als drets dels consumidors si la UE impedeix l&#8217;acci\u00f3 col\u00b7lectiva","datePublished":"2025-09-13T12:00:11+00:00","dateModified":"2025-09-14T16:55:12+00:00","mainEntityOfPage":{"@id":"https:\/\/dev.xnet-x.net\/es\/xnet-advierte-peligro-para-derechos-consumidore-si-ue-impide-accion-colectiva\/"},"wordCount":4585,"publisher":{"@id":"https:\/\/dev.xnet-x.net\/es\/#organization"},"image":{"@id":"https:\/\/dev.xnet-x.net\/es\/xnet-advierte-peligro-para-derechos-consumidore-si-ue-impide-accion-colectiva\/#primaryimage"},"thumbnailUrl":"https:\/\/dev.xnet-x.net\/img\/derechos-consumidoresUE.jpg","articleSection":["Blog - Les nostres accions"],"inLanguage":"ca-ES"},{"@type":"WebPage","@id":"https:\/\/dev.xnet-x.net\/ca\/xnet-advierte-peligro-para-derechos-consumidore-si-ue-impide-accion-colectiva\/","url":"https:\/\/dev.xnet-x.net\/ca\/xnet-advierte-peligro-para-derechos-consumidore-si-ue-impide-accion-colectiva\/","name":"Perill per als drets dels consumidors si UE impedeix demandes col\u00b7lectives","isPartOf":{"@id":"https:\/\/dev.xnet-x.net\/ca\/#website"},"primaryImageOfPage":{"@id":"https:\/\/dev.xnet-x.net\/ca\/xnet-advierte-peligro-para-derechos-consumidore-si-ue-impide-accion-colectiva\/#primaryimage"},"image":{"@id":"https:\/\/dev.xnet-x.net\/es\/xnet-advierte-peligro-para-derechos-consumidore-si-ue-impide-accion-colectiva\/#primaryimage"},"thumbnailUrl":"https:\/\/dev.xnet-x.net\/img\/derechos-consumidoresUE.jpg","datePublished":"2025-09-13T12:00:11+00:00","dateModified":"2025-09-14T16:55:12+00:00","description":"Xnet adverteix del perill per als drets dels consumidors si la UE impedeix l'acci\u00f3 col\u00b7lectiva. Oportunitat perduda de redre\u00e7ar els drets dels consumidors?","breadcrumb":{"@id":"https:\/\/dev.xnet-x.net\/ca\/xnet-advierte-peligro-para-derechos-consumidore-si-ue-impide-accion-colectiva\/#breadcrumb"},"inLanguage":"ca-ES","potentialAction":[{"@type":"ReadAction","target":[["https:\/\/dev.xnet-x.net\/ca\/xnet-advierte-peligro-para-derechos-consumidore-si-ue-impide-accion-colectiva\/"]]}]},{"@type":"ImageObject","inLanguage":"ca-ES","@id":"https:\/\/dev.xnet-x.net\/ca\/xnet-advierte-peligro-para-derechos-consumidore-si-ue-impide-accion-colectiva\/#primaryimage","url":"https:\/\/dev.xnet-x.net\/img\/derechos-consumidoresUE.jpg","contentUrl":"https:\/\/dev.xnet-x.net\/img\/derechos-consumidoresUE.jpg","width":1024,"height":343},{"@type":"BreadcrumbList","@id":"https:\/\/dev.xnet-x.net\/ca\/xnet-advierte-peligro-para-derechos-consumidore-si-ue-impide-accion-colectiva\/#breadcrumb","itemListElement":[{"@type":"ListItem","position":1,"name":"Portada","item":"https:\/\/dev.xnet-x.net\/ca\/"},{"@type":"ListItem","position":2,"name":"Xnet advierte del peligro para los derechos de los consumidores si la UE impide la acci\u00f3n colectiva"}]},{"@type":"WebSite","@id":"https:\/\/dev.xnet-x.net\/ca\/#website","url":"https:\/\/dev.xnet-x.net\/ca\/","name":"[:es]Xnet - Internet, derechos y democracia en la era digital[:ca]Xnet - Internet, drets i democr\u00e0cia en l'era digital[:en]Xnet - Internet freedoms & digital rights[:]","description":"Xnet: Internet, informaci\u00f3 i cultura lliures. Tecnopol\u00edtica. Dades, algoritmes i drets digitals. Llibertat d&#039;expressi\u00f3. Democr\u00e0cia i anticorrupci\u00f3","publisher":{"@id":"https:\/\/dev.xnet-x.net\/ca\/#organization"},"potentialAction":[{"@type":"SearchAction","target":{"@type":"EntryPoint","urlTemplate":"https:\/\/dev.xnet-x.net\/ca\/?s={search_term_string}"},"query-input":{"@type":"PropertyValueSpecification","valueRequired":true,"valueName":"search_term_string"}}],"inLanguage":"ca-ES"},{"@type":"Organization","@id":"https:\/\/dev.xnet-x.net\/ca\/#organization","name":"Xnet - Internet, drets i democr\u00e0cia en l'era digital","url":"https:\/\/dev.xnet-x.net\/ca\/","logo":{"@type":"ImageObject","inLanguage":"ca-ES","@id":"https:\/\/dev.xnet-x.net\/ca\/#\/schema\/logo\/image\/","url":"https:\/\/xnet-x.net\/img\/xnet-logo.png","contentUrl":"https:\/\/xnet-x.net\/img\/xnet-logo.png","width":512,"height":512,"caption":"Xnet - Internet, drets i democr\u00e0cia en l'era digital"},"image":{"@id":"https:\/\/dev.xnet-x.net\/ca\/#\/schema\/logo\/image\/"},"sameAs":["http:\/\/facebook.com\/RedX.Net\/","https:\/\/x.com\/x_net_","https:\/\/es.wikipedia.org\/wiki\/Xnet"]},{"@type":"Person","@id":"https:\/\/dev.xnet-x.net\/es\/#\/schema\/person\/02880890b95968f2b3bd4cfd79843d49","name":"Xnet","image":{"@type":"ImageObject","inLanguage":"ca-ES","@id":"https:\/\/dev.xnet-x.net\/ca\/#\/schema\/person\/image\/","url":"https:\/\/secure.gravatar.com\/avatar\/41a61c327d24125228571dadd14748b0afd881e633e6e61518dacc4fef53cc93?s=96&d=mm&r=g","contentUrl":"https:\/\/secure.gravatar.com\/avatar\/41a61c327d24125228571dadd14748b0afd881e633e6e61518dacc4fef53cc93?s=96&d=mm&r=g","caption":"Xnet"}}]}},"_links":{"self":[{"href":"https:\/\/dev.xnet-x.net\/ca\/wp-json\/wp\/v2\/posts\/17563","targetHints":{"allow":["GET"]}}],"collection":[{"href":"https:\/\/dev.xnet-x.net\/ca\/wp-json\/wp\/v2\/posts"}],"about":[{"href":"https:\/\/dev.xnet-x.net\/ca\/wp-json\/wp\/v2\/types\/post"}],"author":[{"embeddable":true,"href":"https:\/\/dev.xnet-x.net\/ca\/wp-json\/wp\/v2\/users\/15"}],"replies":[{"embeddable":true,"href":"https:\/\/dev.xnet-x.net\/ca\/wp-json\/wp\/v2\/comments?post=17563"}],"version-history":[{"count":20,"href":"https:\/\/dev.xnet-x.net\/ca\/wp-json\/wp\/v2\/posts\/17563\/revisions"}],"predecessor-version":[{"id":17854,"href":"https:\/\/dev.xnet-x.net\/ca\/wp-json\/wp\/v2\/posts\/17563\/revisions\/17854"}],"wp:featuredmedia":[{"embeddable":true,"href":"https:\/\/dev.xnet-x.net\/ca\/wp-json\/wp\/v2\/media\/17576"}],"wp:attachment":[{"href":"https:\/\/dev.xnet-x.net\/ca\/wp-json\/wp\/v2\/media?parent=17563"}],"wp:term":[{"taxonomy":"category","embeddable":true,"href":"https:\/\/dev.xnet-x.net\/ca\/wp-json\/wp\/v2\/categories?post=17563"},{"taxonomy":"post_tag","embeddable":true,"href":"https:\/\/dev.xnet-x.net\/ca\/wp-json\/wp\/v2\/tags?post=17563"}],"curies":[{"name":"wp","href":"https:\/\/api.w.org\/{rel}","templated":true}]}}