{"id":17091,"date":"2019-07-09T15:00:04","date_gmt":"2019-07-09T13:00:04","guid":{"rendered":"https:\/\/xnet-x.net\/?p=17091"},"modified":"2021-09-08T12:59:54","modified_gmt":"2021-09-08T10:59:54","slug":"se-constituye-el-grupo-ciudadano-de-politicas-digitales-de-barcelona","status":"publish","type":"post","link":"https:\/\/dev.xnet-x.net\/ca\/constitueix-grup-ciutada-politiques-digitals-bcn\/","title":{"rendered":"Es constitueix el Grup Ciutad\u00e0 de Pol\u00edtiques Digitals de Barcelona"},"content":{"rendered":"<p>Avui es constitueix el Grup Ciutad\u00e0 de Pol\u00edtiques Digitals de Barcelona. Ho fem enviant la seg\u00fcent carta als partits que conformen el consistori:<br \/>\n&nbsp;<\/p>\n<p>Benvolgudes i benvolguts,<\/p>\n<p>Us volem comunicar la creaci\u00f3 a <strong>Barcelona<\/strong> del <strong>Grup Ciutad\u00e0 sobre Pol\u00edtiques Digitals<\/strong>, i des d\u2019aquest Grup <strong>demanar-vos una cita<\/strong>.<\/p>\n<p>El grup es va gestar durant la campanya electoral, preocupat per la gaireb\u00e9 absoluta abs\u00e8ncia del tema als programes electorals i als debats. La preocupaci\u00f3 per un futur amb pol\u00edtiques no adaptades a la realitat es va reafirmar amb la lectura de \u201c<strong>Los nuevos gobiernos municipales y la agenda digital<\/strong>\u201d<br \/>\n(<a href=\"http:\/\/politicas-pi.com\/_new\/wp-content\/uploads\/2019\/06\/Informe-Los-nuevos-gobiernos-municipales-y-la-agenda-digital.pdf\" rel=\"noopener noreferrer\" target=\"_blank\">http:\/\/politicas-pi.com\/_new\/wp-content\/uploads\/2019\/06\/Informe-Los-nuevos-gobiernos-municipales-y-la-agenda-digital.pdf<\/a> ) <strong>que demostra que l\u2019inter\u00e8s pels temes digitals per part dels partits representats al consistori de l\u2019Ajuntament de Barcelona \u00e9s nom\u00e9s del 1,7%, el m\u00e9s baix d\u2019entre totes les ciutats analitzades<\/strong>.<\/p>\n<p><em>Avui ens posem en marxa adre\u00e7ant-nos als partits que conformaran el consistori per obrir canals d\u2019interlocuci\u00f3 reals sobre el tema i convocant-los a participar dels aven\u00e7os que la societat civil organitzada est\u00e0 assolint en aquest \u00e0mbit. Volem saber si estan disposats a treballar en una governan\u00e7a digital de la ciutat adaptada als temps que vivim, \u00e9s a dir, treballar amb els actors competents sobre el tema amb models multistakeholders (multi actor) propis de l\u2019era digital.<\/em><\/p>\n<p>Es tracta d&#8217;un grup informal d&#8217;afinitat creat per activistes i especialistes en temes digitals que es coneixen des de fa temps per haver compartit estretament lluites en l&#8217;\u00e0mbit de la defensa d&#8217;internet i de la innovaci\u00f3 digital.<\/p>\n<p>El grup es va constituir partint de la consideraci\u00f3 que, tot i que l&#8217;era digital \u00e9s l&#8217;era en la qual vivim, el digital t\u00e9 un espai de segona categoria tant en els programes electorals, com despr\u00e9s en les pol\u00edtiques. Es considera una q\u00fcesti\u00f3 residual en lloc de tractar-la com quelcom inherent en absolutament totes les tem\u00e0tiques. Aix\u00f2 acostuma a derivar en <strong>pol\u00edtiques basades en llocs comuns inadequats i \/ o hiperactuacions igualment perilloses, creant un greuge en termes d&#8217;actualitzaci\u00f3, innovaci\u00f3 i renovaci\u00f3 del context, que perjudica les possibilitats, oportunitats i drets de tota la poblaci\u00f3.<\/strong><\/p>\n<p>El nucli executiu i promotor del Grup est\u00e0 format per persones de diverses sensibilitats entre les quals es troben <strong>Simona Levi i Xnet, Artur Serra, Ramon Roca (Activista de les xarxes de telecomunicacions obertes i desenvolupament d&#8217;ecosistema de comuns amb guifi.net), Mara Ballestrini, Javi Creus, Gen\u00eds Roca, Albert Ca\u00f1igueral, Ignasi Labastida, Ana Mar\u00eda M\u00e9ndez (de Traxctore), Jaron Rowan, Maddalena Falzoni (CEO de Maadix)<\/strong> i s&#8217;han repartit les tasques per \u00e0mbits de compet\u00e8ncies: <strong>drets, legislaci\u00f3, governan\u00e7a, tecnologia, \u00e8tica de la tecnologia, infraestructures, investigaci\u00f3, empresa, administraci\u00f3, cultura, coneixement i educaci\u00f3<\/strong>.<\/p>\n<p>Aquest nucli es coordina amb una <strong>\u00e0mplia xarxa d\u2019actualment una trentena de persones<\/strong> tamb\u00e9 hist\u00f2ricament involucrades en les lluites d&#8217;\u00e0mbit digital. La idea \u00e9s tenir un <em>core<\/em> \u00e0gil, per\u00f2 <strong>que integri i faci visible les accions i opinions de l&#8217;ecosistema actiu a la ciutat, i tamb\u00e9 per influir de manera intensa<\/strong>, proactiva i positiva en les pol\u00edtiques digitals de la ciutat de Barcelona\u00a0 i del seu futur consistori. <\/p>\n<p><strong><span style=\"text-decoration:underline\">Cada pol\u00edtica ja t\u00e9 persones a la societat civil que s\u2019ocupen d\u2019ella des de la perspectiva del fet digital i els seus drets. Per cadascuna d\u2019elles el Grup vol fer  arribar al consistori i als partits reflexions i propostes sobre quina \u00e9s la millor manera d&#8217;abordar-la i quines persones podrien ser competents per fer-ho<\/span><\/strong>, amb l\u2019ambici\u00f3 que aquestes propostes i suggeriments siguin preses seriosament en consideraci\u00f3.<\/p>\n<p>Per tot aix\u00f2, us demanem una cita urgent per comen\u00e7ar a treballar en la bona direcci\u00f3.<\/p>\n<p>Cordialment,<br \/>\nGCPD de Barcelona<br \/>\n&nbsp;<\/p>\n<p><a href=\"https:\/\/www.lavanguardia.com\/politica\/20190708\/463356333107\/constituyen-un-grupo-ciudadano-para-impulsar-politicas-digitales-en-barcelona.html\" rel=\"noopener noreferrer\" target=\"_blank\">https:\/\/www.lavanguardia.com\/politica\/20190708\/463356333107\/constituyen-un-grupo-ciudadano-para-impulsar-politicas-digitales-en-barcelona.html<\/a><\/p>\n<p><\/p>","protected":false},"excerpt":{"rendered":"<p>Es constitueix el Grup Ciutad\u00e0 de Pol\u00edtiques Digitals de Barcelona #Pol\u00edtiquesDigitals (GCPD) enviant una carta als partits que conformen el consistori<\/p>\n","protected":false},"author":15,"featured_media":17108,"comment_status":"closed","ping_status":"closed","sticky":false,"template":"","format":"standard","meta":{"footnotes":""},"categories":[52],"tags":[],"class_list":["post-17091","post","type-post","status-publish","format-standard","has-post-thumbnail","hentry","category-blog","ejes-luchas-por-las-libertades-civiles","servicios-recomendaciones-de-politicas"],"yoast_head":"<!-- This site is optimized with the Yoast SEO plugin v26.7 - https:\/\/yoast.com\/wordpress\/plugins\/seo\/ -->\n<title>Es constitueix el Grup Ciutad\u00e0 de Pol\u00edtiques Digitals de Barcelona (GCPD)<\/title>\n<meta name=\"description\" content=\"Es constitueix el Grup Ciutad\u00e0 de Pol\u00edtiques Digitals de Barcelona (GCPD) enviant una carta als partits que conformen el consistori\" \/>\n<meta name=\"robots\" content=\"index, follow, max-snippet:-1, max-image-preview:large, max-video-preview:-1\" \/>\n<link rel=\"canonical\" href=\"https:\/\/dev.xnet-x.net\/ca\/constitueix-grup-ciutada-politiques-digitals-bcn\/\" \/>\n<meta name=\"twitter:label1\" content=\"Written by\" \/>\n\t<meta name=\"twitter:data1\" content=\"Xnet\" \/>\n\t<meta name=\"twitter:label2\" content=\"Est. reading time\" \/>\n\t<meta name=\"twitter:data2\" content=\"6 minutes\" \/>\n<script type=\"application\/ld+json\" class=\"yoast-schema-graph\">{\"@context\":\"https:\/\/schema.org\",\"@graph\":[{\"@type\":\"Article\",\"@id\":\"https:\/\/dev.xnet-x.net\/ca\/constitueix-grup-ciutada-politiques-digitals-bcn\/#article\",\"isPartOf\":{\"@id\":\"https:\/\/dev.xnet-x.net\/ca\/constitueix-grup-ciutada-politiques-digitals-bcn\/\"},\"author\":{\"name\":\"Xnet\",\"@id\":\"https:\/\/dev.xnet-x.net\/es\/#\/schema\/person\/02880890b95968f2b3bd4cfd79843d49\"},\"headline\":\"Es constitueix el Grup Ciutad\u00e0 de Pol\u00edtiques Digitals de Barcelona\",\"datePublished\":\"2019-07-09T13:00:04+00:00\",\"dateModified\":\"2021-09-08T10:59:54+00:00\",\"mainEntityOfPage\":{\"@id\":\"https:\/\/dev.xnet-x.net\/ca\/constitueix-grup-ciutada-politiques-digitals-bcn\/\"},\"wordCount\":1327,\"publisher\":{\"@id\":\"https:\/\/dev.xnet-x.net\/es\/#organization\"},\"image\":{\"@id\":\"https:\/\/dev.xnet-x.net\/ca\/constitueix-grup-ciutada-politiques-digitals-bcn\/#primaryimage\"},\"thumbnailUrl\":\"https:\/\/dev.xnet-x.net\/img\/gcpd-barcelona-img.jpg\",\"articleSection\":[\"Blog - Les nostres accions\"],\"inLanguage\":\"ca-ES\"},{\"@type\":\"WebPage\",\"@id\":\"https:\/\/dev.xnet-x.net\/ca\/constitueix-grup-ciutada-politiques-digitals-bcn\/\",\"url\":\"https:\/\/dev.xnet-x.net\/ca\/constitueix-grup-ciutada-politiques-digitals-bcn\/\",\"name\":\"Es constitueix el Grup Ciutad\u00e0 de Pol\u00edtiques Digitals de Barcelona (GCPD)\",\"isPartOf\":{\"@id\":\"https:\/\/dev.xnet-x.net\/ca\/#website\"},\"primaryImageOfPage\":{\"@id\":\"https:\/\/dev.xnet-x.net\/ca\/constitueix-grup-ciutada-politiques-digitals-bcn\/#primaryimage\"},\"image\":{\"@id\":\"https:\/\/dev.xnet-x.net\/ca\/constitueix-grup-ciutada-politiques-digitals-bcn\/#primaryimage\"},\"thumbnailUrl\":\"https:\/\/dev.xnet-x.net\/img\/gcpd-barcelona-img.jpg\",\"datePublished\":\"2019-07-09T13:00:04+00:00\",\"dateModified\":\"2021-09-08T10:59:54+00:00\",\"description\":\"Es constitueix el Grup Ciutad\u00e0 de Pol\u00edtiques Digitals de Barcelona (GCPD) enviant una carta als partits que conformen el consistori\",\"breadcrumb\":{\"@id\":\"https:\/\/dev.xnet-x.net\/ca\/constitueix-grup-ciutada-politiques-digitals-bcn\/#breadcrumb\"},\"inLanguage\":\"ca-ES\",\"potentialAction\":[{\"@type\":\"ReadAction\",\"target\":[[\"https:\/\/dev.xnet-x.net\/ca\/constitueix-grup-ciutada-politiques-digitals-bcn\/\"]]}]},{\"@type\":\"ImageObject\",\"inLanguage\":\"ca-ES\",\"@id\":\"https:\/\/dev.xnet-x.net\/ca\/constitueix-grup-ciutada-politiques-digitals-bcn\/#primaryimage\",\"url\":\"https:\/\/dev.xnet-x.net\/img\/gcpd-barcelona-img.jpg\",\"contentUrl\":\"https:\/\/dev.xnet-x.net\/img\/gcpd-barcelona-img.jpg\",\"width\":945,\"height\":393,\"caption\":\"gcpd-barcelona-img\"},{\"@type\":\"BreadcrumbList\",\"@id\":\"https:\/\/dev.xnet-x.net\/ca\/constitueix-grup-ciutada-politiques-digitals-bcn\/#breadcrumb\",\"itemListElement\":[{\"@type\":\"ListItem\",\"position\":1,\"name\":\"Portada\",\"item\":\"https:\/\/dev.xnet-x.net\/ca\/\"},{\"@type\":\"ListItem\",\"position\":2,\"name\":\"Es constitueix el Grup Ciutad\u00e0 de Pol\u00edtiques Digitals de Barcelona\"}]},{\"@type\":\"WebSite\",\"@id\":\"https:\/\/dev.xnet-x.net\/ca\/#website\",\"url\":\"https:\/\/dev.xnet-x.net\/ca\/\",\"name\":\"[:es]Xnet - Internet, derechos y democracia en la era digital[:ca]Xnet - Internet, drets i democr\u00e0cia en l'era digital[:en]Xnet - Internet freedoms & digital rights[:]\",\"description\":\"Xnet: Internet, informaci\u00f3 i cultura lliures. Tecnopol\u00edtica. Dades, algoritmes i drets digitals. Llibertat d&#039;expressi\u00f3. Democr\u00e0cia i anticorrupci\u00f3\",\"publisher\":{\"@id\":\"https:\/\/dev.xnet-x.net\/ca\/#organization\"},\"potentialAction\":[{\"@type\":\"SearchAction\",\"target\":{\"@type\":\"EntryPoint\",\"urlTemplate\":\"https:\/\/dev.xnet-x.net\/ca\/?s={search_term_string}\"},\"query-input\":{\"@type\":\"PropertyValueSpecification\",\"valueRequired\":true,\"valueName\":\"search_term_string\"}}],\"inLanguage\":\"ca-ES\"},{\"@type\":\"Organization\",\"@id\":\"https:\/\/dev.xnet-x.net\/ca\/#organization\",\"name\":\"Xnet - Internet, drets i democr\u00e0cia en l'era digital\",\"url\":\"https:\/\/dev.xnet-x.net\/ca\/\",\"logo\":{\"@type\":\"ImageObject\",\"inLanguage\":\"ca-ES\",\"@id\":\"https:\/\/dev.xnet-x.net\/ca\/#\/schema\/logo\/image\/\",\"url\":\"https:\/\/xnet-x.net\/img\/xnet-logo.png\",\"contentUrl\":\"https:\/\/xnet-x.net\/img\/xnet-logo.png\",\"width\":512,\"height\":512,\"caption\":\"Xnet - Internet, drets i democr\u00e0cia en l'era digital\"},\"image\":{\"@id\":\"https:\/\/dev.xnet-x.net\/ca\/#\/schema\/logo\/image\/\"},\"sameAs\":[\"http:\/\/facebook.com\/RedX.Net\/\",\"https:\/\/x.com\/x_net_\",\"https:\/\/es.wikipedia.org\/wiki\/Xnet\"]},{\"@type\":\"Person\",\"@id\":\"https:\/\/dev.xnet-x.net\/es\/#\/schema\/person\/02880890b95968f2b3bd4cfd79843d49\",\"name\":\"Xnet\",\"image\":{\"@type\":\"ImageObject\",\"inLanguage\":\"ca-ES\",\"@id\":\"https:\/\/dev.xnet-x.net\/ca\/#\/schema\/person\/image\/\",\"url\":\"https:\/\/secure.gravatar.com\/avatar\/41a61c327d24125228571dadd14748b0afd881e633e6e61518dacc4fef53cc93?s=96&d=mm&r=g\",\"contentUrl\":\"https:\/\/secure.gravatar.com\/avatar\/41a61c327d24125228571dadd14748b0afd881e633e6e61518dacc4fef53cc93?s=96&d=mm&r=g\",\"caption\":\"Xnet\"}}]}<\/script>\n<!-- \/ Yoast SEO plugin. -->","yoast_head_json":{"title":"Es constitueix el Grup Ciutad\u00e0 de Pol\u00edtiques Digitals de Barcelona (GCPD)","description":"Es constitueix el Grup Ciutad\u00e0 de Pol\u00edtiques Digitals de Barcelona (GCPD) enviant una carta als partits que conformen el consistori","robots":{"index":"index","follow":"follow","max-snippet":"max-snippet:-1","max-image-preview":"max-image-preview:large","max-video-preview":"max-video-preview:-1"},"canonical":"https:\/\/dev.xnet-x.net\/ca\/constitueix-grup-ciutada-politiques-digitals-bcn\/","twitter_misc":{"Written by":"Xnet","Est. reading time":"6 minutes"},"schema":{"@context":"https:\/\/schema.org","@graph":[{"@type":"Article","@id":"https:\/\/dev.xnet-x.net\/ca\/constitueix-grup-ciutada-politiques-digitals-bcn\/#article","isPartOf":{"@id":"https:\/\/dev.xnet-x.net\/ca\/constitueix-grup-ciutada-politiques-digitals-bcn\/"},"author":{"name":"Xnet","@id":"https:\/\/dev.xnet-x.net\/es\/#\/schema\/person\/02880890b95968f2b3bd4cfd79843d49"},"headline":"Es constitueix el Grup Ciutad\u00e0 de Pol\u00edtiques Digitals de Barcelona","datePublished":"2019-07-09T13:00:04+00:00","dateModified":"2021-09-08T10:59:54+00:00","mainEntityOfPage":{"@id":"https:\/\/dev.xnet-x.net\/ca\/constitueix-grup-ciutada-politiques-digitals-bcn\/"},"wordCount":1327,"publisher":{"@id":"https:\/\/dev.xnet-x.net\/es\/#organization"},"image":{"@id":"https:\/\/dev.xnet-x.net\/ca\/constitueix-grup-ciutada-politiques-digitals-bcn\/#primaryimage"},"thumbnailUrl":"https:\/\/dev.xnet-x.net\/img\/gcpd-barcelona-img.jpg","articleSection":["Blog - Les nostres accions"],"inLanguage":"ca-ES"},{"@type":"WebPage","@id":"https:\/\/dev.xnet-x.net\/ca\/constitueix-grup-ciutada-politiques-digitals-bcn\/","url":"https:\/\/dev.xnet-x.net\/ca\/constitueix-grup-ciutada-politiques-digitals-bcn\/","name":"Es constitueix el Grup Ciutad\u00e0 de Pol\u00edtiques Digitals de Barcelona (GCPD)","isPartOf":{"@id":"https:\/\/dev.xnet-x.net\/ca\/#website"},"primaryImageOfPage":{"@id":"https:\/\/dev.xnet-x.net\/ca\/constitueix-grup-ciutada-politiques-digitals-bcn\/#primaryimage"},"image":{"@id":"https:\/\/dev.xnet-x.net\/ca\/constitueix-grup-ciutada-politiques-digitals-bcn\/#primaryimage"},"thumbnailUrl":"https:\/\/dev.xnet-x.net\/img\/gcpd-barcelona-img.jpg","datePublished":"2019-07-09T13:00:04+00:00","dateModified":"2021-09-08T10:59:54+00:00","description":"Es constitueix el Grup Ciutad\u00e0 de Pol\u00edtiques Digitals de Barcelona (GCPD) enviant una carta als partits que conformen el consistori","breadcrumb":{"@id":"https:\/\/dev.xnet-x.net\/ca\/constitueix-grup-ciutada-politiques-digitals-bcn\/#breadcrumb"},"inLanguage":"ca-ES","potentialAction":[{"@type":"ReadAction","target":[["https:\/\/dev.xnet-x.net\/ca\/constitueix-grup-ciutada-politiques-digitals-bcn\/"]]}]},{"@type":"ImageObject","inLanguage":"ca-ES","@id":"https:\/\/dev.xnet-x.net\/ca\/constitueix-grup-ciutada-politiques-digitals-bcn\/#primaryimage","url":"https:\/\/dev.xnet-x.net\/img\/gcpd-barcelona-img.jpg","contentUrl":"https:\/\/dev.xnet-x.net\/img\/gcpd-barcelona-img.jpg","width":945,"height":393,"caption":"gcpd-barcelona-img"},{"@type":"BreadcrumbList","@id":"https:\/\/dev.xnet-x.net\/ca\/constitueix-grup-ciutada-politiques-digitals-bcn\/#breadcrumb","itemListElement":[{"@type":"ListItem","position":1,"name":"Portada","item":"https:\/\/dev.xnet-x.net\/ca\/"},{"@type":"ListItem","position":2,"name":"Es constitueix el Grup Ciutad\u00e0 de Pol\u00edtiques Digitals de Barcelona"}]},{"@type":"WebSite","@id":"https:\/\/dev.xnet-x.net\/ca\/#website","url":"https:\/\/dev.xnet-x.net\/ca\/","name":"[:es]Xnet - Internet, derechos y democracia en la era digital[:ca]Xnet - Internet, drets i democr\u00e0cia en l'era digital[:en]Xnet - Internet freedoms & digital rights[:]","description":"Xnet: Internet, informaci\u00f3 i cultura lliures. Tecnopol\u00edtica. Dades, algoritmes i drets digitals. Llibertat d&#039;expressi\u00f3. Democr\u00e0cia i anticorrupci\u00f3","publisher":{"@id":"https:\/\/dev.xnet-x.net\/ca\/#organization"},"potentialAction":[{"@type":"SearchAction","target":{"@type":"EntryPoint","urlTemplate":"https:\/\/dev.xnet-x.net\/ca\/?s={search_term_string}"},"query-input":{"@type":"PropertyValueSpecification","valueRequired":true,"valueName":"search_term_string"}}],"inLanguage":"ca-ES"},{"@type":"Organization","@id":"https:\/\/dev.xnet-x.net\/ca\/#organization","name":"Xnet - Internet, drets i democr\u00e0cia en l'era digital","url":"https:\/\/dev.xnet-x.net\/ca\/","logo":{"@type":"ImageObject","inLanguage":"ca-ES","@id":"https:\/\/dev.xnet-x.net\/ca\/#\/schema\/logo\/image\/","url":"https:\/\/xnet-x.net\/img\/xnet-logo.png","contentUrl":"https:\/\/xnet-x.net\/img\/xnet-logo.png","width":512,"height":512,"caption":"Xnet - Internet, drets i democr\u00e0cia en l'era digital"},"image":{"@id":"https:\/\/dev.xnet-x.net\/ca\/#\/schema\/logo\/image\/"},"sameAs":["http:\/\/facebook.com\/RedX.Net\/","https:\/\/x.com\/x_net_","https:\/\/es.wikipedia.org\/wiki\/Xnet"]},{"@type":"Person","@id":"https:\/\/dev.xnet-x.net\/es\/#\/schema\/person\/02880890b95968f2b3bd4cfd79843d49","name":"Xnet","image":{"@type":"ImageObject","inLanguage":"ca-ES","@id":"https:\/\/dev.xnet-x.net\/ca\/#\/schema\/person\/image\/","url":"https:\/\/secure.gravatar.com\/avatar\/41a61c327d24125228571dadd14748b0afd881e633e6e61518dacc4fef53cc93?s=96&d=mm&r=g","contentUrl":"https:\/\/secure.gravatar.com\/avatar\/41a61c327d24125228571dadd14748b0afd881e633e6e61518dacc4fef53cc93?s=96&d=mm&r=g","caption":"Xnet"}}]}},"_links":{"self":[{"href":"https:\/\/dev.xnet-x.net\/ca\/wp-json\/wp\/v2\/posts\/17091","targetHints":{"allow":["GET"]}}],"collection":[{"href":"https:\/\/dev.xnet-x.net\/ca\/wp-json\/wp\/v2\/posts"}],"about":[{"href":"https:\/\/dev.xnet-x.net\/ca\/wp-json\/wp\/v2\/types\/post"}],"author":[{"embeddable":true,"href":"https:\/\/dev.xnet-x.net\/ca\/wp-json\/wp\/v2\/users\/15"}],"replies":[{"embeddable":true,"href":"https:\/\/dev.xnet-x.net\/ca\/wp-json\/wp\/v2\/comments?post=17091"}],"version-history":[{"count":16,"href":"https:\/\/dev.xnet-x.net\/ca\/wp-json\/wp\/v2\/posts\/17091\/revisions"}],"predecessor-version":[{"id":19075,"href":"https:\/\/dev.xnet-x.net\/ca\/wp-json\/wp\/v2\/posts\/17091\/revisions\/19075"}],"wp:featuredmedia":[{"embeddable":true,"href":"https:\/\/dev.xnet-x.net\/ca\/wp-json\/wp\/v2\/media\/17108"}],"wp:attachment":[{"href":"https:\/\/dev.xnet-x.net\/ca\/wp-json\/wp\/v2\/media?parent=17091"}],"wp:term":[{"taxonomy":"category","embeddable":true,"href":"https:\/\/dev.xnet-x.net\/ca\/wp-json\/wp\/v2\/categories?post=17091"},{"taxonomy":"post_tag","embeddable":true,"href":"https:\/\/dev.xnet-x.net\/ca\/wp-json\/wp\/v2\/tags?post=17091"}],"curies":[{"name":"wp","href":"https:\/\/api.w.org\/{rel}","templated":true}]}}