{"id":16877,"date":"2019-05-22T09:25:02","date_gmt":"2019-05-22T07:25:02","guid":{"rendered":"https:\/\/xnet-x.net\/?p=16877"},"modified":"2021-09-03T11:29:50","modified_gmt":"2021-09-03T09:29:50","slug":"presentacio-barcelona-fakeyou","status":"publish","type":"post","link":"https:\/\/dev.xnet-x.net\/ca\/presentacion-barcelona-fakeyou\/","title":{"rendered":"Presentaci\u00f3 a Barcelona de #Fakeyou: Fake News, Desinformaci\u00f3 vs Llibertat d&#8217;Expressi\u00f3"},"content":{"rendered":"<p><strong>PRESENTACI\u00d3 A BARCELONA DE #FAKEYOU<br \/>\nFAKE NEWS, DESINFORMACI\u00d3 vs LLIBERTAT D&#8217;EXPRESSI\u00d3:<\/strong><br \/>\nPRESENTACI\u00d3 DE L&#8217;INFORME I PROPERES ACCIONS<\/p>\n<p><strong>Auditori Barcelona School of Management (BSM) de la Universitat Pompeu Fabra (UPF) &#8211; Barcelona<\/strong><br \/>\nDilluns 3 de juny, a les 19:00h.<\/p>\n<p>El <strong>dilluns 3 de juny<\/strong> a les <strong>19:00h.<\/strong> a l&#8217;Auditori de la <strong>BSM de la UPF<\/strong> (Balmes, 132-134), tindr\u00e0 lloc la <strong>presentaci\u00f3 de l&#8217;informe<\/strong> &#8220;#FakeYou: Fake news i desinformaci\u00f3: monopolis de la manipulaci\u00f3 informativa i retallades de la llibertat d&#8217;expressi\u00f3&#8221;, una investigaci\u00f3 de Xnet realitzada en el marc del postgrau Tecnopolitica i Drets en l&#8217;Era Digital, de la BSM-Universitat Pompeu Fabra*.\u00a0<\/p>\n<p><a href=\"https:\/\/xnet-x.net\/informe-fake-news-desinformacion\/\" rel=\"noopener noreferrer\" target=\"_blank\">https:\/\/xnet-x.net\/informe-fake-news-desinformacion\/<\/a><\/p>\n<p>Durant l\u2019acte, s\u2019explicar\u00e1n tamb\u00e9 el propers passos a seguir amb el suport (no econ\u00f2mic) de l&#8217;<strong>Oficina de Drets Civils i Pol\u00edtics de la Generalitat de Catalunya<\/strong> amb l&#8217;objectiu de crear un <strong>marc legislatiu sobre aquestes q\u00fcestions per a Catalunya<\/strong>, aix\u00ed com altres l\u00ednies de treball que organitza Xnet en col\u00b7laboraci\u00f3 amb el sector del periodisme i la comunicaci\u00f3.\u00a0<\/p>\n<p>Introdu\u00eft per <strong>Carme Martinell<\/strong>, directora general de la BSM-Universitat Pompeu Fabra, l&#8217;acte comptar\u00e0 amb la pres\u00e8ncia de:\u00a0<br \/>\n<strong>Adam Maj\u00f3<\/strong>, director de l&#8217;Oficina de Drets Civils i Pol\u00edtics de la Generalitat de Catalunya; <strong>Simona Levi<\/strong>, coordinadora de Xnet, coautora de l&#8217;informe i codirectora del postgrau Tecnopol\u00edtica i Drets en l&#8217;Era Digital; <strong>Cristina Ribas<\/strong>, expresidenta i membre de l&#8217;Associaci\u00f3 Catalana de Comunicaci\u00f3 Cient\u00edfica (ACCC) i codirectora del postgrau Tecnopol\u00edtica i Drets en l&#8217;Era Digital; <strong>Robert Guixar\u00f3<\/strong>, assessor jur\u00eddic de Xnet, coautor de l&#8217;informe i especialista en dret europeu i comparat, i altres investigadors del postgrau.<\/p>\n<p>Un informe de 160 p\u00e0gines que aborda les fake news des de un punt de vista completamente inhabitual, en sinton\u00eda amb les declaracions de la ONU i la OSCE sobre aquestes q\u00fcestions<br \/>\n<strong><br \/>\nRecopila investigacions i proporciona dades<\/strong> que desmunten els nous mites de la intoxicaci\u00f3 informativa, i <strong>proposa recomanacions normatives i legislatives<\/strong> innovadores. La <strong>redignificaci\u00f3 del periodisme, el control ciutad\u00e0 obert i distribu\u00eft de les institucions<\/strong>, les valuoses <strong>eines i experi\u00e8ncies de verificaci\u00f3 que disposem\u00a0 i l&#8217;an\u00e0lisi comparat del marc legislatiu actual europeu<\/strong> s\u00f3n altres dels aspectes de la investigaci\u00f3.<\/p>\n<p>NOTA SOBRE EL POSTGRAU DE TECNOPOL\u00cdTICA Y DRETS EN L\u2019ERA DIGITAL<br \/>\n* La investigaci\u00f3 #FakeYou seguir\u00e0 en l&#8217;edicion del Postgrau 2019 de # Tecnopol\u00edtica i Drets @bsm_upf. Al final de l&#8217;acte hi haur\u00e0 un punt informatiu sobre li Postgrau. Dilluns 3 de juny a les 20.30h a l&#8217;Auditori de la @bsm_upf &#8211; Balmes 132-134, Barcelona #FakeYou<\/p>","protected":false},"excerpt":{"rendered":"<p>@X_net_ presenta a Barcelona l&#8217;informe &#8220;#Fakeyou: #FakeNews, Desinformaci\u00f3 vs Llibertat d&#8217;Expressi\u00f3.<br \/>\nDilluns 3 de juny, a les 19:00h a l&#8217;Auditori BSM-Universitat Pompeu Fabra &#8211; C\/ Balmes 132-134<\/p>\n","protected":false},"author":15,"featured_media":17411,"comment_status":"closed","ping_status":"closed","sticky":false,"template":"","format":"standard","meta":{"footnotes":""},"categories":[52],"tags":[],"class_list":["post-16877","post","type-post","status-publish","format-standard","has-post-thumbnail","hentry","category-blog","ejes-libertad-expresion-informacion"],"yoast_head":"<!-- This site is optimized with the Yoast SEO plugin v26.7 - https:\/\/yoast.com\/wordpress\/plugins\/seo\/ -->\n<title>Presentaci\u00f3 d #Fakeyou: fake news, desinformaci\u00f3 vs llibertat d&#039;Expressi\u00f3<\/title>\n<meta name=\"description\" content=\"Xnet fa la presentaci\u00f3 a la Universitat Pompeu Fabra de Barcelona de l&#039;informe #Fakeyou: Fake News, Desinformaci\u00f3 vs Llibertat d&#039;Expressi\u00f3\" \/>\n<meta name=\"robots\" content=\"index, follow, max-snippet:-1, max-image-preview:large, max-video-preview:-1\" \/>\n<link rel=\"canonical\" href=\"https:\/\/dev.xnet-x.net\/ca\/presentacion-barcelona-fakeyou\/\" \/>\n<meta name=\"twitter:label1\" content=\"Written by\" \/>\n\t<meta name=\"twitter:data1\" content=\"Xnet\" \/>\n\t<meta name=\"twitter:label2\" content=\"Est. reading time\" \/>\n\t<meta name=\"twitter:data2\" content=\"2 minutes\" \/>\n<script type=\"application\/ld+json\" class=\"yoast-schema-graph\">{\"@context\":\"https:\/\/schema.org\",\"@graph\":[{\"@type\":\"Article\",\"@id\":\"https:\/\/dev.xnet-x.net\/ca\/presentacion-barcelona-fakeyou\/#article\",\"isPartOf\":{\"@id\":\"https:\/\/dev.xnet-x.net\/ca\/presentacion-barcelona-fakeyou\/\"},\"author\":{\"name\":\"Xnet\",\"@id\":\"https:\/\/dev.xnet-x.net\/es\/#\/schema\/person\/02880890b95968f2b3bd4cfd79843d49\"},\"headline\":\"Presentaci\u00f3 a Barcelona de #Fakeyou: Fake News, Desinformaci\u00f3 vs Llibertat d&#8217;Expressi\u00f3\",\"datePublished\":\"2019-05-22T07:25:02+00:00\",\"dateModified\":\"2021-09-03T09:29:50+00:00\",\"mainEntityOfPage\":{\"@id\":\"https:\/\/dev.xnet-x.net\/ca\/presentacion-barcelona-fakeyou\/\"},\"wordCount\":453,\"publisher\":{\"@id\":\"https:\/\/dev.xnet-x.net\/es\/#organization\"},\"image\":{\"@id\":\"https:\/\/dev.xnet-x.net\/ca\/presentacion-barcelona-fakeyou\/#primaryimage\"},\"thumbnailUrl\":\"https:\/\/dev.xnet-x.net\/img\/presentacio-fake-you.jpg\",\"articleSection\":[\"Blog - Les nostres accions\"],\"inLanguage\":\"ca-ES\"},{\"@type\":\"WebPage\",\"@id\":\"https:\/\/dev.xnet-x.net\/ca\/presentacion-barcelona-fakeyou\/\",\"url\":\"https:\/\/dev.xnet-x.net\/ca\/presentacion-barcelona-fakeyou\/\",\"name\":\"Presentaci\u00f3 d #Fakeyou: fake news, desinformaci\u00f3 vs llibertat d'Expressi\u00f3\",\"isPartOf\":{\"@id\":\"https:\/\/dev.xnet-x.net\/ca\/#website\"},\"primaryImageOfPage\":{\"@id\":\"https:\/\/dev.xnet-x.net\/ca\/presentacion-barcelona-fakeyou\/#primaryimage\"},\"image\":{\"@id\":\"https:\/\/dev.xnet-x.net\/ca\/presentacion-barcelona-fakeyou\/#primaryimage\"},\"thumbnailUrl\":\"https:\/\/dev.xnet-x.net\/img\/presentacio-fake-you.jpg\",\"datePublished\":\"2019-05-22T07:25:02+00:00\",\"dateModified\":\"2021-09-03T09:29:50+00:00\",\"description\":\"Xnet fa la presentaci\u00f3 a la Universitat Pompeu Fabra de Barcelona de l'informe #Fakeyou: Fake News, Desinformaci\u00f3 vs Llibertat d'Expressi\u00f3\",\"breadcrumb\":{\"@id\":\"https:\/\/dev.xnet-x.net\/ca\/presentacion-barcelona-fakeyou\/#breadcrumb\"},\"inLanguage\":\"ca-ES\",\"potentialAction\":[{\"@type\":\"ReadAction\",\"target\":[[\"https:\/\/dev.xnet-x.net\/ca\/presentacion-barcelona-fakeyou\/\"]]}]},{\"@type\":\"ImageObject\",\"inLanguage\":\"ca-ES\",\"@id\":\"https:\/\/dev.xnet-x.net\/ca\/presentacion-barcelona-fakeyou\/#primaryimage\",\"url\":\"https:\/\/dev.xnet-x.net\/img\/presentacio-fake-you.jpg\",\"contentUrl\":\"https:\/\/dev.xnet-x.net\/img\/presentacio-fake-you.jpg\",\"width\":838,\"height\":420},{\"@type\":\"BreadcrumbList\",\"@id\":\"https:\/\/dev.xnet-x.net\/ca\/presentacion-barcelona-fakeyou\/#breadcrumb\",\"itemListElement\":[{\"@type\":\"ListItem\",\"position\":1,\"name\":\"Portada\",\"item\":\"https:\/\/dev.xnet-x.net\/ca\/\"},{\"@type\":\"ListItem\",\"position\":2,\"name\":\"Presentaci\u00f3 a Barcelona de #Fakeyou: Fake News, Desinformaci\u00f3 vs Llibertat d&#8217;Expressi\u00f3\"}]},{\"@type\":\"WebSite\",\"@id\":\"https:\/\/dev.xnet-x.net\/ca\/#website\",\"url\":\"https:\/\/dev.xnet-x.net\/ca\/\",\"name\":\"[:es]Xnet - Internet, derechos y democracia en la era digital[:ca]Xnet - Internet, drets i democr\u00e0cia en l'era digital[:en]Xnet - Internet freedoms & digital rights[:]\",\"description\":\"Xnet: Internet, informaci\u00f3 i cultura lliures. Tecnopol\u00edtica. Dades, algoritmes i drets digitals. Llibertat d&#039;expressi\u00f3. Democr\u00e0cia i anticorrupci\u00f3\",\"publisher\":{\"@id\":\"https:\/\/dev.xnet-x.net\/ca\/#organization\"},\"potentialAction\":[{\"@type\":\"SearchAction\",\"target\":{\"@type\":\"EntryPoint\",\"urlTemplate\":\"https:\/\/dev.xnet-x.net\/ca\/?s={search_term_string}\"},\"query-input\":{\"@type\":\"PropertyValueSpecification\",\"valueRequired\":true,\"valueName\":\"search_term_string\"}}],\"inLanguage\":\"ca-ES\"},{\"@type\":\"Organization\",\"@id\":\"https:\/\/dev.xnet-x.net\/ca\/#organization\",\"name\":\"Xnet - Internet, drets i democr\u00e0cia en l'era digital\",\"url\":\"https:\/\/dev.xnet-x.net\/ca\/\",\"logo\":{\"@type\":\"ImageObject\",\"inLanguage\":\"ca-ES\",\"@id\":\"https:\/\/dev.xnet-x.net\/ca\/#\/schema\/logo\/image\/\",\"url\":\"https:\/\/xnet-x.net\/img\/xnet-logo.png\",\"contentUrl\":\"https:\/\/xnet-x.net\/img\/xnet-logo.png\",\"width\":512,\"height\":512,\"caption\":\"Xnet - Internet, drets i democr\u00e0cia en l'era digital\"},\"image\":{\"@id\":\"https:\/\/dev.xnet-x.net\/ca\/#\/schema\/logo\/image\/\"},\"sameAs\":[\"http:\/\/facebook.com\/RedX.Net\/\",\"https:\/\/x.com\/x_net_\",\"https:\/\/es.wikipedia.org\/wiki\/Xnet\"]},{\"@type\":\"Person\",\"@id\":\"https:\/\/dev.xnet-x.net\/es\/#\/schema\/person\/02880890b95968f2b3bd4cfd79843d49\",\"name\":\"Xnet\",\"image\":{\"@type\":\"ImageObject\",\"inLanguage\":\"ca-ES\",\"@id\":\"https:\/\/dev.xnet-x.net\/ca\/#\/schema\/person\/image\/\",\"url\":\"https:\/\/secure.gravatar.com\/avatar\/41a61c327d24125228571dadd14748b0afd881e633e6e61518dacc4fef53cc93?s=96&d=mm&r=g\",\"contentUrl\":\"https:\/\/secure.gravatar.com\/avatar\/41a61c327d24125228571dadd14748b0afd881e633e6e61518dacc4fef53cc93?s=96&d=mm&r=g\",\"caption\":\"Xnet\"}}]}<\/script>\n<!-- \/ Yoast SEO plugin. -->","yoast_head_json":{"title":"Presentaci\u00f3 d #Fakeyou: fake news, desinformaci\u00f3 vs llibertat d'Expressi\u00f3","description":"Xnet fa la presentaci\u00f3 a la Universitat Pompeu Fabra de Barcelona de l'informe #Fakeyou: Fake News, Desinformaci\u00f3 vs Llibertat d'Expressi\u00f3","robots":{"index":"index","follow":"follow","max-snippet":"max-snippet:-1","max-image-preview":"max-image-preview:large","max-video-preview":"max-video-preview:-1"},"canonical":"https:\/\/dev.xnet-x.net\/ca\/presentacion-barcelona-fakeyou\/","twitter_misc":{"Written by":"Xnet","Est. reading time":"2 minutes"},"schema":{"@context":"https:\/\/schema.org","@graph":[{"@type":"Article","@id":"https:\/\/dev.xnet-x.net\/ca\/presentacion-barcelona-fakeyou\/#article","isPartOf":{"@id":"https:\/\/dev.xnet-x.net\/ca\/presentacion-barcelona-fakeyou\/"},"author":{"name":"Xnet","@id":"https:\/\/dev.xnet-x.net\/es\/#\/schema\/person\/02880890b95968f2b3bd4cfd79843d49"},"headline":"Presentaci\u00f3 a Barcelona de #Fakeyou: Fake News, Desinformaci\u00f3 vs Llibertat d&#8217;Expressi\u00f3","datePublished":"2019-05-22T07:25:02+00:00","dateModified":"2021-09-03T09:29:50+00:00","mainEntityOfPage":{"@id":"https:\/\/dev.xnet-x.net\/ca\/presentacion-barcelona-fakeyou\/"},"wordCount":453,"publisher":{"@id":"https:\/\/dev.xnet-x.net\/es\/#organization"},"image":{"@id":"https:\/\/dev.xnet-x.net\/ca\/presentacion-barcelona-fakeyou\/#primaryimage"},"thumbnailUrl":"https:\/\/dev.xnet-x.net\/img\/presentacio-fake-you.jpg","articleSection":["Blog - Les nostres accions"],"inLanguage":"ca-ES"},{"@type":"WebPage","@id":"https:\/\/dev.xnet-x.net\/ca\/presentacion-barcelona-fakeyou\/","url":"https:\/\/dev.xnet-x.net\/ca\/presentacion-barcelona-fakeyou\/","name":"Presentaci\u00f3 d #Fakeyou: fake news, desinformaci\u00f3 vs llibertat d'Expressi\u00f3","isPartOf":{"@id":"https:\/\/dev.xnet-x.net\/ca\/#website"},"primaryImageOfPage":{"@id":"https:\/\/dev.xnet-x.net\/ca\/presentacion-barcelona-fakeyou\/#primaryimage"},"image":{"@id":"https:\/\/dev.xnet-x.net\/ca\/presentacion-barcelona-fakeyou\/#primaryimage"},"thumbnailUrl":"https:\/\/dev.xnet-x.net\/img\/presentacio-fake-you.jpg","datePublished":"2019-05-22T07:25:02+00:00","dateModified":"2021-09-03T09:29:50+00:00","description":"Xnet fa la presentaci\u00f3 a la Universitat Pompeu Fabra de Barcelona de l'informe #Fakeyou: Fake News, Desinformaci\u00f3 vs Llibertat d'Expressi\u00f3","breadcrumb":{"@id":"https:\/\/dev.xnet-x.net\/ca\/presentacion-barcelona-fakeyou\/#breadcrumb"},"inLanguage":"ca-ES","potentialAction":[{"@type":"ReadAction","target":[["https:\/\/dev.xnet-x.net\/ca\/presentacion-barcelona-fakeyou\/"]]}]},{"@type":"ImageObject","inLanguage":"ca-ES","@id":"https:\/\/dev.xnet-x.net\/ca\/presentacion-barcelona-fakeyou\/#primaryimage","url":"https:\/\/dev.xnet-x.net\/img\/presentacio-fake-you.jpg","contentUrl":"https:\/\/dev.xnet-x.net\/img\/presentacio-fake-you.jpg","width":838,"height":420},{"@type":"BreadcrumbList","@id":"https:\/\/dev.xnet-x.net\/ca\/presentacion-barcelona-fakeyou\/#breadcrumb","itemListElement":[{"@type":"ListItem","position":1,"name":"Portada","item":"https:\/\/dev.xnet-x.net\/ca\/"},{"@type":"ListItem","position":2,"name":"Presentaci\u00f3 a Barcelona de #Fakeyou: Fake News, Desinformaci\u00f3 vs Llibertat d&#8217;Expressi\u00f3"}]},{"@type":"WebSite","@id":"https:\/\/dev.xnet-x.net\/ca\/#website","url":"https:\/\/dev.xnet-x.net\/ca\/","name":"[:es]Xnet - Internet, derechos y democracia en la era digital[:ca]Xnet - Internet, drets i democr\u00e0cia en l'era digital[:en]Xnet - Internet freedoms & digital rights[:]","description":"Xnet: Internet, informaci\u00f3 i cultura lliures. Tecnopol\u00edtica. Dades, algoritmes i drets digitals. Llibertat d&#039;expressi\u00f3. Democr\u00e0cia i anticorrupci\u00f3","publisher":{"@id":"https:\/\/dev.xnet-x.net\/ca\/#organization"},"potentialAction":[{"@type":"SearchAction","target":{"@type":"EntryPoint","urlTemplate":"https:\/\/dev.xnet-x.net\/ca\/?s={search_term_string}"},"query-input":{"@type":"PropertyValueSpecification","valueRequired":true,"valueName":"search_term_string"}}],"inLanguage":"ca-ES"},{"@type":"Organization","@id":"https:\/\/dev.xnet-x.net\/ca\/#organization","name":"Xnet - Internet, drets i democr\u00e0cia en l'era digital","url":"https:\/\/dev.xnet-x.net\/ca\/","logo":{"@type":"ImageObject","inLanguage":"ca-ES","@id":"https:\/\/dev.xnet-x.net\/ca\/#\/schema\/logo\/image\/","url":"https:\/\/xnet-x.net\/img\/xnet-logo.png","contentUrl":"https:\/\/xnet-x.net\/img\/xnet-logo.png","width":512,"height":512,"caption":"Xnet - Internet, drets i democr\u00e0cia en l'era digital"},"image":{"@id":"https:\/\/dev.xnet-x.net\/ca\/#\/schema\/logo\/image\/"},"sameAs":["http:\/\/facebook.com\/RedX.Net\/","https:\/\/x.com\/x_net_","https:\/\/es.wikipedia.org\/wiki\/Xnet"]},{"@type":"Person","@id":"https:\/\/dev.xnet-x.net\/es\/#\/schema\/person\/02880890b95968f2b3bd4cfd79843d49","name":"Xnet","image":{"@type":"ImageObject","inLanguage":"ca-ES","@id":"https:\/\/dev.xnet-x.net\/ca\/#\/schema\/person\/image\/","url":"https:\/\/secure.gravatar.com\/avatar\/41a61c327d24125228571dadd14748b0afd881e633e6e61518dacc4fef53cc93?s=96&d=mm&r=g","contentUrl":"https:\/\/secure.gravatar.com\/avatar\/41a61c327d24125228571dadd14748b0afd881e633e6e61518dacc4fef53cc93?s=96&d=mm&r=g","caption":"Xnet"}}]}},"_links":{"self":[{"href":"https:\/\/dev.xnet-x.net\/ca\/wp-json\/wp\/v2\/posts\/16877","targetHints":{"allow":["GET"]}}],"collection":[{"href":"https:\/\/dev.xnet-x.net\/ca\/wp-json\/wp\/v2\/posts"}],"about":[{"href":"https:\/\/dev.xnet-x.net\/ca\/wp-json\/wp\/v2\/types\/post"}],"author":[{"embeddable":true,"href":"https:\/\/dev.xnet-x.net\/ca\/wp-json\/wp\/v2\/users\/15"}],"replies":[{"embeddable":true,"href":"https:\/\/dev.xnet-x.net\/ca\/wp-json\/wp\/v2\/comments?post=16877"}],"version-history":[{"count":14,"href":"https:\/\/dev.xnet-x.net\/ca\/wp-json\/wp\/v2\/posts\/16877\/revisions"}],"predecessor-version":[{"id":16893,"href":"https:\/\/dev.xnet-x.net\/ca\/wp-json\/wp\/v2\/posts\/16877\/revisions\/16893"}],"wp:featuredmedia":[{"embeddable":true,"href":"https:\/\/dev.xnet-x.net\/ca\/wp-json\/wp\/v2\/media\/17411"}],"wp:attachment":[{"href":"https:\/\/dev.xnet-x.net\/ca\/wp-json\/wp\/v2\/media?parent=16877"}],"wp:term":[{"taxonomy":"category","embeddable":true,"href":"https:\/\/dev.xnet-x.net\/ca\/wp-json\/wp\/v2\/categories?post=16877"},{"taxonomy":"post_tag","embeddable":true,"href":"https:\/\/dev.xnet-x.net\/ca\/wp-json\/wp\/v2\/tags?post=16877"}],"curies":[{"name":"wp","href":"https:\/\/api.w.org\/{rel}","templated":true}]}}