{"id":14804,"date":"2018-06-13T10:10:21","date_gmt":"2018-06-13T08:10:21","guid":{"rendered":"https:\/\/xnet-x.net\/?p=14804"},"modified":"2021-07-27T10:21:18","modified_gmt":"2021-07-27T08:21:18","slug":"realidades-avanzadas-2-2","status":"publish","type":"post","link":"https:\/\/dev.xnet-x.net\/ca\/realitats-avancades-2\/","title":{"rendered":"Realitats Avan\u00e7ades 2"},"content":{"rendered":"<p><\/p>\n<div style=\"font-size:100%;margin:6px 0;border: 1px solid #e00f2f;padding: 30px 5% 10px\">\n<span style=\"margin-left:225px\">REALITATS AVAN\u00c7ADES 2<\/span><br \/>\n<strong><span style=\"margin-left:200px\">Enlluernats per la democr\u00e0cia<\/span><\/strong><\/p>\n<div style=\"font-size:120%;text-align: center;margin-top:20px\"><strong>Text pol\u00edtic de presentaci\u00f3 de l&#8217;espectacle per Simona Levi:<br \/>\n&#8220;#Participaci\u00f3: Enlluernats per la Democr\u00e0cia&#8221; a P\u00fablico: http:\/\/blogs.publico.es\/dominiopublico\/25976\/deslumbrados-por-la-democracia\/ <\/strong><\/div>\n<p>&nbsp;<\/p>\n<p><span style=\"margin-left:170px\"><a href=\"http:\/\/lameva.barcelona.cat\/grec\/ca\/espectacle\/realitats-avancades-2\" rel=\"noopener noreferrer\" target=\"_blank\">ESTRENA: FESTIVAL GREC BARCELONA 2018<\/a> <\/span><br \/>\n<span style=\"margin-left:80px\">9.10.11 JULIOL \u2013 21:30h. MERCAT DE LES FLORS &#8211; SALA OVIDI MONTLLOR<\/span><br \/>\n<span style=\"margin-left:210px\">Espectacle en catal\u00e0 i castell\u00e0<\/span><br \/>\n&nbsp;<\/p>\n<p>Sembla que vivim moments de crispaci\u00f3 ciutadana. S&#8217;estan produint fissures en les nostres formes de vida: masses enervades exigint els seus drets al carrer, intercanvis descontrolats d&#8217;informaci\u00f3 a la xarxa, ciutadans usant la ciutat a pler i cantussejant melodies com si fossin seves. S&#8217;est\u00e0 perdent el respecte a la propietat, a l&#8217;autoritat i a la propietat de l&#8217;autoritat.<\/p>\n<p>Aquesta performance-confer\u00e8ncia interactiva proporciona a governs, partits pol\u00edtics i grans poders f\u00e0ctics en situaci\u00f3 de crisi, solucions participatives per apaivagar el descontent ciutad\u00e0, aclarir tots els malentesos i evitar que la ciutadania acabi prenent-se els drets pel seu compte.<\/p>\n<p>Un muntatge per a performers, v\u00eddeos t\u00e0ctics, p\u00fablic i sistemes telem\u00e0tics de participaci\u00f3 democr\u00e0tica.<\/p>\n<p>Fundaci\u00f3 REALITATS AVAN\u00c7ADES: un espectador, un vot.<\/p>\n<p><iframe loading=\"lazy\" src=\"https:\/\/www.youtube-nocookie.com\/embed\/HYcFH_woU7o\" allow=\"autoplay; encrypted-media\" width=\"560\" height=\"315\" frameborder=\"0\" align=\"aligncenter\"><\/iframe><\/p>\n<\/div>\n<div style=\"font-size:100%;margin:6px 0;border: 1px solid #e00f2f;padding: 30px 5% 10px\">\nREALITATS AVAN\u00c7ADES \u00e9s un espectacle que vam estrenar en 2007-8 i es va veure en 16 ciutats a l&#8217;Estat ia Europa.<br \/>\n10 anys m\u00e9s tard l&#8217;hem actualitzat perqu\u00e8 ens hem adonat que l&#8217;espectacle segueix vigent, demostrant que potser vam ser visionaris per\u00f2 sobretot que l&#8217;humor i la lluita continuen sent molt necessaris.<br \/>\n&nbsp;<\/p>\n<p><strong><em>El que va dir la premsa<\/em><\/strong><\/p>\n<p>Recull de premsa de l&#8217;espectacle 2018<br \/>\n<a href=\"https:\/\/xnet-x.net\/ca\/participacio-democracia-realitats-avancades\" rel=\"noopener noreferrer\" target=\"_blank\">https:\/\/xnet-x.net\/ca\/participacio-democracia-realitats-avancades<\/a><br \/>\n&nbsp;<\/p>\n<p>Extractes premsa 2007-8<\/p>\n<p>&#8220;<em>Una par\u00f2dia de la participaci\u00f3. Humor corrosiu i cr\u00edtica pol\u00edtica.<br \/>\nEs tracta d&#8217;un espectacle at\u00edpic en tots els aspectes<\/em>.&#8221;<br \/>\nR. Bosco, El Pais<\/p>\n<p>&#8220;<em>Levi segueix amb el seu comprom\u00eds, REALITATS AVAN\u00c7ADES \u00e9s una s\u00e0tira fero\u00e7 i molt divertida sobre alguns dels inconvenients que sofreixen els exclosos de la societat del benestar.<br \/>\nUna s\u00e0tira que evidencia les contradiccions del sistema.<br \/>\nSorna, per\u00f2 tamb\u00e9 dades ver\u00eddiques i comparacions que els mitjans de comunicaci\u00f3 no solen publicar<\/em>.\u201d<br \/>\nSantiago Fontdevila, La Vanguardia<\/p>\n<p>&#8220;<em>La Simona no \u00e9s nom\u00e9s una artista, tamb\u00e9 \u00e9s activista. Al seu entendre, l&#8217;art i els moviments socials no haurien de dissociar-se. La Simona juga amb una realitat que sembla ficci\u00f3 i una ficci\u00f3 que no est\u00e0 tan lluny d&#8217;esdevenir real<\/em>.&#8221;<br \/>\nVanessa Graell, El Mundo<\/p>\n<p>\u201c<em>El fals empirisme imperant i l&#8217;\u00fas de codis propis de l&#8217;espectacle s&#8217;insereixen en aquesta obra, que es converteix en una reflexi\u00f3 sobre la naturalesa participativa de la propietat i la democr\u00e0cia. En definitiva, es planteja un tema cl\u00e0ssic: com la definici\u00f3 de la realitat esdev\u00e9 una potent arma discriminat\u00f2ria, en el context actual, estrictament marcat pel desenovlupament dels sistemes telem\u00e0tics de participaci\u00f3 que esdevenen perversos<\/em>\u201d.<br \/>\nSanti Eizaguirre, Directa<\/p>\n<div style=\"margin: 20px auto; text-align:center\"> <img decoding=\"async\" src=\"https:\/\/xnet-x.net\/img\/realidades-avanzadas2b.png\" alt=\"\" width=\"100%\" height=\"\" class=\"aligncenter size-full wp-image-14818\" srcset=\"https:\/\/dev.xnet-x.net\/img\/realidades-avanzadas2b.png 459w, https:\/\/dev.xnet-x.net\/img\/realidades-avanzadas2b-300x200.png 300w\" sizes=\"(max-width: 459px) 100vw, 459px\" \/><\/div>\n<p>&nbsp;<\/p>\n<p><strong><em>FiTXA ART\u00cdSTICA<\/em><\/strong><\/p>\n<p>DIRECCI\u00d3: Simona Levi<br \/>\nDRAMAT\u00daRGIA CREACI\u00d3 2018: Simona Levi<br \/>\nCOL\u00b7LABORACI\u00d3 DRAMAT\u00daRGICA: Sergio Salgado i Stupid Feats<br \/>\nACTOR I ACTRIU: Judit Saula i El\u00edes Barber\u00e0<br \/>\nDISSENY T\u00c8CNIC: Xavi Marx<br \/>\nM\u00daSICA: Jordi Bello<br \/>\nVIDEOS: Iban Arnau, Joan Argemi<br \/>\nLLUMS: Cube<br \/>\nFOTOS: Edu Bayer<br \/>\nAJUDANT DE DIRECCI\u00d3: Fiona Masxence<br \/>\nUna producci\u00f3 de Conservas i Xnet.<\/p>\n<p>CONTINGUTS CREACI\u00d3 2007-8: Simona Levi, Marc Sempere, Elisa Blanco, Jordi Bello, Iban Arnau, Joan Argem\u00ed, Judit Saula, David Bravo, Stupid Feats, Eloi Maduell, Josian Llorente, Maite Fern\u00e1ndez, Elena Fraj, Alf Toledano, Obsolet, Leo Mart\u00edn, la familia Herranz-Do\u00f1ate, Ada, Pepe, Marta, Maribel, Pompeu, Pau.<br \/>\n&nbsp;<\/p>\n<p>SIMONA LEVI<br \/>\nDirectora de teatre, dramaturga, estratega tecnopol\u00edtica, gestora cultural, artista multidisciplinaria, investigadora, docent, com a activista en els \u00faltims anys s&#8217;ha centrat en la cultura lliure, la democr\u00e0cia digital i l&#8217;\u00fas estrat\u00e8gic de les eines digitals per a l&#8217;organitzaci\u00f3, la comunicaci\u00f3 tecnopol\u00edtica, l&#8217;acci\u00f3 col\u00b7lectiva, la lluita contra la corrupci\u00f3 d&#8217;Estat i la renovaci\u00f3 de la democr\u00e0cia.<br \/>\nIniciadora de projectes com Xnet o 15MpaRato, que ha obert el judici a la c\u00fapula de Bankia \u2013 el 5\u00ba banc de l&#8217;estat espanyol -, organitza plataformes per destapar la corrupci\u00f3 i la responsabilitat pol\u00edtica de les injust\u00edcies econ\u00f2miques en l&#8217;Estat espanyol i a Europa. \u00c9s participant destacada del 15M des de Barcelona.<br \/>\nAnteriorment ha participat activament en els moviments per al dret a l&#8217;habitatge i l&#8217;\u00fas de l&#8217;espai p\u00fablic.<br \/>\nEls seus espectacles s&#8217;han representat en teatres i festivals de tota Europa i ha creat festivals de gran impacte com els OXcars o InnMotion.<br \/>\n\u00c9s co-autora de diversos llibres, entre ells destaquem \u201cVotar y cobrar. La impunidad como forma de gobierno\u201d (Capitan Swing en 2017), \u201cTecnopol\u00edtica, internet y r-evoluciones\u201d i \u201cCultura libre digital \u2013 Nociones b\u00e1sicas para defender lo que es de todxs\u201d, (Ic\u00e0ria 2012).<\/p>\n<p>Com a creadora i gestora cultural, el 1993 engega al barri del  Raval de Barcelona la sala Conservas, espai per promoure la creaci\u00f3 esc\u00e8nica local independent i innovadora a trav\u00e9s de la autoproducci\u00f3, programant cicles d&#8217;accions esc\u00e8niques totals en els que es busca la complicitat i coresponsabilitat del p\u00fablic.<\/p>\n<p>L&#8217;envergadura i la fama que agafen aquests cicles, sempre desbordats per la gran aflu\u00e8ncia de p\u00fablic, li fan buscar espais amb major aforament en institucions culturals.<br \/>\nEl 1999 programa un cicle d&#8217;espectacles en el Mercat de les Flors de Barcelona i, l&#8217;any 2001, crea i dirigeix el festival d&#8217;Arts Esc\u00e8niques Aplicades InnMotion, celebrat al Centre de Cultura Contempor\u00e0nia de Barcelona durant el Festival Grec de la ciutat amb l&#8217;aflu\u00e8ncia de milers de persones. InnMotion, finalment biennal, va esdevenir un festival de refer\u00e8ncia nacional, estatal i internacional durant les seves cinc edicions.<\/p>\n<p>El 1999 funda la Companyia Conservas, amb la qual realitza gires per tota Europa amb diversos muntatges durant 10 anys.\u2028Per a ella escriu o co-escriu, dirigeix o co-dirigeix i, en alguns casos, crea els artilugis esc\u00e8nics i audiovisuals i el disseny de llums, de les seg\u00fcents obres:<\/p>\n<p>\u2013 Femina Ex Machina (1999-2003) \u2013 Premio Especial De La Cr\u00edtica \/\/ Premi Aplaudiment Fad<br \/>\n\u2013 7 Dust, Non Lavoreremo Mai Show (2002- 2005)<br \/>\n\u2013 Realitats Avan\u00e7ades (2007-2009)<br \/>\n\u2013 Hazte Banquero \u2013 Tarjetas Black: Todo lo que quisieron ocultarte (2016 \u2013 2017)<\/p>\n<\/div>\n<div style=\"font-size:110%;text-align: center; margin:6px 0;border: 1px ;padding: 30px 5% 10px\">V\u00eddeo de l\u2019espectacle:<br \/>\n<iframe loading=\"lazy\" src=\"https:\/\/www.youtube-nocookie.com\/embed\/yfmapWAooRM\" allow=\"autoplay; encrypted-media\" allowfullscreen=\"\" width=\"560\" height=\"315\" frameborder=\"0\" align=\"aligncenter\"><\/iframe>\n<\/div>\n<p><\/p>","protected":false},"excerpt":{"rendered":"<p>Simona Levi dirigeix Realitats Avan\u00e7ades 2 # Grec2018<br \/>\nHumor corrosiu i cr\u00edtica pol\u00edtica.<br \/>\n9, 10 i 11 de juliol a les 21: 30h a Mercat de les Flors &#8211; Sala Ovidi Montllor &#8211; bcn<\/p>\n","protected":false},"author":15,"featured_media":14817,"comment_status":"closed","ping_status":"closed","sticky":false,"template":"","format":"standard","meta":{"footnotes":""},"categories":[52],"tags":[],"class_list":["post-14804","post","type-post","status-publish","format-standard","has-post-thumbnail","hentry","category-blog","ejes-tecnopolitica-hacktivismo-artivismo"],"yoast_head":"<!-- This site is optimized with the Yoast SEO plugin v26.7 - https:\/\/yoast.com\/wordpress\/plugins\/seo\/ -->\n<title>Realitats Avan\u00e7ades 2. Humor corrosiu i cr\u00edtica pol\u00edtica<\/title>\n<meta name=\"description\" content=\"Simona Levi dirigeix Realitats Avan\u00e7ades 2. Humor corrosiu i cr\u00edtica pol\u00edtica. #Participaci\u00f3: Enlluernats per la Democr\u00e0cia\" \/>\n<meta name=\"robots\" content=\"index, follow, max-snippet:-1, max-image-preview:large, max-video-preview:-1\" \/>\n<link rel=\"canonical\" href=\"https:\/\/dev.xnet-x.net\/ca\/realitats-avancades-2\/\" \/>\n<meta name=\"twitter:label1\" content=\"Written by\" \/>\n\t<meta name=\"twitter:data1\" content=\"Xnet\" \/>\n\t<meta name=\"twitter:label2\" content=\"Est. reading time\" \/>\n\t<meta name=\"twitter:data2\" content=\"10 minutes\" \/>\n<script type=\"application\/ld+json\" class=\"yoast-schema-graph\">{\"@context\":\"https:\/\/schema.org\",\"@graph\":[{\"@type\":\"Article\",\"@id\":\"https:\/\/dev.xnet-x.net\/ca\/realitats-avancades-2\/#article\",\"isPartOf\":{\"@id\":\"https:\/\/dev.xnet-x.net\/ca\/realitats-avancades-2\/\"},\"author\":{\"name\":\"Xnet\",\"@id\":\"https:\/\/dev.xnet-x.net\/es\/#\/schema\/person\/02880890b95968f2b3bd4cfd79843d49\"},\"headline\":\"Realitats Avan\u00e7ades 2\",\"datePublished\":\"2018-06-13T08:10:21+00:00\",\"dateModified\":\"2021-07-27T08:21:18+00:00\",\"mainEntityOfPage\":{\"@id\":\"https:\/\/dev.xnet-x.net\/ca\/realitats-avancades-2\/\"},\"wordCount\":2097,\"publisher\":{\"@id\":\"https:\/\/dev.xnet-x.net\/es\/#organization\"},\"image\":{\"@id\":\"https:\/\/dev.xnet-x.net\/ca\/realitats-avancades-2\/#primaryimage\"},\"thumbnailUrl\":\"https:\/\/dev.xnet-x.net\/img\/ra2.png\",\"articleSection\":[\"Blog - Les nostres accions\"],\"inLanguage\":\"ca-ES\"},{\"@type\":\"WebPage\",\"@id\":\"https:\/\/dev.xnet-x.net\/ca\/realitats-avancades-2\/\",\"url\":\"https:\/\/dev.xnet-x.net\/ca\/realitats-avancades-2\/\",\"name\":\"Realitats Avan\u00e7ades 2. Humor corrosiu i cr\u00edtica pol\u00edtica\",\"isPartOf\":{\"@id\":\"https:\/\/dev.xnet-x.net\/ca\/#website\"},\"primaryImageOfPage\":{\"@id\":\"https:\/\/dev.xnet-x.net\/ca\/realitats-avancades-2\/#primaryimage\"},\"image\":{\"@id\":\"https:\/\/dev.xnet-x.net\/ca\/realitats-avancades-2\/#primaryimage\"},\"thumbnailUrl\":\"https:\/\/dev.xnet-x.net\/img\/ra2.png\",\"datePublished\":\"2018-06-13T08:10:21+00:00\",\"dateModified\":\"2021-07-27T08:21:18+00:00\",\"description\":\"Simona Levi dirigeix Realitats Avan\u00e7ades 2. Humor corrosiu i cr\u00edtica pol\u00edtica. #Participaci\u00f3: Enlluernats per la Democr\u00e0cia\",\"breadcrumb\":{\"@id\":\"https:\/\/dev.xnet-x.net\/ca\/realitats-avancades-2\/#breadcrumb\"},\"inLanguage\":\"ca-ES\",\"potentialAction\":[{\"@type\":\"ReadAction\",\"target\":[[\"https:\/\/dev.xnet-x.net\/ca\/realitats-avancades-2\/\"]]}]},{\"@type\":\"ImageObject\",\"inLanguage\":\"ca-ES\",\"@id\":\"https:\/\/dev.xnet-x.net\/ca\/realitats-avancades-2\/#primaryimage\",\"url\":\"https:\/\/dev.xnet-x.net\/img\/ra2.png\",\"contentUrl\":\"https:\/\/dev.xnet-x.net\/img\/ra2.png\",\"width\":838,\"height\":420,\"caption\":\"ra2-img\"},{\"@type\":\"BreadcrumbList\",\"@id\":\"https:\/\/dev.xnet-x.net\/ca\/realitats-avancades-2\/#breadcrumb\",\"itemListElement\":[{\"@type\":\"ListItem\",\"position\":1,\"name\":\"Portada\",\"item\":\"https:\/\/dev.xnet-x.net\/ca\/\"},{\"@type\":\"ListItem\",\"position\":2,\"name\":\"Realitats Avan\u00e7ades 2\"}]},{\"@type\":\"WebSite\",\"@id\":\"https:\/\/dev.xnet-x.net\/ca\/#website\",\"url\":\"https:\/\/dev.xnet-x.net\/ca\/\",\"name\":\"[:es]Xnet - Internet, derechos y democracia en la era digital[:ca]Xnet - Internet, drets i democr\u00e0cia en l'era digital[:en]Xnet - Internet freedoms & digital rights[:]\",\"description\":\"Xnet: Internet, informaci\u00f3 i cultura lliures. Tecnopol\u00edtica. Dades, algoritmes i drets digitals. Llibertat d&#039;expressi\u00f3. Democr\u00e0cia i anticorrupci\u00f3\",\"publisher\":{\"@id\":\"https:\/\/dev.xnet-x.net\/ca\/#organization\"},\"potentialAction\":[{\"@type\":\"SearchAction\",\"target\":{\"@type\":\"EntryPoint\",\"urlTemplate\":\"https:\/\/dev.xnet-x.net\/ca\/?s={search_term_string}\"},\"query-input\":{\"@type\":\"PropertyValueSpecification\",\"valueRequired\":true,\"valueName\":\"search_term_string\"}}],\"inLanguage\":\"ca-ES\"},{\"@type\":\"Organization\",\"@id\":\"https:\/\/dev.xnet-x.net\/ca\/#organization\",\"name\":\"Xnet - Internet, drets i democr\u00e0cia en l'era digital\",\"url\":\"https:\/\/dev.xnet-x.net\/ca\/\",\"logo\":{\"@type\":\"ImageObject\",\"inLanguage\":\"ca-ES\",\"@id\":\"https:\/\/dev.xnet-x.net\/ca\/#\/schema\/logo\/image\/\",\"url\":\"https:\/\/xnet-x.net\/img\/xnet-logo.png\",\"contentUrl\":\"https:\/\/xnet-x.net\/img\/xnet-logo.png\",\"width\":512,\"height\":512,\"caption\":\"Xnet - Internet, drets i democr\u00e0cia en l'era digital\"},\"image\":{\"@id\":\"https:\/\/dev.xnet-x.net\/ca\/#\/schema\/logo\/image\/\"},\"sameAs\":[\"http:\/\/facebook.com\/RedX.Net\/\",\"https:\/\/x.com\/x_net_\",\"https:\/\/es.wikipedia.org\/wiki\/Xnet\"]},{\"@type\":\"Person\",\"@id\":\"https:\/\/dev.xnet-x.net\/es\/#\/schema\/person\/02880890b95968f2b3bd4cfd79843d49\",\"name\":\"Xnet\",\"image\":{\"@type\":\"ImageObject\",\"inLanguage\":\"ca-ES\",\"@id\":\"https:\/\/dev.xnet-x.net\/ca\/#\/schema\/person\/image\/\",\"url\":\"https:\/\/secure.gravatar.com\/avatar\/41a61c327d24125228571dadd14748b0afd881e633e6e61518dacc4fef53cc93?s=96&d=mm&r=g\",\"contentUrl\":\"https:\/\/secure.gravatar.com\/avatar\/41a61c327d24125228571dadd14748b0afd881e633e6e61518dacc4fef53cc93?s=96&d=mm&r=g\",\"caption\":\"Xnet\"}}]}<\/script>\n<!-- \/ Yoast SEO plugin. -->","yoast_head_json":{"title":"Realitats Avan\u00e7ades 2. Humor corrosiu i cr\u00edtica pol\u00edtica","description":"Simona Levi dirigeix Realitats Avan\u00e7ades 2. Humor corrosiu i cr\u00edtica pol\u00edtica. #Participaci\u00f3: Enlluernats per la Democr\u00e0cia","robots":{"index":"index","follow":"follow","max-snippet":"max-snippet:-1","max-image-preview":"max-image-preview:large","max-video-preview":"max-video-preview:-1"},"canonical":"https:\/\/dev.xnet-x.net\/ca\/realitats-avancades-2\/","twitter_misc":{"Written by":"Xnet","Est. reading time":"10 minutes"},"schema":{"@context":"https:\/\/schema.org","@graph":[{"@type":"Article","@id":"https:\/\/dev.xnet-x.net\/ca\/realitats-avancades-2\/#article","isPartOf":{"@id":"https:\/\/dev.xnet-x.net\/ca\/realitats-avancades-2\/"},"author":{"name":"Xnet","@id":"https:\/\/dev.xnet-x.net\/es\/#\/schema\/person\/02880890b95968f2b3bd4cfd79843d49"},"headline":"Realitats Avan\u00e7ades 2","datePublished":"2018-06-13T08:10:21+00:00","dateModified":"2021-07-27T08:21:18+00:00","mainEntityOfPage":{"@id":"https:\/\/dev.xnet-x.net\/ca\/realitats-avancades-2\/"},"wordCount":2097,"publisher":{"@id":"https:\/\/dev.xnet-x.net\/es\/#organization"},"image":{"@id":"https:\/\/dev.xnet-x.net\/ca\/realitats-avancades-2\/#primaryimage"},"thumbnailUrl":"https:\/\/dev.xnet-x.net\/img\/ra2.png","articleSection":["Blog - Les nostres accions"],"inLanguage":"ca-ES"},{"@type":"WebPage","@id":"https:\/\/dev.xnet-x.net\/ca\/realitats-avancades-2\/","url":"https:\/\/dev.xnet-x.net\/ca\/realitats-avancades-2\/","name":"Realitats Avan\u00e7ades 2. Humor corrosiu i cr\u00edtica pol\u00edtica","isPartOf":{"@id":"https:\/\/dev.xnet-x.net\/ca\/#website"},"primaryImageOfPage":{"@id":"https:\/\/dev.xnet-x.net\/ca\/realitats-avancades-2\/#primaryimage"},"image":{"@id":"https:\/\/dev.xnet-x.net\/ca\/realitats-avancades-2\/#primaryimage"},"thumbnailUrl":"https:\/\/dev.xnet-x.net\/img\/ra2.png","datePublished":"2018-06-13T08:10:21+00:00","dateModified":"2021-07-27T08:21:18+00:00","description":"Simona Levi dirigeix Realitats Avan\u00e7ades 2. Humor corrosiu i cr\u00edtica pol\u00edtica. #Participaci\u00f3: Enlluernats per la Democr\u00e0cia","breadcrumb":{"@id":"https:\/\/dev.xnet-x.net\/ca\/realitats-avancades-2\/#breadcrumb"},"inLanguage":"ca-ES","potentialAction":[{"@type":"ReadAction","target":[["https:\/\/dev.xnet-x.net\/ca\/realitats-avancades-2\/"]]}]},{"@type":"ImageObject","inLanguage":"ca-ES","@id":"https:\/\/dev.xnet-x.net\/ca\/realitats-avancades-2\/#primaryimage","url":"https:\/\/dev.xnet-x.net\/img\/ra2.png","contentUrl":"https:\/\/dev.xnet-x.net\/img\/ra2.png","width":838,"height":420,"caption":"ra2-img"},{"@type":"BreadcrumbList","@id":"https:\/\/dev.xnet-x.net\/ca\/realitats-avancades-2\/#breadcrumb","itemListElement":[{"@type":"ListItem","position":1,"name":"Portada","item":"https:\/\/dev.xnet-x.net\/ca\/"},{"@type":"ListItem","position":2,"name":"Realitats Avan\u00e7ades 2"}]},{"@type":"WebSite","@id":"https:\/\/dev.xnet-x.net\/ca\/#website","url":"https:\/\/dev.xnet-x.net\/ca\/","name":"[:es]Xnet - Internet, derechos y democracia en la era digital[:ca]Xnet - Internet, drets i democr\u00e0cia en l'era digital[:en]Xnet - Internet freedoms & digital rights[:]","description":"Xnet: Internet, informaci\u00f3 i cultura lliures. Tecnopol\u00edtica. Dades, algoritmes i drets digitals. Llibertat d&#039;expressi\u00f3. Democr\u00e0cia i anticorrupci\u00f3","publisher":{"@id":"https:\/\/dev.xnet-x.net\/ca\/#organization"},"potentialAction":[{"@type":"SearchAction","target":{"@type":"EntryPoint","urlTemplate":"https:\/\/dev.xnet-x.net\/ca\/?s={search_term_string}"},"query-input":{"@type":"PropertyValueSpecification","valueRequired":true,"valueName":"search_term_string"}}],"inLanguage":"ca-ES"},{"@type":"Organization","@id":"https:\/\/dev.xnet-x.net\/ca\/#organization","name":"Xnet - Internet, drets i democr\u00e0cia en l'era digital","url":"https:\/\/dev.xnet-x.net\/ca\/","logo":{"@type":"ImageObject","inLanguage":"ca-ES","@id":"https:\/\/dev.xnet-x.net\/ca\/#\/schema\/logo\/image\/","url":"https:\/\/xnet-x.net\/img\/xnet-logo.png","contentUrl":"https:\/\/xnet-x.net\/img\/xnet-logo.png","width":512,"height":512,"caption":"Xnet - Internet, drets i democr\u00e0cia en l'era digital"},"image":{"@id":"https:\/\/dev.xnet-x.net\/ca\/#\/schema\/logo\/image\/"},"sameAs":["http:\/\/facebook.com\/RedX.Net\/","https:\/\/x.com\/x_net_","https:\/\/es.wikipedia.org\/wiki\/Xnet"]},{"@type":"Person","@id":"https:\/\/dev.xnet-x.net\/es\/#\/schema\/person\/02880890b95968f2b3bd4cfd79843d49","name":"Xnet","image":{"@type":"ImageObject","inLanguage":"ca-ES","@id":"https:\/\/dev.xnet-x.net\/ca\/#\/schema\/person\/image\/","url":"https:\/\/secure.gravatar.com\/avatar\/41a61c327d24125228571dadd14748b0afd881e633e6e61518dacc4fef53cc93?s=96&d=mm&r=g","contentUrl":"https:\/\/secure.gravatar.com\/avatar\/41a61c327d24125228571dadd14748b0afd881e633e6e61518dacc4fef53cc93?s=96&d=mm&r=g","caption":"Xnet"}}]}},"_links":{"self":[{"href":"https:\/\/dev.xnet-x.net\/ca\/wp-json\/wp\/v2\/posts\/14804","targetHints":{"allow":["GET"]}}],"collection":[{"href":"https:\/\/dev.xnet-x.net\/ca\/wp-json\/wp\/v2\/posts"}],"about":[{"href":"https:\/\/dev.xnet-x.net\/ca\/wp-json\/wp\/v2\/types\/post"}],"author":[{"embeddable":true,"href":"https:\/\/dev.xnet-x.net\/ca\/wp-json\/wp\/v2\/users\/15"}],"replies":[{"embeddable":true,"href":"https:\/\/dev.xnet-x.net\/ca\/wp-json\/wp\/v2\/comments?post=14804"}],"version-history":[{"count":21,"href":"https:\/\/dev.xnet-x.net\/ca\/wp-json\/wp\/v2\/posts\/14804\/revisions"}],"predecessor-version":[{"id":22529,"href":"https:\/\/dev.xnet-x.net\/ca\/wp-json\/wp\/v2\/posts\/14804\/revisions\/22529"}],"wp:featuredmedia":[{"embeddable":true,"href":"https:\/\/dev.xnet-x.net\/ca\/wp-json\/wp\/v2\/media\/14817"}],"wp:attachment":[{"href":"https:\/\/dev.xnet-x.net\/ca\/wp-json\/wp\/v2\/media?parent=14804"}],"wp:term":[{"taxonomy":"category","embeddable":true,"href":"https:\/\/dev.xnet-x.net\/ca\/wp-json\/wp\/v2\/categories?post=14804"},{"taxonomy":"post_tag","embeddable":true,"href":"https:\/\/dev.xnet-x.net\/ca\/wp-json\/wp\/v2\/tags?post=14804"}],"curies":[{"name":"wp","href":"https:\/\/api.w.org\/{rel}","templated":true}]}}