{"id":12645,"date":"2017-07-26T15:45:10","date_gmt":"2017-07-26T14:45:10","guid":{"rendered":"https:\/\/xnet-x.net\/?p=12645"},"modified":"2022-02-07T17:13:33","modified_gmt":"2022-02-07T15:13:33","slug":"sobre-grupos-de-interes","status":"publish","type":"post","link":"https:\/\/dev.xnet-x.net\/ca\/sobre-grupos-de-interes\/","title":{"rendered":"Sobre grups d\u2019inter\u00e8s"},"content":{"rendered":"<p>Aqu\u00ed la nostra aportaci\u00f3 a la Consulta p\u00fablica sobre <a href=\"http:\/\/participa.gencat.cat\/ca\/proposals\/avantprojecte-de-decret-sobre-el-registre-de-grups-d-interes-de-catalunya\" target=\"_blank\" rel=\"noopener noreferrer\">l\u2019Avantprojecte de decret sobre el Registre de grups d\u2019inter\u00e8s del Departament de Just\u00edcia de Catalunya.<\/a><\/p>\n<p>Entenem les bones intencions que hi ha darrere de la creaci\u00f3 de llistats p\u00fablics de grups d&#8217;inter\u00e8s. De la mateixa manera creiem que <strong>l&#8217;agenda dels servidors p\u00fablics ha de ser completament p\u00fablica<\/strong> i per aix\u00f2 han de constar a l&#8217;abast de tothom, de TOTES les persones o grups amb els quals es reuneixi el servidor p\u00fablic. En aquest context, no creiem que la societat civil organitzada hagi de ser equiparada als grups de pressi\u00f3 professionals i remunerats, obligant-la a fer p\u00fabliques una jerarquia i estructura que no t\u00e9.<\/p>\n<p>Considerem que:<\/p>\n<p>&#8211; <strong>Aix\u00f2 desvirtua la funci\u00f3 de la societat civil burocratitzant-la i crea din\u00e0miques clientelars.<\/strong><\/p>\n<p>&#8211; <strong>Reprodueix l\u2019asimetria entre societat que lluita per el b\u00e9 com\u00fa i grups poderosos que treballen pels seus interessos, obligant a persones a exposar el seu nom i quedar \u201cfitxats\u201d nom\u00e9s per demanar millores que afecten a tots.<\/strong><\/p>\n<p>Per aquesta ra\u00f3 ens oposem a que la societat civil s&#8217;hagi d&#8217;inscriure al registre al mateix nivell que els grups privats.<\/p>\n<p>Aix\u00ed ho va expressar en la seva compareixen\u00e7a a la Comissi\u00f3 Parlamentaria la nostra companya Simona Levi:<br \/>\n<a href=\"https:\/\/xnet-x.net\/ca\/intervencio-simona-levi-xnet-comissio-lluita-contra-corrupcio-regeneracio-democratica\/\" target=\"_blank\" rel=\"noopener noreferrer\">https:\/\/xnet-x.net\/ca\/intervencio-simona-levi-xnet-comissio-lluita-contra-corrupcio-regeneracio-democratica\/<\/a><\/p>\n<p>Tamb\u00e9 ho hem expressat en la campanya #TornaLaSTASI contra la infame proposici\u00f3 de llei cortina de fum de \u201clucha contra la corrupci\u00f3n y la protecci\u00f3n de los denunciantes\u201d tramitada al Congr\u00e9s del Estat espanyol, una proposici\u00f3 propagand\u00edstica que aprofundeix en un perill\u00f3s fanatisme que, lluny de regular els abusos de les grans empreses, est\u00e0 dissenyada per debilitar la societat civil en el seu treball de vigil\u00e0ncia sobre les lleis que afecten a tots i que estan sent influ\u00efdes precisament per lobbies. En lloc de considerar les dades legals i la publicaci\u00f3 de les agendes dels c\u00e0rrecs i alts c\u00e0rrecs com a obligat\u00f2ria, posa particular \u00e8mfasi en crear llistes de persones que interpel\u00b7len les institucions, que, segons el govern que hi hagi, poden ser considerades &#8220;dissidents&#8221;.<br \/>\n<a href=\"https:\/\/xnet-x.net\/proposicion-ley-proteccion-denunciante-vuelve-la-stasi\/\" target=\"_blank\" rel=\"noopener noreferrer\">https:\/\/xnet-x.net\/proposicion-ley-proteccion-denunciante-vuelve-la-stasi\/<\/a><\/p>\n<p>Dit tot aix\u00f2, som conscients que la consulta oberta sobre l\u2019Avantprojecte de decret sobre el Registre de grups d\u2019inter\u00e8s de Catalunya s&#8217;ha d&#8217;emmarcar en la llei vigent.<\/p>\n<p>La llei de Transpar\u00e8ncia de Catalunya inclou la societat civil com a grup d&#8217;inter\u00e8s.<\/p>\n<p>Dins d&#8217;aquest context, les aportacions a l&#8217;avantprojecte de llei que volem fer i que tenen en compte les consideracions indicades a dalt, s\u00f3n les seg\u00fcents:<\/p>\n<p>&#8211; En aquest moment el formulari d\u2019inscripci\u00f3 no permet cap opci\u00f3 per a persones que treballen per l&#8217;inter\u00e8s p\u00fablic encara que la llei s\u00ed ho menciona com a obligaci\u00f3. Fins i tot en el formulari no es permet l&#8217;opci\u00f3 &#8220;Guanyar 0\u20ac&#8221; a la persona que assisteixi a la cita. Naturalment aix\u00f2 s\u2019ha de modificar.<\/p>\n<p>&#8211; Cal fer una clara distinci\u00f3 quan les persones que mantenen una interlocuci\u00f3 amb les institucions s\u00f3n professionals, per tant ho fan guanyant diners, i quan no ho s\u00f3n.<\/p>\n<p>&#8211; Els grups que treballin sense \u00e0nim de lucre (fins i tot les agrupacions informals), tot i tenir l&#8217;obligaci\u00f3 d&#8217;inscriure&#8217;s per llei, haurien de poder registrar un nom o plataforma o grup informal, tenint la possibilitat de no registrar una persona concreta com a representant ja que les persones en aquests casos parlen en nom col\u00b7lectiu i no mereixen una estigmatitzaci\u00f3 personal.<\/p>\n<p>&#8211; L&#8217;accent ha de recaure en l&#8217;obligaci\u00f3 del representant p\u00fablic de publicar la seva agenda. Seva \u00e9s la responsabilitat que sigui accessible la informaci\u00f3 sobre les seves trobades, respectant la difer\u00e8ncia entre professionals i no professionals que indiquem, per no crear persones individuals com a caps de turc de demandes col\u00b7lectives i per al b\u00e9 com\u00fa.<\/p>","protected":false},"excerpt":{"rendered":"<p>Aqu\u00ed la nostra aportaci\u00f3 a la Consulta p\u00fablica sobre l\u2019Avantprojecte de decret sobre el Registre de grups d\u2019inter\u00e8s del Departament de Just\u00edcia de Catalunya. Entenem les bones intencions que hi ha darrere de la creaci\u00f3 de llistats p\u00fablics de grups d&#8217;inter\u00e8s. De la mateixa manera creiem que l&#8217;agenda dels servidors p\u00fablics ha de ser completament [&hellip;]<\/p>\n","protected":false},"author":11,"featured_media":12727,"comment_status":"closed","ping_status":"closed","sticky":false,"template":"","format":"standard","meta":{"footnotes":""},"categories":[52],"tags":[],"class_list":["post-12645","post","type-post","status-publish","format-standard","has-post-thumbnail","hentry","category-blog","ejes-tecnopolitica-hacktivismo-artivismo","servicios-recomendaciones-de-politicas"],"yoast_head":"<!-- This site is optimized with the Yoast SEO plugin v26.7 - https:\/\/yoast.com\/wordpress\/plugins\/seo\/ -->\n<title>Sobre grups d\u2019inter\u00e8s<\/title>\n<meta name=\"description\" content=\"Avantprojecte de decret sobre el Registre de grups d\u2019inter\u00e8s del Departament de Just\u00edcia de Catalunya.\" \/>\n<meta name=\"robots\" content=\"index, follow, max-snippet:-1, max-image-preview:large, max-video-preview:-1\" \/>\n<link rel=\"canonical\" href=\"https:\/\/dev.xnet-x.net\/ca\/sobre-grupos-de-interes\/\" \/>\n<meta name=\"twitter:label1\" content=\"Written by\" \/>\n\t<meta name=\"twitter:data1\" content=\"XaviSchlz\" \/>\n\t<meta name=\"twitter:label2\" content=\"Est. reading time\" \/>\n\t<meta name=\"twitter:data2\" content=\"7 minutes\" \/>\n<script type=\"application\/ld+json\" class=\"yoast-schema-graph\">{\"@context\":\"https:\/\/schema.org\",\"@graph\":[{\"@type\":\"Article\",\"@id\":\"https:\/\/dev.xnet-x.net\/ca\/sobre-grupos-de-interes\/#article\",\"isPartOf\":{\"@id\":\"https:\/\/dev.xnet-x.net\/ca\/sobre-grupos-de-interes\/\"},\"author\":{\"name\":\"XaviSchlz\",\"@id\":\"https:\/\/dev.xnet-x.net\/es\/#\/schema\/person\/22ff6833bb04ae7b00d30bbfc7f8f59c\"},\"headline\":\"Sobre grups d\u2019inter\u00e8s\",\"datePublished\":\"2017-07-26T14:45:10+00:00\",\"dateModified\":\"2022-02-07T15:13:33+00:00\",\"mainEntityOfPage\":{\"@id\":\"https:\/\/dev.xnet-x.net\/ca\/sobre-grupos-de-interes\/\"},\"wordCount\":1331,\"publisher\":{\"@id\":\"https:\/\/dev.xnet-x.net\/es\/#organization\"},\"image\":{\"@id\":\"https:\/\/dev.xnet-x.net\/ca\/sobre-grupos-de-interes\/#primaryimage\"},\"thumbnailUrl\":\"https:\/\/dev.xnet-x.net\/img\/grups_interes-escacs.png\",\"articleSection\":[\"Blog - Les nostres accions\"],\"inLanguage\":\"ca-ES\"},{\"@type\":\"WebPage\",\"@id\":\"https:\/\/dev.xnet-x.net\/ca\/sobre-grupos-de-interes\/\",\"url\":\"https:\/\/dev.xnet-x.net\/ca\/sobre-grupos-de-interes\/\",\"name\":\"Sobre grups d\u2019inter\u00e8s\",\"isPartOf\":{\"@id\":\"https:\/\/dev.xnet-x.net\/ca\/#website\"},\"primaryImageOfPage\":{\"@id\":\"https:\/\/dev.xnet-x.net\/ca\/sobre-grupos-de-interes\/#primaryimage\"},\"image\":{\"@id\":\"https:\/\/dev.xnet-x.net\/ca\/sobre-grupos-de-interes\/#primaryimage\"},\"thumbnailUrl\":\"https:\/\/dev.xnet-x.net\/img\/grups_interes-escacs.png\",\"datePublished\":\"2017-07-26T14:45:10+00:00\",\"dateModified\":\"2022-02-07T15:13:33+00:00\",\"description\":\"Avantprojecte de decret sobre el Registre de grups d\u2019inter\u00e8s del Departament de Just\u00edcia de Catalunya.\",\"breadcrumb\":{\"@id\":\"https:\/\/dev.xnet-x.net\/ca\/sobre-grupos-de-interes\/#breadcrumb\"},\"inLanguage\":\"ca-ES\",\"potentialAction\":[{\"@type\":\"ReadAction\",\"target\":[[\"https:\/\/dev.xnet-x.net\/ca\/sobre-grupos-de-interes\/\"]]}]},{\"@type\":\"ImageObject\",\"inLanguage\":\"ca-ES\",\"@id\":\"https:\/\/dev.xnet-x.net\/ca\/sobre-grupos-de-interes\/#primaryimage\",\"url\":\"https:\/\/dev.xnet-x.net\/img\/grups_interes-escacs.png\",\"contentUrl\":\"https:\/\/dev.xnet-x.net\/img\/grups_interes-escacs.png\",\"width\":838,\"height\":420,\"caption\":\"Sobre grupos de inter\u00e9s\"},{\"@type\":\"BreadcrumbList\",\"@id\":\"https:\/\/dev.xnet-x.net\/ca\/sobre-grupos-de-interes\/#breadcrumb\",\"itemListElement\":[{\"@type\":\"ListItem\",\"position\":1,\"name\":\"Portada\",\"item\":\"https:\/\/dev.xnet-x.net\/ca\/\"},{\"@type\":\"ListItem\",\"position\":2,\"name\":\"Sobre grups d\u2019inter\u00e8s\"}]},{\"@type\":\"WebSite\",\"@id\":\"https:\/\/dev.xnet-x.net\/ca\/#website\",\"url\":\"https:\/\/dev.xnet-x.net\/ca\/\",\"name\":\"[:es]Xnet - Internet, derechos y democracia en la era digital[:ca]Xnet - Internet, drets i democr\u00e0cia en l'era digital[:en]Xnet - Internet freedoms & digital rights[:]\",\"description\":\"Xnet: Internet, informaci\u00f3 i cultura lliures. Tecnopol\u00edtica. Dades, algoritmes i drets digitals. Llibertat d&#039;expressi\u00f3. Democr\u00e0cia i anticorrupci\u00f3\",\"publisher\":{\"@id\":\"https:\/\/dev.xnet-x.net\/ca\/#organization\"},\"potentialAction\":[{\"@type\":\"SearchAction\",\"target\":{\"@type\":\"EntryPoint\",\"urlTemplate\":\"https:\/\/dev.xnet-x.net\/ca\/?s={search_term_string}\"},\"query-input\":{\"@type\":\"PropertyValueSpecification\",\"valueRequired\":true,\"valueName\":\"search_term_string\"}}],\"inLanguage\":\"ca-ES\"},{\"@type\":\"Organization\",\"@id\":\"https:\/\/dev.xnet-x.net\/ca\/#organization\",\"name\":\"Xnet - Internet, drets i democr\u00e0cia en l'era digital\",\"url\":\"https:\/\/dev.xnet-x.net\/ca\/\",\"logo\":{\"@type\":\"ImageObject\",\"inLanguage\":\"ca-ES\",\"@id\":\"https:\/\/dev.xnet-x.net\/ca\/#\/schema\/logo\/image\/\",\"url\":\"https:\/\/xnet-x.net\/img\/xnet-logo.png\",\"contentUrl\":\"https:\/\/xnet-x.net\/img\/xnet-logo.png\",\"width\":512,\"height\":512,\"caption\":\"Xnet - Internet, drets i democr\u00e0cia en l'era digital\"},\"image\":{\"@id\":\"https:\/\/dev.xnet-x.net\/ca\/#\/schema\/logo\/image\/\"},\"sameAs\":[\"http:\/\/facebook.com\/RedX.Net\/\",\"https:\/\/x.com\/x_net_\",\"https:\/\/es.wikipedia.org\/wiki\/Xnet\"]},{\"@type\":\"Person\",\"@id\":\"https:\/\/dev.xnet-x.net\/es\/#\/schema\/person\/22ff6833bb04ae7b00d30bbfc7f8f59c\",\"name\":\"XaviSchlz\",\"image\":{\"@type\":\"ImageObject\",\"inLanguage\":\"ca-ES\",\"@id\":\"https:\/\/dev.xnet-x.net\/ca\/#\/schema\/person\/image\/\",\"url\":\"https:\/\/secure.gravatar.com\/avatar\/1ef91116e3b151b72adbc0767a84e08c8d964f2b26872d9d4dff9f74d8d1712e?s=96&d=mm&r=g\",\"contentUrl\":\"https:\/\/secure.gravatar.com\/avatar\/1ef91116e3b151b72adbc0767a84e08c8d964f2b26872d9d4dff9f74d8d1712e?s=96&d=mm&r=g\",\"caption\":\"XaviSchlz\"}}]}<\/script>\n<!-- \/ Yoast SEO plugin. -->","yoast_head_json":{"title":"Sobre grups d\u2019inter\u00e8s","description":"Avantprojecte de decret sobre el Registre de grups d\u2019inter\u00e8s del Departament de Just\u00edcia de Catalunya.","robots":{"index":"index","follow":"follow","max-snippet":"max-snippet:-1","max-image-preview":"max-image-preview:large","max-video-preview":"max-video-preview:-1"},"canonical":"https:\/\/dev.xnet-x.net\/ca\/sobre-grupos-de-interes\/","twitter_misc":{"Written by":"XaviSchlz","Est. reading time":"7 minutes"},"schema":{"@context":"https:\/\/schema.org","@graph":[{"@type":"Article","@id":"https:\/\/dev.xnet-x.net\/ca\/sobre-grupos-de-interes\/#article","isPartOf":{"@id":"https:\/\/dev.xnet-x.net\/ca\/sobre-grupos-de-interes\/"},"author":{"name":"XaviSchlz","@id":"https:\/\/dev.xnet-x.net\/es\/#\/schema\/person\/22ff6833bb04ae7b00d30bbfc7f8f59c"},"headline":"Sobre grups d\u2019inter\u00e8s","datePublished":"2017-07-26T14:45:10+00:00","dateModified":"2022-02-07T15:13:33+00:00","mainEntityOfPage":{"@id":"https:\/\/dev.xnet-x.net\/ca\/sobre-grupos-de-interes\/"},"wordCount":1331,"publisher":{"@id":"https:\/\/dev.xnet-x.net\/es\/#organization"},"image":{"@id":"https:\/\/dev.xnet-x.net\/ca\/sobre-grupos-de-interes\/#primaryimage"},"thumbnailUrl":"https:\/\/dev.xnet-x.net\/img\/grups_interes-escacs.png","articleSection":["Blog - Les nostres accions"],"inLanguage":"ca-ES"},{"@type":"WebPage","@id":"https:\/\/dev.xnet-x.net\/ca\/sobre-grupos-de-interes\/","url":"https:\/\/dev.xnet-x.net\/ca\/sobre-grupos-de-interes\/","name":"Sobre grups d\u2019inter\u00e8s","isPartOf":{"@id":"https:\/\/dev.xnet-x.net\/ca\/#website"},"primaryImageOfPage":{"@id":"https:\/\/dev.xnet-x.net\/ca\/sobre-grupos-de-interes\/#primaryimage"},"image":{"@id":"https:\/\/dev.xnet-x.net\/ca\/sobre-grupos-de-interes\/#primaryimage"},"thumbnailUrl":"https:\/\/dev.xnet-x.net\/img\/grups_interes-escacs.png","datePublished":"2017-07-26T14:45:10+00:00","dateModified":"2022-02-07T15:13:33+00:00","description":"Avantprojecte de decret sobre el Registre de grups d\u2019inter\u00e8s del Departament de Just\u00edcia de Catalunya.","breadcrumb":{"@id":"https:\/\/dev.xnet-x.net\/ca\/sobre-grupos-de-interes\/#breadcrumb"},"inLanguage":"ca-ES","potentialAction":[{"@type":"ReadAction","target":[["https:\/\/dev.xnet-x.net\/ca\/sobre-grupos-de-interes\/"]]}]},{"@type":"ImageObject","inLanguage":"ca-ES","@id":"https:\/\/dev.xnet-x.net\/ca\/sobre-grupos-de-interes\/#primaryimage","url":"https:\/\/dev.xnet-x.net\/img\/grups_interes-escacs.png","contentUrl":"https:\/\/dev.xnet-x.net\/img\/grups_interes-escacs.png","width":838,"height":420,"caption":"Sobre grupos de inter\u00e9s"},{"@type":"BreadcrumbList","@id":"https:\/\/dev.xnet-x.net\/ca\/sobre-grupos-de-interes\/#breadcrumb","itemListElement":[{"@type":"ListItem","position":1,"name":"Portada","item":"https:\/\/dev.xnet-x.net\/ca\/"},{"@type":"ListItem","position":2,"name":"Sobre grups d\u2019inter\u00e8s"}]},{"@type":"WebSite","@id":"https:\/\/dev.xnet-x.net\/ca\/#website","url":"https:\/\/dev.xnet-x.net\/ca\/","name":"[:es]Xnet - Internet, derechos y democracia en la era digital[:ca]Xnet - Internet, drets i democr\u00e0cia en l'era digital[:en]Xnet - Internet freedoms & digital rights[:]","description":"Xnet: Internet, informaci\u00f3 i cultura lliures. Tecnopol\u00edtica. Dades, algoritmes i drets digitals. Llibertat d&#039;expressi\u00f3. Democr\u00e0cia i anticorrupci\u00f3","publisher":{"@id":"https:\/\/dev.xnet-x.net\/ca\/#organization"},"potentialAction":[{"@type":"SearchAction","target":{"@type":"EntryPoint","urlTemplate":"https:\/\/dev.xnet-x.net\/ca\/?s={search_term_string}"},"query-input":{"@type":"PropertyValueSpecification","valueRequired":true,"valueName":"search_term_string"}}],"inLanguage":"ca-ES"},{"@type":"Organization","@id":"https:\/\/dev.xnet-x.net\/ca\/#organization","name":"Xnet - Internet, drets i democr\u00e0cia en l'era digital","url":"https:\/\/dev.xnet-x.net\/ca\/","logo":{"@type":"ImageObject","inLanguage":"ca-ES","@id":"https:\/\/dev.xnet-x.net\/ca\/#\/schema\/logo\/image\/","url":"https:\/\/xnet-x.net\/img\/xnet-logo.png","contentUrl":"https:\/\/xnet-x.net\/img\/xnet-logo.png","width":512,"height":512,"caption":"Xnet - Internet, drets i democr\u00e0cia en l'era digital"},"image":{"@id":"https:\/\/dev.xnet-x.net\/ca\/#\/schema\/logo\/image\/"},"sameAs":["http:\/\/facebook.com\/RedX.Net\/","https:\/\/x.com\/x_net_","https:\/\/es.wikipedia.org\/wiki\/Xnet"]},{"@type":"Person","@id":"https:\/\/dev.xnet-x.net\/es\/#\/schema\/person\/22ff6833bb04ae7b00d30bbfc7f8f59c","name":"XaviSchlz","image":{"@type":"ImageObject","inLanguage":"ca-ES","@id":"https:\/\/dev.xnet-x.net\/ca\/#\/schema\/person\/image\/","url":"https:\/\/secure.gravatar.com\/avatar\/1ef91116e3b151b72adbc0767a84e08c8d964f2b26872d9d4dff9f74d8d1712e?s=96&d=mm&r=g","contentUrl":"https:\/\/secure.gravatar.com\/avatar\/1ef91116e3b151b72adbc0767a84e08c8d964f2b26872d9d4dff9f74d8d1712e?s=96&d=mm&r=g","caption":"XaviSchlz"}}]}},"_links":{"self":[{"href":"https:\/\/dev.xnet-x.net\/ca\/wp-json\/wp\/v2\/posts\/12645","targetHints":{"allow":["GET"]}}],"collection":[{"href":"https:\/\/dev.xnet-x.net\/ca\/wp-json\/wp\/v2\/posts"}],"about":[{"href":"https:\/\/dev.xnet-x.net\/ca\/wp-json\/wp\/v2\/types\/post"}],"author":[{"embeddable":true,"href":"https:\/\/dev.xnet-x.net\/ca\/wp-json\/wp\/v2\/users\/11"}],"replies":[{"embeddable":true,"href":"https:\/\/dev.xnet-x.net\/ca\/wp-json\/wp\/v2\/comments?post=12645"}],"version-history":[{"count":18,"href":"https:\/\/dev.xnet-x.net\/ca\/wp-json\/wp\/v2\/posts\/12645\/revisions"}],"predecessor-version":[{"id":24099,"href":"https:\/\/dev.xnet-x.net\/ca\/wp-json\/wp\/v2\/posts\/12645\/revisions\/24099"}],"wp:featuredmedia":[{"embeddable":true,"href":"https:\/\/dev.xnet-x.net\/ca\/wp-json\/wp\/v2\/media\/12727"}],"wp:attachment":[{"href":"https:\/\/dev.xnet-x.net\/ca\/wp-json\/wp\/v2\/media?parent=12645"}],"wp:term":[{"taxonomy":"category","embeddable":true,"href":"https:\/\/dev.xnet-x.net\/ca\/wp-json\/wp\/v2\/categories?post=12645"},{"taxonomy":"post_tag","embeddable":true,"href":"https:\/\/dev.xnet-x.net\/ca\/wp-json\/wp\/v2\/tags?post=12645"}],"curies":[{"name":"wp","href":"https:\/\/api.w.org\/{rel}","templated":true}]}}