{"id":12340,"date":"2017-06-15T16:00:35","date_gmt":"2017-06-15T15:00:35","guid":{"rendered":"https:\/\/xnet-x.net\/?p=12340"},"modified":"2025-01-23T18:34:00","modified_gmt":"2025-01-23T16:34:00","slug":"consideracions-dxnet-respecte-al-pacte-nacional-per-la-societat-digital","status":"publish","type":"post","link":"https:\/\/dev.xnet-x.net\/ca\/consideracions-d-xnet-respecte-al-pacte-nacional-per-a-la-societat-digital\/","title":{"rendered":"Consideracions d&#8217;Xnet respecte al Pacte Nacional per a la Societat Digital"},"content":{"rendered":"<p>Molt abans que es parl\u00e9s de nova pol\u00edtica, la CUP ha estat exemple de com estar a les institucions per posar-se al servei de la societat civil organitzada.<\/p>\n<p>Exemple d&#8217;aix\u00f2 \u00e9s que fa uns dies va demanar a Xnet, com a experts en el tema, assistir en lloc ceu a la reuni\u00f3 en seu parlament\u00e0ria del Pacte Nacional per a la Societat Digital del Govern de la Generalitat.<\/p>\n<p>Hi va assistir Simona Levi.<\/p>\n<p>Aqu\u00ed fem p\u00fabliques breument les nostres consideracions respecte al que hem vist perqu\u00e8 siguin \u00fatils entre altres coses per a la Jornada de Participaci\u00f3 Oberta del Pacte Nacional per a la Societat Digital que tindr\u00e0 lloc dem\u00e0 dia 16 de juny.<\/p>\n<p>El Pacte es configura en 5 eixos:<\/p>\n<p>&#8211; Infraestructures<br \/>\n&#8211; Ciberseguretat<br \/>\n&#8211; Ciutadania Digital<br \/>\n&#8211; Administraci\u00f3 Digital<br \/>\n&#8211; Economia Digital<\/p>\n<p>Ens sembla que, respecte a administraci\u00f3 i ciutadania digitals, s&#8217;est\u00e0 duent a terme un plantejament seri\u00f3s i pragm\u00e0tic, que vol resoldre problemes concrets i documentats, m\u00e9s enll\u00e0 de complir solucions f\u00e0cils per a cobrir expedients &#8220;resultons&#8221;. Aquest \u00e9s un risc en temes de moda com la participaci\u00f3 ciutadana i les eines per a la transpar\u00e8ncia institucional i considerem que el disseny proposat \u00e9s rigorosos &#8211; encara que sempre millorable &#8211; tant pel que fa a usabilitat i accessibilitat, com pel que fa a primar la qualitat enfront de la quantitat, un rigor molt m\u00e9s gran, per exemple, que els projectes que coneixem en l&#8217;\u00e0mbit de l&#8217;Estat.<\/p>\n<p>Sobre l&#8217;economia digital tamb\u00e9 ens hem endut una grata sorpresa, ja que el tema de copyright\/copyleft i del programari lliure es tracta de forma pragm\u00e0tica, cas per cas, i no fan\u00e0tica i aix\u00f2 \u00e9s una cosa que rares vegades hem vist en aquest tipus de disseny institucional.<\/p>\n<p>Considerem que el plantejament \u00e9s encoratjador per tractar el tema de la innovaci\u00f3 amb visi\u00f3 de futur i pot arribar a ser un exemple per a altres parts d&#8217;Europa. Naturalment cal un accent clar sobre el programari lliure, per\u00f2 sembla haver-hi espai perqu\u00e8 es pugui defensar i consolidar.<\/p>\n<p>Pel que fa al tema de les infraestructures i considerant el fort pes de les compet\u00e8ncies estatals, hem detectat una bona cura i foment de les empreses locals i de proximitat (incloent-hi la xarxa <a href=\"http:\/\/guifi.net\/\" target=\"_blank\" rel=\"noopener noreferrer\">Guifi<\/a>) i la promesa que l&#8217;obligaci\u00f3 d&#8217;incloure la infraestructura digital a tota obra p\u00fablica s&#8217;estengui de seguida tamb\u00e9 a diputacions i municipis.<\/p>\n<p>Tot i aix\u00ed, hem trobat a faltar de manera alarmant i demanat una molt m\u00e9s clara obligaci\u00f3 de retorn social per part de grans empreses per l&#8217;\u00fas d&#8217;aquestes infraestructures.<\/p>\n<p>Per altra banda, no hi havia cap menci\u00f3 a la vigil\u00e0ncia sobre la neutralitat de la xarxa, i hem demanat que s&#8217;afegeixi de forma clara i priorit\u00e0ria. \u00c9s una compet\u00e8ncia estatal, per\u00f2 el treball per garantir-la ha de i pot ser capil\u00b7lar, tasca que la Generalitat hauria d&#8217;assumir com a priorit\u00e0ria i esdevenir un model de bones pr\u00e0ctiques.<\/p>\n<h3>La baula feble &#8211; Ciberseguretat<\/h3>\n<p>La nostra principal preocupaci\u00f3 pel que hem escoltat al Parlament per part del grup expert responsable del Pacte \u00e9s sobre l&#8217;enfocament sobre la ciberseguretat.<\/p>\n<p>Mentre que, pel que fa a la ciberseguretat institucional, el discurs \u00e9s sensat &#8211; entre altres coses reflecteix amb realisme una manca de teixit empresarial i compet\u00e8ncies institucionals -, veiem amb preocupaci\u00f3 la perspectiva general sobre aquest tema. Es parla d&#8217;una &#8220;cultura de la ciberseguretat&#8221; que produeix la mem\u00e8tica que el ciberespai \u00e9s perill\u00f3s i nom\u00e9s les institucions et poden protegir. Aquest tipus de discurs es repeteix en la hist\u00f2ria per impedir l&#8217;acc\u00e9s a la tecnologia per part de la poblaci\u00f3 i per mantenir el control sobre ella per part dels poders f\u00e0ctics.<\/p>\n<p>Nosaltres rebutgem com globalment perillosa i lesiva per als drets i llibertats b\u00e0siques una actitud paternalista per part de les institucions pel que fa a la protecci\u00f3 de les comunicacions dels privats.<\/p>\n<p>La inviolabilitat de les comunicacions privades \u00e9s un concepte normalitzat des del segle XVIII. L&#8217;\u00e0mbit digital no pot ser un espai ali\u00e8 a aquest dret i nom\u00e9s tutelat i supervisat per institucions que a m\u00e9s no tenen les compet\u00e8ncies suficients per garantir-ho.<\/p>\n<p>La protecci\u00f3 de la privacitat i de la inviolabilitat de les comunicacions ha d&#8217;estar en tot moment tamb\u00e9 en m\u00e0 de les persones. Aix\u00ed, com la carta al sobre de correus no la fica un oficial o un supervisor, l&#8217;encriptaci\u00f3 i protecci\u00f3 de les nostres comunicacions digitals ha de ser defensada com a dret b\u00e0sic fonamental, i ha de ser facilitada per les institucions que a m\u00e9s t\u00e9 molt a aprendre de la societat civil que \u00e9s qui ha creat les eines m\u00e9s avan\u00e7ades en aquest sentit.<\/p>\n<p>La protecci\u00f3 de les comunicacions no \u00e9s contra l&#8217;enemic extern &#8211; que tamb\u00e9 -, ni contra la mateixa tecnologia; \u00e9s part dels drets de les persones en un context d&#8217;\u00fas saludable i normal dels espais de comunicaci\u00f3.<\/p>","protected":false},"excerpt":{"rendered":"<p>Molt abans que es parl\u00e9s de nova pol\u00edtica, la CUP ha estat exemple de com estar a les institucions per posar-se al servei de la societat civil organitzada. Exemple d&#8217;aix\u00f2 \u00e9s que fa uns dies va demanar a Xnet, com a experts en el tema, assistir en lloc ceu a la reuni\u00f3 en seu parlament\u00e0ria [&hellip;]<\/p>\n","protected":false},"author":8,"featured_media":12344,"comment_status":"closed","ping_status":"closed","sticky":false,"template":"","format":"standard","meta":{"footnotes":""},"categories":[52],"tags":[],"class_list":["post-12340","post","type-post","status-publish","format-standard","has-post-thumbnail","hentry","category-blog","servicios-recomendaciones-de-politicas"],"yoast_head":"<!-- This site is optimized with the Yoast SEO plugin v26.7 - https:\/\/yoast.com\/wordpress\/plugins\/seo\/ -->\n<title>Xnet respecto al Pacte Nacional per a la Societat Digital<\/title>\n<meta name=\"description\" content=\"Nuestras consideraciones para la Jornada de Participaci\u00f3 Oberta del Pacte Nacional per a la Societat Digital\" \/>\n<meta name=\"robots\" content=\"index, follow, max-snippet:-1, max-image-preview:large, max-video-preview:-1\" \/>\n<link rel=\"canonical\" href=\"https:\/\/dev.xnet-x.net\/ca\/consideracions-d-xnet-respecte-al-pacte-nacional-per-a-la-societat-digital\/\" \/>\n<meta name=\"twitter:label1\" content=\"Written by\" \/>\n\t<meta name=\"twitter:data1\" content=\"Xnet\" \/>\n\t<meta name=\"twitter:label2\" content=\"Est. reading time\" \/>\n\t<meta name=\"twitter:data2\" content=\"4 minutes\" \/>\n<script type=\"application\/ld+json\" class=\"yoast-schema-graph\">{\"@context\":\"https:\/\/schema.org\",\"@graph\":[{\"@type\":\"Article\",\"@id\":\"https:\/\/dev.xnet-x.net\/ca\/consideracions-d-xnet-respecte-al-pacte-nacional-per-a-la-societat-digital\/#article\",\"isPartOf\":{\"@id\":\"https:\/\/dev.xnet-x.net\/ca\/consideracions-d-xnet-respecte-al-pacte-nacional-per-a-la-societat-digital\/\"},\"author\":{\"name\":\"Xnet\",\"@id\":\"https:\/\/dev.xnet-x.net\/es\/#\/schema\/person\/286e07d1c80ea3bcc60b6ef8b146e637\"},\"headline\":\"Consideracions d&#8217;Xnet respecte al Pacte Nacional per a la Societat Digital\",\"datePublished\":\"2017-06-15T15:00:35+00:00\",\"dateModified\":\"2025-01-23T16:34:00+00:00\",\"mainEntityOfPage\":{\"@id\":\"https:\/\/dev.xnet-x.net\/ca\/consideracions-d-xnet-respecte-al-pacte-nacional-per-a-la-societat-digital\/\"},\"wordCount\":1729,\"publisher\":{\"@id\":\"https:\/\/dev.xnet-x.net\/es\/#organization\"},\"image\":{\"@id\":\"https:\/\/dev.xnet-x.net\/ca\/consideracions-d-xnet-respecte-al-pacte-nacional-per-a-la-societat-digital\/#primaryimage\"},\"thumbnailUrl\":\"https:\/\/dev.xnet-x.net\/img\/consideracions-d-xnet-respecte-al-pacte-nacional-per-a-la-societat-digital-img.jpg\",\"articleSection\":[\"Blog - Les nostres accions\"],\"inLanguage\":\"ca-ES\"},{\"@type\":\"WebPage\",\"@id\":\"https:\/\/dev.xnet-x.net\/ca\/consideracions-d-xnet-respecte-al-pacte-nacional-per-a-la-societat-digital\/\",\"url\":\"https:\/\/dev.xnet-x.net\/ca\/consideracions-d-xnet-respecte-al-pacte-nacional-per-a-la-societat-digital\/\",\"name\":\"Xnet respecto al Pacte Nacional per a la Societat Digital\",\"isPartOf\":{\"@id\":\"https:\/\/dev.xnet-x.net\/ca\/#website\"},\"primaryImageOfPage\":{\"@id\":\"https:\/\/dev.xnet-x.net\/ca\/consideracions-d-xnet-respecte-al-pacte-nacional-per-a-la-societat-digital\/#primaryimage\"},\"image\":{\"@id\":\"https:\/\/dev.xnet-x.net\/ca\/consideracions-d-xnet-respecte-al-pacte-nacional-per-a-la-societat-digital\/#primaryimage\"},\"thumbnailUrl\":\"https:\/\/dev.xnet-x.net\/img\/consideracions-d-xnet-respecte-al-pacte-nacional-per-a-la-societat-digital-img.jpg\",\"datePublished\":\"2017-06-15T15:00:35+00:00\",\"dateModified\":\"2025-01-23T16:34:00+00:00\",\"description\":\"Nuestras consideraciones para la Jornada de Participaci\u00f3 Oberta del Pacte Nacional per a la Societat Digital\",\"breadcrumb\":{\"@id\":\"https:\/\/dev.xnet-x.net\/ca\/consideracions-d-xnet-respecte-al-pacte-nacional-per-a-la-societat-digital\/#breadcrumb\"},\"inLanguage\":\"ca-ES\",\"potentialAction\":[{\"@type\":\"ReadAction\",\"target\":[[\"https:\/\/dev.xnet-x.net\/ca\/consideracions-d-xnet-respecte-al-pacte-nacional-per-a-la-societat-digital\/\"]]}]},{\"@type\":\"ImageObject\",\"inLanguage\":\"ca-ES\",\"@id\":\"https:\/\/dev.xnet-x.net\/ca\/consideracions-d-xnet-respecte-al-pacte-nacional-per-a-la-societat-digital\/#primaryimage\",\"url\":\"https:\/\/dev.xnet-x.net\/img\/consideracions-d-xnet-respecte-al-pacte-nacional-per-a-la-societat-digital-img.jpg\",\"contentUrl\":\"https:\/\/dev.xnet-x.net\/img\/consideracions-d-xnet-respecte-al-pacte-nacional-per-a-la-societat-digital-img.jpg\",\"width\":610,\"height\":350,\"caption\":\"Consideracions d'Xnet respecte al Pacte Nacional per a la Societat Digital\"},{\"@type\":\"BreadcrumbList\",\"@id\":\"https:\/\/dev.xnet-x.net\/ca\/consideracions-d-xnet-respecte-al-pacte-nacional-per-a-la-societat-digital\/#breadcrumb\",\"itemListElement\":[{\"@type\":\"ListItem\",\"position\":1,\"name\":\"Portada\",\"item\":\"https:\/\/dev.xnet-x.net\/ca\/\"},{\"@type\":\"ListItem\",\"position\":2,\"name\":\"Consideracions d&#8217;Xnet respecte al Pacte Nacional per a la Societat Digital\"}]},{\"@type\":\"WebSite\",\"@id\":\"https:\/\/dev.xnet-x.net\/ca\/#website\",\"url\":\"https:\/\/dev.xnet-x.net\/ca\/\",\"name\":\"[:es]Xnet - Internet, derechos y democracia en la era digital[:ca]Xnet - Internet, drets i democr\u00e0cia en l'era digital[:en]Xnet - Internet freedoms & digital rights[:]\",\"description\":\"Xnet: Internet, informaci\u00f3 i cultura lliures. Tecnopol\u00edtica. Dades, algoritmes i drets digitals. Llibertat d&#039;expressi\u00f3. Democr\u00e0cia i anticorrupci\u00f3\",\"publisher\":{\"@id\":\"https:\/\/dev.xnet-x.net\/ca\/#organization\"},\"potentialAction\":[{\"@type\":\"SearchAction\",\"target\":{\"@type\":\"EntryPoint\",\"urlTemplate\":\"https:\/\/dev.xnet-x.net\/ca\/?s={search_term_string}\"},\"query-input\":{\"@type\":\"PropertyValueSpecification\",\"valueRequired\":true,\"valueName\":\"search_term_string\"}}],\"inLanguage\":\"ca-ES\"},{\"@type\":\"Organization\",\"@id\":\"https:\/\/dev.xnet-x.net\/ca\/#organization\",\"name\":\"Xnet - Internet, drets i democr\u00e0cia en l'era digital\",\"url\":\"https:\/\/dev.xnet-x.net\/ca\/\",\"logo\":{\"@type\":\"ImageObject\",\"inLanguage\":\"ca-ES\",\"@id\":\"https:\/\/dev.xnet-x.net\/ca\/#\/schema\/logo\/image\/\",\"url\":\"https:\/\/xnet-x.net\/img\/xnet-logo.png\",\"contentUrl\":\"https:\/\/xnet-x.net\/img\/xnet-logo.png\",\"width\":512,\"height\":512,\"caption\":\"Xnet - Internet, drets i democr\u00e0cia en l'era digital\"},\"image\":{\"@id\":\"https:\/\/dev.xnet-x.net\/ca\/#\/schema\/logo\/image\/\"},\"sameAs\":[\"http:\/\/facebook.com\/RedX.Net\/\",\"https:\/\/x.com\/x_net_\",\"https:\/\/es.wikipedia.org\/wiki\/Xnet\"]},{\"@type\":\"Person\",\"@id\":\"https:\/\/dev.xnet-x.net\/es\/#\/schema\/person\/286e07d1c80ea3bcc60b6ef8b146e637\",\"name\":\"Xnet\",\"image\":{\"@type\":\"ImageObject\",\"inLanguage\":\"ca-ES\",\"@id\":\"https:\/\/dev.xnet-x.net\/ca\/#\/schema\/person\/image\/\",\"url\":\"https:\/\/secure.gravatar.com\/avatar\/76eee622ce1df16aa986c0f990545e62b4c87e399e6c2a5fcfe24a092d2ba829?s=96&d=mm&r=g\",\"contentUrl\":\"https:\/\/secure.gravatar.com\/avatar\/76eee622ce1df16aa986c0f990545e62b4c87e399e6c2a5fcfe24a092d2ba829?s=96&d=mm&r=g\",\"caption\":\"Xnet\"}}]}<\/script>\n<!-- \/ Yoast SEO plugin. -->","yoast_head_json":{"title":"Xnet respecto al Pacte Nacional per a la Societat Digital","description":"Nuestras consideraciones para la Jornada de Participaci\u00f3 Oberta del Pacte Nacional per a la Societat Digital","robots":{"index":"index","follow":"follow","max-snippet":"max-snippet:-1","max-image-preview":"max-image-preview:large","max-video-preview":"max-video-preview:-1"},"canonical":"https:\/\/dev.xnet-x.net\/ca\/consideracions-d-xnet-respecte-al-pacte-nacional-per-a-la-societat-digital\/","twitter_misc":{"Written by":"Xnet","Est. reading time":"4 minutes"},"schema":{"@context":"https:\/\/schema.org","@graph":[{"@type":"Article","@id":"https:\/\/dev.xnet-x.net\/ca\/consideracions-d-xnet-respecte-al-pacte-nacional-per-a-la-societat-digital\/#article","isPartOf":{"@id":"https:\/\/dev.xnet-x.net\/ca\/consideracions-d-xnet-respecte-al-pacte-nacional-per-a-la-societat-digital\/"},"author":{"name":"Xnet","@id":"https:\/\/dev.xnet-x.net\/es\/#\/schema\/person\/286e07d1c80ea3bcc60b6ef8b146e637"},"headline":"Consideracions d&#8217;Xnet respecte al Pacte Nacional per a la Societat Digital","datePublished":"2017-06-15T15:00:35+00:00","dateModified":"2025-01-23T16:34:00+00:00","mainEntityOfPage":{"@id":"https:\/\/dev.xnet-x.net\/ca\/consideracions-d-xnet-respecte-al-pacte-nacional-per-a-la-societat-digital\/"},"wordCount":1729,"publisher":{"@id":"https:\/\/dev.xnet-x.net\/es\/#organization"},"image":{"@id":"https:\/\/dev.xnet-x.net\/ca\/consideracions-d-xnet-respecte-al-pacte-nacional-per-a-la-societat-digital\/#primaryimage"},"thumbnailUrl":"https:\/\/dev.xnet-x.net\/img\/consideracions-d-xnet-respecte-al-pacte-nacional-per-a-la-societat-digital-img.jpg","articleSection":["Blog - Les nostres accions"],"inLanguage":"ca-ES"},{"@type":"WebPage","@id":"https:\/\/dev.xnet-x.net\/ca\/consideracions-d-xnet-respecte-al-pacte-nacional-per-a-la-societat-digital\/","url":"https:\/\/dev.xnet-x.net\/ca\/consideracions-d-xnet-respecte-al-pacte-nacional-per-a-la-societat-digital\/","name":"Xnet respecto al Pacte Nacional per a la Societat Digital","isPartOf":{"@id":"https:\/\/dev.xnet-x.net\/ca\/#website"},"primaryImageOfPage":{"@id":"https:\/\/dev.xnet-x.net\/ca\/consideracions-d-xnet-respecte-al-pacte-nacional-per-a-la-societat-digital\/#primaryimage"},"image":{"@id":"https:\/\/dev.xnet-x.net\/ca\/consideracions-d-xnet-respecte-al-pacte-nacional-per-a-la-societat-digital\/#primaryimage"},"thumbnailUrl":"https:\/\/dev.xnet-x.net\/img\/consideracions-d-xnet-respecte-al-pacte-nacional-per-a-la-societat-digital-img.jpg","datePublished":"2017-06-15T15:00:35+00:00","dateModified":"2025-01-23T16:34:00+00:00","description":"Nuestras consideraciones para la Jornada de Participaci\u00f3 Oberta del Pacte Nacional per a la Societat Digital","breadcrumb":{"@id":"https:\/\/dev.xnet-x.net\/ca\/consideracions-d-xnet-respecte-al-pacte-nacional-per-a-la-societat-digital\/#breadcrumb"},"inLanguage":"ca-ES","potentialAction":[{"@type":"ReadAction","target":[["https:\/\/dev.xnet-x.net\/ca\/consideracions-d-xnet-respecte-al-pacte-nacional-per-a-la-societat-digital\/"]]}]},{"@type":"ImageObject","inLanguage":"ca-ES","@id":"https:\/\/dev.xnet-x.net\/ca\/consideracions-d-xnet-respecte-al-pacte-nacional-per-a-la-societat-digital\/#primaryimage","url":"https:\/\/dev.xnet-x.net\/img\/consideracions-d-xnet-respecte-al-pacte-nacional-per-a-la-societat-digital-img.jpg","contentUrl":"https:\/\/dev.xnet-x.net\/img\/consideracions-d-xnet-respecte-al-pacte-nacional-per-a-la-societat-digital-img.jpg","width":610,"height":350,"caption":"Consideracions d'Xnet respecte al Pacte Nacional per a la Societat Digital"},{"@type":"BreadcrumbList","@id":"https:\/\/dev.xnet-x.net\/ca\/consideracions-d-xnet-respecte-al-pacte-nacional-per-a-la-societat-digital\/#breadcrumb","itemListElement":[{"@type":"ListItem","position":1,"name":"Portada","item":"https:\/\/dev.xnet-x.net\/ca\/"},{"@type":"ListItem","position":2,"name":"Consideracions d&#8217;Xnet respecte al Pacte Nacional per a la Societat Digital"}]},{"@type":"WebSite","@id":"https:\/\/dev.xnet-x.net\/ca\/#website","url":"https:\/\/dev.xnet-x.net\/ca\/","name":"[:es]Xnet - Internet, derechos y democracia en la era digital[:ca]Xnet - Internet, drets i democr\u00e0cia en l'era digital[:en]Xnet - Internet freedoms & digital rights[:]","description":"Xnet: Internet, informaci\u00f3 i cultura lliures. Tecnopol\u00edtica. Dades, algoritmes i drets digitals. Llibertat d&#039;expressi\u00f3. Democr\u00e0cia i anticorrupci\u00f3","publisher":{"@id":"https:\/\/dev.xnet-x.net\/ca\/#organization"},"potentialAction":[{"@type":"SearchAction","target":{"@type":"EntryPoint","urlTemplate":"https:\/\/dev.xnet-x.net\/ca\/?s={search_term_string}"},"query-input":{"@type":"PropertyValueSpecification","valueRequired":true,"valueName":"search_term_string"}}],"inLanguage":"ca-ES"},{"@type":"Organization","@id":"https:\/\/dev.xnet-x.net\/ca\/#organization","name":"Xnet - Internet, drets i democr\u00e0cia en l'era digital","url":"https:\/\/dev.xnet-x.net\/ca\/","logo":{"@type":"ImageObject","inLanguage":"ca-ES","@id":"https:\/\/dev.xnet-x.net\/ca\/#\/schema\/logo\/image\/","url":"https:\/\/xnet-x.net\/img\/xnet-logo.png","contentUrl":"https:\/\/xnet-x.net\/img\/xnet-logo.png","width":512,"height":512,"caption":"Xnet - Internet, drets i democr\u00e0cia en l'era digital"},"image":{"@id":"https:\/\/dev.xnet-x.net\/ca\/#\/schema\/logo\/image\/"},"sameAs":["http:\/\/facebook.com\/RedX.Net\/","https:\/\/x.com\/x_net_","https:\/\/es.wikipedia.org\/wiki\/Xnet"]},{"@type":"Person","@id":"https:\/\/dev.xnet-x.net\/es\/#\/schema\/person\/286e07d1c80ea3bcc60b6ef8b146e637","name":"Xnet","image":{"@type":"ImageObject","inLanguage":"ca-ES","@id":"https:\/\/dev.xnet-x.net\/ca\/#\/schema\/person\/image\/","url":"https:\/\/secure.gravatar.com\/avatar\/76eee622ce1df16aa986c0f990545e62b4c87e399e6c2a5fcfe24a092d2ba829?s=96&d=mm&r=g","contentUrl":"https:\/\/secure.gravatar.com\/avatar\/76eee622ce1df16aa986c0f990545e62b4c87e399e6c2a5fcfe24a092d2ba829?s=96&d=mm&r=g","caption":"Xnet"}}]}},"_links":{"self":[{"href":"https:\/\/dev.xnet-x.net\/ca\/wp-json\/wp\/v2\/posts\/12340","targetHints":{"allow":["GET"]}}],"collection":[{"href":"https:\/\/dev.xnet-x.net\/ca\/wp-json\/wp\/v2\/posts"}],"about":[{"href":"https:\/\/dev.xnet-x.net\/ca\/wp-json\/wp\/v2\/types\/post"}],"author":[{"embeddable":true,"href":"https:\/\/dev.xnet-x.net\/ca\/wp-json\/wp\/v2\/users\/8"}],"replies":[{"embeddable":true,"href":"https:\/\/dev.xnet-x.net\/ca\/wp-json\/wp\/v2\/comments?post=12340"}],"version-history":[{"count":9,"href":"https:\/\/dev.xnet-x.net\/ca\/wp-json\/wp\/v2\/posts\/12340\/revisions"}],"predecessor-version":[{"id":27897,"href":"https:\/\/dev.xnet-x.net\/ca\/wp-json\/wp\/v2\/posts\/12340\/revisions\/27897"}],"wp:featuredmedia":[{"embeddable":true,"href":"https:\/\/dev.xnet-x.net\/ca\/wp-json\/wp\/v2\/media\/12344"}],"wp:attachment":[{"href":"https:\/\/dev.xnet-x.net\/ca\/wp-json\/wp\/v2\/media?parent=12340"}],"wp:term":[{"taxonomy":"category","embeddable":true,"href":"https:\/\/dev.xnet-x.net\/ca\/wp-json\/wp\/v2\/categories?post=12340"},{"taxonomy":"post_tag","embeddable":true,"href":"https:\/\/dev.xnet-x.net\/ca\/wp-json\/wp\/v2\/tags?post=12340"}],"curies":[{"name":"wp","href":"https:\/\/api.w.org\/{rel}","templated":true}]}}