{"id":12084,"date":"2017-05-30T15:00:27","date_gmt":"2017-05-30T14:00:27","guid":{"rendered":"https:\/\/xnet-x.net\/?p=12084"},"modified":"2020-04-14T12:20:19","modified_gmt":"2020-04-14T10:20:19","slug":"en-construccion-2","status":"publish","type":"post","link":"https:\/\/dev.xnet-x.net\/ca\/ridicula-proposicio-llei-proteccio-denunciants-corrupcio-catalunya\/","title":{"rendered":"La tramitaci\u00f3 de la rid\u00edcula &#8220;Proposici\u00f3 de llei de protecci\u00f3 dels denunciants i altres mesures de lluita contra la corrupci\u00f3&#8221; a Catalunya"},"content":{"rendered":"<p>Dem\u00e0, al Parlament de Catalunya, es vota la tramitaci\u00f3 de la <strong>&#8220;Proposici\u00f3 de llei de protecci\u00f3 dels denunciants i altres mesures de lluita contra la corrupci\u00f3&#8221;<\/strong> del grup parlamentari Ciutadans [<a href=\"http:\/\/www.parlament.cat\/web\/activitat-parlamentaria\/siap\/index.html?STRUTSANCHOR1=detallExpedient.do&#038;criteri=202-00049\/11&#038;ad=1\" target=\"_blank\" rel=\"noopener noreferrer\">expedient<\/a>\/<a href=\"http:\/\/www.parlament.cat\/document\/bopc\/204895.pdf#page=8\" target=\"_blank\" rel=\"noopener noreferrer\">text<\/a>]<\/p>\n<p><a href=\"\/ca\/\">Xnet<\/a> com a alertadors que alliberen informaci\u00f3 rellevant per l&#8217;inter\u00e8s general i per destapar corrupci\u00f3 i abusos, i com a grup pioner de la societat civil en la lluita per la protecci\u00f3 t\u00e8cnica i legal de les persones que denuncien [veure el nostre <a href=\"https:\/\/xnet-x.net\/ca\/decaleg-proteccio-denunciants-alertadors\/\" target=\"_blank\" rel=\"noopener noreferrer\">Dec\u00e0leg<\/a>, 2015] [veure la <a href=\"http:\/\/xnet-x.net\/ca\/bustia-xnet\/\" target=\"_blank\" rel=\"noopener noreferrer\">B\u00fastia d&#8217;Xnet<\/a>] hem fet sonar l&#8217;alarma sobre l&#8217;operaci\u00f3 cosm\u00e8tica i perillosa que amaguen les diverses lleis que C&#8217;s ha presentat tant a Catalunya com al Congr\u00e9s de l&#8217;Estat espanyol.<\/p>\n<p>Recentment, hem liderat la campanya &#8220;Torna la Stasi&#8221; (<a href=\"https:\/\/xnet-x.net\/proposicion-ley-proteccion-denunciante-vuelve-la-stasi\/\" target=\"_blank\" rel=\"noopener noreferrer\">#VuelveLaSTASI<\/a>-[<a href=\"#1\">1<\/a>]), senyalant i proposant <a href=\"https:\/\/xnet-x.net\/enmiendas-ley-contra-corrupcion-proteccion-denunciantes\/\" target=\"_blank\" rel=\"noopener noreferrer\">esmena<\/a> a les grav\u00edssimes amenaces contra els drets civils que suposa la proposici\u00f3 de llei integral de &#8220;Lucha contra la Corrupci\u00f3n y Protecci\u00f3n de los Denunciantes&#8221; de Ciudadanos en l&#8217;\u00e0mbit d&#8217;Estat espanyol, alarma que ara est\u00e0 essent replicada per altres grups i entitats que fins fa poc l&#8217;havien defensat com a proposta positiva.<\/p>\n<p><strong>La proposta de Ciutadans de Llei de Protecci\u00f3 dels Denunciants a Catalunya s&#8217;emmarca dins d&#8217;aquesta operaci\u00f3 per desactivar la necessitat real<\/strong> de noves legislacions capaces de donar a la societat civil el pes que t\u00e9 i mereix en la lluita contra la corrupci\u00f3 i de preservar les eines que ha costosament constru\u00eft en aquest sentit.<\/p>\n<p>El redactat \u00e9s molt general i poc desenvolupat. Es tracta d&#8217;una proposta buida de mesures concretes reals. Amb nom\u00e9s 7 p\u00e0gines \u00e9s m\u00e9s aviat una llei redactada a corre-cuita <strong>per ocupar l&#8217;espai pol\u00edtic d&#8217;aquestes reivindicacions civils<\/strong>. No recull cap de les <a href=\"https:\/\/xnet-x.net\/ca\/decaleg-proteccio-denunciants-alertadors\/\" target=\"_blank\" rel=\"noopener noreferrer\">reivindicacions<\/a> b\u00e0siques de la societat civil   o de les organitzacions internacionals que s&#8217;ocupen de la mat\u00e8ria.<\/p>\n<p>No cal entrar en detalls: <strong>gaireb\u00e9 CAP de les profundes mesures de protecci\u00f3 que es necessiten es garanteixen<\/strong> seriosament i concretament a la proposici\u00f3 de llei.<\/p>\n<p>I no nom\u00e9s aix\u00f2. Com passa amb la proposta al Congr\u00e9s, la idea de fons no \u00e9s inclusiva sin\u00f3 que deixa expressament fora una gran part dels afectats. L&#8217;article 2n assenyala que &#8220;Tota persona f\u00edsica i jur\u00eddica que denunci\u00ef i comuniqui indicis o fets reveladors d\u2019irregularitats [\u2026] tindr\u00e0 dret a la indemnitat jur\u00eddica plena en les seves relacions contractuals o legals amb els poders p\u00fablics implicats o afectats per [\u2026] males praxis, frau, qualsevol tipus d\u2019il\u00b7l\u00edcit amb possible rellev\u00e0ncia administrativa o penal&#8221;. Aquest redactat acota la protecci\u00f3 \u00fanicament a funcionaris i alguns treballadors i deixa desprotegits a tota la resta de treballadors, persones, consumidors, usuaris i ciutadania en general que pugui estar coneixement i vulgui denunciar corrupci\u00f3 i males pr\u00e0ctiques. Una visi\u00f3 anacr\u00f2nica i gremial absolutament inconsistent que ja v\u00e0rem condemnar en la versi\u00f3 m\u00e9s detallada presentada al Congr\u00e9s.<\/p>\n<p>En la versi\u00f3 &#8220;light&#8221; presentada a Catalunya, no arriba a excloure expressament l&#8217;anonimat, per\u00f2 s\u00ed que aquesta exclusi\u00f3 \u00e9s impl\u00edcita en la reiteraci\u00f3 de la idea de &#8220;confidencialitat&#8221; que ja v\u00e0rem <a href=\"https:\/\/xnet-x.net\/ca\/reunio-grup-ciutada-contra-corrupcio-catalunya-oficina-antifrau\/\" target=\"_blank\" rel=\"noopener noreferrer\">criticar<\/a> en moltes ocasions. No preveu en cap moment la possibilitat de den\u00fancia an\u00f2nima tot i que l&#8217;anonimat \u00e9s l&#8217;\u00fanica protecci\u00f3 real que pot oferir-se a un alertador, i que l&#8217;anonimat \u00e9s reconegut com a canal just i necessari per als procediments de den\u00fancia fiscals a l&#8217;Estat espanyol i per organitzacions com l&#8217;ONU. Pel que fa als canals de den\u00fancia, el redactat nom\u00e9s exigeix que siguin &#8220;essencialment confidencials&#8221;. A hores d&#8217;ara, i despr\u00e9s de l&#8217;esc\u00e0ndol de l&#8217;Oficina Antifrau que tant ha afectat Catalunya, \u00e9s imperdonable que no s&#8217;hagi apr\u00e8s l&#8217;abismal difer\u00e8ncia que hi ha entre un proc\u00e9s an\u00f2nim per disseny i la promesa de confidencialitat.<\/p>\n<p>A causa del seu tarann\u00e0 inespec\u00edfic, la proposta de llei a Catalunya no cont\u00e9 les mateixes grav\u00edssimes amenaces per als drets civils presents en l&#8217;equivalent en l&#8217;\u00e0mbit d&#8217;Estat espanyol. Per aix\u00f2 i despr\u00e9s de conversacions amb <strong>els partits que ens han consultat &#8211; CUP, ERC, CSQP<\/strong> -, pensem que la millor alternativa en aquest moment \u00e9s deixar passar a tr\u00e0mit la proposta, per\u00f2 denunciant la greu operaci\u00f3 cosm\u00e8tica i de deslegitimaci\u00f3 de les reivindicacions de la societat civil.<\/p>\n<p>La nostra intenci\u00f3 \u00e9s la de <strong>treballar coordinadament amb les diputades i diputats per esmenar en profunditat aquesta capsa buida<\/strong>  i transformar-la en una legislaci\u00f3 puntera i exemplar a Europa.<\/p>\n<p>La tramitaci\u00f3 permetr\u00e0 obrir el debat per fer patent l&#8217;amena\u00e7a que suposa tergiversar la idea de la ciutadania com a real vigilant de les institucions i poders f\u00e0ctics.<\/p>\n<p>Pensem que Catalunya, amb una societat civil capdavantera en aquest tema des de fa temps (Xnet ho portem treballant des del 2010 amb reconeixement internacional), pot i hauria d&#8217;aspirar al desenvolupament d&#8217;una llei de protecci\u00f3 d&#8217;alertadors forta, completa i compacta, que pugui <strong>ser exemple a seguir a la resta d&#8217;Europa<\/strong> i a l&#8217;al\u00e7ada dels millors est\u00e0ndards internacionals. L&#8217;aprovaci\u00f3 d&#8217;una llei de mentida suposaria una oportunitat perduda en aquest sentit.<\/p>\n<p><a id=\"1\"><\/a><br \/>\n(1)<br \/>\n<a href=\"http:\/\/www.lavanguardia.com\/vida\/20170329\/421289361196\/activistas-de-internet-piden-al-congreso-ayuda-para-frenar-la-ley-contra-la-corrupcion-de-ciudadanos-por-liberticida.html\" target=\"_blank\" rel=\"noopener noreferrer\">http:\/\/www.lavanguardia.com\/vida\/20170329\/421289361196\/activistas-de-internet-piden-al-congreso-ayuda-para-frenar-la-ley-contra-la-corrupcion-de-ciudadanos-por-liberticida.html<\/a><br \/>\n<a href=\"http:\/\/www.publico.es\/politica\/peligros-ocultos-ley-fachada-ciudadanos.html\" target=\"_blank\" rel=\"noopener noreferrer\">http:\/\/www.publico.es\/politica\/peligros-ocultos-ley-fachada-ciudadanos.html<\/a><br \/>\n<a href=\"http:\/\/ctxt.es\/es\/20170322\/Politica\/11819\/Ley-corrupci%C3%B3n-proteccion-denunciantes-Ciudadanos-Xnet.htm\" target=\"_blank\" rel=\"noopener noreferrer\">http:\/\/ctxt.es\/es\/20170322\/Politica\/11819\/Ley-corrupci%C3%B3n-proteccion-denunciantes-Ciudadanos-Xnet.htm<\/a><br \/>\n<a href=\"http:\/\/www.publico.es\/politica\/peligros-ocultos-ley-fachada-ciudadanos.html\" target=\"_blank\" rel=\"noopener noreferrer\">http:\/\/www.publico.es\/politica\/peligros-ocultos-ley-fachada-ciudadanos.html<\/a><br \/>\n<a href=\"http:\/\/www.eldiario.es\/politica\/Activistas-Internet-Congreso-Ciudadanos-liberticida_0_627487907.html\" target=\"_blank\" rel=\"noopener noreferrer\">http:\/\/www.eldiario.es\/politica\/Activistas-Internet-Congreso-Ciudadanos-liberticida_0_627487907.html<\/a><br \/>\n<a href=\"http:\/\/www.vozpopuli.com\/la_tribuna_de_juan_pina\/Stasi-Ciudadanos_7_1011568835.html\" target=\"_blank\" rel=\"noopener noreferrer\">http:\/\/www.vozpopuli.com\/la_tribuna_de_juan_pina\/Stasi-Ciudadanos_7_1011568835.html<\/a><br \/>\n<a href=\"http:\/\/www.europapress.es\/nacional\/noticia-activistas-internet-piden-ayuda-congreso-frenar-ley-anticorrupcion-ciudadanos-liberticida-20170329143438.html\" target=\"_blank\" rel=\"noopener noreferrer\">http:\/\/www.europapress.es\/nacional\/noticia-activistas-internet-piden-ayuda-congreso-frenar-ley-anticorrupcion-ciudadanos-liberticida-20170329143438.html<\/a><\/p>","protected":false},"excerpt":{"rendered":"<p>.@X_net_ alerta de la tramitaci\u00f3 de la rid\u00edcula &#8220;Proposici\u00f3 de llei de protecci\u00f3 dels denunciants i altres mesures de lluita contra la corrupci\u00f3&#8221; a Catalunya<\/p>\n","protected":false},"author":11,"featured_media":19121,"comment_status":"closed","ping_status":"closed","sticky":false,"template":"","format":"standard","meta":{"footnotes":""},"categories":[52],"tags":[],"class_list":["post-12084","post","type-post","status-publish","format-standard","has-post-thumbnail","hentry","category-blog","ejes-anticorrupcion"],"yoast_head":"<!-- This site is optimized with the Yoast SEO plugin v26.7 - https:\/\/yoast.com\/wordpress\/plugins\/seo\/ -->\n<title>Tramitaci\u00f3 de la rid\u00edcula Proposici\u00f3 de Llei de Protecci\u00f3 dels Denunciants<\/title>\n<meta name=\"description\" content=\"Xnet alerta de la tramitaci\u00f3 de la rid\u00edcula &quot;Proposici\u00f3 de llei de protecci\u00f3 dels denunciants i altres mesures de lluita contra la corrupci\u00f3&quot; a Catalunya\" \/>\n<meta name=\"robots\" content=\"index, follow, max-snippet:-1, max-image-preview:large, max-video-preview:-1\" \/>\n<link rel=\"canonical\" href=\"https:\/\/dev.xnet-x.net\/ca\/ridicula-proposicio-llei-proteccio-denunciants-corrupcio-catalunya\/\" \/>\n<meta name=\"twitter:label1\" content=\"Written by\" \/>\n\t<meta name=\"twitter:data1\" content=\"XaviSchlz\" \/>\n\t<meta name=\"twitter:label2\" content=\"Est. reading time\" \/>\n\t<meta name=\"twitter:data2\" content=\"5 minutes\" \/>\n<script type=\"application\/ld+json\" class=\"yoast-schema-graph\">{\"@context\":\"https:\/\/schema.org\",\"@graph\":[{\"@type\":\"Article\",\"@id\":\"https:\/\/dev.xnet-x.net\/ca\/ridicula-proposicio-llei-proteccio-denunciants-corrupcio-catalunya\/#article\",\"isPartOf\":{\"@id\":\"https:\/\/dev.xnet-x.net\/ca\/ridicula-proposicio-llei-proteccio-denunciants-corrupcio-catalunya\/\"},\"author\":{\"name\":\"XaviSchlz\",\"@id\":\"https:\/\/dev.xnet-x.net\/es\/#\/schema\/person\/22ff6833bb04ae7b00d30bbfc7f8f59c\"},\"headline\":\"La tramitaci\u00f3 de la rid\u00edcula &#8220;Proposici\u00f3 de llei de protecci\u00f3 dels denunciants i altres mesures de lluita contra la corrupci\u00f3&#8221; a Catalunya\",\"datePublished\":\"2017-05-30T14:00:27+00:00\",\"dateModified\":\"2020-04-14T10:20:19+00:00\",\"mainEntityOfPage\":{\"@id\":\"https:\/\/dev.xnet-x.net\/ca\/ridicula-proposicio-llei-proteccio-denunciants-corrupcio-catalunya\/\"},\"wordCount\":959,\"publisher\":{\"@id\":\"https:\/\/dev.xnet-x.net\/es\/#organization\"},\"image\":{\"@id\":\"https:\/\/dev.xnet-x.net\/ca\/ridicula-proposicio-llei-proteccio-denunciants-corrupcio-catalunya\/#primaryimage\"},\"thumbnailUrl\":\"https:\/\/dev.xnet-x.net\/img\/ridicula-tramitacio-llei-denunciants.jpg\",\"articleSection\":[\"Blog - Les nostres accions\"],\"inLanguage\":\"ca-ES\"},{\"@type\":\"WebPage\",\"@id\":\"https:\/\/dev.xnet-x.net\/ca\/ridicula-proposicio-llei-proteccio-denunciants-corrupcio-catalunya\/\",\"url\":\"https:\/\/dev.xnet-x.net\/ca\/ridicula-proposicio-llei-proteccio-denunciants-corrupcio-catalunya\/\",\"name\":\"Tramitaci\u00f3 de la rid\u00edcula Proposici\u00f3 de Llei de Protecci\u00f3 dels Denunciants\",\"isPartOf\":{\"@id\":\"https:\/\/dev.xnet-x.net\/ca\/#website\"},\"primaryImageOfPage\":{\"@id\":\"https:\/\/dev.xnet-x.net\/ca\/ridicula-proposicio-llei-proteccio-denunciants-corrupcio-catalunya\/#primaryimage\"},\"image\":{\"@id\":\"https:\/\/dev.xnet-x.net\/ca\/ridicula-proposicio-llei-proteccio-denunciants-corrupcio-catalunya\/#primaryimage\"},\"thumbnailUrl\":\"https:\/\/dev.xnet-x.net\/img\/ridicula-tramitacio-llei-denunciants.jpg\",\"datePublished\":\"2017-05-30T14:00:27+00:00\",\"dateModified\":\"2020-04-14T10:20:19+00:00\",\"description\":\"Xnet alerta de la tramitaci\u00f3 de la rid\u00edcula \\\"Proposici\u00f3 de llei de protecci\u00f3 dels denunciants i altres mesures de lluita contra la corrupci\u00f3\\\" a Catalunya\",\"breadcrumb\":{\"@id\":\"https:\/\/dev.xnet-x.net\/ca\/ridicula-proposicio-llei-proteccio-denunciants-corrupcio-catalunya\/#breadcrumb\"},\"inLanguage\":\"ca-ES\",\"potentialAction\":[{\"@type\":\"ReadAction\",\"target\":[[\"https:\/\/dev.xnet-x.net\/ca\/ridicula-proposicio-llei-proteccio-denunciants-corrupcio-catalunya\/\"]]}]},{\"@type\":\"ImageObject\",\"inLanguage\":\"ca-ES\",\"@id\":\"https:\/\/dev.xnet-x.net\/ca\/ridicula-proposicio-llei-proteccio-denunciants-corrupcio-catalunya\/#primaryimage\",\"url\":\"https:\/\/dev.xnet-x.net\/img\/ridicula-tramitacio-llei-denunciants.jpg\",\"contentUrl\":\"https:\/\/dev.xnet-x.net\/img\/ridicula-tramitacio-llei-denunciants.jpg\",\"width\":838,\"height\":420},{\"@type\":\"BreadcrumbList\",\"@id\":\"https:\/\/dev.xnet-x.net\/ca\/ridicula-proposicio-llei-proteccio-denunciants-corrupcio-catalunya\/#breadcrumb\",\"itemListElement\":[{\"@type\":\"ListItem\",\"position\":1,\"name\":\"Portada\",\"item\":\"https:\/\/dev.xnet-x.net\/ca\/\"},{\"@type\":\"ListItem\",\"position\":2,\"name\":\"La tramitaci\u00f3 de la rid\u00edcula &#8220;Proposici\u00f3 de llei de protecci\u00f3 dels denunciants i altres mesures de lluita contra la corrupci\u00f3&#8221; a Catalunya\"}]},{\"@type\":\"WebSite\",\"@id\":\"https:\/\/dev.xnet-x.net\/ca\/#website\",\"url\":\"https:\/\/dev.xnet-x.net\/ca\/\",\"name\":\"[:es]Xnet - Internet, derechos y democracia en la era digital[:ca]Xnet - Internet, drets i democr\u00e0cia en l'era digital[:en]Xnet - Internet freedoms & digital rights[:]\",\"description\":\"Xnet: Internet, informaci\u00f3 i cultura lliures. Tecnopol\u00edtica. Dades, algoritmes i drets digitals. Llibertat d&#039;expressi\u00f3. Democr\u00e0cia i anticorrupci\u00f3\",\"publisher\":{\"@id\":\"https:\/\/dev.xnet-x.net\/ca\/#organization\"},\"potentialAction\":[{\"@type\":\"SearchAction\",\"target\":{\"@type\":\"EntryPoint\",\"urlTemplate\":\"https:\/\/dev.xnet-x.net\/ca\/?s={search_term_string}\"},\"query-input\":{\"@type\":\"PropertyValueSpecification\",\"valueRequired\":true,\"valueName\":\"search_term_string\"}}],\"inLanguage\":\"ca-ES\"},{\"@type\":\"Organization\",\"@id\":\"https:\/\/dev.xnet-x.net\/ca\/#organization\",\"name\":\"Xnet - Internet, drets i democr\u00e0cia en l'era digital\",\"url\":\"https:\/\/dev.xnet-x.net\/ca\/\",\"logo\":{\"@type\":\"ImageObject\",\"inLanguage\":\"ca-ES\",\"@id\":\"https:\/\/dev.xnet-x.net\/ca\/#\/schema\/logo\/image\/\",\"url\":\"https:\/\/xnet-x.net\/img\/xnet-logo.png\",\"contentUrl\":\"https:\/\/xnet-x.net\/img\/xnet-logo.png\",\"width\":512,\"height\":512,\"caption\":\"Xnet - Internet, drets i democr\u00e0cia en l'era digital\"},\"image\":{\"@id\":\"https:\/\/dev.xnet-x.net\/ca\/#\/schema\/logo\/image\/\"},\"sameAs\":[\"http:\/\/facebook.com\/RedX.Net\/\",\"https:\/\/x.com\/x_net_\",\"https:\/\/es.wikipedia.org\/wiki\/Xnet\"]},{\"@type\":\"Person\",\"@id\":\"https:\/\/dev.xnet-x.net\/es\/#\/schema\/person\/22ff6833bb04ae7b00d30bbfc7f8f59c\",\"name\":\"XaviSchlz\",\"image\":{\"@type\":\"ImageObject\",\"inLanguage\":\"ca-ES\",\"@id\":\"https:\/\/dev.xnet-x.net\/ca\/#\/schema\/person\/image\/\",\"url\":\"https:\/\/secure.gravatar.com\/avatar\/1ef91116e3b151b72adbc0767a84e08c8d964f2b26872d9d4dff9f74d8d1712e?s=96&d=mm&r=g\",\"contentUrl\":\"https:\/\/secure.gravatar.com\/avatar\/1ef91116e3b151b72adbc0767a84e08c8d964f2b26872d9d4dff9f74d8d1712e?s=96&d=mm&r=g\",\"caption\":\"XaviSchlz\"}}]}<\/script>\n<!-- \/ Yoast SEO plugin. -->","yoast_head_json":{"title":"Tramitaci\u00f3 de la rid\u00edcula Proposici\u00f3 de Llei de Protecci\u00f3 dels Denunciants","description":"Xnet alerta de la tramitaci\u00f3 de la rid\u00edcula \"Proposici\u00f3 de llei de protecci\u00f3 dels denunciants i altres mesures de lluita contra la corrupci\u00f3\" a Catalunya","robots":{"index":"index","follow":"follow","max-snippet":"max-snippet:-1","max-image-preview":"max-image-preview:large","max-video-preview":"max-video-preview:-1"},"canonical":"https:\/\/dev.xnet-x.net\/ca\/ridicula-proposicio-llei-proteccio-denunciants-corrupcio-catalunya\/","twitter_misc":{"Written by":"XaviSchlz","Est. reading time":"5 minutes"},"schema":{"@context":"https:\/\/schema.org","@graph":[{"@type":"Article","@id":"https:\/\/dev.xnet-x.net\/ca\/ridicula-proposicio-llei-proteccio-denunciants-corrupcio-catalunya\/#article","isPartOf":{"@id":"https:\/\/dev.xnet-x.net\/ca\/ridicula-proposicio-llei-proteccio-denunciants-corrupcio-catalunya\/"},"author":{"name":"XaviSchlz","@id":"https:\/\/dev.xnet-x.net\/es\/#\/schema\/person\/22ff6833bb04ae7b00d30bbfc7f8f59c"},"headline":"La tramitaci\u00f3 de la rid\u00edcula &#8220;Proposici\u00f3 de llei de protecci\u00f3 dels denunciants i altres mesures de lluita contra la corrupci\u00f3&#8221; a Catalunya","datePublished":"2017-05-30T14:00:27+00:00","dateModified":"2020-04-14T10:20:19+00:00","mainEntityOfPage":{"@id":"https:\/\/dev.xnet-x.net\/ca\/ridicula-proposicio-llei-proteccio-denunciants-corrupcio-catalunya\/"},"wordCount":959,"publisher":{"@id":"https:\/\/dev.xnet-x.net\/es\/#organization"},"image":{"@id":"https:\/\/dev.xnet-x.net\/ca\/ridicula-proposicio-llei-proteccio-denunciants-corrupcio-catalunya\/#primaryimage"},"thumbnailUrl":"https:\/\/dev.xnet-x.net\/img\/ridicula-tramitacio-llei-denunciants.jpg","articleSection":["Blog - Les nostres accions"],"inLanguage":"ca-ES"},{"@type":"WebPage","@id":"https:\/\/dev.xnet-x.net\/ca\/ridicula-proposicio-llei-proteccio-denunciants-corrupcio-catalunya\/","url":"https:\/\/dev.xnet-x.net\/ca\/ridicula-proposicio-llei-proteccio-denunciants-corrupcio-catalunya\/","name":"Tramitaci\u00f3 de la rid\u00edcula Proposici\u00f3 de Llei de Protecci\u00f3 dels Denunciants","isPartOf":{"@id":"https:\/\/dev.xnet-x.net\/ca\/#website"},"primaryImageOfPage":{"@id":"https:\/\/dev.xnet-x.net\/ca\/ridicula-proposicio-llei-proteccio-denunciants-corrupcio-catalunya\/#primaryimage"},"image":{"@id":"https:\/\/dev.xnet-x.net\/ca\/ridicula-proposicio-llei-proteccio-denunciants-corrupcio-catalunya\/#primaryimage"},"thumbnailUrl":"https:\/\/dev.xnet-x.net\/img\/ridicula-tramitacio-llei-denunciants.jpg","datePublished":"2017-05-30T14:00:27+00:00","dateModified":"2020-04-14T10:20:19+00:00","description":"Xnet alerta de la tramitaci\u00f3 de la rid\u00edcula \"Proposici\u00f3 de llei de protecci\u00f3 dels denunciants i altres mesures de lluita contra la corrupci\u00f3\" a Catalunya","breadcrumb":{"@id":"https:\/\/dev.xnet-x.net\/ca\/ridicula-proposicio-llei-proteccio-denunciants-corrupcio-catalunya\/#breadcrumb"},"inLanguage":"ca-ES","potentialAction":[{"@type":"ReadAction","target":[["https:\/\/dev.xnet-x.net\/ca\/ridicula-proposicio-llei-proteccio-denunciants-corrupcio-catalunya\/"]]}]},{"@type":"ImageObject","inLanguage":"ca-ES","@id":"https:\/\/dev.xnet-x.net\/ca\/ridicula-proposicio-llei-proteccio-denunciants-corrupcio-catalunya\/#primaryimage","url":"https:\/\/dev.xnet-x.net\/img\/ridicula-tramitacio-llei-denunciants.jpg","contentUrl":"https:\/\/dev.xnet-x.net\/img\/ridicula-tramitacio-llei-denunciants.jpg","width":838,"height":420},{"@type":"BreadcrumbList","@id":"https:\/\/dev.xnet-x.net\/ca\/ridicula-proposicio-llei-proteccio-denunciants-corrupcio-catalunya\/#breadcrumb","itemListElement":[{"@type":"ListItem","position":1,"name":"Portada","item":"https:\/\/dev.xnet-x.net\/ca\/"},{"@type":"ListItem","position":2,"name":"La tramitaci\u00f3 de la rid\u00edcula &#8220;Proposici\u00f3 de llei de protecci\u00f3 dels denunciants i altres mesures de lluita contra la corrupci\u00f3&#8221; a Catalunya"}]},{"@type":"WebSite","@id":"https:\/\/dev.xnet-x.net\/ca\/#website","url":"https:\/\/dev.xnet-x.net\/ca\/","name":"[:es]Xnet - Internet, derechos y democracia en la era digital[:ca]Xnet - Internet, drets i democr\u00e0cia en l'era digital[:en]Xnet - Internet freedoms & digital rights[:]","description":"Xnet: Internet, informaci\u00f3 i cultura lliures. Tecnopol\u00edtica. Dades, algoritmes i drets digitals. Llibertat d&#039;expressi\u00f3. Democr\u00e0cia i anticorrupci\u00f3","publisher":{"@id":"https:\/\/dev.xnet-x.net\/ca\/#organization"},"potentialAction":[{"@type":"SearchAction","target":{"@type":"EntryPoint","urlTemplate":"https:\/\/dev.xnet-x.net\/ca\/?s={search_term_string}"},"query-input":{"@type":"PropertyValueSpecification","valueRequired":true,"valueName":"search_term_string"}}],"inLanguage":"ca-ES"},{"@type":"Organization","@id":"https:\/\/dev.xnet-x.net\/ca\/#organization","name":"Xnet - Internet, drets i democr\u00e0cia en l'era digital","url":"https:\/\/dev.xnet-x.net\/ca\/","logo":{"@type":"ImageObject","inLanguage":"ca-ES","@id":"https:\/\/dev.xnet-x.net\/ca\/#\/schema\/logo\/image\/","url":"https:\/\/xnet-x.net\/img\/xnet-logo.png","contentUrl":"https:\/\/xnet-x.net\/img\/xnet-logo.png","width":512,"height":512,"caption":"Xnet - Internet, drets i democr\u00e0cia en l'era digital"},"image":{"@id":"https:\/\/dev.xnet-x.net\/ca\/#\/schema\/logo\/image\/"},"sameAs":["http:\/\/facebook.com\/RedX.Net\/","https:\/\/x.com\/x_net_","https:\/\/es.wikipedia.org\/wiki\/Xnet"]},{"@type":"Person","@id":"https:\/\/dev.xnet-x.net\/es\/#\/schema\/person\/22ff6833bb04ae7b00d30bbfc7f8f59c","name":"XaviSchlz","image":{"@type":"ImageObject","inLanguage":"ca-ES","@id":"https:\/\/dev.xnet-x.net\/ca\/#\/schema\/person\/image\/","url":"https:\/\/secure.gravatar.com\/avatar\/1ef91116e3b151b72adbc0767a84e08c8d964f2b26872d9d4dff9f74d8d1712e?s=96&d=mm&r=g","contentUrl":"https:\/\/secure.gravatar.com\/avatar\/1ef91116e3b151b72adbc0767a84e08c8d964f2b26872d9d4dff9f74d8d1712e?s=96&d=mm&r=g","caption":"XaviSchlz"}}]}},"_links":{"self":[{"href":"https:\/\/dev.xnet-x.net\/ca\/wp-json\/wp\/v2\/posts\/12084","targetHints":{"allow":["GET"]}}],"collection":[{"href":"https:\/\/dev.xnet-x.net\/ca\/wp-json\/wp\/v2\/posts"}],"about":[{"href":"https:\/\/dev.xnet-x.net\/ca\/wp-json\/wp\/v2\/types\/post"}],"author":[{"embeddable":true,"href":"https:\/\/dev.xnet-x.net\/ca\/wp-json\/wp\/v2\/users\/11"}],"replies":[{"embeddable":true,"href":"https:\/\/dev.xnet-x.net\/ca\/wp-json\/wp\/v2\/comments?post=12084"}],"version-history":[{"count":12,"href":"https:\/\/dev.xnet-x.net\/ca\/wp-json\/wp\/v2\/posts\/12084\/revisions"}],"predecessor-version":[{"id":19120,"href":"https:\/\/dev.xnet-x.net\/ca\/wp-json\/wp\/v2\/posts\/12084\/revisions\/19120"}],"wp:featuredmedia":[{"embeddable":true,"href":"https:\/\/dev.xnet-x.net\/ca\/wp-json\/wp\/v2\/media\/19121"}],"wp:attachment":[{"href":"https:\/\/dev.xnet-x.net\/ca\/wp-json\/wp\/v2\/media?parent=12084"}],"wp:term":[{"taxonomy":"category","embeddable":true,"href":"https:\/\/dev.xnet-x.net\/ca\/wp-json\/wp\/v2\/categories?post=12084"},{"taxonomy":"post_tag","embeddable":true,"href":"https:\/\/dev.xnet-x.net\/ca\/wp-json\/wp\/v2\/tags?post=12084"}],"curies":[{"name":"wp","href":"https:\/\/api.w.org\/{rel}","templated":true}]}}