{"id":10577,"date":"2016-10-13T17:06:40","date_gmt":"2016-10-13T16:06:40","guid":{"rendered":"https:\/\/xnet-x.net\/?p=10577"},"modified":"2023-07-21T09:07:09","modified_gmt":"2023-07-21T07:07:09","slug":"libertad-expresion-informacion","status":"publish","type":"post","link":"https:\/\/dev.xnet-x.net\/ca\/llibertat-expressio-informacio\/","title":{"rendered":"Llibertat d&#8217;expressi\u00f3 i informaci\u00f3 vs fake news, propaganda i desinformaci\u00f3"},"content":{"rendered":"<p><\/p>\n<div style=\"text-align:center;margin:20px 0\"><a href=\"\/img\/Internet-Freedom-Becomes-A-Mere-Illusion.jpg\"><img decoding=\"async\" src=\"\/img\/Internet-Freedom-Becomes-A-Mere-Illusion-480x240.jpg\" alt=\"Defensa de la llibertat d'informaci\u00f3 i expressi\u00f3 enfront de censura corporativa i governamental\" style=\"max-width:480px; width:100%\"\/><\/a><br \/><em>Defensa de la llibertat d&#8217;informaci\u00f3 i expressi\u00f3 enfront de censura corporativa i governamental.<\/em><\/div>\n<p>&nbsp;<br \/>\nLa llibertat d&#8217;expressi\u00f3 i informaci\u00f3 estan constantment sota amena\u00e7a. Per mil vies.<br \/>\nEn aquesta secci\u00f3 trobar\u00e0s tot el que estem fent per defensar aquest dret fonamental per a una democr\u00e0cia que es pre\u00ef.<br \/>\n&nbsp;<\/p>\n<p>&#8211; Hem dedicat molt esfor\u00e7 a mostrar com l&#8217;anomenat &#8220;discurs d&#8217;odi&#8221; o les <em>fake news<\/em> i la desinformaci\u00f3 estan sent utilitzades com a excusa per a retallar la llibertat d&#8217;informaci\u00f3.<\/p>\n<p>Oferim solucions concretes per a la lluita contra la desinformaci\u00f3 en el nostre llibre amb diverses edicions fins i tot per al p\u00fablic infantil: \u00ab<a href=\"http:\/\/www.raigverdeditorial.cat\/cataleg\/fakeyou\/\" rel=\"noopener\" target=\"_blank\">#FakeYou, Fake News  i desinformaci\u00f3<\/a>: Governs, partits pol\u00edtics, mitjans de comunicaci\u00f3, corporacions, grans fortunes: monopolis de la manipulaci\u00f3 informativa i retallades de la llibertat d\u2019expressi\u00f3\u00bb.<br \/>\n&nbsp;<\/p>\n<p>&#8211; Governants desactualitzats i curtermininistes estan pressionant a les grans plataformes <em>online<\/em> que allotgen la conversa global perqu\u00e8 apliquin aquestes eines com a soluci\u00f3 a problemes d&#8217;una altra \u00edndole que ells no estan afrontant com l&#8217;assetjament en l\u00ednia, la incitaci\u00f3 a l&#8217;odi o una llei de <em>copyright<\/em> totalment desactualitzada .<\/p>\n<p>Aquesta aproximaci\u00f3 condueix inevitablement a l&#8217;eliminaci\u00f3 sistem\u00e0tica de continguts en l\u00ednia soscavant les nostres llibertats d&#8217;informaci\u00f3 i expressi\u00f3 i a m\u00e9s no soluciona aquests problemes.<br \/>\n<strong>Pol\u00edtiques que confien en algoritmes mal entrenats i termes de servei arbitraris amenacen de convertir-se r\u00e0pidament en eines de censura 2.0.<\/strong><br \/>\n&nbsp;<\/p>\n<p><strong>&#8211; El dret a usar i difondre lliurement informaci\u00f3 ha de ser la norma i els interessos partidistes o els secrets i interessos comercials, l&#8217;excepci\u00f3.<\/strong><\/p>\n<p>Hem d&#8217;evitar que les noves lleis de secrets comercials o de lluita contra la desinformaci\u00f3 atorguin eines per ocultar abusos o informacions d&#8217;inter\u00e8s general i esquivar pol\u00edtiques de transpar\u00e8ncia.<br \/>\n&nbsp;<br \/>\n&#8211; A Xnet creiem fermament que la llibertat d&#8217;expressi\u00f3 no \u00e9s un dret dels grans mitjans de comunicaci\u00f3 sin\u00f3 un dret de la ciutadania.<br \/>\n&nbsp;<\/p>\n<p>&#8211; Defensa de la llibertat d&#8217;informaci\u00f3 i expressi\u00f3 enfront de censura corporativa i governamental.<br \/>\nEl xifrat \u00e9s m\u00e9s que mai l&#8217;eina necess\u00e0ria per a protegir la nostra privacitat i llibertat d&#8217;expressi\u00f3 enfront de l&#8217;autocensura que deriva de l&#8217;estar subjecte a vigil\u00e0ncia. Hem d&#8217;exigir lleis que blindin el xifrat fort.<\/p>","protected":false},"excerpt":{"rendered":"<p>Defensa de la llibertat d&#8217;informaci\u00f3 i expressi\u00f3 enfront de censura corporativa i governamental. &nbsp; La llibertat d&#8217;expressi\u00f3 i informaci\u00f3 estan constantment sota amena\u00e7a. Per mil vies. En aquesta secci\u00f3 trobar\u00e0s tot el que estem fent per defensar aquest dret fonamental per a una democr\u00e0cia que es pre\u00ef. &nbsp; &#8211; Hem dedicat molt esfor\u00e7 a mostrar [&hellip;]<\/p>\n","protected":false},"author":8,"featured_media":13353,"comment_status":"closed","ping_status":"closed","sticky":false,"template":"","format":"standard","meta":{"footnotes":""},"categories":[1],"tags":[],"class_list":["post-10577","post","type-post","status-publish","format-standard","has-post-thumbnail","hentry","category-uncategorized","ejes-libertad-expresion-informacion"],"yoast_head":"<!-- This site is optimized with the Yoast SEO plugin v26.7 - https:\/\/yoast.com\/wordpress\/plugins\/seo\/ -->\n<title>Llibertat d&#039;expressi\u00f3 i informaci\u00f3 vs fake news i desinformaci\u00f3<\/title>\n<meta name=\"description\" content=\"Defensa dels drets fonamentals de llibertat d&#039;informaci\u00f3 i expressi\u00f3 enfront dels lobbies corporatius i a pol\u00edtiques repressives dels governs.\" \/>\n<meta name=\"robots\" content=\"index, follow, max-snippet:-1, max-image-preview:large, max-video-preview:-1\" \/>\n<link rel=\"canonical\" href=\"https:\/\/dev.xnet-x.net\/ca\/llibertat-expressio-informacio\/\" \/>\n<meta name=\"twitter:label1\" content=\"Written by\" \/>\n\t<meta name=\"twitter:data1\" content=\"Xnet\" \/>\n\t<meta name=\"twitter:label2\" content=\"Est. reading time\" \/>\n\t<meta name=\"twitter:data2\" content=\"6 minutes\" \/>\n<script type=\"application\/ld+json\" class=\"yoast-schema-graph\">{\"@context\":\"https:\/\/schema.org\",\"@graph\":[{\"@type\":\"Article\",\"@id\":\"https:\/\/dev.xnet-x.net\/ca\/llibertat-expressio-informacio\/#article\",\"isPartOf\":{\"@id\":\"https:\/\/dev.xnet-x.net\/ca\/llibertat-expressio-informacio\/\"},\"author\":{\"name\":\"Xnet\",\"@id\":\"https:\/\/dev.xnet-x.net\/es\/#\/schema\/person\/286e07d1c80ea3bcc60b6ef8b146e637\"},\"headline\":\"Llibertat d&#8217;expressi\u00f3 i informaci\u00f3 vs fake news, propaganda i desinformaci\u00f3\",\"datePublished\":\"2016-10-13T16:06:40+00:00\",\"dateModified\":\"2023-07-21T07:07:09+00:00\",\"mainEntityOfPage\":{\"@id\":\"https:\/\/dev.xnet-x.net\/ca\/llibertat-expressio-informacio\/\"},\"wordCount\":1329,\"publisher\":{\"@id\":\"https:\/\/dev.xnet-x.net\/es\/#organization\"},\"image\":{\"@id\":\"https:\/\/dev.xnet-x.net\/ca\/llibertat-expressio-informacio\/#primaryimage\"},\"thumbnailUrl\":\"https:\/\/dev.xnet-x.net\/img\/Internet-Freedom-Becomes-A-Mere-Illusion.jpg\",\"articleSection\":[\"Uncategorized\"],\"inLanguage\":\"ca-ES\"},{\"@type\":\"WebPage\",\"@id\":\"https:\/\/dev.xnet-x.net\/ca\/llibertat-expressio-informacio\/\",\"url\":\"https:\/\/dev.xnet-x.net\/ca\/llibertat-expressio-informacio\/\",\"name\":\"Llibertat d'expressi\u00f3 i informaci\u00f3 vs fake news i desinformaci\u00f3\",\"isPartOf\":{\"@id\":\"https:\/\/dev.xnet-x.net\/ca\/#website\"},\"primaryImageOfPage\":{\"@id\":\"https:\/\/dev.xnet-x.net\/ca\/llibertat-expressio-informacio\/#primaryimage\"},\"image\":{\"@id\":\"https:\/\/dev.xnet-x.net\/ca\/llibertat-expressio-informacio\/#primaryimage\"},\"thumbnailUrl\":\"https:\/\/dev.xnet-x.net\/img\/Internet-Freedom-Becomes-A-Mere-Illusion.jpg\",\"datePublished\":\"2016-10-13T16:06:40+00:00\",\"dateModified\":\"2023-07-21T07:07:09+00:00\",\"description\":\"Defensa dels drets fonamentals de llibertat d'informaci\u00f3 i expressi\u00f3 enfront dels lobbies corporatius i a pol\u00edtiques repressives dels governs.\",\"breadcrumb\":{\"@id\":\"https:\/\/dev.xnet-x.net\/ca\/llibertat-expressio-informacio\/#breadcrumb\"},\"inLanguage\":\"ca-ES\",\"potentialAction\":[{\"@type\":\"ReadAction\",\"target\":[[\"https:\/\/dev.xnet-x.net\/ca\/llibertat-expressio-informacio\/\"]]}]},{\"@type\":\"ImageObject\",\"inLanguage\":\"ca-ES\",\"@id\":\"https:\/\/dev.xnet-x.net\/ca\/llibertat-expressio-informacio\/#primaryimage\",\"url\":\"https:\/\/dev.xnet-x.net\/img\/Internet-Freedom-Becomes-A-Mere-Illusion.jpg\",\"contentUrl\":\"https:\/\/dev.xnet-x.net\/img\/Internet-Freedom-Becomes-A-Mere-Illusion.jpg\",\"width\":1000,\"height\":500,\"caption\":\"Gu\u00eda de indicaciones para preservar los derechos fundamentales en Internet\"},{\"@type\":\"BreadcrumbList\",\"@id\":\"https:\/\/dev.xnet-x.net\/ca\/llibertat-expressio-informacio\/#breadcrumb\",\"itemListElement\":[{\"@type\":\"ListItem\",\"position\":1,\"name\":\"Portada\",\"item\":\"https:\/\/dev.xnet-x.net\/ca\/\"},{\"@type\":\"ListItem\",\"position\":2,\"name\":\"Llibertat d&#8217;expressi\u00f3 i informaci\u00f3 vs fake news, propaganda i desinformaci\u00f3\"}]},{\"@type\":\"WebSite\",\"@id\":\"https:\/\/dev.xnet-x.net\/ca\/#website\",\"url\":\"https:\/\/dev.xnet-x.net\/ca\/\",\"name\":\"[:es]Xnet - Internet, derechos y democracia en la era digital[:ca]Xnet - Internet, drets i democr\u00e0cia en l'era digital[:en]Xnet - Internet freedoms & digital rights[:]\",\"description\":\"Xnet: Internet, informaci\u00f3 i cultura lliures. Tecnopol\u00edtica. Dades, algoritmes i drets digitals. Llibertat d&#039;expressi\u00f3. Democr\u00e0cia i anticorrupci\u00f3\",\"publisher\":{\"@id\":\"https:\/\/dev.xnet-x.net\/ca\/#organization\"},\"potentialAction\":[{\"@type\":\"SearchAction\",\"target\":{\"@type\":\"EntryPoint\",\"urlTemplate\":\"https:\/\/dev.xnet-x.net\/ca\/?s={search_term_string}\"},\"query-input\":{\"@type\":\"PropertyValueSpecification\",\"valueRequired\":true,\"valueName\":\"search_term_string\"}}],\"inLanguage\":\"ca-ES\"},{\"@type\":\"Organization\",\"@id\":\"https:\/\/dev.xnet-x.net\/ca\/#organization\",\"name\":\"Xnet - Internet, drets i democr\u00e0cia en l'era digital\",\"url\":\"https:\/\/dev.xnet-x.net\/ca\/\",\"logo\":{\"@type\":\"ImageObject\",\"inLanguage\":\"ca-ES\",\"@id\":\"https:\/\/dev.xnet-x.net\/ca\/#\/schema\/logo\/image\/\",\"url\":\"https:\/\/xnet-x.net\/img\/xnet-logo.png\",\"contentUrl\":\"https:\/\/xnet-x.net\/img\/xnet-logo.png\",\"width\":512,\"height\":512,\"caption\":\"Xnet - Internet, drets i democr\u00e0cia en l'era digital\"},\"image\":{\"@id\":\"https:\/\/dev.xnet-x.net\/ca\/#\/schema\/logo\/image\/\"},\"sameAs\":[\"http:\/\/facebook.com\/RedX.Net\/\",\"https:\/\/x.com\/x_net_\",\"https:\/\/es.wikipedia.org\/wiki\/Xnet\"]},{\"@type\":\"Person\",\"@id\":\"https:\/\/dev.xnet-x.net\/es\/#\/schema\/person\/286e07d1c80ea3bcc60b6ef8b146e637\",\"name\":\"Xnet\",\"image\":{\"@type\":\"ImageObject\",\"inLanguage\":\"ca-ES\",\"@id\":\"https:\/\/dev.xnet-x.net\/ca\/#\/schema\/person\/image\/\",\"url\":\"https:\/\/secure.gravatar.com\/avatar\/76eee622ce1df16aa986c0f990545e62b4c87e399e6c2a5fcfe24a092d2ba829?s=96&d=mm&r=g\",\"contentUrl\":\"https:\/\/secure.gravatar.com\/avatar\/76eee622ce1df16aa986c0f990545e62b4c87e399e6c2a5fcfe24a092d2ba829?s=96&d=mm&r=g\",\"caption\":\"Xnet\"}}]}<\/script>\n<!-- \/ Yoast SEO plugin. -->","yoast_head_json":{"title":"Llibertat d'expressi\u00f3 i informaci\u00f3 vs fake news i desinformaci\u00f3","description":"Defensa dels drets fonamentals de llibertat d'informaci\u00f3 i expressi\u00f3 enfront dels lobbies corporatius i a pol\u00edtiques repressives dels governs.","robots":{"index":"index","follow":"follow","max-snippet":"max-snippet:-1","max-image-preview":"max-image-preview:large","max-video-preview":"max-video-preview:-1"},"canonical":"https:\/\/dev.xnet-x.net\/ca\/llibertat-expressio-informacio\/","twitter_misc":{"Written by":"Xnet","Est. reading time":"6 minutes"},"schema":{"@context":"https:\/\/schema.org","@graph":[{"@type":"Article","@id":"https:\/\/dev.xnet-x.net\/ca\/llibertat-expressio-informacio\/#article","isPartOf":{"@id":"https:\/\/dev.xnet-x.net\/ca\/llibertat-expressio-informacio\/"},"author":{"name":"Xnet","@id":"https:\/\/dev.xnet-x.net\/es\/#\/schema\/person\/286e07d1c80ea3bcc60b6ef8b146e637"},"headline":"Llibertat d&#8217;expressi\u00f3 i informaci\u00f3 vs fake news, propaganda i desinformaci\u00f3","datePublished":"2016-10-13T16:06:40+00:00","dateModified":"2023-07-21T07:07:09+00:00","mainEntityOfPage":{"@id":"https:\/\/dev.xnet-x.net\/ca\/llibertat-expressio-informacio\/"},"wordCount":1329,"publisher":{"@id":"https:\/\/dev.xnet-x.net\/es\/#organization"},"image":{"@id":"https:\/\/dev.xnet-x.net\/ca\/llibertat-expressio-informacio\/#primaryimage"},"thumbnailUrl":"https:\/\/dev.xnet-x.net\/img\/Internet-Freedom-Becomes-A-Mere-Illusion.jpg","articleSection":["Uncategorized"],"inLanguage":"ca-ES"},{"@type":"WebPage","@id":"https:\/\/dev.xnet-x.net\/ca\/llibertat-expressio-informacio\/","url":"https:\/\/dev.xnet-x.net\/ca\/llibertat-expressio-informacio\/","name":"Llibertat d'expressi\u00f3 i informaci\u00f3 vs fake news i desinformaci\u00f3","isPartOf":{"@id":"https:\/\/dev.xnet-x.net\/ca\/#website"},"primaryImageOfPage":{"@id":"https:\/\/dev.xnet-x.net\/ca\/llibertat-expressio-informacio\/#primaryimage"},"image":{"@id":"https:\/\/dev.xnet-x.net\/ca\/llibertat-expressio-informacio\/#primaryimage"},"thumbnailUrl":"https:\/\/dev.xnet-x.net\/img\/Internet-Freedom-Becomes-A-Mere-Illusion.jpg","datePublished":"2016-10-13T16:06:40+00:00","dateModified":"2023-07-21T07:07:09+00:00","description":"Defensa dels drets fonamentals de llibertat d'informaci\u00f3 i expressi\u00f3 enfront dels lobbies corporatius i a pol\u00edtiques repressives dels governs.","breadcrumb":{"@id":"https:\/\/dev.xnet-x.net\/ca\/llibertat-expressio-informacio\/#breadcrumb"},"inLanguage":"ca-ES","potentialAction":[{"@type":"ReadAction","target":[["https:\/\/dev.xnet-x.net\/ca\/llibertat-expressio-informacio\/"]]}]},{"@type":"ImageObject","inLanguage":"ca-ES","@id":"https:\/\/dev.xnet-x.net\/ca\/llibertat-expressio-informacio\/#primaryimage","url":"https:\/\/dev.xnet-x.net\/img\/Internet-Freedom-Becomes-A-Mere-Illusion.jpg","contentUrl":"https:\/\/dev.xnet-x.net\/img\/Internet-Freedom-Becomes-A-Mere-Illusion.jpg","width":1000,"height":500,"caption":"Gu\u00eda de indicaciones para preservar los derechos fundamentales en Internet"},{"@type":"BreadcrumbList","@id":"https:\/\/dev.xnet-x.net\/ca\/llibertat-expressio-informacio\/#breadcrumb","itemListElement":[{"@type":"ListItem","position":1,"name":"Portada","item":"https:\/\/dev.xnet-x.net\/ca\/"},{"@type":"ListItem","position":2,"name":"Llibertat d&#8217;expressi\u00f3 i informaci\u00f3 vs fake news, propaganda i desinformaci\u00f3"}]},{"@type":"WebSite","@id":"https:\/\/dev.xnet-x.net\/ca\/#website","url":"https:\/\/dev.xnet-x.net\/ca\/","name":"[:es]Xnet - Internet, derechos y democracia en la era digital[:ca]Xnet - Internet, drets i democr\u00e0cia en l'era digital[:en]Xnet - Internet freedoms & digital rights[:]","description":"Xnet: Internet, informaci\u00f3 i cultura lliures. Tecnopol\u00edtica. Dades, algoritmes i drets digitals. Llibertat d&#039;expressi\u00f3. Democr\u00e0cia i anticorrupci\u00f3","publisher":{"@id":"https:\/\/dev.xnet-x.net\/ca\/#organization"},"potentialAction":[{"@type":"SearchAction","target":{"@type":"EntryPoint","urlTemplate":"https:\/\/dev.xnet-x.net\/ca\/?s={search_term_string}"},"query-input":{"@type":"PropertyValueSpecification","valueRequired":true,"valueName":"search_term_string"}}],"inLanguage":"ca-ES"},{"@type":"Organization","@id":"https:\/\/dev.xnet-x.net\/ca\/#organization","name":"Xnet - Internet, drets i democr\u00e0cia en l'era digital","url":"https:\/\/dev.xnet-x.net\/ca\/","logo":{"@type":"ImageObject","inLanguage":"ca-ES","@id":"https:\/\/dev.xnet-x.net\/ca\/#\/schema\/logo\/image\/","url":"https:\/\/xnet-x.net\/img\/xnet-logo.png","contentUrl":"https:\/\/xnet-x.net\/img\/xnet-logo.png","width":512,"height":512,"caption":"Xnet - Internet, drets i democr\u00e0cia en l'era digital"},"image":{"@id":"https:\/\/dev.xnet-x.net\/ca\/#\/schema\/logo\/image\/"},"sameAs":["http:\/\/facebook.com\/RedX.Net\/","https:\/\/x.com\/x_net_","https:\/\/es.wikipedia.org\/wiki\/Xnet"]},{"@type":"Person","@id":"https:\/\/dev.xnet-x.net\/es\/#\/schema\/person\/286e07d1c80ea3bcc60b6ef8b146e637","name":"Xnet","image":{"@type":"ImageObject","inLanguage":"ca-ES","@id":"https:\/\/dev.xnet-x.net\/ca\/#\/schema\/person\/image\/","url":"https:\/\/secure.gravatar.com\/avatar\/76eee622ce1df16aa986c0f990545e62b4c87e399e6c2a5fcfe24a092d2ba829?s=96&d=mm&r=g","contentUrl":"https:\/\/secure.gravatar.com\/avatar\/76eee622ce1df16aa986c0f990545e62b4c87e399e6c2a5fcfe24a092d2ba829?s=96&d=mm&r=g","caption":"Xnet"}}]}},"_links":{"self":[{"href":"https:\/\/dev.xnet-x.net\/ca\/wp-json\/wp\/v2\/posts\/10577","targetHints":{"allow":["GET"]}}],"collection":[{"href":"https:\/\/dev.xnet-x.net\/ca\/wp-json\/wp\/v2\/posts"}],"about":[{"href":"https:\/\/dev.xnet-x.net\/ca\/wp-json\/wp\/v2\/types\/post"}],"author":[{"embeddable":true,"href":"https:\/\/dev.xnet-x.net\/ca\/wp-json\/wp\/v2\/users\/8"}],"replies":[{"embeddable":true,"href":"https:\/\/dev.xnet-x.net\/ca\/wp-json\/wp\/v2\/comments?post=10577"}],"version-history":[{"count":21,"href":"https:\/\/dev.xnet-x.net\/ca\/wp-json\/wp\/v2\/posts\/10577\/revisions"}],"predecessor-version":[{"id":18728,"href":"https:\/\/dev.xnet-x.net\/ca\/wp-json\/wp\/v2\/posts\/10577\/revisions\/18728"}],"wp:featuredmedia":[{"embeddable":true,"href":"https:\/\/dev.xnet-x.net\/ca\/wp-json\/wp\/v2\/media\/13353"}],"wp:attachment":[{"href":"https:\/\/dev.xnet-x.net\/ca\/wp-json\/wp\/v2\/media?parent=10577"}],"wp:term":[{"taxonomy":"category","embeddable":true,"href":"https:\/\/dev.xnet-x.net\/ca\/wp-json\/wp\/v2\/categories?post=10577"},{"taxonomy":"post_tag","embeddable":true,"href":"https:\/\/dev.xnet-x.net\/ca\/wp-json\/wp\/v2\/tags?post=10577"}],"curies":[{"name":"wp","href":"https:\/\/api.w.org\/{rel}","templated":true}]}}